{"id":21082,"date":"2014-06-13T00:42:06","date_gmt":"2014-06-13T00:42:06","guid":{"rendered":"http:\/\/www.tvcnoticias.com.ar\/?p=21082"},"modified":"2014-06-13T00:42:06","modified_gmt":"2014-06-13T00:42:06","slug":"gerardo-bolletta-homenaje-de-magazine-sport-a-20-anos-de-su-fallecimiento","status":"publish","type":"post","link":"https:\/\/www.celttv.com.ar\/index.php\/2014\/06\/13\/gerardo-bolletta-homenaje-de-magazine-sport-a-20-anos-de-su-fallecimiento\/","title":{"rendered":"GERARDO BOLLETTA: HOMENAJE DE MAGAZINE SPORT A 20 A\u00d1OS DE SU FALLECIMIENTO"},"content":{"rendered":"<p><strong><strong><\/p>\n<div id=\"content-container\">\n<div id=\"content\">\n<div id=\"post-4694\"><strong><strong><\/p>\n<div>\n<a href=\"https:\/\/www.youtube.com\/watch?v=s2C_20t8Agk\">httpv:\/\/www.youtube.com\/watch?v=s2C_20t8Agk<\/a><br \/>\nHoy, 12 de junio, se cumplen 20 a\u00f1os de aquella tragedia que trunco la vida de los hermanos Gerardo y Ariel Bolleta, quienes siempre estar\u00e1n en nuestro recuerdo.<br \/>\nEn este humilde homenaje, Magazine Sport, recuerda la trayectoria deportiva de aquel arquero que supo ganarse el cari\u00f1o y el respeto de propios y extra\u00f1os, dentro y fuera de la cancha.<br \/>\nGerardo \u201cGege\u201d Bolletta, al igual que hermano Ariel, quedar\u00e1n siempre en el recuerdo de todos.\n<\/div>\n<p><\/strong><\/strong><\/div>\n<\/div>\n<\/div>\n<p><\/strong><\/strong><br \/>\n&nbsp;<\/p>\n","protected":false},"excerpt":{"rendered":"<p>httpv:\/\/www.youtube.com\/watch?v=s2C_20t8Agk Hoy, 12 de junio, se cumplen 20 a\u00f1os de aquella tragedia que trunco la vida de los hermanos Gerardo y Ariel Bolleta, quienes siempre estar\u00e1n en nuestro recuerdo. En este humilde homenaje, Magazine Sport, recuerda la trayectoria deportiva de aquel arquero que supo ganarse el cari\u00f1o y el respeto de propios y extra\u00f1os, dentro [&hellip;]<\/p>\n","protected":false},"author":1,"featured_media":0,"comment_status":"closed","ping_status":"open","sticky":false,"template":"","format":"standard","meta":{"footnotes":""},"categories":[60,52,64],"tags":[],"class_list":["post-21082","post","type-post","status-publish","format-standard","hentry","category-deporte","category-destacadas","category-videos-destacados"],"yoast_head":"<!-- This site is optimized with the Yoast SEO plugin v19.7.1 - https:\/\/yoast.com\/wordpress\/plugins\/seo\/ -->\n<title>GERARDO BOLLETTA: HOMENAJE DE MAGAZINE SPORT A 20 A\u00d1OS DE SU FALLECIMIENTO - CELTTV<\/title>\n<meta name=\"description\" content=\"Sitio web de noticias de la localidad de Tornquist, provincia de Buenos Aires, Rep\u00fablica Argentina. Contenido propio originado por periodistas de CELTTV, el canal de TV local de la Cooperativa El\u00e9ctrica de Tornquist. Turismo, Pol\u00edtica, Sociedad, Deporte, Cultura y todo el contenido de inter\u00e9s general que la gente del pueblo y la regi\u00f3n debe conocer.\" \/>\n<meta name=\"robots\" content=\"index, follow, max-snippet:-1, max-image-preview:large, max-video-preview:-1\" \/>\n<link rel=\"canonical\" href=\"https:\/\/www.celttv.com.ar\/index.php\/2014\/06\/13\/gerardo-bolletta-homenaje-de-magazine-sport-a-20-anos-de-su-fallecimiento\/\" \/>\n<meta property=\"og:locale\" content=\"es_ES\" \/>\n<meta property=\"og:type\" content=\"article\" \/>\n<meta property=\"og:title\" content=\"GERARDO BOLLETTA: HOMENAJE DE MAGAZINE SPORT A 20 A\u00d1OS DE SU FALLECIMIENTO - CELTTV\" \/>\n<meta property=\"og:description\" content=\"Sitio web de noticias de la localidad de Tornquist, provincia de Buenos Aires, Rep\u00fablica Argentina. Contenido propio originado por periodistas de CELTTV, el canal de TV local de la Cooperativa El\u00e9ctrica de Tornquist. Turismo, Pol\u00edtica, Sociedad, Deporte, Cultura y todo el contenido de inter\u00e9s general que la gente del pueblo y la regi\u00f3n debe conocer.\" \/>\n<meta property=\"og:url\" content=\"https:\/\/www.celttv.com.ar\/index.php\/2014\/06\/13\/gerardo-bolletta-homenaje-de-magazine-sport-a-20-anos-de-su-fallecimiento\/\" \/>\n<meta property=\"og:site_name\" content=\"CELTTV\" \/>\n<meta property=\"article:publisher\" content=\"https:\/\/www.facebook.com\/celtTV\/\" \/>\n<meta property=\"article:published_time\" content=\"2014-06-13T00:42:06+00:00\" \/>\n<meta name=\"author\" content=\"ulises\" \/>\n<meta name=\"twitter:card\" content=\"summary_large_image\" \/>\n<meta name=\"twitter:label1\" content=\"Escrito por\" \/>\n\t<meta name=\"twitter:data1\" content=\"ulises\" \/>\n<script type=\"application\/ld+json\" class=\"yoast-schema-graph\">{\"@context\":\"https:\/\/schema.org\",\"@graph\":[{\"@type\":\"NewsArticle\",\"@id\":\"https:\/\/www.celttv.com.ar\/index.php\/2014\/06\/13\/gerardo-bolletta-homenaje-de-magazine-sport-a-20-anos-de-su-fallecimiento\/#article\",\"isPartOf\":{\"@id\":\"https:\/\/www.celttv.com.ar\/index.php\/2014\/06\/13\/gerardo-bolletta-homenaje-de-magazine-sport-a-20-anos-de-su-fallecimiento\/\"},\"author\":{\"name\":\"ulises\",\"@id\":\"https:\/\/www.celttv.com.ar\/#\/schema\/person\/6d99c072dba59953809c81446e9d0ace\"},\"headline\":\"GERARDO BOLLETTA: HOMENAJE DE MAGAZINE SPORT A 20 A\u00d1OS DE SU FALLECIMIENTO\",\"datePublished\":\"2014-06-13T00:42:06+00:00\",\"dateModified\":\"2014-06-13T00:42:06+00:00\",\"mainEntityOfPage\":{\"@id\":\"https:\/\/www.celttv.com.ar\/index.php\/2014\/06\/13\/gerardo-bolletta-homenaje-de-magazine-sport-a-20-anos-de-su-fallecimiento\/\"},\"wordCount\":100,\"publisher\":{\"@id\":\"https:\/\/www.celttv.com.ar\/#organization\"},\"articleSection\":[\"Deporte\",\"Destacadas\",\"Videos Destacados\"],\"inLanguage\":\"es\"},{\"@type\":\"WebPage\",\"@id\":\"https:\/\/www.celttv.com.ar\/index.php\/2014\/06\/13\/gerardo-bolletta-homenaje-de-magazine-sport-a-20-anos-de-su-fallecimiento\/\",\"url\":\"https:\/\/www.celttv.com.ar\/index.php\/2014\/06\/13\/gerardo-bolletta-homenaje-de-magazine-sport-a-20-anos-de-su-fallecimiento\/\",\"name\":\"GERARDO BOLLETTA: HOMENAJE DE MAGAZINE SPORT A 20 A\u00d1OS DE SU FALLECIMIENTO - CELTTV\",\"isPartOf\":{\"@id\":\"https:\/\/www.celttv.com.ar\/#website\"},\"datePublished\":\"2014-06-13T00:42:06+00:00\",\"dateModified\":\"2014-06-13T00:42:06+00:00\",\"description\":\"Sitio web de noticias de la localidad de Tornquist, provincia de Buenos Aires, Rep\u00fablica Argentina. Contenido propio originado por periodistas de CELTTV, el canal de TV local de la Cooperativa El\u00e9ctrica de Tornquist. Turismo, Pol\u00edtica, Sociedad, Deporte, Cultura y todo el contenido de inter\u00e9s general que la gente del pueblo y la regi\u00f3n debe conocer.\",\"breadcrumb\":{\"@id\":\"https:\/\/www.celttv.com.ar\/index.php\/2014\/06\/13\/gerardo-bolletta-homenaje-de-magazine-sport-a-20-anos-de-su-fallecimiento\/#breadcrumb\"},\"inLanguage\":\"es\",\"potentialAction\":[{\"@type\":\"ReadAction\",\"target\":[\"https:\/\/www.celttv.com.ar\/index.php\/2014\/06\/13\/gerardo-bolletta-homenaje-de-magazine-sport-a-20-anos-de-su-fallecimiento\/\"]}]},{\"@type\":\"BreadcrumbList\",\"@id\":\"https:\/\/www.celttv.com.ar\/index.php\/2014\/06\/13\/gerardo-bolletta-homenaje-de-magazine-sport-a-20-anos-de-su-fallecimiento\/#breadcrumb\",\"itemListElement\":[{\"@type\":\"ListItem\",\"position\":1,\"name\":\"Inicio\",\"item\":\"https:\/\/www.celttv.com.ar\/\"},{\"@type\":\"ListItem\",\"position\":2,\"name\":\"GERARDO BOLLETTA: HOMENAJE DE MAGAZINE SPORT A 20 A\u00d1OS DE SU FALLECIMIENTO\"}]},{\"@type\":\"WebSite\",\"@id\":\"https:\/\/www.celttv.com.ar\/#website\",\"url\":\"https:\/\/www.celttv.com.ar\/\",\"name\":\"CELTTV\",\"description\":\"Cooperativa El\u00e9ctrica de Tornquist\",\"publisher\":{\"@id\":\"https:\/\/www.celttv.com.ar\/#organization\"},\"potentialAction\":[{\"@type\":\"SearchAction\",\"target\":{\"@type\":\"EntryPoint\",\"urlTemplate\":\"https:\/\/www.celttv.com.ar\/?s={search_term_string}\"},\"query-input\":\"required name=search_term_string\"}],\"inLanguage\":\"es\"},{\"@type\":\"Organization\",\"@id\":\"https:\/\/www.celttv.com.ar\/#organization\",\"name\":\"CELTTV\",\"url\":\"https:\/\/www.celttv.com.ar\/\",\"sameAs\":[\"https:\/\/www.youtube.com\/channel\/UCz_oIt8Hig64Ub-EmcNPIhg\",\"https:\/\/www.facebook.com\/celtTV\/\"],\"logo\":{\"@type\":\"ImageObject\",\"inLanguage\":\"es\",\"@id\":\"https:\/\/www.celttv.com.ar\/#\/schema\/logo\/image\/\",\"url\":\"http:\/\/www.celttv.com.ar\/wp-content\/uploads\/2022\/08\/logo-1.png\",\"contentUrl\":\"http:\/\/www.celttv.com.ar\/wp-content\/uploads\/2022\/08\/logo-1.png\",\"width\":461,\"height\":159,\"caption\":\"CELTTV\"},\"image\":{\"@id\":\"https:\/\/www.celttv.com.ar\/#\/schema\/logo\/image\/\"}},{\"@type\":\"Person\",\"@id\":\"https:\/\/www.celttv.com.ar\/#\/schema\/person\/6d99c072dba59953809c81446e9d0ace\",\"name\":\"ulises\",\"image\":{\"@type\":\"ImageObject\",\"inLanguage\":\"es\",\"@id\":\"https:\/\/www.celttv.com.ar\/#\/schema\/person\/image\/\",\"url\":\"https:\/\/secure.gravatar.com\/avatar\/7f2c48bdc33b30088f941fb6082e555f2874c98e20cb159d7b92b50eadfce793?s=96&d=mm&r=g\",\"contentUrl\":\"https:\/\/secure.gravatar.com\/avatar\/7f2c48bdc33b30088f941fb6082e555f2874c98e20cb159d7b92b50eadfce793?s=96&d=mm&r=g\",\"caption\":\"ulises\"},\"sameAs\":[\"http:\/\/www.celttv.com.ar\"]}]}<\/script>\n<!-- \/ Yoast SEO plugin. -->","yoast_head_json":{"title":"GERARDO BOLLETTA: HOMENAJE DE MAGAZINE SPORT A 20 A\u00d1OS DE SU FALLECIMIENTO - CELTTV","description":"Sitio web de noticias de la localidad de Tornquist, provincia de Buenos Aires, Rep\u00fablica Argentina. Contenido propio originado por periodistas de CELTTV, el canal de TV local de la Cooperativa El\u00e9ctrica de Tornquist. Turismo, Pol\u00edtica, Sociedad, Deporte, Cultura y todo el contenido de inter\u00e9s general que la gente del pueblo y la regi\u00f3n debe conocer.","robots":{"index":"index","follow":"follow","max-snippet":"max-snippet:-1","max-image-preview":"max-image-preview:large","max-video-preview":"max-video-preview:-1"},"canonical":"https:\/\/www.celttv.com.ar\/index.php\/2014\/06\/13\/gerardo-bolletta-homenaje-de-magazine-sport-a-20-anos-de-su-fallecimiento\/","og_locale":"es_ES","og_type":"article","og_title":"GERARDO BOLLETTA: HOMENAJE DE MAGAZINE SPORT A 20 A\u00d1OS DE SU FALLECIMIENTO - CELTTV","og_description":"Sitio web de noticias de la localidad de Tornquist, provincia de Buenos Aires, Rep\u00fablica Argentina. Contenido propio originado por periodistas de CELTTV, el canal de TV local de la Cooperativa El\u00e9ctrica de Tornquist. Turismo, Pol\u00edtica, Sociedad, Deporte, Cultura y todo el contenido de inter\u00e9s general que la gente del pueblo y la regi\u00f3n debe conocer.","og_url":"https:\/\/www.celttv.com.ar\/index.php\/2014\/06\/13\/gerardo-bolletta-homenaje-de-magazine-sport-a-20-anos-de-su-fallecimiento\/","og_site_name":"CELTTV","article_publisher":"https:\/\/www.facebook.com\/celtTV\/","article_published_time":"2014-06-13T00:42:06+00:00","author":"ulises","twitter_card":"summary_large_image","twitter_misc":{"Escrito por":"ulises"},"schema":{"@context":"https:\/\/schema.org","@graph":[{"@type":"NewsArticle","@id":"https:\/\/www.celttv.com.ar\/index.php\/2014\/06\/13\/gerardo-bolletta-homenaje-de-magazine-sport-a-20-anos-de-su-fallecimiento\/#article","isPartOf":{"@id":"https:\/\/www.celttv.com.ar\/index.php\/2014\/06\/13\/gerardo-bolletta-homenaje-de-magazine-sport-a-20-anos-de-su-fallecimiento\/"},"author":{"name":"ulises","@id":"https:\/\/www.celttv.com.ar\/#\/schema\/person\/6d99c072dba59953809c81446e9d0ace"},"headline":"GERARDO BOLLETTA: HOMENAJE DE MAGAZINE SPORT A 20 A\u00d1OS DE SU FALLECIMIENTO","datePublished":"2014-06-13T00:42:06+00:00","dateModified":"2014-06-13T00:42:06+00:00","mainEntityOfPage":{"@id":"https:\/\/www.celttv.com.ar\/index.php\/2014\/06\/13\/gerardo-bolletta-homenaje-de-magazine-sport-a-20-anos-de-su-fallecimiento\/"},"wordCount":100,"publisher":{"@id":"https:\/\/www.celttv.com.ar\/#organization"},"articleSection":["Deporte","Destacadas","Videos Destacados"],"inLanguage":"es"},{"@type":"WebPage","@id":"https:\/\/www.celttv.com.ar\/index.php\/2014\/06\/13\/gerardo-bolletta-homenaje-de-magazine-sport-a-20-anos-de-su-fallecimiento\/","url":"https:\/\/www.celttv.com.ar\/index.php\/2014\/06\/13\/gerardo-bolletta-homenaje-de-magazine-sport-a-20-anos-de-su-fallecimiento\/","name":"GERARDO BOLLETTA: HOMENAJE DE MAGAZINE SPORT A 20 A\u00d1OS DE SU FALLECIMIENTO - CELTTV","isPartOf":{"@id":"https:\/\/www.celttv.com.ar\/#website"},"datePublished":"2014-06-13T00:42:06+00:00","dateModified":"2014-06-13T00:42:06+00:00","description":"Sitio web de noticias de la localidad de Tornquist, provincia de Buenos Aires, Rep\u00fablica Argentina. Contenido propio originado por periodistas de CELTTV, el canal de TV local de la Cooperativa El\u00e9ctrica de Tornquist. Turismo, Pol\u00edtica, Sociedad, Deporte, Cultura y todo el contenido de inter\u00e9s general que la gente del pueblo y la regi\u00f3n debe conocer.","breadcrumb":{"@id":"https:\/\/www.celttv.com.ar\/index.php\/2014\/06\/13\/gerardo-bolletta-homenaje-de-magazine-sport-a-20-anos-de-su-fallecimiento\/#breadcrumb"},"inLanguage":"es","potentialAction":[{"@type":"ReadAction","target":["https:\/\/www.celttv.com.ar\/index.php\/2014\/06\/13\/gerardo-bolletta-homenaje-de-magazine-sport-a-20-anos-de-su-fallecimiento\/"]}]},{"@type":"BreadcrumbList","@id":"https:\/\/www.celttv.com.ar\/index.php\/2014\/06\/13\/gerardo-bolletta-homenaje-de-magazine-sport-a-20-anos-de-su-fallecimiento\/#breadcrumb","itemListElement":[{"@type":"ListItem","position":1,"name":"Inicio","item":"https:\/\/www.celttv.com.ar\/"},{"@type":"ListItem","position":2,"name":"GERARDO BOLLETTA: HOMENAJE DE MAGAZINE SPORT A 20 A\u00d1OS DE SU FALLECIMIENTO"}]},{"@type":"WebSite","@id":"https:\/\/www.celttv.com.ar\/#website","url":"https:\/\/www.celttv.com.ar\/","name":"CELTTV","description":"Cooperativa El\u00e9ctrica de Tornquist","publisher":{"@id":"https:\/\/www.celttv.com.ar\/#organization"},"potentialAction":[{"@type":"SearchAction","target":{"@type":"EntryPoint","urlTemplate":"https:\/\/www.celttv.com.ar\/?s={search_term_string}"},"query-input":"required name=search_term_string"}],"inLanguage":"es"},{"@type":"Organization","@id":"https:\/\/www.celttv.com.ar\/#organization","name":"CELTTV","url":"https:\/\/www.celttv.com.ar\/","sameAs":["https:\/\/www.youtube.com\/channel\/UCz_oIt8Hig64Ub-EmcNPIhg","https:\/\/www.facebook.com\/celtTV\/"],"logo":{"@type":"ImageObject","inLanguage":"es","@id":"https:\/\/www.celttv.com.ar\/#\/schema\/logo\/image\/","url":"http:\/\/www.celttv.com.ar\/wp-content\/uploads\/2022\/08\/logo-1.png","contentUrl":"http:\/\/www.celttv.com.ar\/wp-content\/uploads\/2022\/08\/logo-1.png","width":461,"height":159,"caption":"CELTTV"},"image":{"@id":"https:\/\/www.celttv.com.ar\/#\/schema\/logo\/image\/"}},{"@type":"Person","@id":"https:\/\/www.celttv.com.ar\/#\/schema\/person\/6d99c072dba59953809c81446e9d0ace","name":"ulises","image":{"@type":"ImageObject","inLanguage":"es","@id":"https:\/\/www.celttv.com.ar\/#\/schema\/person\/image\/","url":"https:\/\/secure.gravatar.com\/avatar\/7f2c48bdc33b30088f941fb6082e555f2874c98e20cb159d7b92b50eadfce793?s=96&d=mm&r=g","contentUrl":"https:\/\/secure.gravatar.com\/avatar\/7f2c48bdc33b30088f941fb6082e555f2874c98e20cb159d7b92b50eadfce793?s=96&d=mm&r=g","caption":"ulises"},"sameAs":["http:\/\/www.celttv.com.ar"]}]}},"_links":{"self":[{"href":"https:\/\/www.celttv.com.ar\/index.php\/wp-json\/wp\/v2\/posts\/21082","targetHints":{"allow":["GET"]}}],"collection":[{"href":"https:\/\/www.celttv.com.ar\/index.php\/wp-json\/wp\/v2\/posts"}],"about":[{"href":"https:\/\/www.celttv.com.ar\/index.php\/wp-json\/wp\/v2\/types\/post"}],"author":[{"embeddable":true,"href":"https:\/\/www.celttv.com.ar\/index.php\/wp-json\/wp\/v2\/users\/1"}],"replies":[{"embeddable":true,"href":"https:\/\/www.celttv.com.ar\/index.php\/wp-json\/wp\/v2\/comments?post=21082"}],"version-history":[{"count":0,"href":"https:\/\/www.celttv.com.ar\/index.php\/wp-json\/wp\/v2\/posts\/21082\/revisions"}],"wp:attachment":[{"href":"https:\/\/www.celttv.com.ar\/index.php\/wp-json\/wp\/v2\/media?parent=21082"}],"wp:term":[{"taxonomy":"category","embeddable":true,"href":"https:\/\/www.celttv.com.ar\/index.php\/wp-json\/wp\/v2\/categories?post=21082"},{"taxonomy":"post_tag","embeddable":true,"href":"https:\/\/www.celttv.com.ar\/index.php\/wp-json\/wp\/v2\/tags?post=21082"}],"curies":[{"name":"wp","href":"https:\/\/api.w.org\/{rel}","templated":true}]}}