{"id":21093,"date":"2014-06-13T19:05:04","date_gmt":"2014-06-13T19:05:04","guid":{"rendered":"http:\/\/www.tvcnoticias.com.ar\/?p=21093"},"modified":"2014-06-13T19:05:04","modified_gmt":"2014-06-13T19:05:04","slug":"importante-avance-para-el-corredor-turistico-sierras-termas-y-lagunas","status":"publish","type":"post","link":"https:\/\/www.celttv.com.ar\/index.php\/2014\/06\/13\/importante-avance-para-el-corredor-turistico-sierras-termas-y-lagunas\/","title":{"rendered":"IMPORTANTE AVANCE PARA EL CORREDOR TURISTICO &#8220;SIERRAS, TERMAS Y LAGUNAS&#8221;"},"content":{"rendered":"<p><img loading=\"lazy\" decoding=\"async\" class=\"aligncenter size-medium wp-image-21095\" title=\"1463 - CORREDOR TURISTICO 2 (Medium)\" src=\"http:\/\/www.tvcnoticias.com.ar\/wp-content\/uploads\/2014\/06\/1463-CORREDOR-TURISTICO-2-Medium-450x337.jpg\" alt=\"\" width=\"450\" height=\"337\" \/><br \/>\nEl Secretario de Turismo, Cultura y Deportes de la Municipalidad de Tornquist, Leandro Pascale, junto a otros funcionarios del \u00e1rea de turismo de los municipios que conforman el Corredor Tur\u00edstico del Sudoeste Bonaerense, mantuvo una reuni\u00f3n con el Presidente del Comit\u00e9 Ejecutivo de la C\u00e1mara Argentina de Turismo (CAT), Oscar Ghezzi.<br \/>\nEn el encuentro se abordaron diversos temas vinculados a la actividad, principalmente la consolidaci\u00f3n y posicionamiento de dicho Corredor.<br \/>\n\u201cEl objetivo de la CAT es potenciar los destinos, por ello ofrecemos a vuestro Corredor Tur\u00edstico la promoci\u00f3n y acompa\u00f1amiento para lograr el anhelado desarrollo\u201d, coment\u00f3 Ghezzi.<br \/>\nPosteriormente, se sumaron a dicha reuni\u00f3n la Coordinadora del Programa YPF SERVICLUB, Annie Millet, junto a Mar\u00eda Jos\u00e9 Alba y la licenciada Gladys Rodr\u00edguez, para ampliar a los Directores de Turismo del Corredor los objetivos del programa.<br \/>\n\u201cEste nuevo foco de YPF Serviclub hacia la actividad tur\u00edstica, es una gran oportunidad para los prestadores de las distintas regiones tur\u00edsticas de nuestro pa\u00eds, y estamos interesados en que los distritos de Tornquist, Adolfo Alsina, Guamin\u00ed, Puan y Villarino lo integren\u201d, concluy\u00f3 Ghezzi.<br \/>\nDe la reuni\u00f3n particip\u00f3 el doctor Francisco Costa, presidente de la Asociaci\u00f3n de Hoteles, Restaurantes, Bares, Confiter\u00edas y Afines de Bah\u00eda Blanca y Regi\u00f3n Sudoeste, quien viaj\u00f3 exclusivamente a dicha reuni\u00f3n, para afianzar su compromiso con el desarrollo tur\u00edstico del Corredor. Tambi\u00e9n acompa\u00f1aron la doctora Marta S\u00e1nchez Magnoni, gerente de CAT, y el licenciado Ramiro Alem, director ejecutivo de CAT.<br \/>\n&nbsp;<br \/>\n&nbsp;<br \/>\nEntre los representantes de los municipios, asistieron el licenciado Nicol\u00e1s L\u00f3pez por Adolfo Alsina, la<strong> <\/strong>licenciada Cora Biondini por Puan y Eladio Haedo por Guamin\u00ed.<strong> <\/strong><br \/>\n<em><span style=\"text-decoration: underline;\"> <\/span><\/em><br \/>\n&nbsp;<\/p>\n","protected":false},"excerpt":{"rendered":"<p>El Secretario de Turismo, Cultura y Deportes de la Municipalidad de Tornquist, Leandro Pascale, junto a otros funcionarios del \u00e1rea de turismo de los municipios que conforman el Corredor Tur\u00edstico del Sudoeste Bonaerense, mantuvo una reuni\u00f3n con el Presidente del Comit\u00e9 Ejecutivo de la C\u00e1mara Argentina de Turismo (CAT), Oscar Ghezzi. En el encuentro se [&hellip;]<\/p>\n","protected":false},"author":1,"featured_media":0,"comment_status":"closed","ping_status":"open","sticky":false,"template":"","format":"standard","meta":{"footnotes":""},"categories":[51,52,53],"tags":[],"class_list":["post-21093","post","type-post","status-publish","format-standard","hentry","category-comunidad","category-destacadas","category-politica"],"yoast_head":"<!-- This site is optimized with the Yoast SEO plugin v19.7.1 - https:\/\/yoast.com\/wordpress\/plugins\/seo\/ -->\n<title>IMPORTANTE AVANCE PARA EL CORREDOR TURISTICO &quot;SIERRAS, TERMAS Y LAGUNAS&quot; - CELTTV<\/title>\n<meta name=\"description\" content=\"Sitio web de noticias de la localidad de Tornquist, provincia de Buenos Aires, Rep\u00fablica Argentina. Contenido propio originado por periodistas de CELTTV, el canal de TV local de la Cooperativa El\u00e9ctrica de Tornquist. Turismo, Pol\u00edtica, Sociedad, Deporte, Cultura y todo el contenido de inter\u00e9s general que la gente del pueblo y la regi\u00f3n debe conocer.\" \/>\n<meta name=\"robots\" content=\"index, follow, max-snippet:-1, max-image-preview:large, max-video-preview:-1\" \/>\n<link rel=\"canonical\" href=\"https:\/\/www.celttv.com.ar\/index.php\/2014\/06\/13\/importante-avance-para-el-corredor-turistico-sierras-termas-y-lagunas\/\" \/>\n<meta property=\"og:locale\" content=\"es_ES\" \/>\n<meta property=\"og:type\" content=\"article\" \/>\n<meta property=\"og:title\" content=\"IMPORTANTE AVANCE PARA EL CORREDOR TURISTICO &quot;SIERRAS, TERMAS Y LAGUNAS&quot; - CELTTV\" \/>\n<meta property=\"og:description\" content=\"Sitio web de noticias de la localidad de Tornquist, provincia de Buenos Aires, Rep\u00fablica Argentina. Contenido propio originado por periodistas de CELTTV, el canal de TV local de la Cooperativa El\u00e9ctrica de Tornquist. Turismo, Pol\u00edtica, Sociedad, Deporte, Cultura y todo el contenido de inter\u00e9s general que la gente del pueblo y la regi\u00f3n debe conocer.\" \/>\n<meta property=\"og:url\" content=\"https:\/\/www.celttv.com.ar\/index.php\/2014\/06\/13\/importante-avance-para-el-corredor-turistico-sierras-termas-y-lagunas\/\" \/>\n<meta property=\"og:site_name\" content=\"CELTTV\" \/>\n<meta property=\"article:publisher\" content=\"https:\/\/www.facebook.com\/celtTV\/\" \/>\n<meta property=\"article:published_time\" content=\"2014-06-13T19:05:04+00:00\" \/>\n<meta property=\"og:image\" content=\"http:\/\/www.tvcnoticias.com.ar\/wp-content\/uploads\/2014\/06\/1463-CORREDOR-TURISTICO-2-Medium-450x337.jpg\" \/>\n<meta name=\"author\" content=\"ulises\" \/>\n<meta name=\"twitter:card\" content=\"summary_large_image\" \/>\n<meta name=\"twitter:label1\" content=\"Escrito por\" \/>\n\t<meta name=\"twitter:data1\" content=\"ulises\" \/>\n\t<meta name=\"twitter:label2\" content=\"Tiempo de lectura\" \/>\n\t<meta name=\"twitter:data2\" content=\"1 minuto\" \/>\n<script type=\"application\/ld+json\" class=\"yoast-schema-graph\">{\"@context\":\"https:\/\/schema.org\",\"@graph\":[{\"@type\":\"NewsArticle\",\"@id\":\"https:\/\/www.celttv.com.ar\/index.php\/2014\/06\/13\/importante-avance-para-el-corredor-turistico-sierras-termas-y-lagunas\/#article\",\"isPartOf\":{\"@id\":\"https:\/\/www.celttv.com.ar\/index.php\/2014\/06\/13\/importante-avance-para-el-corredor-turistico-sierras-termas-y-lagunas\/\"},\"author\":{\"name\":\"ulises\",\"@id\":\"https:\/\/www.celttv.com.ar\/#\/schema\/person\/6d99c072dba59953809c81446e9d0ace\"},\"headline\":\"IMPORTANTE AVANCE PARA EL CORREDOR TURISTICO &#8220;SIERRAS, TERMAS Y LAGUNAS&#8221;\",\"datePublished\":\"2014-06-13T19:05:04+00:00\",\"dateModified\":\"2014-06-13T19:05:04+00:00\",\"mainEntityOfPage\":{\"@id\":\"https:\/\/www.celttv.com.ar\/index.php\/2014\/06\/13\/importante-avance-para-el-corredor-turistico-sierras-termas-y-lagunas\/\"},\"wordCount\":305,\"publisher\":{\"@id\":\"https:\/\/www.celttv.com.ar\/#organization\"},\"articleSection\":[\"Comunidad\",\"Destacadas\",\"Pol\u00edtica\"],\"inLanguage\":\"es\"},{\"@type\":\"WebPage\",\"@id\":\"https:\/\/www.celttv.com.ar\/index.php\/2014\/06\/13\/importante-avance-para-el-corredor-turistico-sierras-termas-y-lagunas\/\",\"url\":\"https:\/\/www.celttv.com.ar\/index.php\/2014\/06\/13\/importante-avance-para-el-corredor-turistico-sierras-termas-y-lagunas\/\",\"name\":\"IMPORTANTE AVANCE PARA EL CORREDOR TURISTICO \\\"SIERRAS, TERMAS Y LAGUNAS\\\" - CELTTV\",\"isPartOf\":{\"@id\":\"https:\/\/www.celttv.com.ar\/#website\"},\"datePublished\":\"2014-06-13T19:05:04+00:00\",\"dateModified\":\"2014-06-13T19:05:04+00:00\",\"description\":\"Sitio web de noticias de la localidad de Tornquist, provincia de Buenos Aires, Rep\u00fablica Argentina. Contenido propio originado por periodistas de CELTTV, el canal de TV local de la Cooperativa El\u00e9ctrica de Tornquist. Turismo, Pol\u00edtica, Sociedad, Deporte, Cultura y todo el contenido de inter\u00e9s general que la gente del pueblo y la regi\u00f3n debe conocer.\",\"breadcrumb\":{\"@id\":\"https:\/\/www.celttv.com.ar\/index.php\/2014\/06\/13\/importante-avance-para-el-corredor-turistico-sierras-termas-y-lagunas\/#breadcrumb\"},\"inLanguage\":\"es\",\"potentialAction\":[{\"@type\":\"ReadAction\",\"target\":[\"https:\/\/www.celttv.com.ar\/index.php\/2014\/06\/13\/importante-avance-para-el-corredor-turistico-sierras-termas-y-lagunas\/\"]}]},{\"@type\":\"BreadcrumbList\",\"@id\":\"https:\/\/www.celttv.com.ar\/index.php\/2014\/06\/13\/importante-avance-para-el-corredor-turistico-sierras-termas-y-lagunas\/#breadcrumb\",\"itemListElement\":[{\"@type\":\"ListItem\",\"position\":1,\"name\":\"Inicio\",\"item\":\"https:\/\/www.celttv.com.ar\/\"},{\"@type\":\"ListItem\",\"position\":2,\"name\":\"IMPORTANTE AVANCE PARA EL CORREDOR TURISTICO &#8220;SIERRAS, TERMAS Y LAGUNAS&#8221;\"}]},{\"@type\":\"WebSite\",\"@id\":\"https:\/\/www.celttv.com.ar\/#website\",\"url\":\"https:\/\/www.celttv.com.ar\/\",\"name\":\"CELTTV\",\"description\":\"Cooperativa El\u00e9ctrica de Tornquist\",\"publisher\":{\"@id\":\"https:\/\/www.celttv.com.ar\/#organization\"},\"potentialAction\":[{\"@type\":\"SearchAction\",\"target\":{\"@type\":\"EntryPoint\",\"urlTemplate\":\"https:\/\/www.celttv.com.ar\/?s={search_term_string}\"},\"query-input\":\"required name=search_term_string\"}],\"inLanguage\":\"es\"},{\"@type\":\"Organization\",\"@id\":\"https:\/\/www.celttv.com.ar\/#organization\",\"name\":\"CELTTV\",\"url\":\"https:\/\/www.celttv.com.ar\/\",\"sameAs\":[\"https:\/\/www.youtube.com\/channel\/UCz_oIt8Hig64Ub-EmcNPIhg\",\"https:\/\/www.facebook.com\/celtTV\/\"],\"logo\":{\"@type\":\"ImageObject\",\"inLanguage\":\"es\",\"@id\":\"https:\/\/www.celttv.com.ar\/#\/schema\/logo\/image\/\",\"url\":\"http:\/\/www.celttv.com.ar\/wp-content\/uploads\/2022\/08\/logo-1.png\",\"contentUrl\":\"http:\/\/www.celttv.com.ar\/wp-content\/uploads\/2022\/08\/logo-1.png\",\"width\":461,\"height\":159,\"caption\":\"CELTTV\"},\"image\":{\"@id\":\"https:\/\/www.celttv.com.ar\/#\/schema\/logo\/image\/\"}},{\"@type\":\"Person\",\"@id\":\"https:\/\/www.celttv.com.ar\/#\/schema\/person\/6d99c072dba59953809c81446e9d0ace\",\"name\":\"ulises\",\"image\":{\"@type\":\"ImageObject\",\"inLanguage\":\"es\",\"@id\":\"https:\/\/www.celttv.com.ar\/#\/schema\/person\/image\/\",\"url\":\"https:\/\/secure.gravatar.com\/avatar\/7f2c48bdc33b30088f941fb6082e555f2874c98e20cb159d7b92b50eadfce793?s=96&d=mm&r=g\",\"contentUrl\":\"https:\/\/secure.gravatar.com\/avatar\/7f2c48bdc33b30088f941fb6082e555f2874c98e20cb159d7b92b50eadfce793?s=96&d=mm&r=g\",\"caption\":\"ulises\"},\"sameAs\":[\"http:\/\/www.celttv.com.ar\"]}]}<\/script>\n<!-- \/ Yoast SEO plugin. -->","yoast_head_json":{"title":"IMPORTANTE AVANCE PARA EL CORREDOR TURISTICO \"SIERRAS, TERMAS Y LAGUNAS\" - CELTTV","description":"Sitio web de noticias de la localidad de Tornquist, provincia de Buenos Aires, Rep\u00fablica Argentina. Contenido propio originado por periodistas de CELTTV, el canal de TV local de la Cooperativa El\u00e9ctrica de Tornquist. Turismo, Pol\u00edtica, Sociedad, Deporte, Cultura y todo el contenido de inter\u00e9s general que la gente del pueblo y la regi\u00f3n debe conocer.","robots":{"index":"index","follow":"follow","max-snippet":"max-snippet:-1","max-image-preview":"max-image-preview:large","max-video-preview":"max-video-preview:-1"},"canonical":"https:\/\/www.celttv.com.ar\/index.php\/2014\/06\/13\/importante-avance-para-el-corredor-turistico-sierras-termas-y-lagunas\/","og_locale":"es_ES","og_type":"article","og_title":"IMPORTANTE AVANCE PARA EL CORREDOR TURISTICO \"SIERRAS, TERMAS Y LAGUNAS\" - CELTTV","og_description":"Sitio web de noticias de la localidad de Tornquist, provincia de Buenos Aires, Rep\u00fablica Argentina. Contenido propio originado por periodistas de CELTTV, el canal de TV local de la Cooperativa El\u00e9ctrica de Tornquist. Turismo, Pol\u00edtica, Sociedad, Deporte, Cultura y todo el contenido de inter\u00e9s general que la gente del pueblo y la regi\u00f3n debe conocer.","og_url":"https:\/\/www.celttv.com.ar\/index.php\/2014\/06\/13\/importante-avance-para-el-corredor-turistico-sierras-termas-y-lagunas\/","og_site_name":"CELTTV","article_publisher":"https:\/\/www.facebook.com\/celtTV\/","article_published_time":"2014-06-13T19:05:04+00:00","og_image":[{"url":"http:\/\/www.tvcnoticias.com.ar\/wp-content\/uploads\/2014\/06\/1463-CORREDOR-TURISTICO-2-Medium-450x337.jpg"}],"author":"ulises","twitter_card":"summary_large_image","twitter_misc":{"Escrito por":"ulises","Tiempo de lectura":"1 minuto"},"schema":{"@context":"https:\/\/schema.org","@graph":[{"@type":"NewsArticle","@id":"https:\/\/www.celttv.com.ar\/index.php\/2014\/06\/13\/importante-avance-para-el-corredor-turistico-sierras-termas-y-lagunas\/#article","isPartOf":{"@id":"https:\/\/www.celttv.com.ar\/index.php\/2014\/06\/13\/importante-avance-para-el-corredor-turistico-sierras-termas-y-lagunas\/"},"author":{"name":"ulises","@id":"https:\/\/www.celttv.com.ar\/#\/schema\/person\/6d99c072dba59953809c81446e9d0ace"},"headline":"IMPORTANTE AVANCE PARA EL CORREDOR TURISTICO &#8220;SIERRAS, TERMAS Y LAGUNAS&#8221;","datePublished":"2014-06-13T19:05:04+00:00","dateModified":"2014-06-13T19:05:04+00:00","mainEntityOfPage":{"@id":"https:\/\/www.celttv.com.ar\/index.php\/2014\/06\/13\/importante-avance-para-el-corredor-turistico-sierras-termas-y-lagunas\/"},"wordCount":305,"publisher":{"@id":"https:\/\/www.celttv.com.ar\/#organization"},"articleSection":["Comunidad","Destacadas","Pol\u00edtica"],"inLanguage":"es"},{"@type":"WebPage","@id":"https:\/\/www.celttv.com.ar\/index.php\/2014\/06\/13\/importante-avance-para-el-corredor-turistico-sierras-termas-y-lagunas\/","url":"https:\/\/www.celttv.com.ar\/index.php\/2014\/06\/13\/importante-avance-para-el-corredor-turistico-sierras-termas-y-lagunas\/","name":"IMPORTANTE AVANCE PARA EL CORREDOR TURISTICO \"SIERRAS, TERMAS Y LAGUNAS\" - CELTTV","isPartOf":{"@id":"https:\/\/www.celttv.com.ar\/#website"},"datePublished":"2014-06-13T19:05:04+00:00","dateModified":"2014-06-13T19:05:04+00:00","description":"Sitio web de noticias de la localidad de Tornquist, provincia de Buenos Aires, Rep\u00fablica Argentina. Contenido propio originado por periodistas de CELTTV, el canal de TV local de la Cooperativa El\u00e9ctrica de Tornquist. Turismo, Pol\u00edtica, Sociedad, Deporte, Cultura y todo el contenido de inter\u00e9s general que la gente del pueblo y la regi\u00f3n debe conocer.","breadcrumb":{"@id":"https:\/\/www.celttv.com.ar\/index.php\/2014\/06\/13\/importante-avance-para-el-corredor-turistico-sierras-termas-y-lagunas\/#breadcrumb"},"inLanguage":"es","potentialAction":[{"@type":"ReadAction","target":["https:\/\/www.celttv.com.ar\/index.php\/2014\/06\/13\/importante-avance-para-el-corredor-turistico-sierras-termas-y-lagunas\/"]}]},{"@type":"BreadcrumbList","@id":"https:\/\/www.celttv.com.ar\/index.php\/2014\/06\/13\/importante-avance-para-el-corredor-turistico-sierras-termas-y-lagunas\/#breadcrumb","itemListElement":[{"@type":"ListItem","position":1,"name":"Inicio","item":"https:\/\/www.celttv.com.ar\/"},{"@type":"ListItem","position":2,"name":"IMPORTANTE AVANCE PARA EL CORREDOR TURISTICO &#8220;SIERRAS, TERMAS Y LAGUNAS&#8221;"}]},{"@type":"WebSite","@id":"https:\/\/www.celttv.com.ar\/#website","url":"https:\/\/www.celttv.com.ar\/","name":"CELTTV","description":"Cooperativa El\u00e9ctrica de Tornquist","publisher":{"@id":"https:\/\/www.celttv.com.ar\/#organization"},"potentialAction":[{"@type":"SearchAction","target":{"@type":"EntryPoint","urlTemplate":"https:\/\/www.celttv.com.ar\/?s={search_term_string}"},"query-input":"required name=search_term_string"}],"inLanguage":"es"},{"@type":"Organization","@id":"https:\/\/www.celttv.com.ar\/#organization","name":"CELTTV","url":"https:\/\/www.celttv.com.ar\/","sameAs":["https:\/\/www.youtube.com\/channel\/UCz_oIt8Hig64Ub-EmcNPIhg","https:\/\/www.facebook.com\/celtTV\/"],"logo":{"@type":"ImageObject","inLanguage":"es","@id":"https:\/\/www.celttv.com.ar\/#\/schema\/logo\/image\/","url":"http:\/\/www.celttv.com.ar\/wp-content\/uploads\/2022\/08\/logo-1.png","contentUrl":"http:\/\/www.celttv.com.ar\/wp-content\/uploads\/2022\/08\/logo-1.png","width":461,"height":159,"caption":"CELTTV"},"image":{"@id":"https:\/\/www.celttv.com.ar\/#\/schema\/logo\/image\/"}},{"@type":"Person","@id":"https:\/\/www.celttv.com.ar\/#\/schema\/person\/6d99c072dba59953809c81446e9d0ace","name":"ulises","image":{"@type":"ImageObject","inLanguage":"es","@id":"https:\/\/www.celttv.com.ar\/#\/schema\/person\/image\/","url":"https:\/\/secure.gravatar.com\/avatar\/7f2c48bdc33b30088f941fb6082e555f2874c98e20cb159d7b92b50eadfce793?s=96&d=mm&r=g","contentUrl":"https:\/\/secure.gravatar.com\/avatar\/7f2c48bdc33b30088f941fb6082e555f2874c98e20cb159d7b92b50eadfce793?s=96&d=mm&r=g","caption":"ulises"},"sameAs":["http:\/\/www.celttv.com.ar"]}]}},"_links":{"self":[{"href":"https:\/\/www.celttv.com.ar\/index.php\/wp-json\/wp\/v2\/posts\/21093","targetHints":{"allow":["GET"]}}],"collection":[{"href":"https:\/\/www.celttv.com.ar\/index.php\/wp-json\/wp\/v2\/posts"}],"about":[{"href":"https:\/\/www.celttv.com.ar\/index.php\/wp-json\/wp\/v2\/types\/post"}],"author":[{"embeddable":true,"href":"https:\/\/www.celttv.com.ar\/index.php\/wp-json\/wp\/v2\/users\/1"}],"replies":[{"embeddable":true,"href":"https:\/\/www.celttv.com.ar\/index.php\/wp-json\/wp\/v2\/comments?post=21093"}],"version-history":[{"count":0,"href":"https:\/\/www.celttv.com.ar\/index.php\/wp-json\/wp\/v2\/posts\/21093\/revisions"}],"wp:attachment":[{"href":"https:\/\/www.celttv.com.ar\/index.php\/wp-json\/wp\/v2\/media?parent=21093"}],"wp:term":[{"taxonomy":"category","embeddable":true,"href":"https:\/\/www.celttv.com.ar\/index.php\/wp-json\/wp\/v2\/categories?post=21093"},{"taxonomy":"post_tag","embeddable":true,"href":"https:\/\/www.celttv.com.ar\/index.php\/wp-json\/wp\/v2\/tags?post=21093"}],"curies":[{"name":"wp","href":"https:\/\/api.w.org\/{rel}","templated":true}]}}