{"id":21098,"date":"2014-06-13T19:36:33","date_gmt":"2014-06-13T19:36:33","guid":{"rendered":"http:\/\/www.tvcnoticias.com.ar\/?p=21098"},"modified":"2014-06-13T19:36:33","modified_gmt":"2014-06-13T19:36:33","slug":"jardin-de-infantes-901-encuesta-para-imponer-el-nombre-al-sum-y-la-biblioteca","status":"publish","type":"post","link":"https:\/\/www.celttv.com.ar\/index.php\/2014\/06\/13\/jardin-de-infantes-901-encuesta-para-imponer-el-nombre-al-sum-y-la-biblioteca\/","title":{"rendered":"JARDIN DE INFANTES 901: ENCUESTA PARA IMPONER EL NOMBRE AL SUM Y LA BIBLIOTECA"},"content":{"rendered":"<p><img loading=\"lazy\" decoding=\"async\" class=\"aligncenter size-full wp-image-21099\" title=\"Jardin-901-a-300x225\" src=\"http:\/\/www.tvcnoticias.com.ar\/wp-content\/uploads\/2014\/06\/Jardin-901-a-300x225.jpg\" alt=\"\" width=\"300\" height=\"225\" \/>El jard\u00edn de infantes 901 informa a la comunidad que se encuentran habilitadas las urnas para la participaci\u00f3n de la imposici\u00f3n del nombre al SUM y la BIBLIOTECA de la instituci\u00f3n, dichas urnas est\u00e1n ubicadas en Casa Daguerre, Cooperativa Obrera, Mercadito Marengo y en el jard\u00edn.<br \/>\nLas pautas para la elecci\u00f3n del nombre son:<br \/>\nDestacar la vida y obra de personas de reconocidas virtudes a nivel local, distrital, provincial y nacional.<br \/>\nUn hecho hist\u00f3rico o fecha significativa que registre nuestro pa\u00eds o nuestra provincia en particular<br \/>\nSe podr\u00e1n imponer en lenguas originarias nombres que refieran a un lugar y\/o personas de reconocidas virtudes.<br \/>\nPara la imposici\u00f3n de nombres de personas deber\u00e1 haber transcurrido un lapso no menor a 10 a\u00f1os de su fallecimiento. En caso contrario deber\u00e1 solicitarse previamente autorizaci\u00f3n de excepci\u00f3n.<br \/>\nCada propuesta debe estar debidamente fundamentada y puede hacerse en forma individual y\/o grupal.<br \/>\nLa elecci\u00f3n del nombre deber\u00e1 realizarse mediante mecanismos que garanticen la participaci\u00f3n activa de todos los integrantes de la comunidad o aquellas personas que estuvieron y est\u00e1n ligadas directa o indirectamente a nuestra instituci\u00f3n por tal motivo invitamos a todos a participar.<br \/>\n&nbsp;<\/p>\n","protected":false},"excerpt":{"rendered":"<p>El jard\u00edn de infantes 901 informa a la comunidad que se encuentran habilitadas las urnas para la participaci\u00f3n de la imposici\u00f3n del nombre al SUM y la BIBLIOTECA de la instituci\u00f3n, dichas urnas est\u00e1n ubicadas en Casa Daguerre, Cooperativa Obrera, Mercadito Marengo y en el jard\u00edn. Las pautas para la elecci\u00f3n del nombre son: Destacar [&hellip;]<\/p>\n","protected":false},"author":1,"featured_media":0,"comment_status":"closed","ping_status":"open","sticky":false,"template":"","format":"standard","meta":{"footnotes":""},"categories":[51,52],"tags":[],"class_list":["post-21098","post","type-post","status-publish","format-standard","hentry","category-comunidad","category-destacadas"],"yoast_head":"<!-- This site is optimized with the Yoast SEO plugin v19.7.1 - https:\/\/yoast.com\/wordpress\/plugins\/seo\/ -->\n<title>JARDIN DE INFANTES 901: ENCUESTA PARA IMPONER EL NOMBRE AL SUM Y LA BIBLIOTECA - CELTTV<\/title>\n<meta name=\"description\" content=\"Sitio web de noticias de la localidad de Tornquist, provincia de Buenos Aires, Rep\u00fablica Argentina. Contenido propio originado por periodistas de CELTTV, el canal de TV local de la Cooperativa El\u00e9ctrica de Tornquist. Turismo, Pol\u00edtica, Sociedad, Deporte, Cultura y todo el contenido de inter\u00e9s general que la gente del pueblo y la regi\u00f3n debe conocer.\" \/>\n<meta name=\"robots\" content=\"index, follow, max-snippet:-1, max-image-preview:large, max-video-preview:-1\" \/>\n<link rel=\"canonical\" href=\"https:\/\/www.celttv.com.ar\/index.php\/2014\/06\/13\/jardin-de-infantes-901-encuesta-para-imponer-el-nombre-al-sum-y-la-biblioteca\/\" \/>\n<meta property=\"og:locale\" content=\"es_ES\" \/>\n<meta property=\"og:type\" content=\"article\" \/>\n<meta property=\"og:title\" content=\"JARDIN DE INFANTES 901: ENCUESTA PARA IMPONER EL NOMBRE AL SUM Y LA BIBLIOTECA - CELTTV\" \/>\n<meta property=\"og:description\" content=\"Sitio web de noticias de la localidad de Tornquist, provincia de Buenos Aires, Rep\u00fablica Argentina. Contenido propio originado por periodistas de CELTTV, el canal de TV local de la Cooperativa El\u00e9ctrica de Tornquist. Turismo, Pol\u00edtica, Sociedad, Deporte, Cultura y todo el contenido de inter\u00e9s general que la gente del pueblo y la regi\u00f3n debe conocer.\" \/>\n<meta property=\"og:url\" content=\"https:\/\/www.celttv.com.ar\/index.php\/2014\/06\/13\/jardin-de-infantes-901-encuesta-para-imponer-el-nombre-al-sum-y-la-biblioteca\/\" \/>\n<meta property=\"og:site_name\" content=\"CELTTV\" \/>\n<meta property=\"article:publisher\" content=\"https:\/\/www.facebook.com\/celtTV\/\" \/>\n<meta property=\"article:published_time\" content=\"2014-06-13T19:36:33+00:00\" \/>\n<meta property=\"og:image\" content=\"http:\/\/www.tvcnoticias.com.ar\/wp-content\/uploads\/2014\/06\/Jardin-901-a-300x225.jpg\" \/>\n<meta name=\"author\" content=\"ulises\" \/>\n<meta name=\"twitter:card\" content=\"summary_large_image\" \/>\n<meta name=\"twitter:label1\" content=\"Escrito por\" \/>\n\t<meta name=\"twitter:data1\" content=\"ulises\" \/>\n\t<meta name=\"twitter:label2\" content=\"Tiempo de lectura\" \/>\n\t<meta name=\"twitter:data2\" content=\"1 minuto\" \/>\n<script type=\"application\/ld+json\" class=\"yoast-schema-graph\">{\"@context\":\"https:\/\/schema.org\",\"@graph\":[{\"@type\":\"NewsArticle\",\"@id\":\"https:\/\/www.celttv.com.ar\/index.php\/2014\/06\/13\/jardin-de-infantes-901-encuesta-para-imponer-el-nombre-al-sum-y-la-biblioteca\/#article\",\"isPartOf\":{\"@id\":\"https:\/\/www.celttv.com.ar\/index.php\/2014\/06\/13\/jardin-de-infantes-901-encuesta-para-imponer-el-nombre-al-sum-y-la-biblioteca\/\"},\"author\":{\"name\":\"ulises\",\"@id\":\"https:\/\/www.celttv.com.ar\/#\/schema\/person\/6d99c072dba59953809c81446e9d0ace\"},\"headline\":\"JARDIN DE INFANTES 901: ENCUESTA PARA IMPONER EL NOMBRE AL SUM Y LA BIBLIOTECA\",\"datePublished\":\"2014-06-13T19:36:33+00:00\",\"dateModified\":\"2014-06-13T19:36:33+00:00\",\"mainEntityOfPage\":{\"@id\":\"https:\/\/www.celttv.com.ar\/index.php\/2014\/06\/13\/jardin-de-infantes-901-encuesta-para-imponer-el-nombre-al-sum-y-la-biblioteca\/\"},\"wordCount\":220,\"publisher\":{\"@id\":\"https:\/\/www.celttv.com.ar\/#organization\"},\"articleSection\":[\"Comunidad\",\"Destacadas\"],\"inLanguage\":\"es\"},{\"@type\":\"WebPage\",\"@id\":\"https:\/\/www.celttv.com.ar\/index.php\/2014\/06\/13\/jardin-de-infantes-901-encuesta-para-imponer-el-nombre-al-sum-y-la-biblioteca\/\",\"url\":\"https:\/\/www.celttv.com.ar\/index.php\/2014\/06\/13\/jardin-de-infantes-901-encuesta-para-imponer-el-nombre-al-sum-y-la-biblioteca\/\",\"name\":\"JARDIN DE INFANTES 901: ENCUESTA PARA IMPONER EL NOMBRE AL SUM Y LA BIBLIOTECA - CELTTV\",\"isPartOf\":{\"@id\":\"https:\/\/www.celttv.com.ar\/#website\"},\"datePublished\":\"2014-06-13T19:36:33+00:00\",\"dateModified\":\"2014-06-13T19:36:33+00:00\",\"description\":\"Sitio web de noticias de la localidad de Tornquist, provincia de Buenos Aires, Rep\u00fablica Argentina. Contenido propio originado por periodistas de CELTTV, el canal de TV local de la Cooperativa El\u00e9ctrica de Tornquist. Turismo, Pol\u00edtica, Sociedad, Deporte, Cultura y todo el contenido de inter\u00e9s general que la gente del pueblo y la regi\u00f3n debe conocer.\",\"breadcrumb\":{\"@id\":\"https:\/\/www.celttv.com.ar\/index.php\/2014\/06\/13\/jardin-de-infantes-901-encuesta-para-imponer-el-nombre-al-sum-y-la-biblioteca\/#breadcrumb\"},\"inLanguage\":\"es\",\"potentialAction\":[{\"@type\":\"ReadAction\",\"target\":[\"https:\/\/www.celttv.com.ar\/index.php\/2014\/06\/13\/jardin-de-infantes-901-encuesta-para-imponer-el-nombre-al-sum-y-la-biblioteca\/\"]}]},{\"@type\":\"BreadcrumbList\",\"@id\":\"https:\/\/www.celttv.com.ar\/index.php\/2014\/06\/13\/jardin-de-infantes-901-encuesta-para-imponer-el-nombre-al-sum-y-la-biblioteca\/#breadcrumb\",\"itemListElement\":[{\"@type\":\"ListItem\",\"position\":1,\"name\":\"Inicio\",\"item\":\"https:\/\/www.celttv.com.ar\/\"},{\"@type\":\"ListItem\",\"position\":2,\"name\":\"JARDIN DE INFANTES 901: ENCUESTA PARA IMPONER EL NOMBRE AL SUM Y LA BIBLIOTECA\"}]},{\"@type\":\"WebSite\",\"@id\":\"https:\/\/www.celttv.com.ar\/#website\",\"url\":\"https:\/\/www.celttv.com.ar\/\",\"name\":\"CELTTV\",\"description\":\"Cooperativa El\u00e9ctrica de Tornquist\",\"publisher\":{\"@id\":\"https:\/\/www.celttv.com.ar\/#organization\"},\"potentialAction\":[{\"@type\":\"SearchAction\",\"target\":{\"@type\":\"EntryPoint\",\"urlTemplate\":\"https:\/\/www.celttv.com.ar\/?s={search_term_string}\"},\"query-input\":\"required name=search_term_string\"}],\"inLanguage\":\"es\"},{\"@type\":\"Organization\",\"@id\":\"https:\/\/www.celttv.com.ar\/#organization\",\"name\":\"CELTTV\",\"url\":\"https:\/\/www.celttv.com.ar\/\",\"sameAs\":[\"https:\/\/www.youtube.com\/channel\/UCz_oIt8Hig64Ub-EmcNPIhg\",\"https:\/\/www.facebook.com\/celtTV\/\"],\"logo\":{\"@type\":\"ImageObject\",\"inLanguage\":\"es\",\"@id\":\"https:\/\/www.celttv.com.ar\/#\/schema\/logo\/image\/\",\"url\":\"http:\/\/www.celttv.com.ar\/wp-content\/uploads\/2022\/08\/logo-1.png\",\"contentUrl\":\"http:\/\/www.celttv.com.ar\/wp-content\/uploads\/2022\/08\/logo-1.png\",\"width\":461,\"height\":159,\"caption\":\"CELTTV\"},\"image\":{\"@id\":\"https:\/\/www.celttv.com.ar\/#\/schema\/logo\/image\/\"}},{\"@type\":\"Person\",\"@id\":\"https:\/\/www.celttv.com.ar\/#\/schema\/person\/6d99c072dba59953809c81446e9d0ace\",\"name\":\"ulises\",\"image\":{\"@type\":\"ImageObject\",\"inLanguage\":\"es\",\"@id\":\"https:\/\/www.celttv.com.ar\/#\/schema\/person\/image\/\",\"url\":\"https:\/\/secure.gravatar.com\/avatar\/7f2c48bdc33b30088f941fb6082e555f2874c98e20cb159d7b92b50eadfce793?s=96&d=mm&r=g\",\"contentUrl\":\"https:\/\/secure.gravatar.com\/avatar\/7f2c48bdc33b30088f941fb6082e555f2874c98e20cb159d7b92b50eadfce793?s=96&d=mm&r=g\",\"caption\":\"ulises\"},\"sameAs\":[\"http:\/\/www.celttv.com.ar\"]}]}<\/script>\n<!-- \/ Yoast SEO plugin. -->","yoast_head_json":{"title":"JARDIN DE INFANTES 901: ENCUESTA PARA IMPONER EL NOMBRE AL SUM Y LA BIBLIOTECA - CELTTV","description":"Sitio web de noticias de la localidad de Tornquist, provincia de Buenos Aires, Rep\u00fablica Argentina. Contenido propio originado por periodistas de CELTTV, el canal de TV local de la Cooperativa El\u00e9ctrica de Tornquist. Turismo, Pol\u00edtica, Sociedad, Deporte, Cultura y todo el contenido de inter\u00e9s general que la gente del pueblo y la regi\u00f3n debe conocer.","robots":{"index":"index","follow":"follow","max-snippet":"max-snippet:-1","max-image-preview":"max-image-preview:large","max-video-preview":"max-video-preview:-1"},"canonical":"https:\/\/www.celttv.com.ar\/index.php\/2014\/06\/13\/jardin-de-infantes-901-encuesta-para-imponer-el-nombre-al-sum-y-la-biblioteca\/","og_locale":"es_ES","og_type":"article","og_title":"JARDIN DE INFANTES 901: ENCUESTA PARA IMPONER EL NOMBRE AL SUM Y LA BIBLIOTECA - CELTTV","og_description":"Sitio web de noticias de la localidad de Tornquist, provincia de Buenos Aires, Rep\u00fablica Argentina. Contenido propio originado por periodistas de CELTTV, el canal de TV local de la Cooperativa El\u00e9ctrica de Tornquist. Turismo, Pol\u00edtica, Sociedad, Deporte, Cultura y todo el contenido de inter\u00e9s general que la gente del pueblo y la regi\u00f3n debe conocer.","og_url":"https:\/\/www.celttv.com.ar\/index.php\/2014\/06\/13\/jardin-de-infantes-901-encuesta-para-imponer-el-nombre-al-sum-y-la-biblioteca\/","og_site_name":"CELTTV","article_publisher":"https:\/\/www.facebook.com\/celtTV\/","article_published_time":"2014-06-13T19:36:33+00:00","og_image":[{"url":"http:\/\/www.tvcnoticias.com.ar\/wp-content\/uploads\/2014\/06\/Jardin-901-a-300x225.jpg"}],"author":"ulises","twitter_card":"summary_large_image","twitter_misc":{"Escrito por":"ulises","Tiempo de lectura":"1 minuto"},"schema":{"@context":"https:\/\/schema.org","@graph":[{"@type":"NewsArticle","@id":"https:\/\/www.celttv.com.ar\/index.php\/2014\/06\/13\/jardin-de-infantes-901-encuesta-para-imponer-el-nombre-al-sum-y-la-biblioteca\/#article","isPartOf":{"@id":"https:\/\/www.celttv.com.ar\/index.php\/2014\/06\/13\/jardin-de-infantes-901-encuesta-para-imponer-el-nombre-al-sum-y-la-biblioteca\/"},"author":{"name":"ulises","@id":"https:\/\/www.celttv.com.ar\/#\/schema\/person\/6d99c072dba59953809c81446e9d0ace"},"headline":"JARDIN DE INFANTES 901: ENCUESTA PARA IMPONER EL NOMBRE AL SUM Y LA BIBLIOTECA","datePublished":"2014-06-13T19:36:33+00:00","dateModified":"2014-06-13T19:36:33+00:00","mainEntityOfPage":{"@id":"https:\/\/www.celttv.com.ar\/index.php\/2014\/06\/13\/jardin-de-infantes-901-encuesta-para-imponer-el-nombre-al-sum-y-la-biblioteca\/"},"wordCount":220,"publisher":{"@id":"https:\/\/www.celttv.com.ar\/#organization"},"articleSection":["Comunidad","Destacadas"],"inLanguage":"es"},{"@type":"WebPage","@id":"https:\/\/www.celttv.com.ar\/index.php\/2014\/06\/13\/jardin-de-infantes-901-encuesta-para-imponer-el-nombre-al-sum-y-la-biblioteca\/","url":"https:\/\/www.celttv.com.ar\/index.php\/2014\/06\/13\/jardin-de-infantes-901-encuesta-para-imponer-el-nombre-al-sum-y-la-biblioteca\/","name":"JARDIN DE INFANTES 901: ENCUESTA PARA IMPONER EL NOMBRE AL SUM Y LA BIBLIOTECA - CELTTV","isPartOf":{"@id":"https:\/\/www.celttv.com.ar\/#website"},"datePublished":"2014-06-13T19:36:33+00:00","dateModified":"2014-06-13T19:36:33+00:00","description":"Sitio web de noticias de la localidad de Tornquist, provincia de Buenos Aires, Rep\u00fablica Argentina. Contenido propio originado por periodistas de CELTTV, el canal de TV local de la Cooperativa El\u00e9ctrica de Tornquist. Turismo, Pol\u00edtica, Sociedad, Deporte, Cultura y todo el contenido de inter\u00e9s general que la gente del pueblo y la regi\u00f3n debe conocer.","breadcrumb":{"@id":"https:\/\/www.celttv.com.ar\/index.php\/2014\/06\/13\/jardin-de-infantes-901-encuesta-para-imponer-el-nombre-al-sum-y-la-biblioteca\/#breadcrumb"},"inLanguage":"es","potentialAction":[{"@type":"ReadAction","target":["https:\/\/www.celttv.com.ar\/index.php\/2014\/06\/13\/jardin-de-infantes-901-encuesta-para-imponer-el-nombre-al-sum-y-la-biblioteca\/"]}]},{"@type":"BreadcrumbList","@id":"https:\/\/www.celttv.com.ar\/index.php\/2014\/06\/13\/jardin-de-infantes-901-encuesta-para-imponer-el-nombre-al-sum-y-la-biblioteca\/#breadcrumb","itemListElement":[{"@type":"ListItem","position":1,"name":"Inicio","item":"https:\/\/www.celttv.com.ar\/"},{"@type":"ListItem","position":2,"name":"JARDIN DE INFANTES 901: ENCUESTA PARA IMPONER EL NOMBRE AL SUM Y LA BIBLIOTECA"}]},{"@type":"WebSite","@id":"https:\/\/www.celttv.com.ar\/#website","url":"https:\/\/www.celttv.com.ar\/","name":"CELTTV","description":"Cooperativa El\u00e9ctrica de Tornquist","publisher":{"@id":"https:\/\/www.celttv.com.ar\/#organization"},"potentialAction":[{"@type":"SearchAction","target":{"@type":"EntryPoint","urlTemplate":"https:\/\/www.celttv.com.ar\/?s={search_term_string}"},"query-input":"required name=search_term_string"}],"inLanguage":"es"},{"@type":"Organization","@id":"https:\/\/www.celttv.com.ar\/#organization","name":"CELTTV","url":"https:\/\/www.celttv.com.ar\/","sameAs":["https:\/\/www.youtube.com\/channel\/UCz_oIt8Hig64Ub-EmcNPIhg","https:\/\/www.facebook.com\/celtTV\/"],"logo":{"@type":"ImageObject","inLanguage":"es","@id":"https:\/\/www.celttv.com.ar\/#\/schema\/logo\/image\/","url":"http:\/\/www.celttv.com.ar\/wp-content\/uploads\/2022\/08\/logo-1.png","contentUrl":"http:\/\/www.celttv.com.ar\/wp-content\/uploads\/2022\/08\/logo-1.png","width":461,"height":159,"caption":"CELTTV"},"image":{"@id":"https:\/\/www.celttv.com.ar\/#\/schema\/logo\/image\/"}},{"@type":"Person","@id":"https:\/\/www.celttv.com.ar\/#\/schema\/person\/6d99c072dba59953809c81446e9d0ace","name":"ulises","image":{"@type":"ImageObject","inLanguage":"es","@id":"https:\/\/www.celttv.com.ar\/#\/schema\/person\/image\/","url":"https:\/\/secure.gravatar.com\/avatar\/7f2c48bdc33b30088f941fb6082e555f2874c98e20cb159d7b92b50eadfce793?s=96&d=mm&r=g","contentUrl":"https:\/\/secure.gravatar.com\/avatar\/7f2c48bdc33b30088f941fb6082e555f2874c98e20cb159d7b92b50eadfce793?s=96&d=mm&r=g","caption":"ulises"},"sameAs":["http:\/\/www.celttv.com.ar"]}]}},"_links":{"self":[{"href":"https:\/\/www.celttv.com.ar\/index.php\/wp-json\/wp\/v2\/posts\/21098","targetHints":{"allow":["GET"]}}],"collection":[{"href":"https:\/\/www.celttv.com.ar\/index.php\/wp-json\/wp\/v2\/posts"}],"about":[{"href":"https:\/\/www.celttv.com.ar\/index.php\/wp-json\/wp\/v2\/types\/post"}],"author":[{"embeddable":true,"href":"https:\/\/www.celttv.com.ar\/index.php\/wp-json\/wp\/v2\/users\/1"}],"replies":[{"embeddable":true,"href":"https:\/\/www.celttv.com.ar\/index.php\/wp-json\/wp\/v2\/comments?post=21098"}],"version-history":[{"count":0,"href":"https:\/\/www.celttv.com.ar\/index.php\/wp-json\/wp\/v2\/posts\/21098\/revisions"}],"wp:attachment":[{"href":"https:\/\/www.celttv.com.ar\/index.php\/wp-json\/wp\/v2\/media?parent=21098"}],"wp:term":[{"taxonomy":"category","embeddable":true,"href":"https:\/\/www.celttv.com.ar\/index.php\/wp-json\/wp\/v2\/categories?post=21098"},{"taxonomy":"post_tag","embeddable":true,"href":"https:\/\/www.celttv.com.ar\/index.php\/wp-json\/wp\/v2\/tags?post=21098"}],"curies":[{"name":"wp","href":"https:\/\/api.w.org\/{rel}","templated":true}]}}