{"id":21102,"date":"2014-06-13T19:46:57","date_gmt":"2014-06-13T19:46:57","guid":{"rendered":"http:\/\/www.tvcnoticias.com.ar\/?p=21102"},"modified":"2014-06-13T19:46:57","modified_gmt":"2014-06-13T19:46:57","slug":"el-municipio-adquirio-las-tierras-para-relocalizar-el-aeroclub","status":"publish","type":"post","link":"https:\/\/www.celttv.com.ar\/index.php\/2014\/06\/13\/el-municipio-adquirio-las-tierras-para-relocalizar-el-aeroclub\/","title":{"rendered":"EL MUNICIPIO ADQUIRIO LAS TIERRAS PARA RELOCALIZAR EL AEROCLUB"},"content":{"rendered":"<p><img loading=\"lazy\" decoding=\"async\" class=\"aligncenter size-medium wp-image-21103\" title=\"1462 - TIERRAS PARA EL AERO CLUB (Medium)\" src=\"http:\/\/www.tvcnoticias.com.ar\/wp-content\/uploads\/2014\/06\/1462-TIERRAS-PARA-EL-AERO-CLUB-Medium-450x337.jpg\" alt=\"\" width=\"450\" height=\"337\" \/>Con la firma de la correspondiente escritura por parte del intendente municipal, licenciado Gustavo Trankels, qued\u00f3 formalizada la adquisici\u00f3n de las tierras en donde se pretende, a futuro, reubicar el areoclub municipal.<br \/>\nLa r\u00fabrica de la documentaci\u00f3n se llev\u00f3 a cabo en Tres Arroyos, lugar donde reside la firma que vendi\u00f3 el inmueble, que posee una extensi\u00f3n de 55 hect\u00e1reas y se encuentra ubicado sobre el acceso a la ciudad cabecera del distrito desde la ruta nacional 33.<br \/>\nDe este modo, la actual gesti\u00f3n de gobierno comunal sum\u00f3 un paso fundamental en su ambici\u00f3n por mejorar las condiciones de la aeroestaci\u00f3n, decisi\u00f3n basada en una proyecci\u00f3n a futuro.<br \/>\n\u201cEste es un d\u00eda de mucha felicidad para nosotros. Estamos cristalizando un viejo sue\u00f1o de muchos tornquistenses con visi\u00f3n de futuro, que durante muchos a\u00f1os ve\u00edan la necesidad de reubicar esta estrat\u00e9gica puerta de entrada a nuestro distrito, con mejores condiciones de accesibilidad, seguridad y aspecto\u201d, resalt\u00f3 el intendente respecto del predio en cuesti\u00f3n, que posee, aproximadamente, 300 metros de frente por 2.000 de fondo.<br \/>\n\u201cLe agradezco a Carlos Morinaga (director provincial de Aeronavegaci\u00f3n Oficial y Planificaci\u00f3n Aeroportuaria), a Carlos Mill\u00e1n (jefe de Aeropuerto de Bah\u00eda Blanca en la Administraci\u00f3n Nacional de Aviaci\u00f3n Civil), a los Bomberos Voluntarios y a todos los que de una u otra manera nos manifestaron su apoyo y nos acompa\u00f1aron en la b\u00fasqueda de este preciado objetivo. Hemos dado un importante paso hacia adelante\u201d, recalc\u00f3.<br \/>\n&nbsp;<\/p>\n","protected":false},"excerpt":{"rendered":"<p>Con la firma de la correspondiente escritura por parte del intendente municipal, licenciado Gustavo Trankels, qued\u00f3 formalizada la adquisici\u00f3n de las tierras en donde se pretende, a futuro, reubicar el areoclub municipal. La r\u00fabrica de la documentaci\u00f3n se llev\u00f3 a cabo en Tres Arroyos, lugar donde reside la firma que vendi\u00f3 el inmueble, que posee [&hellip;]<\/p>\n","protected":false},"author":1,"featured_media":0,"comment_status":"closed","ping_status":"open","sticky":false,"template":"","format":"standard","meta":{"footnotes":""},"categories":[51,52,53],"tags":[],"class_list":["post-21102","post","type-post","status-publish","format-standard","hentry","category-comunidad","category-destacadas","category-politica"],"yoast_head":"<!-- This site is optimized with the Yoast SEO plugin v19.7.1 - https:\/\/yoast.com\/wordpress\/plugins\/seo\/ -->\n<title>EL MUNICIPIO ADQUIRIO LAS TIERRAS PARA RELOCALIZAR EL AEROCLUB - CELTTV<\/title>\n<meta name=\"description\" content=\"Sitio web de noticias de la localidad de Tornquist, provincia de Buenos Aires, Rep\u00fablica Argentina. Contenido propio originado por periodistas de CELTTV, el canal de TV local de la Cooperativa El\u00e9ctrica de Tornquist. Turismo, Pol\u00edtica, Sociedad, Deporte, Cultura y todo el contenido de inter\u00e9s general que la gente del pueblo y la regi\u00f3n debe conocer.\" \/>\n<meta name=\"robots\" content=\"index, follow, max-snippet:-1, max-image-preview:large, max-video-preview:-1\" \/>\n<link rel=\"canonical\" href=\"https:\/\/www.celttv.com.ar\/index.php\/2014\/06\/13\/el-municipio-adquirio-las-tierras-para-relocalizar-el-aeroclub\/\" \/>\n<meta property=\"og:locale\" content=\"es_ES\" \/>\n<meta property=\"og:type\" content=\"article\" \/>\n<meta property=\"og:title\" content=\"EL MUNICIPIO ADQUIRIO LAS TIERRAS PARA RELOCALIZAR EL AEROCLUB - CELTTV\" \/>\n<meta property=\"og:description\" content=\"Sitio web de noticias de la localidad de Tornquist, provincia de Buenos Aires, Rep\u00fablica Argentina. Contenido propio originado por periodistas de CELTTV, el canal de TV local de la Cooperativa El\u00e9ctrica de Tornquist. Turismo, Pol\u00edtica, Sociedad, Deporte, Cultura y todo el contenido de inter\u00e9s general que la gente del pueblo y la regi\u00f3n debe conocer.\" \/>\n<meta property=\"og:url\" content=\"https:\/\/www.celttv.com.ar\/index.php\/2014\/06\/13\/el-municipio-adquirio-las-tierras-para-relocalizar-el-aeroclub\/\" \/>\n<meta property=\"og:site_name\" content=\"CELTTV\" \/>\n<meta property=\"article:publisher\" content=\"https:\/\/www.facebook.com\/celtTV\/\" \/>\n<meta property=\"article:published_time\" content=\"2014-06-13T19:46:57+00:00\" \/>\n<meta property=\"og:image\" content=\"http:\/\/www.tvcnoticias.com.ar\/wp-content\/uploads\/2014\/06\/1462-TIERRAS-PARA-EL-AERO-CLUB-Medium-450x337.jpg\" \/>\n<meta name=\"author\" content=\"ulises\" \/>\n<meta name=\"twitter:card\" content=\"summary_large_image\" \/>\n<meta name=\"twitter:label1\" content=\"Escrito por\" \/>\n\t<meta name=\"twitter:data1\" content=\"ulises\" \/>\n\t<meta name=\"twitter:label2\" content=\"Tiempo de lectura\" \/>\n\t<meta name=\"twitter:data2\" content=\"1 minuto\" \/>\n<script type=\"application\/ld+json\" class=\"yoast-schema-graph\">{\"@context\":\"https:\/\/schema.org\",\"@graph\":[{\"@type\":\"NewsArticle\",\"@id\":\"https:\/\/www.celttv.com.ar\/index.php\/2014\/06\/13\/el-municipio-adquirio-las-tierras-para-relocalizar-el-aeroclub\/#article\",\"isPartOf\":{\"@id\":\"https:\/\/www.celttv.com.ar\/index.php\/2014\/06\/13\/el-municipio-adquirio-las-tierras-para-relocalizar-el-aeroclub\/\"},\"author\":{\"name\":\"ulises\",\"@id\":\"https:\/\/www.celttv.com.ar\/#\/schema\/person\/6d99c072dba59953809c81446e9d0ace\"},\"headline\":\"EL MUNICIPIO ADQUIRIO LAS TIERRAS PARA RELOCALIZAR EL AEROCLUB\",\"datePublished\":\"2014-06-13T19:46:57+00:00\",\"dateModified\":\"2014-06-13T19:46:57+00:00\",\"mainEntityOfPage\":{\"@id\":\"https:\/\/www.celttv.com.ar\/index.php\/2014\/06\/13\/el-municipio-adquirio-las-tierras-para-relocalizar-el-aeroclub\/\"},\"wordCount\":269,\"publisher\":{\"@id\":\"https:\/\/www.celttv.com.ar\/#organization\"},\"articleSection\":[\"Comunidad\",\"Destacadas\",\"Pol\u00edtica\"],\"inLanguage\":\"es\"},{\"@type\":\"WebPage\",\"@id\":\"https:\/\/www.celttv.com.ar\/index.php\/2014\/06\/13\/el-municipio-adquirio-las-tierras-para-relocalizar-el-aeroclub\/\",\"url\":\"https:\/\/www.celttv.com.ar\/index.php\/2014\/06\/13\/el-municipio-adquirio-las-tierras-para-relocalizar-el-aeroclub\/\",\"name\":\"EL MUNICIPIO ADQUIRIO LAS TIERRAS PARA RELOCALIZAR EL AEROCLUB - CELTTV\",\"isPartOf\":{\"@id\":\"https:\/\/www.celttv.com.ar\/#website\"},\"datePublished\":\"2014-06-13T19:46:57+00:00\",\"dateModified\":\"2014-06-13T19:46:57+00:00\",\"description\":\"Sitio web de noticias de la localidad de Tornquist, provincia de Buenos Aires, Rep\u00fablica Argentina. Contenido propio originado por periodistas de CELTTV, el canal de TV local de la Cooperativa El\u00e9ctrica de Tornquist. Turismo, Pol\u00edtica, Sociedad, Deporte, Cultura y todo el contenido de inter\u00e9s general que la gente del pueblo y la regi\u00f3n debe conocer.\",\"breadcrumb\":{\"@id\":\"https:\/\/www.celttv.com.ar\/index.php\/2014\/06\/13\/el-municipio-adquirio-las-tierras-para-relocalizar-el-aeroclub\/#breadcrumb\"},\"inLanguage\":\"es\",\"potentialAction\":[{\"@type\":\"ReadAction\",\"target\":[\"https:\/\/www.celttv.com.ar\/index.php\/2014\/06\/13\/el-municipio-adquirio-las-tierras-para-relocalizar-el-aeroclub\/\"]}]},{\"@type\":\"BreadcrumbList\",\"@id\":\"https:\/\/www.celttv.com.ar\/index.php\/2014\/06\/13\/el-municipio-adquirio-las-tierras-para-relocalizar-el-aeroclub\/#breadcrumb\",\"itemListElement\":[{\"@type\":\"ListItem\",\"position\":1,\"name\":\"Inicio\",\"item\":\"https:\/\/www.celttv.com.ar\/\"},{\"@type\":\"ListItem\",\"position\":2,\"name\":\"EL MUNICIPIO ADQUIRIO LAS TIERRAS PARA RELOCALIZAR EL AEROCLUB\"}]},{\"@type\":\"WebSite\",\"@id\":\"https:\/\/www.celttv.com.ar\/#website\",\"url\":\"https:\/\/www.celttv.com.ar\/\",\"name\":\"CELTTV\",\"description\":\"Cooperativa El\u00e9ctrica de Tornquist\",\"publisher\":{\"@id\":\"https:\/\/www.celttv.com.ar\/#organization\"},\"potentialAction\":[{\"@type\":\"SearchAction\",\"target\":{\"@type\":\"EntryPoint\",\"urlTemplate\":\"https:\/\/www.celttv.com.ar\/?s={search_term_string}\"},\"query-input\":\"required name=search_term_string\"}],\"inLanguage\":\"es\"},{\"@type\":\"Organization\",\"@id\":\"https:\/\/www.celttv.com.ar\/#organization\",\"name\":\"CELTTV\",\"url\":\"https:\/\/www.celttv.com.ar\/\",\"sameAs\":[\"https:\/\/www.youtube.com\/channel\/UCz_oIt8Hig64Ub-EmcNPIhg\",\"https:\/\/www.facebook.com\/celtTV\/\"],\"logo\":{\"@type\":\"ImageObject\",\"inLanguage\":\"es\",\"@id\":\"https:\/\/www.celttv.com.ar\/#\/schema\/logo\/image\/\",\"url\":\"http:\/\/www.celttv.com.ar\/wp-content\/uploads\/2022\/08\/logo-1.png\",\"contentUrl\":\"http:\/\/www.celttv.com.ar\/wp-content\/uploads\/2022\/08\/logo-1.png\",\"width\":461,\"height\":159,\"caption\":\"CELTTV\"},\"image\":{\"@id\":\"https:\/\/www.celttv.com.ar\/#\/schema\/logo\/image\/\"}},{\"@type\":\"Person\",\"@id\":\"https:\/\/www.celttv.com.ar\/#\/schema\/person\/6d99c072dba59953809c81446e9d0ace\",\"name\":\"ulises\",\"image\":{\"@type\":\"ImageObject\",\"inLanguage\":\"es\",\"@id\":\"https:\/\/www.celttv.com.ar\/#\/schema\/person\/image\/\",\"url\":\"https:\/\/secure.gravatar.com\/avatar\/7f2c48bdc33b30088f941fb6082e555f2874c98e20cb159d7b92b50eadfce793?s=96&d=mm&r=g\",\"contentUrl\":\"https:\/\/secure.gravatar.com\/avatar\/7f2c48bdc33b30088f941fb6082e555f2874c98e20cb159d7b92b50eadfce793?s=96&d=mm&r=g\",\"caption\":\"ulises\"},\"sameAs\":[\"http:\/\/www.celttv.com.ar\"]}]}<\/script>\n<!-- \/ Yoast SEO plugin. -->","yoast_head_json":{"title":"EL MUNICIPIO ADQUIRIO LAS TIERRAS PARA RELOCALIZAR EL AEROCLUB - CELTTV","description":"Sitio web de noticias de la localidad de Tornquist, provincia de Buenos Aires, Rep\u00fablica Argentina. Contenido propio originado por periodistas de CELTTV, el canal de TV local de la Cooperativa El\u00e9ctrica de Tornquist. Turismo, Pol\u00edtica, Sociedad, Deporte, Cultura y todo el contenido de inter\u00e9s general que la gente del pueblo y la regi\u00f3n debe conocer.","robots":{"index":"index","follow":"follow","max-snippet":"max-snippet:-1","max-image-preview":"max-image-preview:large","max-video-preview":"max-video-preview:-1"},"canonical":"https:\/\/www.celttv.com.ar\/index.php\/2014\/06\/13\/el-municipio-adquirio-las-tierras-para-relocalizar-el-aeroclub\/","og_locale":"es_ES","og_type":"article","og_title":"EL MUNICIPIO ADQUIRIO LAS TIERRAS PARA RELOCALIZAR EL AEROCLUB - CELTTV","og_description":"Sitio web de noticias de la localidad de Tornquist, provincia de Buenos Aires, Rep\u00fablica Argentina. Contenido propio originado por periodistas de CELTTV, el canal de TV local de la Cooperativa El\u00e9ctrica de Tornquist. Turismo, Pol\u00edtica, Sociedad, Deporte, Cultura y todo el contenido de inter\u00e9s general que la gente del pueblo y la regi\u00f3n debe conocer.","og_url":"https:\/\/www.celttv.com.ar\/index.php\/2014\/06\/13\/el-municipio-adquirio-las-tierras-para-relocalizar-el-aeroclub\/","og_site_name":"CELTTV","article_publisher":"https:\/\/www.facebook.com\/celtTV\/","article_published_time":"2014-06-13T19:46:57+00:00","og_image":[{"url":"http:\/\/www.tvcnoticias.com.ar\/wp-content\/uploads\/2014\/06\/1462-TIERRAS-PARA-EL-AERO-CLUB-Medium-450x337.jpg"}],"author":"ulises","twitter_card":"summary_large_image","twitter_misc":{"Escrito por":"ulises","Tiempo de lectura":"1 minuto"},"schema":{"@context":"https:\/\/schema.org","@graph":[{"@type":"NewsArticle","@id":"https:\/\/www.celttv.com.ar\/index.php\/2014\/06\/13\/el-municipio-adquirio-las-tierras-para-relocalizar-el-aeroclub\/#article","isPartOf":{"@id":"https:\/\/www.celttv.com.ar\/index.php\/2014\/06\/13\/el-municipio-adquirio-las-tierras-para-relocalizar-el-aeroclub\/"},"author":{"name":"ulises","@id":"https:\/\/www.celttv.com.ar\/#\/schema\/person\/6d99c072dba59953809c81446e9d0ace"},"headline":"EL MUNICIPIO ADQUIRIO LAS TIERRAS PARA RELOCALIZAR EL AEROCLUB","datePublished":"2014-06-13T19:46:57+00:00","dateModified":"2014-06-13T19:46:57+00:00","mainEntityOfPage":{"@id":"https:\/\/www.celttv.com.ar\/index.php\/2014\/06\/13\/el-municipio-adquirio-las-tierras-para-relocalizar-el-aeroclub\/"},"wordCount":269,"publisher":{"@id":"https:\/\/www.celttv.com.ar\/#organization"},"articleSection":["Comunidad","Destacadas","Pol\u00edtica"],"inLanguage":"es"},{"@type":"WebPage","@id":"https:\/\/www.celttv.com.ar\/index.php\/2014\/06\/13\/el-municipio-adquirio-las-tierras-para-relocalizar-el-aeroclub\/","url":"https:\/\/www.celttv.com.ar\/index.php\/2014\/06\/13\/el-municipio-adquirio-las-tierras-para-relocalizar-el-aeroclub\/","name":"EL MUNICIPIO ADQUIRIO LAS TIERRAS PARA RELOCALIZAR EL AEROCLUB - CELTTV","isPartOf":{"@id":"https:\/\/www.celttv.com.ar\/#website"},"datePublished":"2014-06-13T19:46:57+00:00","dateModified":"2014-06-13T19:46:57+00:00","description":"Sitio web de noticias de la localidad de Tornquist, provincia de Buenos Aires, Rep\u00fablica Argentina. Contenido propio originado por periodistas de CELTTV, el canal de TV local de la Cooperativa El\u00e9ctrica de Tornquist. Turismo, Pol\u00edtica, Sociedad, Deporte, Cultura y todo el contenido de inter\u00e9s general que la gente del pueblo y la regi\u00f3n debe conocer.","breadcrumb":{"@id":"https:\/\/www.celttv.com.ar\/index.php\/2014\/06\/13\/el-municipio-adquirio-las-tierras-para-relocalizar-el-aeroclub\/#breadcrumb"},"inLanguage":"es","potentialAction":[{"@type":"ReadAction","target":["https:\/\/www.celttv.com.ar\/index.php\/2014\/06\/13\/el-municipio-adquirio-las-tierras-para-relocalizar-el-aeroclub\/"]}]},{"@type":"BreadcrumbList","@id":"https:\/\/www.celttv.com.ar\/index.php\/2014\/06\/13\/el-municipio-adquirio-las-tierras-para-relocalizar-el-aeroclub\/#breadcrumb","itemListElement":[{"@type":"ListItem","position":1,"name":"Inicio","item":"https:\/\/www.celttv.com.ar\/"},{"@type":"ListItem","position":2,"name":"EL MUNICIPIO ADQUIRIO LAS TIERRAS PARA RELOCALIZAR EL AEROCLUB"}]},{"@type":"WebSite","@id":"https:\/\/www.celttv.com.ar\/#website","url":"https:\/\/www.celttv.com.ar\/","name":"CELTTV","description":"Cooperativa El\u00e9ctrica de Tornquist","publisher":{"@id":"https:\/\/www.celttv.com.ar\/#organization"},"potentialAction":[{"@type":"SearchAction","target":{"@type":"EntryPoint","urlTemplate":"https:\/\/www.celttv.com.ar\/?s={search_term_string}"},"query-input":"required name=search_term_string"}],"inLanguage":"es"},{"@type":"Organization","@id":"https:\/\/www.celttv.com.ar\/#organization","name":"CELTTV","url":"https:\/\/www.celttv.com.ar\/","sameAs":["https:\/\/www.youtube.com\/channel\/UCz_oIt8Hig64Ub-EmcNPIhg","https:\/\/www.facebook.com\/celtTV\/"],"logo":{"@type":"ImageObject","inLanguage":"es","@id":"https:\/\/www.celttv.com.ar\/#\/schema\/logo\/image\/","url":"http:\/\/www.celttv.com.ar\/wp-content\/uploads\/2022\/08\/logo-1.png","contentUrl":"http:\/\/www.celttv.com.ar\/wp-content\/uploads\/2022\/08\/logo-1.png","width":461,"height":159,"caption":"CELTTV"},"image":{"@id":"https:\/\/www.celttv.com.ar\/#\/schema\/logo\/image\/"}},{"@type":"Person","@id":"https:\/\/www.celttv.com.ar\/#\/schema\/person\/6d99c072dba59953809c81446e9d0ace","name":"ulises","image":{"@type":"ImageObject","inLanguage":"es","@id":"https:\/\/www.celttv.com.ar\/#\/schema\/person\/image\/","url":"https:\/\/secure.gravatar.com\/avatar\/7f2c48bdc33b30088f941fb6082e555f2874c98e20cb159d7b92b50eadfce793?s=96&d=mm&r=g","contentUrl":"https:\/\/secure.gravatar.com\/avatar\/7f2c48bdc33b30088f941fb6082e555f2874c98e20cb159d7b92b50eadfce793?s=96&d=mm&r=g","caption":"ulises"},"sameAs":["http:\/\/www.celttv.com.ar"]}]}},"_links":{"self":[{"href":"https:\/\/www.celttv.com.ar\/index.php\/wp-json\/wp\/v2\/posts\/21102","targetHints":{"allow":["GET"]}}],"collection":[{"href":"https:\/\/www.celttv.com.ar\/index.php\/wp-json\/wp\/v2\/posts"}],"about":[{"href":"https:\/\/www.celttv.com.ar\/index.php\/wp-json\/wp\/v2\/types\/post"}],"author":[{"embeddable":true,"href":"https:\/\/www.celttv.com.ar\/index.php\/wp-json\/wp\/v2\/users\/1"}],"replies":[{"embeddable":true,"href":"https:\/\/www.celttv.com.ar\/index.php\/wp-json\/wp\/v2\/comments?post=21102"}],"version-history":[{"count":0,"href":"https:\/\/www.celttv.com.ar\/index.php\/wp-json\/wp\/v2\/posts\/21102\/revisions"}],"wp:attachment":[{"href":"https:\/\/www.celttv.com.ar\/index.php\/wp-json\/wp\/v2\/media?parent=21102"}],"wp:term":[{"taxonomy":"category","embeddable":true,"href":"https:\/\/www.celttv.com.ar\/index.php\/wp-json\/wp\/v2\/categories?post=21102"},{"taxonomy":"post_tag","embeddable":true,"href":"https:\/\/www.celttv.com.ar\/index.php\/wp-json\/wp\/v2\/tags?post=21102"}],"curies":[{"name":"wp","href":"https:\/\/api.w.org\/{rel}","templated":true}]}}