{"id":21110,"date":"2014-06-14T00:08:44","date_gmt":"2014-06-14T00:08:44","guid":{"rendered":"http:\/\/www.tvcnoticias.com.ar\/?p=21110"},"modified":"2014-06-14T00:08:44","modified_gmt":"2014-06-14T00:08:44","slug":"reunion-de-jueces-municipales-de-faltas","status":"publish","type":"post","link":"https:\/\/www.celttv.com.ar\/index.php\/2014\/06\/14\/reunion-de-jueces-municipales-de-faltas\/","title":{"rendered":"REUNION DE JUECES MUNICIPALES DE FALTAS"},"content":{"rendered":"<p>Una reuni\u00f3n de trabajo de Jueces Municipales de Faltas del sudoeste de la Provincia de Buenos Aires y de localidades aleda\u00f1as de la provincia de La Pampa, se desarroll\u00f3 en la Municipalidad de Puan, con la participaci\u00f3n del Juez de Faltas comunal, doctor Oscar Lanaro.<br \/>\nEl encuentro se llev\u00f3 a cabo en el Sal\u00f3n Audit\u00f3rium de la Cooperativa de Servicios y Obras P\u00fablicas Limitada y tambi\u00e9n cont\u00f3 con la presencia de Mat\u00edas Giraudo (Puan), Gabriel Nardi y Ricardo Germani (Bah\u00eda Blanca), Pablo Soteri (Coronel Pringles), Federico Lammle (Coronel Su\u00e1rez), Cecilia P\u00e9rez Garderes y Claudia Weit (Guatrach\u00e9, Santa Teresa y General Manuel Campos), Cristela Gerbino y Mart\u00edn Solla (Coronel Rosales), Juan Pablo Pomies (Saavedra), Mar\u00eda Clara Cicconi y Dolores P\u00e9rez Zabala (Trenque Lauquen), Mart\u00edn Arga\u00f1in (Guamin\u00ed) y Adri\u00e1n Carbayo (Villarino).<br \/>\nDurante la reuni\u00f3n, realizada bajo la modalidad de mesa redonda, se abordaron diferentes problem\u00e1ticas que surgen a partir de la aplicaci\u00f3n de las leyes 24.449 y 13.927 (Nacional y Provincial de Tr\u00e1nsito, respectivamente) y decretos reglamentarios de ambas.<br \/>\nEl debate vers\u00f3 sobre el retiro de la habilitaci\u00f3n para conducir por reincidencias como sanci\u00f3n, sentencias en rebeld\u00eda, anotaci\u00f3n de la sanci\u00f3n cuando no se pudo notificar (por domicilio inexistente, ausentes y se dej\u00f3 aviso de visitas y no se reclam\u00f3) e interjurisdiccionalidad (acuerdo para llevarla adelante entre los presentes).<br \/>\nAdem\u00e1s, se trat\u00f3 la aplicabilidad de la infracci\u00f3n por c\u00e9dula verde vencida, secuestro y devoluci\u00f3n de licencias, montos de los \u201cderechos de oficina\u201d, Decreto Provincial 532\/09 y\/o Decreto Nacional 437\/11, criterios para aplicar inhabilitaci\u00f3n por alcoholemia, sanci\u00f3n de multa a personas jur\u00eddicas, forma de determinar el monto para la adhesi\u00f3n al pago voluntario, menores de 14 a\u00f1os imputados y exigencia del patrocinio letrado para recurrir una sentencia.<br \/>\nAdem\u00e1s de exponer las experiencias personales, se intercambiaron ideas acerca de la necesidad de avanzar en la conformaci\u00f3n de una figura que los represente con miras a que en el futuro mediato se reconozca a la Justicia de Faltas como el verdadero Poder Judicial de los Municipios.<br \/>\nLa necesidad de implementar cursos o charlas de capacitaci\u00f3n al personal que se desempe\u00f1a en todas aquellas \u00e1reas municipales que tienen a su cargo el contralor de las ordenanzas que reglamentan diferentes aspectos de la vida comunitaria, por caso inspecci\u00f3n general, bromatolog\u00eda, tr\u00e1nsito, obras p\u00fablicas, etc. fue otro de los temas que surgi\u00f3 del encuentro.<br \/>\nLa intenci\u00f3n es continuar avanzando en la b\u00fasqueda de un criterio com\u00fan para la mejor administraci\u00f3n de la Justicia Municipal de Faltas. Por tal motivo, se resolvi\u00f3 realizar una pr\u00f3xima reuni\u00f3n de similares caracter\u00edsticas en la ciudad de Bah\u00eda Blanca en los primeros d\u00edas de septiembre.<br \/>\n&nbsp;<\/p>\n","protected":false},"excerpt":{"rendered":"<p>Una reuni\u00f3n de trabajo de Jueces Municipales de Faltas del sudoeste de la Provincia de Buenos Aires y de localidades aleda\u00f1as de la provincia de La Pampa, se desarroll\u00f3 en la Municipalidad de Puan, con la participaci\u00f3n del Juez de Faltas comunal, doctor Oscar Lanaro. El encuentro se llev\u00f3 a cabo en el Sal\u00f3n Audit\u00f3rium [&hellip;]<\/p>\n","protected":false},"author":1,"featured_media":0,"comment_status":"closed","ping_status":"open","sticky":false,"template":"","format":"standard","meta":{"footnotes":""},"categories":[51,52,53],"tags":[],"class_list":["post-21110","post","type-post","status-publish","format-standard","hentry","category-comunidad","category-destacadas","category-politica"],"yoast_head":"<!-- This site is optimized with the Yoast SEO plugin v19.7.1 - https:\/\/yoast.com\/wordpress\/plugins\/seo\/ -->\n<title>REUNION DE JUECES MUNICIPALES DE FALTAS - CELTTV<\/title>\n<meta name=\"description\" content=\"Sitio web de noticias de la localidad de Tornquist, provincia de Buenos Aires, Rep\u00fablica Argentina. Contenido propio originado por periodistas de CELTTV, el canal de TV local de la Cooperativa El\u00e9ctrica de Tornquist. Turismo, Pol\u00edtica, Sociedad, Deporte, Cultura y todo el contenido de inter\u00e9s general que la gente del pueblo y la regi\u00f3n debe conocer.\" \/>\n<meta name=\"robots\" content=\"index, follow, max-snippet:-1, max-image-preview:large, max-video-preview:-1\" \/>\n<link rel=\"canonical\" href=\"https:\/\/www.celttv.com.ar\/index.php\/2014\/06\/14\/reunion-de-jueces-municipales-de-faltas\/\" \/>\n<meta property=\"og:locale\" content=\"es_ES\" \/>\n<meta property=\"og:type\" content=\"article\" \/>\n<meta property=\"og:title\" content=\"REUNION DE JUECES MUNICIPALES DE FALTAS - CELTTV\" \/>\n<meta property=\"og:description\" content=\"Sitio web de noticias de la localidad de Tornquist, provincia de Buenos Aires, Rep\u00fablica Argentina. Contenido propio originado por periodistas de CELTTV, el canal de TV local de la Cooperativa El\u00e9ctrica de Tornquist. Turismo, Pol\u00edtica, Sociedad, Deporte, Cultura y todo el contenido de inter\u00e9s general que la gente del pueblo y la regi\u00f3n debe conocer.\" \/>\n<meta property=\"og:url\" content=\"https:\/\/www.celttv.com.ar\/index.php\/2014\/06\/14\/reunion-de-jueces-municipales-de-faltas\/\" \/>\n<meta property=\"og:site_name\" content=\"CELTTV\" \/>\n<meta property=\"article:publisher\" content=\"https:\/\/www.facebook.com\/celtTV\/\" \/>\n<meta property=\"article:published_time\" content=\"2014-06-14T00:08:44+00:00\" \/>\n<meta name=\"author\" content=\"ulises\" \/>\n<meta name=\"twitter:card\" content=\"summary_large_image\" \/>\n<meta name=\"twitter:label1\" content=\"Escrito por\" \/>\n\t<meta name=\"twitter:data1\" content=\"ulises\" \/>\n\t<meta name=\"twitter:label2\" content=\"Tiempo de lectura\" \/>\n\t<meta name=\"twitter:data2\" content=\"2 minutos\" \/>\n<script type=\"application\/ld+json\" class=\"yoast-schema-graph\">{\"@context\":\"https:\/\/schema.org\",\"@graph\":[{\"@type\":\"NewsArticle\",\"@id\":\"https:\/\/www.celttv.com.ar\/index.php\/2014\/06\/14\/reunion-de-jueces-municipales-de-faltas\/#article\",\"isPartOf\":{\"@id\":\"https:\/\/www.celttv.com.ar\/index.php\/2014\/06\/14\/reunion-de-jueces-municipales-de-faltas\/\"},\"author\":{\"name\":\"ulises\",\"@id\":\"https:\/\/www.celttv.com.ar\/#\/schema\/person\/6d99c072dba59953809c81446e9d0ace\"},\"headline\":\"REUNION DE JUECES MUNICIPALES DE FALTAS\",\"datePublished\":\"2014-06-14T00:08:44+00:00\",\"dateModified\":\"2014-06-14T00:08:44+00:00\",\"mainEntityOfPage\":{\"@id\":\"https:\/\/www.celttv.com.ar\/index.php\/2014\/06\/14\/reunion-de-jueces-municipales-de-faltas\/\"},\"wordCount\":487,\"publisher\":{\"@id\":\"https:\/\/www.celttv.com.ar\/#organization\"},\"articleSection\":[\"Comunidad\",\"Destacadas\",\"Pol\u00edtica\"],\"inLanguage\":\"es\"},{\"@type\":\"WebPage\",\"@id\":\"https:\/\/www.celttv.com.ar\/index.php\/2014\/06\/14\/reunion-de-jueces-municipales-de-faltas\/\",\"url\":\"https:\/\/www.celttv.com.ar\/index.php\/2014\/06\/14\/reunion-de-jueces-municipales-de-faltas\/\",\"name\":\"REUNION DE JUECES MUNICIPALES DE FALTAS - CELTTV\",\"isPartOf\":{\"@id\":\"https:\/\/www.celttv.com.ar\/#website\"},\"datePublished\":\"2014-06-14T00:08:44+00:00\",\"dateModified\":\"2014-06-14T00:08:44+00:00\",\"description\":\"Sitio web de noticias de la localidad de Tornquist, provincia de Buenos Aires, Rep\u00fablica Argentina. Contenido propio originado por periodistas de CELTTV, el canal de TV local de la Cooperativa El\u00e9ctrica de Tornquist. Turismo, Pol\u00edtica, Sociedad, Deporte, Cultura y todo el contenido de inter\u00e9s general que la gente del pueblo y la regi\u00f3n debe conocer.\",\"breadcrumb\":{\"@id\":\"https:\/\/www.celttv.com.ar\/index.php\/2014\/06\/14\/reunion-de-jueces-municipales-de-faltas\/#breadcrumb\"},\"inLanguage\":\"es\",\"potentialAction\":[{\"@type\":\"ReadAction\",\"target\":[\"https:\/\/www.celttv.com.ar\/index.php\/2014\/06\/14\/reunion-de-jueces-municipales-de-faltas\/\"]}]},{\"@type\":\"BreadcrumbList\",\"@id\":\"https:\/\/www.celttv.com.ar\/index.php\/2014\/06\/14\/reunion-de-jueces-municipales-de-faltas\/#breadcrumb\",\"itemListElement\":[{\"@type\":\"ListItem\",\"position\":1,\"name\":\"Inicio\",\"item\":\"https:\/\/www.celttv.com.ar\/\"},{\"@type\":\"ListItem\",\"position\":2,\"name\":\"REUNION DE JUECES MUNICIPALES DE FALTAS\"}]},{\"@type\":\"WebSite\",\"@id\":\"https:\/\/www.celttv.com.ar\/#website\",\"url\":\"https:\/\/www.celttv.com.ar\/\",\"name\":\"CELTTV\",\"description\":\"Cooperativa El\u00e9ctrica de Tornquist\",\"publisher\":{\"@id\":\"https:\/\/www.celttv.com.ar\/#organization\"},\"potentialAction\":[{\"@type\":\"SearchAction\",\"target\":{\"@type\":\"EntryPoint\",\"urlTemplate\":\"https:\/\/www.celttv.com.ar\/?s={search_term_string}\"},\"query-input\":\"required name=search_term_string\"}],\"inLanguage\":\"es\"},{\"@type\":\"Organization\",\"@id\":\"https:\/\/www.celttv.com.ar\/#organization\",\"name\":\"CELTTV\",\"url\":\"https:\/\/www.celttv.com.ar\/\",\"sameAs\":[\"https:\/\/www.youtube.com\/channel\/UCz_oIt8Hig64Ub-EmcNPIhg\",\"https:\/\/www.facebook.com\/celtTV\/\"],\"logo\":{\"@type\":\"ImageObject\",\"inLanguage\":\"es\",\"@id\":\"https:\/\/www.celttv.com.ar\/#\/schema\/logo\/image\/\",\"url\":\"http:\/\/www.celttv.com.ar\/wp-content\/uploads\/2022\/08\/logo-1.png\",\"contentUrl\":\"http:\/\/www.celttv.com.ar\/wp-content\/uploads\/2022\/08\/logo-1.png\",\"width\":461,\"height\":159,\"caption\":\"CELTTV\"},\"image\":{\"@id\":\"https:\/\/www.celttv.com.ar\/#\/schema\/logo\/image\/\"}},{\"@type\":\"Person\",\"@id\":\"https:\/\/www.celttv.com.ar\/#\/schema\/person\/6d99c072dba59953809c81446e9d0ace\",\"name\":\"ulises\",\"image\":{\"@type\":\"ImageObject\",\"inLanguage\":\"es\",\"@id\":\"https:\/\/www.celttv.com.ar\/#\/schema\/person\/image\/\",\"url\":\"https:\/\/secure.gravatar.com\/avatar\/7f2c48bdc33b30088f941fb6082e555f2874c98e20cb159d7b92b50eadfce793?s=96&d=mm&r=g\",\"contentUrl\":\"https:\/\/secure.gravatar.com\/avatar\/7f2c48bdc33b30088f941fb6082e555f2874c98e20cb159d7b92b50eadfce793?s=96&d=mm&r=g\",\"caption\":\"ulises\"},\"sameAs\":[\"http:\/\/www.celttv.com.ar\"]}]}<\/script>\n<!-- \/ Yoast SEO plugin. -->","yoast_head_json":{"title":"REUNION DE JUECES MUNICIPALES DE FALTAS - CELTTV","description":"Sitio web de noticias de la localidad de Tornquist, provincia de Buenos Aires, Rep\u00fablica Argentina. Contenido propio originado por periodistas de CELTTV, el canal de TV local de la Cooperativa El\u00e9ctrica de Tornquist. Turismo, Pol\u00edtica, Sociedad, Deporte, Cultura y todo el contenido de inter\u00e9s general que la gente del pueblo y la regi\u00f3n debe conocer.","robots":{"index":"index","follow":"follow","max-snippet":"max-snippet:-1","max-image-preview":"max-image-preview:large","max-video-preview":"max-video-preview:-1"},"canonical":"https:\/\/www.celttv.com.ar\/index.php\/2014\/06\/14\/reunion-de-jueces-municipales-de-faltas\/","og_locale":"es_ES","og_type":"article","og_title":"REUNION DE JUECES MUNICIPALES DE FALTAS - CELTTV","og_description":"Sitio web de noticias de la localidad de Tornquist, provincia de Buenos Aires, Rep\u00fablica Argentina. Contenido propio originado por periodistas de CELTTV, el canal de TV local de la Cooperativa El\u00e9ctrica de Tornquist. Turismo, Pol\u00edtica, Sociedad, Deporte, Cultura y todo el contenido de inter\u00e9s general que la gente del pueblo y la regi\u00f3n debe conocer.","og_url":"https:\/\/www.celttv.com.ar\/index.php\/2014\/06\/14\/reunion-de-jueces-municipales-de-faltas\/","og_site_name":"CELTTV","article_publisher":"https:\/\/www.facebook.com\/celtTV\/","article_published_time":"2014-06-14T00:08:44+00:00","author":"ulises","twitter_card":"summary_large_image","twitter_misc":{"Escrito por":"ulises","Tiempo de lectura":"2 minutos"},"schema":{"@context":"https:\/\/schema.org","@graph":[{"@type":"NewsArticle","@id":"https:\/\/www.celttv.com.ar\/index.php\/2014\/06\/14\/reunion-de-jueces-municipales-de-faltas\/#article","isPartOf":{"@id":"https:\/\/www.celttv.com.ar\/index.php\/2014\/06\/14\/reunion-de-jueces-municipales-de-faltas\/"},"author":{"name":"ulises","@id":"https:\/\/www.celttv.com.ar\/#\/schema\/person\/6d99c072dba59953809c81446e9d0ace"},"headline":"REUNION DE JUECES MUNICIPALES DE FALTAS","datePublished":"2014-06-14T00:08:44+00:00","dateModified":"2014-06-14T00:08:44+00:00","mainEntityOfPage":{"@id":"https:\/\/www.celttv.com.ar\/index.php\/2014\/06\/14\/reunion-de-jueces-municipales-de-faltas\/"},"wordCount":487,"publisher":{"@id":"https:\/\/www.celttv.com.ar\/#organization"},"articleSection":["Comunidad","Destacadas","Pol\u00edtica"],"inLanguage":"es"},{"@type":"WebPage","@id":"https:\/\/www.celttv.com.ar\/index.php\/2014\/06\/14\/reunion-de-jueces-municipales-de-faltas\/","url":"https:\/\/www.celttv.com.ar\/index.php\/2014\/06\/14\/reunion-de-jueces-municipales-de-faltas\/","name":"REUNION DE JUECES MUNICIPALES DE FALTAS - CELTTV","isPartOf":{"@id":"https:\/\/www.celttv.com.ar\/#website"},"datePublished":"2014-06-14T00:08:44+00:00","dateModified":"2014-06-14T00:08:44+00:00","description":"Sitio web de noticias de la localidad de Tornquist, provincia de Buenos Aires, Rep\u00fablica Argentina. Contenido propio originado por periodistas de CELTTV, el canal de TV local de la Cooperativa El\u00e9ctrica de Tornquist. Turismo, Pol\u00edtica, Sociedad, Deporte, Cultura y todo el contenido de inter\u00e9s general que la gente del pueblo y la regi\u00f3n debe conocer.","breadcrumb":{"@id":"https:\/\/www.celttv.com.ar\/index.php\/2014\/06\/14\/reunion-de-jueces-municipales-de-faltas\/#breadcrumb"},"inLanguage":"es","potentialAction":[{"@type":"ReadAction","target":["https:\/\/www.celttv.com.ar\/index.php\/2014\/06\/14\/reunion-de-jueces-municipales-de-faltas\/"]}]},{"@type":"BreadcrumbList","@id":"https:\/\/www.celttv.com.ar\/index.php\/2014\/06\/14\/reunion-de-jueces-municipales-de-faltas\/#breadcrumb","itemListElement":[{"@type":"ListItem","position":1,"name":"Inicio","item":"https:\/\/www.celttv.com.ar\/"},{"@type":"ListItem","position":2,"name":"REUNION DE JUECES MUNICIPALES DE FALTAS"}]},{"@type":"WebSite","@id":"https:\/\/www.celttv.com.ar\/#website","url":"https:\/\/www.celttv.com.ar\/","name":"CELTTV","description":"Cooperativa El\u00e9ctrica de Tornquist","publisher":{"@id":"https:\/\/www.celttv.com.ar\/#organization"},"potentialAction":[{"@type":"SearchAction","target":{"@type":"EntryPoint","urlTemplate":"https:\/\/www.celttv.com.ar\/?s={search_term_string}"},"query-input":"required name=search_term_string"}],"inLanguage":"es"},{"@type":"Organization","@id":"https:\/\/www.celttv.com.ar\/#organization","name":"CELTTV","url":"https:\/\/www.celttv.com.ar\/","sameAs":["https:\/\/www.youtube.com\/channel\/UCz_oIt8Hig64Ub-EmcNPIhg","https:\/\/www.facebook.com\/celtTV\/"],"logo":{"@type":"ImageObject","inLanguage":"es","@id":"https:\/\/www.celttv.com.ar\/#\/schema\/logo\/image\/","url":"http:\/\/www.celttv.com.ar\/wp-content\/uploads\/2022\/08\/logo-1.png","contentUrl":"http:\/\/www.celttv.com.ar\/wp-content\/uploads\/2022\/08\/logo-1.png","width":461,"height":159,"caption":"CELTTV"},"image":{"@id":"https:\/\/www.celttv.com.ar\/#\/schema\/logo\/image\/"}},{"@type":"Person","@id":"https:\/\/www.celttv.com.ar\/#\/schema\/person\/6d99c072dba59953809c81446e9d0ace","name":"ulises","image":{"@type":"ImageObject","inLanguage":"es","@id":"https:\/\/www.celttv.com.ar\/#\/schema\/person\/image\/","url":"https:\/\/secure.gravatar.com\/avatar\/7f2c48bdc33b30088f941fb6082e555f2874c98e20cb159d7b92b50eadfce793?s=96&d=mm&r=g","contentUrl":"https:\/\/secure.gravatar.com\/avatar\/7f2c48bdc33b30088f941fb6082e555f2874c98e20cb159d7b92b50eadfce793?s=96&d=mm&r=g","caption":"ulises"},"sameAs":["http:\/\/www.celttv.com.ar"]}]}},"_links":{"self":[{"href":"https:\/\/www.celttv.com.ar\/index.php\/wp-json\/wp\/v2\/posts\/21110","targetHints":{"allow":["GET"]}}],"collection":[{"href":"https:\/\/www.celttv.com.ar\/index.php\/wp-json\/wp\/v2\/posts"}],"about":[{"href":"https:\/\/www.celttv.com.ar\/index.php\/wp-json\/wp\/v2\/types\/post"}],"author":[{"embeddable":true,"href":"https:\/\/www.celttv.com.ar\/index.php\/wp-json\/wp\/v2\/users\/1"}],"replies":[{"embeddable":true,"href":"https:\/\/www.celttv.com.ar\/index.php\/wp-json\/wp\/v2\/comments?post=21110"}],"version-history":[{"count":0,"href":"https:\/\/www.celttv.com.ar\/index.php\/wp-json\/wp\/v2\/posts\/21110\/revisions"}],"wp:attachment":[{"href":"https:\/\/www.celttv.com.ar\/index.php\/wp-json\/wp\/v2\/media?parent=21110"}],"wp:term":[{"taxonomy":"category","embeddable":true,"href":"https:\/\/www.celttv.com.ar\/index.php\/wp-json\/wp\/v2\/categories?post=21110"},{"taxonomy":"post_tag","embeddable":true,"href":"https:\/\/www.celttv.com.ar\/index.php\/wp-json\/wp\/v2\/tags?post=21110"}],"curies":[{"name":"wp","href":"https:\/\/api.w.org\/{rel}","templated":true}]}}