{"id":21187,"date":"2014-06-17T13:15:36","date_gmt":"2014-06-17T13:15:36","guid":{"rendered":"http:\/\/www.tvcnoticias.com.ar\/?p=21187"},"modified":"2014-06-17T13:15:36","modified_gmt":"2014-06-17T13:15:36","slug":"sesiona-esta-noche-el-honorable-concejo-deliberante","status":"publish","type":"post","link":"https:\/\/www.celttv.com.ar\/index.php\/2014\/06\/17\/sesiona-esta-noche-el-honorable-concejo-deliberante\/","title":{"rendered":"SESIONA ESTA NOCHE EL HONORABLE CONCEJO DELIBERANTE"},"content":{"rendered":"<p><strong><span style=\"text-decoration: underline;\">ORDEN DEL DIA<\/span><\/strong><br \/>\n<strong> <\/strong><br \/>\n<strong>1.-Aprobaci\u00f3n de las Acta N\u00ba 903\/14 y 904\/14<\/strong>.&#8212;&#8212;&#8212;&#8212;&#8212;&#8212;&#8212;&#8212;&#8212;&#8212;&#8212;<br \/>\n<strong> <\/strong><br \/>\n<strong>2.- <\/strong><strong>Comunicaciones <\/strong><strong>Oficiales: <\/strong>&#8212;&#8212;&#8212;&#8212;&#8212;&#8212;&#8212;&#8212;&#8212;&#8212;&#8212;&#8212;&#8212;&#8212;&#8212;&#8212;&#8212;&#8212;-<br \/>\n#<strong><span style=\"text-decoration: underline;\">Expte. <\/span><\/strong><strong><span style=\"text-decoration: underline;\">N\u00ba 128\/14:<\/span><\/strong> &#8211; \u00a0Pte. H.C.D. solicita informe Cuenta Fondo Educativo.&#8212;&#8211;<br \/>\n#<strong><span style=\"text-decoration: underline;\">Expte. <\/span><\/strong><strong><span style=\"text-decoration: underline;\">N\u00ba 6613\/14:<\/span><\/strong> &#8211; N.P. \u2013 Horacio Milano: Solicita informe del estado del \u201cProyecto Medio Ambiente Sustentable\u201d presentado al Intendente Municipal.&#8212;&#8211;<br \/>\n&nbsp;<br \/>\n<strong>3.-Dict\u00e1menes de las Comisiones<\/strong>: &#8212;&#8212;&#8212;&#8212;&#8212;&#8212;&#8212;&#8212;&#8212;&#8212;&#8212;&#8212;&#8212;&#8212;&#8212;&#8212;&#8212;<br \/>\n#<strong><span style=\"text-decoration: underline;\">Expte. <\/span><\/strong><strong><span style=\"text-decoration: underline;\">N\u00ba 152\/14:<\/span><\/strong> &#8211; D.E. &#8211; Registro Especial de Mayores Contribuyentes A\u00f1o 2014.&#8212;&#8212;&#8212;&#8212;&#8212;&#8212;&#8212;&#8212;&#8212;&#8212;&#8212;&#8212;&#8212;&#8212;&#8212;&#8212;&#8212;&#8212;&#8212;&#8212;&#8212;&#8212;&#8212;&#8212;&#8212;&#8212;&#8212;&#8212;-<br \/>\n#<strong><span style=\"text-decoration: underline;\">Expte. <\/span><\/strong><strong><span style=\"text-decoration: underline;\">N\u00ba 174\/14:<\/span><\/strong> &#8211; D.E. \u2013 Eximici\u00f3n del Pago de los Derechos de Construcci\u00f3n a beneficiarios del Pre.Cre.Ar.&#8212;&#8212;&#8212;&#8212;&#8212;&#8212;&#8212;&#8212;&#8212;&#8212;&#8212;&#8212;&#8212;&#8212;<br \/>\n#<strong><span style=\"text-decoration: underline;\">Expte. <\/span><\/strong><strong><span style=\"text-decoration: underline;\">N\u00ba 176\/14:<\/span><\/strong> &#8211; D.E. \u2013 Autoriza la firma del Convenio celebrado entre el Ministerio de Agricultura, Ganader\u00eda y Pesca de la Naci\u00f3n y el Municipio de Tornquist.&#8212;&#8212;&#8212;&#8212;&#8212;&#8212;&#8212;&#8212;&#8212;&#8212;&#8212;&#8212;&#8212;&#8212;&#8212;&#8212;&#8212;&#8212;&#8212;&#8212;&#8212;&#8212;&#8212;&#8212;&#8212;&#8212;-<br \/>\n#<strong><span style=\"text-decoration: underline;\">Expte. <\/span><\/strong><strong><span style=\"text-decoration: underline;\">N\u00ba 177\/14:<\/span><\/strong> &#8211; D.E. \u2013 Convalida el Contrato de Locaci\u00f3n firmado entre el Sr. Francisco Frizza\u00a0 y la Municipalidad de Tornquist \u2013 Centro Cultural.&#8212;&#8212;&#8212;&#8212;<br \/>\n#<strong><span style=\"text-decoration: underline;\">Expte. <\/span><\/strong><strong><span style=\"text-decoration: underline;\">N\u00ba 178\/14:<\/span><\/strong> &#8211; D.E. \u2013 Modifica bonificaci\u00f3n por Presentismo.&#8212;&#8212;&#8212;&#8212;-<br \/>\n#<strong><span style=\"text-decoration: underline;\">Expte. <\/span><\/strong><strong><span style=\"text-decoration: underline;\">N\u00ba 6590\/14:<\/span><\/strong> &#8211; Bloque F.P.V. \u2013 Proyecto de Ordenanza: Ref. Sistemas Constructivos Naturales.&#8212;&#8212;&#8212;&#8212;&#8212;&#8212;&#8212;&#8212;&#8212;&#8212;&#8212;&#8212;&#8212;&#8212;&#8212;&#8212;&#8212;&#8212;&#8212;&#8212;&#8212;<br \/>\n#<strong><span style=\"text-decoration: underline;\">Expte. <\/span><\/strong><strong><span style=\"text-decoration: underline;\">N\u00ba 6593\/14:<\/span><\/strong> &#8211; Bloque Coalici\u00f3n C\u00edvica, U.C.R. y Frente Progresista C\u00edvico y Social \u2013 Proyecto de Ordenanza: Ref. Autorizaci\u00f3n de actividad comercial que se realice en la v\u00eda p\u00fablica del Partido de Tornquist (Venta Ambulante).&#8212;&#8212;-<br \/>\n#<strong><span style=\"text-decoration: underline;\">Expte. <\/span><\/strong><strong><span style=\"text-decoration: underline;\">N\u00ba 6694\/14:<\/span><\/strong> &#8211; N.P. \u2013 Mayer Griselda y Mart\u00ednez Carlos: Solicitan se arbitren los medios para habilitaci\u00f3n de un carro gastron\u00f3mico ambulante.&#8212;&#8212;&#8211;<br \/>\n#<strong><span style=\"text-decoration: underline;\">Expte. <\/span><\/strong><strong><span style=\"text-decoration: underline;\">N\u00ba 6596\/14:<\/span><\/strong> &#8211; Bloque<strong> <\/strong>U.C.R., C.C. Y F.P.C. y S. &#8211;<strong> <\/strong>Proyecto de Ordenanza: Eximici\u00f3n de Pago de Derecho de Construcci\u00f3n a beneficiarios del Plan Nacional Pro.Cre.Ar.&#8212;&#8212;&#8212;&#8212;&#8212;&#8212;&#8212;&#8212;&#8212;&#8212;&#8212;&#8212;&#8212;&#8212;&#8212;&#8212;&#8212;&#8212;&#8212;&#8212;&#8212;<br \/>\n#<strong><span style=\"text-decoration: underline;\">Expte. <\/span><\/strong><strong><span style=\"text-decoration: underline;\">N\u00ba 6601\/14:<\/span><\/strong> &#8211; N.P. \u2013 Cooperativa Ap\u00edcola de Tornquist: Solicita apoyo para el sector ap\u00edcola que atraviesa una etapa muy dif\u00edcil desde el punto de vista econ\u00f3mico.&#8212;&#8212;&#8212;&#8212;&#8212;&#8212;&#8212;&#8212;&#8212;&#8212;&#8212;&#8212;&#8212;&#8212;&#8212;&#8212;&#8212;&#8212;&#8212;&#8212;&#8212;&#8212;&#8212;&#8212;&#8212;&#8212;-<br \/>\n#<strong><span style=\"text-decoration: underline;\">Expte. <\/span><\/strong><strong><span style=\"text-decoration: underline;\">N\u00ba 6615\/14:<\/span><\/strong> &#8211; Bloque F.P.C. y S., C.C. y U.C.R. \u2013 Minuta de Comunicaci\u00f3n: Ref. Problem\u00e1tica por los olores emanados de la planta de tratamiento de aguas servidas en la ciudad de Tornquist.&#8212;&#8212;&#8212;&#8212;&#8212;&#8212;&#8212;&#8212;&#8212;-<br \/>\n#<strong><span style=\"text-decoration: underline;\">Expte. <\/span><\/strong><strong><span style=\"text-decoration: underline;\">N\u00ba 6616\/14:<\/span><\/strong> &#8211; Bloque F.P.C. y S., C.C. y U.C.R. \u2013 Minuta de Comunicaci\u00f3n: Ref. construcci\u00f3n de rampas de acceso para personas con capacidades diferentes en edificios p\u00fablicos del Distrito.&#8212;&#8212;&#8212;&#8212;&#8212;&#8212;&#8212;&#8212;&#8212;<br \/>\n#<strong><span style=\"text-decoration: underline;\">Expte. <\/span><\/strong><strong><span style=\"text-decoration: underline;\">N\u00ba 6617\/14:<\/span><\/strong> &#8211; Bloque Frente Renovador \u2013 Pedido de Informe: Ref. medidores de agua en la ciudad de Tornquist.&#8212;&#8212;&#8212;&#8212;&#8212;&#8212;&#8212;&#8212;&#8212;&#8212;&#8212;&#8212;&#8212;&#8211;<br \/>\n#<strong><span style=\"text-decoration: underline;\">Expte. <\/span><\/strong><strong><span style=\"text-decoration: underline;\">N\u00ba 6618\/14:<\/span><\/strong> &#8211; Bloque Frente Renovador \u2013 Pedido de Informe: Ref. Informe de gastos Fiesta de la Vendimia realizada en Villa Ventana en 2014.&#8212;&#8212;<br \/>\n#<strong><span style=\"text-decoration: underline;\">Expte. <\/span><\/strong><strong><span style=\"text-decoration: underline;\">N\u00ba 6619\/14:<\/span><\/strong> &#8211; Bloque F.P.C. y S., C.C. y U.C.R. \u2013 Pedido de Informe: Ref. accidente del d\u00eda 14 de Mayo de 2014 en el que se vieron involucrados veh\u00edculos de la Municipalidad de Tornquist.&#8212;&#8212;&#8212;&#8212;&#8212;&#8212;&#8212;&#8212;&#8212;&#8212;&#8212;&#8212;&#8212;&#8212;-<br \/>\n#<strong><span style=\"text-decoration: underline;\">Expte. <\/span><\/strong><strong><span style=\"text-decoration: underline;\">N\u00ba 6620\/14:<\/span><\/strong> &#8211; N.P. &#8211; Musicarte: Solicita que se declare de Inter\u00e9s Municipal el 1\u00ba Encuentro de Talleres, Exposiciones y Muestra de M\u00fasica y Arte a realizarse el d\u00eda 16 de agosto de 2014 en la Sociedad Italiana.&#8212;&#8212;&#8212;&#8212;&#8212;&#8212;&#8212;-<br \/>\n#<strong><span style=\"text-decoration: underline;\">Expte. <\/span><\/strong><strong><span style=\"text-decoration: underline;\">N\u00ba 6621\/14:<\/span><\/strong> &#8211; N.P. \u2013 Vecinas de Villa Ventana: Plantean problem\u00e1tica ref. a utilizaci\u00f3n del predio donde se encuentra la cisterna de agua.&#8212;&#8212;&#8212;&#8212;&#8212;-<br \/>\n#<strong><span style=\"text-decoration: underline;\">Expte. <\/span><\/strong><strong><span style=\"text-decoration: underline;\">N\u00ba 6622\/14:<\/span><\/strong> &#8211; N.P. \u2013 Ricardo Valentini Secretario de Producci\u00f3n y Medio Ambiente: Solicita reuni\u00f3n.&#8212;&#8212;&#8212;&#8212;&#8212;&#8212;&#8212;&#8212;&#8212;&#8212;&#8212;&#8212;&#8212;&#8212;&#8212;&#8212;&#8212;&#8211;<br \/>\n#<strong><span style=\"text-decoration: underline;\">Expte. <\/span><\/strong><strong><span style=\"text-decoration: underline;\">N\u00ba 6623\/14:<\/span><\/strong> &#8211; N.P. \u2013 Vecinos de Saldungaray: Ref. problem\u00e1tica Cementerio y designaci\u00f3n de Inspector Municipal.&#8212;&#8212;&#8212;&#8212;&#8212;&#8212;&#8212;&#8212;&#8212;&#8212;&#8212;&#8212;<br \/>\n#<strong><span style=\"text-decoration: underline;\">Expte. <\/span><\/strong><strong><span style=\"text-decoration: underline;\">N\u00ba 6625\/14:<\/span><\/strong> &#8211;<strong> <\/strong>N.P. &#8211; Club Uni\u00f3n de Tornquist: Solicita declarar de Inter\u00e9s Municipal al 17\u00ba Festival Regional \u201cUni\u00f3n del Ni\u00f1o\u201d.&#8212;&#8212;&#8212;&#8212;&#8212;&#8212;&#8212;&#8212;-<br \/>\n&nbsp;<br \/>\n<strong>4.- Proyectos Presentados.<\/strong>&#8212;&#8212;&#8212;&#8212;&#8212;&#8212;&#8212;&#8212;&#8212;&#8212;&#8212;&#8212;&#8212;&#8212;&#8212;&#8212;&#8212;&#8212;&#8212;&#8211;<br \/>\n<strong>5.- Asuntos Particulares.<\/strong> &#8212;&#8212;&#8212;&#8212;&#8212;&#8212;&#8212;&#8212;&#8212;&#8212;&#8212;&#8212;&#8212;&#8212;&#8212;&#8212;&#8212;&#8212;&#8212;&#8212;<br \/>\n&nbsp;<br \/>\n<strong><span style=\"text-decoration: underline;\">DIA DE LA SESION:<\/span><\/strong> 17 DE JUNIO DE 2014.-<br \/>\n<strong><span style=\"text-decoration: underline;\">HORA DE COMIENZO:<\/span><\/strong> 20:00 HS.<br \/>\n&nbsp;<\/p>\n","protected":false},"excerpt":{"rendered":"<p>ORDEN DEL DIA 1.-Aprobaci\u00f3n de las Acta N\u00ba 903\/14 y 904\/14.&#8212;&#8212;&#8212;&#8212;&#8212;&#8212;&#8212;&#8212;&#8212;&#8212;&#8212; 2.- Comunicaciones Oficiales: &#8212;&#8212;&#8212;&#8212;&#8212;&#8212;&#8212;&#8212;&#8212;&#8212;&#8212;&#8212;&#8212;&#8212;&#8212;&#8212;&#8212;&#8212;- #Expte. N\u00ba 128\/14: &#8211; \u00a0Pte. H.C.D. solicita informe Cuenta Fondo Educativo.&#8212;&#8211; #Expte. N\u00ba 6613\/14: &#8211; N.P. \u2013 Horacio Milano: Solicita informe del estado del \u201cProyecto Medio Ambiente Sustentable\u201d presentado al Intendente Municipal.&#8212;&#8211; &nbsp; 3.-Dict\u00e1menes de las Comisiones: &#8212;&#8212;&#8212;&#8212;&#8212;&#8212;&#8212;&#8212;&#8212;&#8212;&#8212;&#8212;&#8212;&#8212;&#8212;&#8212;&#8212; #Expte. N\u00ba [&hellip;]<\/p>\n","protected":false},"author":1,"featured_media":0,"comment_status":"closed","ping_status":"open","sticky":false,"template":"","format":"standard","meta":{"footnotes":""},"categories":[51,52,53],"tags":[],"class_list":["post-21187","post","type-post","status-publish","format-standard","hentry","category-comunidad","category-destacadas","category-politica"],"yoast_head":"<!-- This site is optimized with the Yoast SEO plugin v19.7.1 - https:\/\/yoast.com\/wordpress\/plugins\/seo\/ -->\n<title>SESIONA ESTA NOCHE EL HONORABLE CONCEJO DELIBERANTE - CELTTV<\/title>\n<meta name=\"description\" content=\"Sitio web de noticias de la localidad de Tornquist, provincia de Buenos Aires, Rep\u00fablica Argentina. Contenido propio originado por periodistas de CELTTV, el canal de TV local de la Cooperativa El\u00e9ctrica de Tornquist. Turismo, Pol\u00edtica, Sociedad, Deporte, Cultura y todo el contenido de inter\u00e9s general que la gente del pueblo y la regi\u00f3n debe conocer.\" \/>\n<meta name=\"robots\" content=\"index, follow, max-snippet:-1, max-image-preview:large, max-video-preview:-1\" \/>\n<link rel=\"canonical\" href=\"https:\/\/www.celttv.com.ar\/index.php\/2014\/06\/17\/sesiona-esta-noche-el-honorable-concejo-deliberante\/\" \/>\n<meta property=\"og:locale\" content=\"es_ES\" \/>\n<meta property=\"og:type\" content=\"article\" \/>\n<meta property=\"og:title\" content=\"SESIONA ESTA NOCHE EL HONORABLE CONCEJO DELIBERANTE - CELTTV\" \/>\n<meta property=\"og:description\" content=\"Sitio web de noticias de la localidad de Tornquist, provincia de Buenos Aires, Rep\u00fablica Argentina. Contenido propio originado por periodistas de CELTTV, el canal de TV local de la Cooperativa El\u00e9ctrica de Tornquist. Turismo, Pol\u00edtica, Sociedad, Deporte, Cultura y todo el contenido de inter\u00e9s general que la gente del pueblo y la regi\u00f3n debe conocer.\" \/>\n<meta property=\"og:url\" content=\"https:\/\/www.celttv.com.ar\/index.php\/2014\/06\/17\/sesiona-esta-noche-el-honorable-concejo-deliberante\/\" \/>\n<meta property=\"og:site_name\" content=\"CELTTV\" \/>\n<meta property=\"article:publisher\" content=\"https:\/\/www.facebook.com\/celtTV\/\" \/>\n<meta property=\"article:published_time\" content=\"2014-06-17T13:15:36+00:00\" \/>\n<meta name=\"author\" content=\"ulises\" \/>\n<meta name=\"twitter:card\" content=\"summary_large_image\" \/>\n<meta name=\"twitter:label1\" content=\"Escrito por\" \/>\n\t<meta name=\"twitter:data1\" content=\"ulises\" \/>\n\t<meta name=\"twitter:label2\" content=\"Tiempo de lectura\" \/>\n\t<meta name=\"twitter:data2\" content=\"3 minutos\" \/>\n<script type=\"application\/ld+json\" class=\"yoast-schema-graph\">{\"@context\":\"https:\/\/schema.org\",\"@graph\":[{\"@type\":\"NewsArticle\",\"@id\":\"https:\/\/www.celttv.com.ar\/index.php\/2014\/06\/17\/sesiona-esta-noche-el-honorable-concejo-deliberante\/#article\",\"isPartOf\":{\"@id\":\"https:\/\/www.celttv.com.ar\/index.php\/2014\/06\/17\/sesiona-esta-noche-el-honorable-concejo-deliberante\/\"},\"author\":{\"name\":\"ulises\",\"@id\":\"https:\/\/www.celttv.com.ar\/#\/schema\/person\/6d99c072dba59953809c81446e9d0ace\"},\"headline\":\"SESIONA ESTA NOCHE EL HONORABLE CONCEJO DELIBERANTE\",\"datePublished\":\"2014-06-17T13:15:36+00:00\",\"dateModified\":\"2014-06-17T13:15:36+00:00\",\"mainEntityOfPage\":{\"@id\":\"https:\/\/www.celttv.com.ar\/index.php\/2014\/06\/17\/sesiona-esta-noche-el-honorable-concejo-deliberante\/\"},\"wordCount\":630,\"publisher\":{\"@id\":\"https:\/\/www.celttv.com.ar\/#organization\"},\"articleSection\":[\"Comunidad\",\"Destacadas\",\"Pol\u00edtica\"],\"inLanguage\":\"es\"},{\"@type\":\"WebPage\",\"@id\":\"https:\/\/www.celttv.com.ar\/index.php\/2014\/06\/17\/sesiona-esta-noche-el-honorable-concejo-deliberante\/\",\"url\":\"https:\/\/www.celttv.com.ar\/index.php\/2014\/06\/17\/sesiona-esta-noche-el-honorable-concejo-deliberante\/\",\"name\":\"SESIONA ESTA NOCHE EL HONORABLE CONCEJO DELIBERANTE - CELTTV\",\"isPartOf\":{\"@id\":\"https:\/\/www.celttv.com.ar\/#website\"},\"datePublished\":\"2014-06-17T13:15:36+00:00\",\"dateModified\":\"2014-06-17T13:15:36+00:00\",\"description\":\"Sitio web de noticias de la localidad de Tornquist, provincia de Buenos Aires, Rep\u00fablica Argentina. Contenido propio originado por periodistas de CELTTV, el canal de TV local de la Cooperativa El\u00e9ctrica de Tornquist. Turismo, Pol\u00edtica, Sociedad, Deporte, Cultura y todo el contenido de inter\u00e9s general que la gente del pueblo y la regi\u00f3n debe conocer.\",\"breadcrumb\":{\"@id\":\"https:\/\/www.celttv.com.ar\/index.php\/2014\/06\/17\/sesiona-esta-noche-el-honorable-concejo-deliberante\/#breadcrumb\"},\"inLanguage\":\"es\",\"potentialAction\":[{\"@type\":\"ReadAction\",\"target\":[\"https:\/\/www.celttv.com.ar\/index.php\/2014\/06\/17\/sesiona-esta-noche-el-honorable-concejo-deliberante\/\"]}]},{\"@type\":\"BreadcrumbList\",\"@id\":\"https:\/\/www.celttv.com.ar\/index.php\/2014\/06\/17\/sesiona-esta-noche-el-honorable-concejo-deliberante\/#breadcrumb\",\"itemListElement\":[{\"@type\":\"ListItem\",\"position\":1,\"name\":\"Inicio\",\"item\":\"https:\/\/www.celttv.com.ar\/\"},{\"@type\":\"ListItem\",\"position\":2,\"name\":\"SESIONA ESTA NOCHE EL HONORABLE CONCEJO DELIBERANTE\"}]},{\"@type\":\"WebSite\",\"@id\":\"https:\/\/www.celttv.com.ar\/#website\",\"url\":\"https:\/\/www.celttv.com.ar\/\",\"name\":\"CELTTV\",\"description\":\"Cooperativa El\u00e9ctrica de Tornquist\",\"publisher\":{\"@id\":\"https:\/\/www.celttv.com.ar\/#organization\"},\"potentialAction\":[{\"@type\":\"SearchAction\",\"target\":{\"@type\":\"EntryPoint\",\"urlTemplate\":\"https:\/\/www.celttv.com.ar\/?s={search_term_string}\"},\"query-input\":\"required name=search_term_string\"}],\"inLanguage\":\"es\"},{\"@type\":\"Organization\",\"@id\":\"https:\/\/www.celttv.com.ar\/#organization\",\"name\":\"CELTTV\",\"url\":\"https:\/\/www.celttv.com.ar\/\",\"sameAs\":[\"https:\/\/www.youtube.com\/channel\/UCz_oIt8Hig64Ub-EmcNPIhg\",\"https:\/\/www.facebook.com\/celtTV\/\"],\"logo\":{\"@type\":\"ImageObject\",\"inLanguage\":\"es\",\"@id\":\"https:\/\/www.celttv.com.ar\/#\/schema\/logo\/image\/\",\"url\":\"http:\/\/www.celttv.com.ar\/wp-content\/uploads\/2022\/08\/logo-1.png\",\"contentUrl\":\"http:\/\/www.celttv.com.ar\/wp-content\/uploads\/2022\/08\/logo-1.png\",\"width\":461,\"height\":159,\"caption\":\"CELTTV\"},\"image\":{\"@id\":\"https:\/\/www.celttv.com.ar\/#\/schema\/logo\/image\/\"}},{\"@type\":\"Person\",\"@id\":\"https:\/\/www.celttv.com.ar\/#\/schema\/person\/6d99c072dba59953809c81446e9d0ace\",\"name\":\"ulises\",\"image\":{\"@type\":\"ImageObject\",\"inLanguage\":\"es\",\"@id\":\"https:\/\/www.celttv.com.ar\/#\/schema\/person\/image\/\",\"url\":\"https:\/\/secure.gravatar.com\/avatar\/7f2c48bdc33b30088f941fb6082e555f2874c98e20cb159d7b92b50eadfce793?s=96&d=mm&r=g\",\"contentUrl\":\"https:\/\/secure.gravatar.com\/avatar\/7f2c48bdc33b30088f941fb6082e555f2874c98e20cb159d7b92b50eadfce793?s=96&d=mm&r=g\",\"caption\":\"ulises\"},\"sameAs\":[\"http:\/\/www.celttv.com.ar\"]}]}<\/script>\n<!-- \/ Yoast SEO plugin. -->","yoast_head_json":{"title":"SESIONA ESTA NOCHE EL HONORABLE CONCEJO DELIBERANTE - CELTTV","description":"Sitio web de noticias de la localidad de Tornquist, provincia de Buenos Aires, Rep\u00fablica Argentina. Contenido propio originado por periodistas de CELTTV, el canal de TV local de la Cooperativa El\u00e9ctrica de Tornquist. Turismo, Pol\u00edtica, Sociedad, Deporte, Cultura y todo el contenido de inter\u00e9s general que la gente del pueblo y la regi\u00f3n debe conocer.","robots":{"index":"index","follow":"follow","max-snippet":"max-snippet:-1","max-image-preview":"max-image-preview:large","max-video-preview":"max-video-preview:-1"},"canonical":"https:\/\/www.celttv.com.ar\/index.php\/2014\/06\/17\/sesiona-esta-noche-el-honorable-concejo-deliberante\/","og_locale":"es_ES","og_type":"article","og_title":"SESIONA ESTA NOCHE EL HONORABLE CONCEJO DELIBERANTE - CELTTV","og_description":"Sitio web de noticias de la localidad de Tornquist, provincia de Buenos Aires, Rep\u00fablica Argentina. Contenido propio originado por periodistas de CELTTV, el canal de TV local de la Cooperativa El\u00e9ctrica de Tornquist. Turismo, Pol\u00edtica, Sociedad, Deporte, Cultura y todo el contenido de inter\u00e9s general que la gente del pueblo y la regi\u00f3n debe conocer.","og_url":"https:\/\/www.celttv.com.ar\/index.php\/2014\/06\/17\/sesiona-esta-noche-el-honorable-concejo-deliberante\/","og_site_name":"CELTTV","article_publisher":"https:\/\/www.facebook.com\/celtTV\/","article_published_time":"2014-06-17T13:15:36+00:00","author":"ulises","twitter_card":"summary_large_image","twitter_misc":{"Escrito por":"ulises","Tiempo de lectura":"3 minutos"},"schema":{"@context":"https:\/\/schema.org","@graph":[{"@type":"NewsArticle","@id":"https:\/\/www.celttv.com.ar\/index.php\/2014\/06\/17\/sesiona-esta-noche-el-honorable-concejo-deliberante\/#article","isPartOf":{"@id":"https:\/\/www.celttv.com.ar\/index.php\/2014\/06\/17\/sesiona-esta-noche-el-honorable-concejo-deliberante\/"},"author":{"name":"ulises","@id":"https:\/\/www.celttv.com.ar\/#\/schema\/person\/6d99c072dba59953809c81446e9d0ace"},"headline":"SESIONA ESTA NOCHE EL HONORABLE CONCEJO DELIBERANTE","datePublished":"2014-06-17T13:15:36+00:00","dateModified":"2014-06-17T13:15:36+00:00","mainEntityOfPage":{"@id":"https:\/\/www.celttv.com.ar\/index.php\/2014\/06\/17\/sesiona-esta-noche-el-honorable-concejo-deliberante\/"},"wordCount":630,"publisher":{"@id":"https:\/\/www.celttv.com.ar\/#organization"},"articleSection":["Comunidad","Destacadas","Pol\u00edtica"],"inLanguage":"es"},{"@type":"WebPage","@id":"https:\/\/www.celttv.com.ar\/index.php\/2014\/06\/17\/sesiona-esta-noche-el-honorable-concejo-deliberante\/","url":"https:\/\/www.celttv.com.ar\/index.php\/2014\/06\/17\/sesiona-esta-noche-el-honorable-concejo-deliberante\/","name":"SESIONA ESTA NOCHE EL HONORABLE CONCEJO DELIBERANTE - CELTTV","isPartOf":{"@id":"https:\/\/www.celttv.com.ar\/#website"},"datePublished":"2014-06-17T13:15:36+00:00","dateModified":"2014-06-17T13:15:36+00:00","description":"Sitio web de noticias de la localidad de Tornquist, provincia de Buenos Aires, Rep\u00fablica Argentina. Contenido propio originado por periodistas de CELTTV, el canal de TV local de la Cooperativa El\u00e9ctrica de Tornquist. Turismo, Pol\u00edtica, Sociedad, Deporte, Cultura y todo el contenido de inter\u00e9s general que la gente del pueblo y la regi\u00f3n debe conocer.","breadcrumb":{"@id":"https:\/\/www.celttv.com.ar\/index.php\/2014\/06\/17\/sesiona-esta-noche-el-honorable-concejo-deliberante\/#breadcrumb"},"inLanguage":"es","potentialAction":[{"@type":"ReadAction","target":["https:\/\/www.celttv.com.ar\/index.php\/2014\/06\/17\/sesiona-esta-noche-el-honorable-concejo-deliberante\/"]}]},{"@type":"BreadcrumbList","@id":"https:\/\/www.celttv.com.ar\/index.php\/2014\/06\/17\/sesiona-esta-noche-el-honorable-concejo-deliberante\/#breadcrumb","itemListElement":[{"@type":"ListItem","position":1,"name":"Inicio","item":"https:\/\/www.celttv.com.ar\/"},{"@type":"ListItem","position":2,"name":"SESIONA ESTA NOCHE EL HONORABLE CONCEJO DELIBERANTE"}]},{"@type":"WebSite","@id":"https:\/\/www.celttv.com.ar\/#website","url":"https:\/\/www.celttv.com.ar\/","name":"CELTTV","description":"Cooperativa El\u00e9ctrica de Tornquist","publisher":{"@id":"https:\/\/www.celttv.com.ar\/#organization"},"potentialAction":[{"@type":"SearchAction","target":{"@type":"EntryPoint","urlTemplate":"https:\/\/www.celttv.com.ar\/?s={search_term_string}"},"query-input":"required name=search_term_string"}],"inLanguage":"es"},{"@type":"Organization","@id":"https:\/\/www.celttv.com.ar\/#organization","name":"CELTTV","url":"https:\/\/www.celttv.com.ar\/","sameAs":["https:\/\/www.youtube.com\/channel\/UCz_oIt8Hig64Ub-EmcNPIhg","https:\/\/www.facebook.com\/celtTV\/"],"logo":{"@type":"ImageObject","inLanguage":"es","@id":"https:\/\/www.celttv.com.ar\/#\/schema\/logo\/image\/","url":"http:\/\/www.celttv.com.ar\/wp-content\/uploads\/2022\/08\/logo-1.png","contentUrl":"http:\/\/www.celttv.com.ar\/wp-content\/uploads\/2022\/08\/logo-1.png","width":461,"height":159,"caption":"CELTTV"},"image":{"@id":"https:\/\/www.celttv.com.ar\/#\/schema\/logo\/image\/"}},{"@type":"Person","@id":"https:\/\/www.celttv.com.ar\/#\/schema\/person\/6d99c072dba59953809c81446e9d0ace","name":"ulises","image":{"@type":"ImageObject","inLanguage":"es","@id":"https:\/\/www.celttv.com.ar\/#\/schema\/person\/image\/","url":"https:\/\/secure.gravatar.com\/avatar\/7f2c48bdc33b30088f941fb6082e555f2874c98e20cb159d7b92b50eadfce793?s=96&d=mm&r=g","contentUrl":"https:\/\/secure.gravatar.com\/avatar\/7f2c48bdc33b30088f941fb6082e555f2874c98e20cb159d7b92b50eadfce793?s=96&d=mm&r=g","caption":"ulises"},"sameAs":["http:\/\/www.celttv.com.ar"]}]}},"_links":{"self":[{"href":"https:\/\/www.celttv.com.ar\/index.php\/wp-json\/wp\/v2\/posts\/21187","targetHints":{"allow":["GET"]}}],"collection":[{"href":"https:\/\/www.celttv.com.ar\/index.php\/wp-json\/wp\/v2\/posts"}],"about":[{"href":"https:\/\/www.celttv.com.ar\/index.php\/wp-json\/wp\/v2\/types\/post"}],"author":[{"embeddable":true,"href":"https:\/\/www.celttv.com.ar\/index.php\/wp-json\/wp\/v2\/users\/1"}],"replies":[{"embeddable":true,"href":"https:\/\/www.celttv.com.ar\/index.php\/wp-json\/wp\/v2\/comments?post=21187"}],"version-history":[{"count":0,"href":"https:\/\/www.celttv.com.ar\/index.php\/wp-json\/wp\/v2\/posts\/21187\/revisions"}],"wp:attachment":[{"href":"https:\/\/www.celttv.com.ar\/index.php\/wp-json\/wp\/v2\/media?parent=21187"}],"wp:term":[{"taxonomy":"category","embeddable":true,"href":"https:\/\/www.celttv.com.ar\/index.php\/wp-json\/wp\/v2\/categories?post=21187"},{"taxonomy":"post_tag","embeddable":true,"href":"https:\/\/www.celttv.com.ar\/index.php\/wp-json\/wp\/v2\/tags?post=21187"}],"curies":[{"name":"wp","href":"https:\/\/api.w.org\/{rel}","templated":true}]}}