{"id":21308,"date":"2014-06-20T20:45:03","date_gmt":"2014-06-20T20:45:03","guid":{"rendered":"http:\/\/www.tvcnoticias.com.ar\/?p=21308"},"modified":"2014-06-20T20:45:03","modified_gmt":"2014-06-20T20:45:03","slug":"el-diputado-ruben-grenada-reflota-el-proyecto-que-propone-cambiar-los-limites-de-los-distrito-de-tornquist-y-saavedra","status":"publish","type":"post","link":"https:\/\/www.celttv.com.ar\/index.php\/2014\/06\/20\/el-diputado-ruben-grenada-reflota-el-proyecto-que-propone-cambiar-los-limites-de-los-distrito-de-tornquist-y-saavedra\/","title":{"rendered":"EL DIPUTADO RUBEN GRENADA REFLOTA EL PROYECTO QUE PROPONE CAMBIAR LOS LIMITES DE LOS DISTRITO DE TORNQUIST Y SAAVEDRA"},"content":{"rendered":"<p><a href=\"https:\/\/www.youtube.com\/my_videos?o=U\">httpv:\/\/www.youtube.com\/my_videos?o=U<\/a><br \/>\n<a href=\"https:\/\/www.youtube.com\/watch?v=qIrIG9QrzZc\">httpv:\/\/www.youtube.com\/watch?v=qIrIG9QrzZc<\/a><br \/>\n<a href=\"https:\/\/www.youtube.com\/watch?v=8EMvRM8X8Es\">httpv:\/\/www.youtube.com\/watch?v=8EMvRM8X8Es<\/a><br \/>\nEl Diputado Provincial por el \u00a0FPCyS Ruben Grenada se encuentra abocado a reflotar el proyecto que en su momento presentara el ex diputado Gerardo Rattero, que propon\u00eda el cambio de limites de los distritos de Saavedra y Tornquist.<br \/>\nEl proyecto apunta a que, con el mencionado cambio de l\u00edmites, los clubes de Pesca quedar\u00e1n ubicados correctamente desde el punto de vista geogr\u00e1fico.<br \/>\nDe esa forma el Club de Pesca de Tornquist pasar\u00e1 a pertenecer al distrito de Tornquist y pudiendo hacer realidad aquella ilusi\u00f3n de constituirse en otra villa tur\u00edstica de nuestro distrito.<br \/>\nGrenada, a partir de la inquietud presentada por el presidente del HCD. de Tornquist, Sergio Bordoni, comenz\u00f3 la gesti\u00f3n de reflotar el proyecto y estim\u00f3 un pronto tratamiento en diputados donde, en su momento, tuvo la media sanci\u00f3n, pero al no realizarse el seguimiento, perdi\u00f3 estado parlamentario.<br \/>\nEl propio legislador de la sexta secci\u00f3n electoral se mostr\u00f3 optimista para que en la pr\u00f3xima inauguraci\u00f3n de temporada los clubes de pesca pertenezcan al distrito respectivo &#8220;Es una cuesti\u00f3n de sentido com\u00fan&#8221; abrevi\u00f3 Grenada.<br \/>\n&nbsp;<\/p>\n","protected":false},"excerpt":{"rendered":"<p>httpv:\/\/www.youtube.com\/my_videos?o=U httpv:\/\/www.youtube.com\/watch?v=qIrIG9QrzZc httpv:\/\/www.youtube.com\/watch?v=8EMvRM8X8Es El Diputado Provincial por el \u00a0FPCyS Ruben Grenada se encuentra abocado a reflotar el proyecto que en su momento presentara el ex diputado Gerardo Rattero, que propon\u00eda el cambio de limites de los distritos de Saavedra y Tornquist. El proyecto apunta a que, con el mencionado cambio de l\u00edmites, los clubes de [&hellip;]<\/p>\n","protected":false},"author":1,"featured_media":0,"comment_status":"closed","ping_status":"open","sticky":false,"template":"","format":"standard","meta":{"footnotes":""},"categories":[51,52,53,64],"tags":[],"class_list":["post-21308","post","type-post","status-publish","format-standard","hentry","category-comunidad","category-destacadas","category-politica","category-videos-destacados"],"yoast_head":"<!-- This site is optimized with the Yoast SEO plugin v19.7.1 - https:\/\/yoast.com\/wordpress\/plugins\/seo\/ -->\n<title>EL DIPUTADO RUBEN GRENADA REFLOTA EL PROYECTO QUE PROPONE CAMBIAR LOS LIMITES DE LOS DISTRITO DE TORNQUIST Y SAAVEDRA - CELTTV<\/title>\n<meta name=\"description\" content=\"Sitio web de noticias de la localidad de Tornquist, provincia de Buenos Aires, Rep\u00fablica Argentina. Contenido propio originado por periodistas de CELTTV, el canal de TV local de la Cooperativa El\u00e9ctrica de Tornquist. Turismo, Pol\u00edtica, Sociedad, Deporte, Cultura y todo el contenido de inter\u00e9s general que la gente del pueblo y la regi\u00f3n debe conocer.\" \/>\n<meta name=\"robots\" content=\"index, follow, max-snippet:-1, max-image-preview:large, max-video-preview:-1\" \/>\n<link rel=\"canonical\" href=\"https:\/\/www.celttv.com.ar\/index.php\/2014\/06\/20\/el-diputado-ruben-grenada-reflota-el-proyecto-que-propone-cambiar-los-limites-de-los-distrito-de-tornquist-y-saavedra\/\" \/>\n<meta property=\"og:locale\" content=\"es_ES\" \/>\n<meta property=\"og:type\" content=\"article\" \/>\n<meta property=\"og:title\" content=\"EL DIPUTADO RUBEN GRENADA REFLOTA EL PROYECTO QUE PROPONE CAMBIAR LOS LIMITES DE LOS DISTRITO DE TORNQUIST Y SAAVEDRA - CELTTV\" \/>\n<meta property=\"og:description\" content=\"Sitio web de noticias de la localidad de Tornquist, provincia de Buenos Aires, Rep\u00fablica Argentina. Contenido propio originado por periodistas de CELTTV, el canal de TV local de la Cooperativa El\u00e9ctrica de Tornquist. Turismo, Pol\u00edtica, Sociedad, Deporte, Cultura y todo el contenido de inter\u00e9s general que la gente del pueblo y la regi\u00f3n debe conocer.\" \/>\n<meta property=\"og:url\" content=\"https:\/\/www.celttv.com.ar\/index.php\/2014\/06\/20\/el-diputado-ruben-grenada-reflota-el-proyecto-que-propone-cambiar-los-limites-de-los-distrito-de-tornquist-y-saavedra\/\" \/>\n<meta property=\"og:site_name\" content=\"CELTTV\" \/>\n<meta property=\"article:publisher\" content=\"https:\/\/www.facebook.com\/celtTV\/\" \/>\n<meta property=\"article:published_time\" content=\"2014-06-20T20:45:03+00:00\" \/>\n<meta name=\"author\" content=\"ulises\" \/>\n<meta name=\"twitter:card\" content=\"summary_large_image\" \/>\n<meta name=\"twitter:label1\" content=\"Escrito por\" \/>\n\t<meta name=\"twitter:data1\" content=\"ulises\" \/>\n\t<meta name=\"twitter:label2\" content=\"Tiempo de lectura\" \/>\n\t<meta name=\"twitter:data2\" content=\"1 minuto\" \/>\n<script type=\"application\/ld+json\" class=\"yoast-schema-graph\">{\"@context\":\"https:\/\/schema.org\",\"@graph\":[{\"@type\":\"NewsArticle\",\"@id\":\"https:\/\/www.celttv.com.ar\/index.php\/2014\/06\/20\/el-diputado-ruben-grenada-reflota-el-proyecto-que-propone-cambiar-los-limites-de-los-distrito-de-tornquist-y-saavedra\/#article\",\"isPartOf\":{\"@id\":\"https:\/\/www.celttv.com.ar\/index.php\/2014\/06\/20\/el-diputado-ruben-grenada-reflota-el-proyecto-que-propone-cambiar-los-limites-de-los-distrito-de-tornquist-y-saavedra\/\"},\"author\":{\"name\":\"ulises\",\"@id\":\"https:\/\/www.celttv.com.ar\/#\/schema\/person\/6d99c072dba59953809c81446e9d0ace\"},\"headline\":\"EL DIPUTADO RUBEN GRENADA REFLOTA EL PROYECTO QUE PROPONE CAMBIAR LOS LIMITES DE LOS DISTRITO DE TORNQUIST Y SAAVEDRA\",\"datePublished\":\"2014-06-20T20:45:03+00:00\",\"dateModified\":\"2014-06-20T20:45:03+00:00\",\"mainEntityOfPage\":{\"@id\":\"https:\/\/www.celttv.com.ar\/index.php\/2014\/06\/20\/el-diputado-ruben-grenada-reflota-el-proyecto-que-propone-cambiar-los-limites-de-los-distrito-de-tornquist-y-saavedra\/\"},\"wordCount\":233,\"publisher\":{\"@id\":\"https:\/\/www.celttv.com.ar\/#organization\"},\"articleSection\":[\"Comunidad\",\"Destacadas\",\"Pol\u00edtica\",\"Videos Destacados\"],\"inLanguage\":\"es\"},{\"@type\":\"WebPage\",\"@id\":\"https:\/\/www.celttv.com.ar\/index.php\/2014\/06\/20\/el-diputado-ruben-grenada-reflota-el-proyecto-que-propone-cambiar-los-limites-de-los-distrito-de-tornquist-y-saavedra\/\",\"url\":\"https:\/\/www.celttv.com.ar\/index.php\/2014\/06\/20\/el-diputado-ruben-grenada-reflota-el-proyecto-que-propone-cambiar-los-limites-de-los-distrito-de-tornquist-y-saavedra\/\",\"name\":\"EL DIPUTADO RUBEN GRENADA REFLOTA EL PROYECTO QUE PROPONE CAMBIAR LOS LIMITES DE LOS DISTRITO DE TORNQUIST Y SAAVEDRA - CELTTV\",\"isPartOf\":{\"@id\":\"https:\/\/www.celttv.com.ar\/#website\"},\"datePublished\":\"2014-06-20T20:45:03+00:00\",\"dateModified\":\"2014-06-20T20:45:03+00:00\",\"description\":\"Sitio web de noticias de la localidad de Tornquist, provincia de Buenos Aires, Rep\u00fablica Argentina. Contenido propio originado por periodistas de CELTTV, el canal de TV local de la Cooperativa El\u00e9ctrica de Tornquist. Turismo, Pol\u00edtica, Sociedad, Deporte, Cultura y todo el contenido de inter\u00e9s general que la gente del pueblo y la regi\u00f3n debe conocer.\",\"breadcrumb\":{\"@id\":\"https:\/\/www.celttv.com.ar\/index.php\/2014\/06\/20\/el-diputado-ruben-grenada-reflota-el-proyecto-que-propone-cambiar-los-limites-de-los-distrito-de-tornquist-y-saavedra\/#breadcrumb\"},\"inLanguage\":\"es\",\"potentialAction\":[{\"@type\":\"ReadAction\",\"target\":[\"https:\/\/www.celttv.com.ar\/index.php\/2014\/06\/20\/el-diputado-ruben-grenada-reflota-el-proyecto-que-propone-cambiar-los-limites-de-los-distrito-de-tornquist-y-saavedra\/\"]}]},{\"@type\":\"BreadcrumbList\",\"@id\":\"https:\/\/www.celttv.com.ar\/index.php\/2014\/06\/20\/el-diputado-ruben-grenada-reflota-el-proyecto-que-propone-cambiar-los-limites-de-los-distrito-de-tornquist-y-saavedra\/#breadcrumb\",\"itemListElement\":[{\"@type\":\"ListItem\",\"position\":1,\"name\":\"Inicio\",\"item\":\"https:\/\/www.celttv.com.ar\/\"},{\"@type\":\"ListItem\",\"position\":2,\"name\":\"EL DIPUTADO RUBEN GRENADA REFLOTA EL PROYECTO QUE PROPONE CAMBIAR LOS LIMITES DE LOS DISTRITO DE TORNQUIST Y SAAVEDRA\"}]},{\"@type\":\"WebSite\",\"@id\":\"https:\/\/www.celttv.com.ar\/#website\",\"url\":\"https:\/\/www.celttv.com.ar\/\",\"name\":\"CELTTV\",\"description\":\"Cooperativa El\u00e9ctrica de Tornquist\",\"publisher\":{\"@id\":\"https:\/\/www.celttv.com.ar\/#organization\"},\"potentialAction\":[{\"@type\":\"SearchAction\",\"target\":{\"@type\":\"EntryPoint\",\"urlTemplate\":\"https:\/\/www.celttv.com.ar\/?s={search_term_string}\"},\"query-input\":\"required name=search_term_string\"}],\"inLanguage\":\"es\"},{\"@type\":\"Organization\",\"@id\":\"https:\/\/www.celttv.com.ar\/#organization\",\"name\":\"CELTTV\",\"url\":\"https:\/\/www.celttv.com.ar\/\",\"sameAs\":[\"https:\/\/www.youtube.com\/channel\/UCz_oIt8Hig64Ub-EmcNPIhg\",\"https:\/\/www.facebook.com\/celtTV\/\"],\"logo\":{\"@type\":\"ImageObject\",\"inLanguage\":\"es\",\"@id\":\"https:\/\/www.celttv.com.ar\/#\/schema\/logo\/image\/\",\"url\":\"http:\/\/www.celttv.com.ar\/wp-content\/uploads\/2022\/08\/logo-1.png\",\"contentUrl\":\"http:\/\/www.celttv.com.ar\/wp-content\/uploads\/2022\/08\/logo-1.png\",\"width\":461,\"height\":159,\"caption\":\"CELTTV\"},\"image\":{\"@id\":\"https:\/\/www.celttv.com.ar\/#\/schema\/logo\/image\/\"}},{\"@type\":\"Person\",\"@id\":\"https:\/\/www.celttv.com.ar\/#\/schema\/person\/6d99c072dba59953809c81446e9d0ace\",\"name\":\"ulises\",\"image\":{\"@type\":\"ImageObject\",\"inLanguage\":\"es\",\"@id\":\"https:\/\/www.celttv.com.ar\/#\/schema\/person\/image\/\",\"url\":\"https:\/\/secure.gravatar.com\/avatar\/7f2c48bdc33b30088f941fb6082e555f2874c98e20cb159d7b92b50eadfce793?s=96&d=mm&r=g\",\"contentUrl\":\"https:\/\/secure.gravatar.com\/avatar\/7f2c48bdc33b30088f941fb6082e555f2874c98e20cb159d7b92b50eadfce793?s=96&d=mm&r=g\",\"caption\":\"ulises\"},\"sameAs\":[\"http:\/\/www.celttv.com.ar\"]}]}<\/script>\n<!-- \/ Yoast SEO plugin. -->","yoast_head_json":{"title":"EL DIPUTADO RUBEN GRENADA REFLOTA EL PROYECTO QUE PROPONE CAMBIAR LOS LIMITES DE LOS DISTRITO DE TORNQUIST Y SAAVEDRA - CELTTV","description":"Sitio web de noticias de la localidad de Tornquist, provincia de Buenos Aires, Rep\u00fablica Argentina. Contenido propio originado por periodistas de CELTTV, el canal de TV local de la Cooperativa El\u00e9ctrica de Tornquist. Turismo, Pol\u00edtica, Sociedad, Deporte, Cultura y todo el contenido de inter\u00e9s general que la gente del pueblo y la regi\u00f3n debe conocer.","robots":{"index":"index","follow":"follow","max-snippet":"max-snippet:-1","max-image-preview":"max-image-preview:large","max-video-preview":"max-video-preview:-1"},"canonical":"https:\/\/www.celttv.com.ar\/index.php\/2014\/06\/20\/el-diputado-ruben-grenada-reflota-el-proyecto-que-propone-cambiar-los-limites-de-los-distrito-de-tornquist-y-saavedra\/","og_locale":"es_ES","og_type":"article","og_title":"EL DIPUTADO RUBEN GRENADA REFLOTA EL PROYECTO QUE PROPONE CAMBIAR LOS LIMITES DE LOS DISTRITO DE TORNQUIST Y SAAVEDRA - CELTTV","og_description":"Sitio web de noticias de la localidad de Tornquist, provincia de Buenos Aires, Rep\u00fablica Argentina. Contenido propio originado por periodistas de CELTTV, el canal de TV local de la Cooperativa El\u00e9ctrica de Tornquist. Turismo, Pol\u00edtica, Sociedad, Deporte, Cultura y todo el contenido de inter\u00e9s general que la gente del pueblo y la regi\u00f3n debe conocer.","og_url":"https:\/\/www.celttv.com.ar\/index.php\/2014\/06\/20\/el-diputado-ruben-grenada-reflota-el-proyecto-que-propone-cambiar-los-limites-de-los-distrito-de-tornquist-y-saavedra\/","og_site_name":"CELTTV","article_publisher":"https:\/\/www.facebook.com\/celtTV\/","article_published_time":"2014-06-20T20:45:03+00:00","author":"ulises","twitter_card":"summary_large_image","twitter_misc":{"Escrito por":"ulises","Tiempo de lectura":"1 minuto"},"schema":{"@context":"https:\/\/schema.org","@graph":[{"@type":"NewsArticle","@id":"https:\/\/www.celttv.com.ar\/index.php\/2014\/06\/20\/el-diputado-ruben-grenada-reflota-el-proyecto-que-propone-cambiar-los-limites-de-los-distrito-de-tornquist-y-saavedra\/#article","isPartOf":{"@id":"https:\/\/www.celttv.com.ar\/index.php\/2014\/06\/20\/el-diputado-ruben-grenada-reflota-el-proyecto-que-propone-cambiar-los-limites-de-los-distrito-de-tornquist-y-saavedra\/"},"author":{"name":"ulises","@id":"https:\/\/www.celttv.com.ar\/#\/schema\/person\/6d99c072dba59953809c81446e9d0ace"},"headline":"EL DIPUTADO RUBEN GRENADA REFLOTA EL PROYECTO QUE PROPONE CAMBIAR LOS LIMITES DE LOS DISTRITO DE TORNQUIST Y SAAVEDRA","datePublished":"2014-06-20T20:45:03+00:00","dateModified":"2014-06-20T20:45:03+00:00","mainEntityOfPage":{"@id":"https:\/\/www.celttv.com.ar\/index.php\/2014\/06\/20\/el-diputado-ruben-grenada-reflota-el-proyecto-que-propone-cambiar-los-limites-de-los-distrito-de-tornquist-y-saavedra\/"},"wordCount":233,"publisher":{"@id":"https:\/\/www.celttv.com.ar\/#organization"},"articleSection":["Comunidad","Destacadas","Pol\u00edtica","Videos Destacados"],"inLanguage":"es"},{"@type":"WebPage","@id":"https:\/\/www.celttv.com.ar\/index.php\/2014\/06\/20\/el-diputado-ruben-grenada-reflota-el-proyecto-que-propone-cambiar-los-limites-de-los-distrito-de-tornquist-y-saavedra\/","url":"https:\/\/www.celttv.com.ar\/index.php\/2014\/06\/20\/el-diputado-ruben-grenada-reflota-el-proyecto-que-propone-cambiar-los-limites-de-los-distrito-de-tornquist-y-saavedra\/","name":"EL DIPUTADO RUBEN GRENADA REFLOTA EL PROYECTO QUE PROPONE CAMBIAR LOS LIMITES DE LOS DISTRITO DE TORNQUIST Y SAAVEDRA - CELTTV","isPartOf":{"@id":"https:\/\/www.celttv.com.ar\/#website"},"datePublished":"2014-06-20T20:45:03+00:00","dateModified":"2014-06-20T20:45:03+00:00","description":"Sitio web de noticias de la localidad de Tornquist, provincia de Buenos Aires, Rep\u00fablica Argentina. Contenido propio originado por periodistas de CELTTV, el canal de TV local de la Cooperativa El\u00e9ctrica de Tornquist. Turismo, Pol\u00edtica, Sociedad, Deporte, Cultura y todo el contenido de inter\u00e9s general que la gente del pueblo y la regi\u00f3n debe conocer.","breadcrumb":{"@id":"https:\/\/www.celttv.com.ar\/index.php\/2014\/06\/20\/el-diputado-ruben-grenada-reflota-el-proyecto-que-propone-cambiar-los-limites-de-los-distrito-de-tornquist-y-saavedra\/#breadcrumb"},"inLanguage":"es","potentialAction":[{"@type":"ReadAction","target":["https:\/\/www.celttv.com.ar\/index.php\/2014\/06\/20\/el-diputado-ruben-grenada-reflota-el-proyecto-que-propone-cambiar-los-limites-de-los-distrito-de-tornquist-y-saavedra\/"]}]},{"@type":"BreadcrumbList","@id":"https:\/\/www.celttv.com.ar\/index.php\/2014\/06\/20\/el-diputado-ruben-grenada-reflota-el-proyecto-que-propone-cambiar-los-limites-de-los-distrito-de-tornquist-y-saavedra\/#breadcrumb","itemListElement":[{"@type":"ListItem","position":1,"name":"Inicio","item":"https:\/\/www.celttv.com.ar\/"},{"@type":"ListItem","position":2,"name":"EL DIPUTADO RUBEN GRENADA REFLOTA EL PROYECTO QUE PROPONE CAMBIAR LOS LIMITES DE LOS DISTRITO DE TORNQUIST Y SAAVEDRA"}]},{"@type":"WebSite","@id":"https:\/\/www.celttv.com.ar\/#website","url":"https:\/\/www.celttv.com.ar\/","name":"CELTTV","description":"Cooperativa El\u00e9ctrica de Tornquist","publisher":{"@id":"https:\/\/www.celttv.com.ar\/#organization"},"potentialAction":[{"@type":"SearchAction","target":{"@type":"EntryPoint","urlTemplate":"https:\/\/www.celttv.com.ar\/?s={search_term_string}"},"query-input":"required name=search_term_string"}],"inLanguage":"es"},{"@type":"Organization","@id":"https:\/\/www.celttv.com.ar\/#organization","name":"CELTTV","url":"https:\/\/www.celttv.com.ar\/","sameAs":["https:\/\/www.youtube.com\/channel\/UCz_oIt8Hig64Ub-EmcNPIhg","https:\/\/www.facebook.com\/celtTV\/"],"logo":{"@type":"ImageObject","inLanguage":"es","@id":"https:\/\/www.celttv.com.ar\/#\/schema\/logo\/image\/","url":"http:\/\/www.celttv.com.ar\/wp-content\/uploads\/2022\/08\/logo-1.png","contentUrl":"http:\/\/www.celttv.com.ar\/wp-content\/uploads\/2022\/08\/logo-1.png","width":461,"height":159,"caption":"CELTTV"},"image":{"@id":"https:\/\/www.celttv.com.ar\/#\/schema\/logo\/image\/"}},{"@type":"Person","@id":"https:\/\/www.celttv.com.ar\/#\/schema\/person\/6d99c072dba59953809c81446e9d0ace","name":"ulises","image":{"@type":"ImageObject","inLanguage":"es","@id":"https:\/\/www.celttv.com.ar\/#\/schema\/person\/image\/","url":"https:\/\/secure.gravatar.com\/avatar\/7f2c48bdc33b30088f941fb6082e555f2874c98e20cb159d7b92b50eadfce793?s=96&d=mm&r=g","contentUrl":"https:\/\/secure.gravatar.com\/avatar\/7f2c48bdc33b30088f941fb6082e555f2874c98e20cb159d7b92b50eadfce793?s=96&d=mm&r=g","caption":"ulises"},"sameAs":["http:\/\/www.celttv.com.ar"]}]}},"_links":{"self":[{"href":"https:\/\/www.celttv.com.ar\/index.php\/wp-json\/wp\/v2\/posts\/21308","targetHints":{"allow":["GET"]}}],"collection":[{"href":"https:\/\/www.celttv.com.ar\/index.php\/wp-json\/wp\/v2\/posts"}],"about":[{"href":"https:\/\/www.celttv.com.ar\/index.php\/wp-json\/wp\/v2\/types\/post"}],"author":[{"embeddable":true,"href":"https:\/\/www.celttv.com.ar\/index.php\/wp-json\/wp\/v2\/users\/1"}],"replies":[{"embeddable":true,"href":"https:\/\/www.celttv.com.ar\/index.php\/wp-json\/wp\/v2\/comments?post=21308"}],"version-history":[{"count":0,"href":"https:\/\/www.celttv.com.ar\/index.php\/wp-json\/wp\/v2\/posts\/21308\/revisions"}],"wp:attachment":[{"href":"https:\/\/www.celttv.com.ar\/index.php\/wp-json\/wp\/v2\/media?parent=21308"}],"wp:term":[{"taxonomy":"category","embeddable":true,"href":"https:\/\/www.celttv.com.ar\/index.php\/wp-json\/wp\/v2\/categories?post=21308"},{"taxonomy":"post_tag","embeddable":true,"href":"https:\/\/www.celttv.com.ar\/index.php\/wp-json\/wp\/v2\/tags?post=21308"}],"curies":[{"name":"wp","href":"https:\/\/api.w.org\/{rel}","templated":true}]}}