{"id":21312,"date":"2014-06-20T20:55:01","date_gmt":"2014-06-20T20:55:01","guid":{"rendered":"http:\/\/www.tvcnoticias.com.ar\/?p=21312"},"modified":"2014-06-20T20:55:01","modified_gmt":"2014-06-20T20:55:01","slug":"un-proyecto-que-busca-regularizar-geograficamente-a-los-clubes-de-pesca-de-tornquist-y-saavedra","status":"publish","type":"post","link":"https:\/\/www.celttv.com.ar\/index.php\/2014\/06\/20\/un-proyecto-que-busca-regularizar-geograficamente-a-los-clubes-de-pesca-de-tornquist-y-saavedra\/","title":{"rendered":"UN PROYECTO QUE BUSCA REGULARIZAR GEOGRAFICAMENTE A LOS CLUBES DE PESCA DE TORNQUIST Y SAAVEDRA"},"content":{"rendered":"<p><img loading=\"lazy\" decoding=\"async\" class=\"aligncenter size-medium wp-image-21313\" title=\"1464 - CLUB DE PESCA PROYECTO NATALI 1 (Medium)\" src=\"http:\/\/www.tvcnoticias.com.ar\/wp-content\/uploads\/2014\/06\/1464-CLUB-DE-PESCA-PROYECTO-NATALI-1-Medium-450x284.jpg\" alt=\"\" width=\"450\" height=\"284\" \/><br \/>\nArchivo Semanario Observador Serrano N\u00ba 1115 (3 de marzo de 2007)<br \/>\nEl vecino Daniel Natali, ex Secretario de Producci\u00f3n del Municipio de Tornquist, present\u00f3 un proyecto que contempla la reubicaci\u00f3n de los l\u00edmites del club de pesca de Tornquist y Saavedra para situarlos a cada uno en su respectivo distrito.<br \/>\nAnte la curiosidad que presentan los clubes de pesca en cuanto a su situaci\u00f3n geogr\u00e1fica, est\u00e1n cambiados de distrito, el se\u00f1or Natali explica en aquel entonces que \u201c es una situaci\u00f3n curiosa, los clubes est\u00e1n en distritos opuestos y la masa societaria tienen sus domicilios en los distritos opuestos&#8221;<br \/>\n&#8220;Tambi\u00e9n con respecto \u00a0a la sede, si se mira el mapa y las parcelas es un tema muy sencillo, creo yo, modificar los l\u00edmites de los distritos para excluir en un caso e incluir en el otro para que queden en sus respectivos distritos.En cuanto a las tierras son privadas y est\u00e1n exentas de grav\u00e1menes y no afecta la recaudaci\u00f3n y si habilitan para el d\u00eda de ma\u00f1ana, que con el crecimiento se necesita reconocer a las villas como comunidad urbana, pertenezcan a sus respectivos distritos&#8221; explicaba Natali.<br \/>\n\u201cLo que hice es primero charlar con personas para ver si hab\u00eda inter\u00e9s y lo que se pod\u00eda hacer, luego arm\u00e9 el proyecto y se lo elev\u00e9 al Diputado \u00a0Gerardo Rattero para que lo eval\u00fae y si le interesa las idea y se puede realizar.<br \/>\n&#8220;Las modificaciones son bastantes simples porque afecta nada m\u00e1s que las dos parcelas que son lindantes, hay que tener en cuenta el crecimiento constante del lugar\u201d. Decia Natali en aquel momento.<br \/>\nEl proyecto fue presentado en su momento por el ex diputado Gerardo Rattero y aprobado \u00a0por la C\u00e1mara de Diputados<\/p>\n","protected":false},"excerpt":{"rendered":"<p>Archivo Semanario Observador Serrano N\u00ba 1115 (3 de marzo de 2007) El vecino Daniel Natali, ex Secretario de Producci\u00f3n del Municipio de Tornquist, present\u00f3 un proyecto que contempla la reubicaci\u00f3n de los l\u00edmites del club de pesca de Tornquist y Saavedra para situarlos a cada uno en su respectivo distrito. Ante la curiosidad que presentan [&hellip;]<\/p>\n","protected":false},"author":1,"featured_media":0,"comment_status":"closed","ping_status":"open","sticky":false,"template":"","format":"standard","meta":{"footnotes":""},"categories":[51,60,52,53],"tags":[],"class_list":["post-21312","post","type-post","status-publish","format-standard","hentry","category-comunidad","category-deporte","category-destacadas","category-politica"],"yoast_head":"<!-- This site is optimized with the Yoast SEO plugin v19.7.1 - https:\/\/yoast.com\/wordpress\/plugins\/seo\/ -->\n<title>UN PROYECTO QUE BUSCA REGULARIZAR GEOGRAFICAMENTE A LOS CLUBES DE PESCA DE TORNQUIST Y SAAVEDRA - CELTTV<\/title>\n<meta name=\"description\" content=\"Sitio web de noticias de la localidad de Tornquist, provincia de Buenos Aires, Rep\u00fablica Argentina. Contenido propio originado por periodistas de CELTTV, el canal de TV local de la Cooperativa El\u00e9ctrica de Tornquist. Turismo, Pol\u00edtica, Sociedad, Deporte, Cultura y todo el contenido de inter\u00e9s general que la gente del pueblo y la regi\u00f3n debe conocer.\" \/>\n<meta name=\"robots\" content=\"index, follow, max-snippet:-1, max-image-preview:large, max-video-preview:-1\" \/>\n<link rel=\"canonical\" href=\"https:\/\/www.celttv.com.ar\/index.php\/2014\/06\/20\/un-proyecto-que-busca-regularizar-geograficamente-a-los-clubes-de-pesca-de-tornquist-y-saavedra\/\" \/>\n<meta property=\"og:locale\" content=\"es_ES\" \/>\n<meta property=\"og:type\" content=\"article\" \/>\n<meta property=\"og:title\" content=\"UN PROYECTO QUE BUSCA REGULARIZAR GEOGRAFICAMENTE A LOS CLUBES DE PESCA DE TORNQUIST Y SAAVEDRA - CELTTV\" \/>\n<meta property=\"og:description\" content=\"Sitio web de noticias de la localidad de Tornquist, provincia de Buenos Aires, Rep\u00fablica Argentina. Contenido propio originado por periodistas de CELTTV, el canal de TV local de la Cooperativa El\u00e9ctrica de Tornquist. Turismo, Pol\u00edtica, Sociedad, Deporte, Cultura y todo el contenido de inter\u00e9s general que la gente del pueblo y la regi\u00f3n debe conocer.\" \/>\n<meta property=\"og:url\" content=\"https:\/\/www.celttv.com.ar\/index.php\/2014\/06\/20\/un-proyecto-que-busca-regularizar-geograficamente-a-los-clubes-de-pesca-de-tornquist-y-saavedra\/\" \/>\n<meta property=\"og:site_name\" content=\"CELTTV\" \/>\n<meta property=\"article:publisher\" content=\"https:\/\/www.facebook.com\/celtTV\/\" \/>\n<meta property=\"article:published_time\" content=\"2014-06-20T20:55:01+00:00\" \/>\n<meta property=\"og:image\" content=\"http:\/\/www.tvcnoticias.com.ar\/wp-content\/uploads\/2014\/06\/1464-CLUB-DE-PESCA-PROYECTO-NATALI-1-Medium-450x284.jpg\" \/>\n<meta name=\"author\" content=\"ulises\" \/>\n<meta name=\"twitter:card\" content=\"summary_large_image\" \/>\n<meta name=\"twitter:label1\" content=\"Escrito por\" \/>\n\t<meta name=\"twitter:data1\" content=\"ulises\" \/>\n\t<meta name=\"twitter:label2\" content=\"Tiempo de lectura\" \/>\n\t<meta name=\"twitter:data2\" content=\"2 minutos\" \/>\n<script type=\"application\/ld+json\" class=\"yoast-schema-graph\">{\"@context\":\"https:\/\/schema.org\",\"@graph\":[{\"@type\":\"NewsArticle\",\"@id\":\"https:\/\/www.celttv.com.ar\/index.php\/2014\/06\/20\/un-proyecto-que-busca-regularizar-geograficamente-a-los-clubes-de-pesca-de-tornquist-y-saavedra\/#article\",\"isPartOf\":{\"@id\":\"https:\/\/www.celttv.com.ar\/index.php\/2014\/06\/20\/un-proyecto-que-busca-regularizar-geograficamente-a-los-clubes-de-pesca-de-tornquist-y-saavedra\/\"},\"author\":{\"name\":\"ulises\",\"@id\":\"https:\/\/www.celttv.com.ar\/#\/schema\/person\/6d99c072dba59953809c81446e9d0ace\"},\"headline\":\"UN PROYECTO QUE BUSCA REGULARIZAR GEOGRAFICAMENTE A LOS CLUBES DE PESCA DE TORNQUIST Y SAAVEDRA\",\"datePublished\":\"2014-06-20T20:55:01+00:00\",\"dateModified\":\"2014-06-20T20:55:01+00:00\",\"mainEntityOfPage\":{\"@id\":\"https:\/\/www.celttv.com.ar\/index.php\/2014\/06\/20\/un-proyecto-que-busca-regularizar-geograficamente-a-los-clubes-de-pesca-de-tornquist-y-saavedra\/\"},\"wordCount\":321,\"publisher\":{\"@id\":\"https:\/\/www.celttv.com.ar\/#organization\"},\"articleSection\":[\"Comunidad\",\"Deporte\",\"Destacadas\",\"Pol\u00edtica\"],\"inLanguage\":\"es\"},{\"@type\":\"WebPage\",\"@id\":\"https:\/\/www.celttv.com.ar\/index.php\/2014\/06\/20\/un-proyecto-que-busca-regularizar-geograficamente-a-los-clubes-de-pesca-de-tornquist-y-saavedra\/\",\"url\":\"https:\/\/www.celttv.com.ar\/index.php\/2014\/06\/20\/un-proyecto-que-busca-regularizar-geograficamente-a-los-clubes-de-pesca-de-tornquist-y-saavedra\/\",\"name\":\"UN PROYECTO QUE BUSCA REGULARIZAR GEOGRAFICAMENTE A LOS CLUBES DE PESCA DE TORNQUIST Y SAAVEDRA - CELTTV\",\"isPartOf\":{\"@id\":\"https:\/\/www.celttv.com.ar\/#website\"},\"datePublished\":\"2014-06-20T20:55:01+00:00\",\"dateModified\":\"2014-06-20T20:55:01+00:00\",\"description\":\"Sitio web de noticias de la localidad de Tornquist, provincia de Buenos Aires, Rep\u00fablica Argentina. Contenido propio originado por periodistas de CELTTV, el canal de TV local de la Cooperativa El\u00e9ctrica de Tornquist. Turismo, Pol\u00edtica, Sociedad, Deporte, Cultura y todo el contenido de inter\u00e9s general que la gente del pueblo y la regi\u00f3n debe conocer.\",\"breadcrumb\":{\"@id\":\"https:\/\/www.celttv.com.ar\/index.php\/2014\/06\/20\/un-proyecto-que-busca-regularizar-geograficamente-a-los-clubes-de-pesca-de-tornquist-y-saavedra\/#breadcrumb\"},\"inLanguage\":\"es\",\"potentialAction\":[{\"@type\":\"ReadAction\",\"target\":[\"https:\/\/www.celttv.com.ar\/index.php\/2014\/06\/20\/un-proyecto-que-busca-regularizar-geograficamente-a-los-clubes-de-pesca-de-tornquist-y-saavedra\/\"]}]},{\"@type\":\"BreadcrumbList\",\"@id\":\"https:\/\/www.celttv.com.ar\/index.php\/2014\/06\/20\/un-proyecto-que-busca-regularizar-geograficamente-a-los-clubes-de-pesca-de-tornquist-y-saavedra\/#breadcrumb\",\"itemListElement\":[{\"@type\":\"ListItem\",\"position\":1,\"name\":\"Inicio\",\"item\":\"https:\/\/www.celttv.com.ar\/\"},{\"@type\":\"ListItem\",\"position\":2,\"name\":\"UN PROYECTO QUE BUSCA REGULARIZAR GEOGRAFICAMENTE A LOS CLUBES DE PESCA DE TORNQUIST Y SAAVEDRA\"}]},{\"@type\":\"WebSite\",\"@id\":\"https:\/\/www.celttv.com.ar\/#website\",\"url\":\"https:\/\/www.celttv.com.ar\/\",\"name\":\"CELTTV\",\"description\":\"Cooperativa El\u00e9ctrica de Tornquist\",\"publisher\":{\"@id\":\"https:\/\/www.celttv.com.ar\/#organization\"},\"potentialAction\":[{\"@type\":\"SearchAction\",\"target\":{\"@type\":\"EntryPoint\",\"urlTemplate\":\"https:\/\/www.celttv.com.ar\/?s={search_term_string}\"},\"query-input\":\"required name=search_term_string\"}],\"inLanguage\":\"es\"},{\"@type\":\"Organization\",\"@id\":\"https:\/\/www.celttv.com.ar\/#organization\",\"name\":\"CELTTV\",\"url\":\"https:\/\/www.celttv.com.ar\/\",\"sameAs\":[\"https:\/\/www.youtube.com\/channel\/UCz_oIt8Hig64Ub-EmcNPIhg\",\"https:\/\/www.facebook.com\/celtTV\/\"],\"logo\":{\"@type\":\"ImageObject\",\"inLanguage\":\"es\",\"@id\":\"https:\/\/www.celttv.com.ar\/#\/schema\/logo\/image\/\",\"url\":\"http:\/\/www.celttv.com.ar\/wp-content\/uploads\/2022\/08\/logo-1.png\",\"contentUrl\":\"http:\/\/www.celttv.com.ar\/wp-content\/uploads\/2022\/08\/logo-1.png\",\"width\":461,\"height\":159,\"caption\":\"CELTTV\"},\"image\":{\"@id\":\"https:\/\/www.celttv.com.ar\/#\/schema\/logo\/image\/\"}},{\"@type\":\"Person\",\"@id\":\"https:\/\/www.celttv.com.ar\/#\/schema\/person\/6d99c072dba59953809c81446e9d0ace\",\"name\":\"ulises\",\"image\":{\"@type\":\"ImageObject\",\"inLanguage\":\"es\",\"@id\":\"https:\/\/www.celttv.com.ar\/#\/schema\/person\/image\/\",\"url\":\"https:\/\/secure.gravatar.com\/avatar\/7f2c48bdc33b30088f941fb6082e555f2874c98e20cb159d7b92b50eadfce793?s=96&d=mm&r=g\",\"contentUrl\":\"https:\/\/secure.gravatar.com\/avatar\/7f2c48bdc33b30088f941fb6082e555f2874c98e20cb159d7b92b50eadfce793?s=96&d=mm&r=g\",\"caption\":\"ulises\"},\"sameAs\":[\"http:\/\/www.celttv.com.ar\"]}]}<\/script>\n<!-- \/ Yoast SEO plugin. -->","yoast_head_json":{"title":"UN PROYECTO QUE BUSCA REGULARIZAR GEOGRAFICAMENTE A LOS CLUBES DE PESCA DE TORNQUIST Y SAAVEDRA - CELTTV","description":"Sitio web de noticias de la localidad de Tornquist, provincia de Buenos Aires, Rep\u00fablica Argentina. Contenido propio originado por periodistas de CELTTV, el canal de TV local de la Cooperativa El\u00e9ctrica de Tornquist. Turismo, Pol\u00edtica, Sociedad, Deporte, Cultura y todo el contenido de inter\u00e9s general que la gente del pueblo y la regi\u00f3n debe conocer.","robots":{"index":"index","follow":"follow","max-snippet":"max-snippet:-1","max-image-preview":"max-image-preview:large","max-video-preview":"max-video-preview:-1"},"canonical":"https:\/\/www.celttv.com.ar\/index.php\/2014\/06\/20\/un-proyecto-que-busca-regularizar-geograficamente-a-los-clubes-de-pesca-de-tornquist-y-saavedra\/","og_locale":"es_ES","og_type":"article","og_title":"UN PROYECTO QUE BUSCA REGULARIZAR GEOGRAFICAMENTE A LOS CLUBES DE PESCA DE TORNQUIST Y SAAVEDRA - CELTTV","og_description":"Sitio web de noticias de la localidad de Tornquist, provincia de Buenos Aires, Rep\u00fablica Argentina. Contenido propio originado por periodistas de CELTTV, el canal de TV local de la Cooperativa El\u00e9ctrica de Tornquist. Turismo, Pol\u00edtica, Sociedad, Deporte, Cultura y todo el contenido de inter\u00e9s general que la gente del pueblo y la regi\u00f3n debe conocer.","og_url":"https:\/\/www.celttv.com.ar\/index.php\/2014\/06\/20\/un-proyecto-que-busca-regularizar-geograficamente-a-los-clubes-de-pesca-de-tornquist-y-saavedra\/","og_site_name":"CELTTV","article_publisher":"https:\/\/www.facebook.com\/celtTV\/","article_published_time":"2014-06-20T20:55:01+00:00","og_image":[{"url":"http:\/\/www.tvcnoticias.com.ar\/wp-content\/uploads\/2014\/06\/1464-CLUB-DE-PESCA-PROYECTO-NATALI-1-Medium-450x284.jpg"}],"author":"ulises","twitter_card":"summary_large_image","twitter_misc":{"Escrito por":"ulises","Tiempo de lectura":"2 minutos"},"schema":{"@context":"https:\/\/schema.org","@graph":[{"@type":"NewsArticle","@id":"https:\/\/www.celttv.com.ar\/index.php\/2014\/06\/20\/un-proyecto-que-busca-regularizar-geograficamente-a-los-clubes-de-pesca-de-tornquist-y-saavedra\/#article","isPartOf":{"@id":"https:\/\/www.celttv.com.ar\/index.php\/2014\/06\/20\/un-proyecto-que-busca-regularizar-geograficamente-a-los-clubes-de-pesca-de-tornquist-y-saavedra\/"},"author":{"name":"ulises","@id":"https:\/\/www.celttv.com.ar\/#\/schema\/person\/6d99c072dba59953809c81446e9d0ace"},"headline":"UN PROYECTO QUE BUSCA REGULARIZAR GEOGRAFICAMENTE A LOS CLUBES DE PESCA DE TORNQUIST Y SAAVEDRA","datePublished":"2014-06-20T20:55:01+00:00","dateModified":"2014-06-20T20:55:01+00:00","mainEntityOfPage":{"@id":"https:\/\/www.celttv.com.ar\/index.php\/2014\/06\/20\/un-proyecto-que-busca-regularizar-geograficamente-a-los-clubes-de-pesca-de-tornquist-y-saavedra\/"},"wordCount":321,"publisher":{"@id":"https:\/\/www.celttv.com.ar\/#organization"},"articleSection":["Comunidad","Deporte","Destacadas","Pol\u00edtica"],"inLanguage":"es"},{"@type":"WebPage","@id":"https:\/\/www.celttv.com.ar\/index.php\/2014\/06\/20\/un-proyecto-que-busca-regularizar-geograficamente-a-los-clubes-de-pesca-de-tornquist-y-saavedra\/","url":"https:\/\/www.celttv.com.ar\/index.php\/2014\/06\/20\/un-proyecto-que-busca-regularizar-geograficamente-a-los-clubes-de-pesca-de-tornquist-y-saavedra\/","name":"UN PROYECTO QUE BUSCA REGULARIZAR GEOGRAFICAMENTE A LOS CLUBES DE PESCA DE TORNQUIST Y SAAVEDRA - CELTTV","isPartOf":{"@id":"https:\/\/www.celttv.com.ar\/#website"},"datePublished":"2014-06-20T20:55:01+00:00","dateModified":"2014-06-20T20:55:01+00:00","description":"Sitio web de noticias de la localidad de Tornquist, provincia de Buenos Aires, Rep\u00fablica Argentina. Contenido propio originado por periodistas de CELTTV, el canal de TV local de la Cooperativa El\u00e9ctrica de Tornquist. Turismo, Pol\u00edtica, Sociedad, Deporte, Cultura y todo el contenido de inter\u00e9s general que la gente del pueblo y la regi\u00f3n debe conocer.","breadcrumb":{"@id":"https:\/\/www.celttv.com.ar\/index.php\/2014\/06\/20\/un-proyecto-que-busca-regularizar-geograficamente-a-los-clubes-de-pesca-de-tornquist-y-saavedra\/#breadcrumb"},"inLanguage":"es","potentialAction":[{"@type":"ReadAction","target":["https:\/\/www.celttv.com.ar\/index.php\/2014\/06\/20\/un-proyecto-que-busca-regularizar-geograficamente-a-los-clubes-de-pesca-de-tornquist-y-saavedra\/"]}]},{"@type":"BreadcrumbList","@id":"https:\/\/www.celttv.com.ar\/index.php\/2014\/06\/20\/un-proyecto-que-busca-regularizar-geograficamente-a-los-clubes-de-pesca-de-tornquist-y-saavedra\/#breadcrumb","itemListElement":[{"@type":"ListItem","position":1,"name":"Inicio","item":"https:\/\/www.celttv.com.ar\/"},{"@type":"ListItem","position":2,"name":"UN PROYECTO QUE BUSCA REGULARIZAR GEOGRAFICAMENTE A LOS CLUBES DE PESCA DE TORNQUIST Y SAAVEDRA"}]},{"@type":"WebSite","@id":"https:\/\/www.celttv.com.ar\/#website","url":"https:\/\/www.celttv.com.ar\/","name":"CELTTV","description":"Cooperativa El\u00e9ctrica de Tornquist","publisher":{"@id":"https:\/\/www.celttv.com.ar\/#organization"},"potentialAction":[{"@type":"SearchAction","target":{"@type":"EntryPoint","urlTemplate":"https:\/\/www.celttv.com.ar\/?s={search_term_string}"},"query-input":"required name=search_term_string"}],"inLanguage":"es"},{"@type":"Organization","@id":"https:\/\/www.celttv.com.ar\/#organization","name":"CELTTV","url":"https:\/\/www.celttv.com.ar\/","sameAs":["https:\/\/www.youtube.com\/channel\/UCz_oIt8Hig64Ub-EmcNPIhg","https:\/\/www.facebook.com\/celtTV\/"],"logo":{"@type":"ImageObject","inLanguage":"es","@id":"https:\/\/www.celttv.com.ar\/#\/schema\/logo\/image\/","url":"http:\/\/www.celttv.com.ar\/wp-content\/uploads\/2022\/08\/logo-1.png","contentUrl":"http:\/\/www.celttv.com.ar\/wp-content\/uploads\/2022\/08\/logo-1.png","width":461,"height":159,"caption":"CELTTV"},"image":{"@id":"https:\/\/www.celttv.com.ar\/#\/schema\/logo\/image\/"}},{"@type":"Person","@id":"https:\/\/www.celttv.com.ar\/#\/schema\/person\/6d99c072dba59953809c81446e9d0ace","name":"ulises","image":{"@type":"ImageObject","inLanguage":"es","@id":"https:\/\/www.celttv.com.ar\/#\/schema\/person\/image\/","url":"https:\/\/secure.gravatar.com\/avatar\/7f2c48bdc33b30088f941fb6082e555f2874c98e20cb159d7b92b50eadfce793?s=96&d=mm&r=g","contentUrl":"https:\/\/secure.gravatar.com\/avatar\/7f2c48bdc33b30088f941fb6082e555f2874c98e20cb159d7b92b50eadfce793?s=96&d=mm&r=g","caption":"ulises"},"sameAs":["http:\/\/www.celttv.com.ar"]}]}},"_links":{"self":[{"href":"https:\/\/www.celttv.com.ar\/index.php\/wp-json\/wp\/v2\/posts\/21312","targetHints":{"allow":["GET"]}}],"collection":[{"href":"https:\/\/www.celttv.com.ar\/index.php\/wp-json\/wp\/v2\/posts"}],"about":[{"href":"https:\/\/www.celttv.com.ar\/index.php\/wp-json\/wp\/v2\/types\/post"}],"author":[{"embeddable":true,"href":"https:\/\/www.celttv.com.ar\/index.php\/wp-json\/wp\/v2\/users\/1"}],"replies":[{"embeddable":true,"href":"https:\/\/www.celttv.com.ar\/index.php\/wp-json\/wp\/v2\/comments?post=21312"}],"version-history":[{"count":0,"href":"https:\/\/www.celttv.com.ar\/index.php\/wp-json\/wp\/v2\/posts\/21312\/revisions"}],"wp:attachment":[{"href":"https:\/\/www.celttv.com.ar\/index.php\/wp-json\/wp\/v2\/media?parent=21312"}],"wp:term":[{"taxonomy":"category","embeddable":true,"href":"https:\/\/www.celttv.com.ar\/index.php\/wp-json\/wp\/v2\/categories?post=21312"},{"taxonomy":"post_tag","embeddable":true,"href":"https:\/\/www.celttv.com.ar\/index.php\/wp-json\/wp\/v2\/tags?post=21312"}],"curies":[{"name":"wp","href":"https:\/\/api.w.org\/{rel}","templated":true}]}}