{"id":21318,"date":"2014-06-21T18:30:58","date_gmt":"2014-06-21T18:30:58","guid":{"rendered":"http:\/\/www.tvcnoticias.com.ar\/?p=21318"},"modified":"2014-06-21T18:30:58","modified_gmt":"2014-06-21T18:30:58","slug":"se-recordo-a-manuel-belgrano-en-el-dia-de-la-bandera","status":"publish","type":"post","link":"https:\/\/www.celttv.com.ar\/index.php\/2014\/06\/21\/se-recordo-a-manuel-belgrano-en-el-dia-de-la-bandera\/","title":{"rendered":"SE RECORDO A MANUEL BELGRANO EN EL DIA DE LA BANDERA"},"content":{"rendered":"<p><img loading=\"lazy\" decoding=\"async\" class=\"aligncenter size-medium wp-image-21331\" title=\"05 (Medium)\" src=\"http:\/\/www.tvcnoticias.com.ar\/wp-content\/uploads\/2014\/06\/05-Medium-450x337.jpg\" alt=\"\" width=\"450\" height=\"337\" \/><br \/>\nCon la promesa de lealtad a la bandera por parte de los alumnos de cuarto a\u00f1o de las escuelas primarias de la ciudad cabecera y la zona rural, se desarroll\u00f3 en la ma\u00f1ana de hoy el acto oficial por el D\u00eda de la Bandera, que conmemora el fallecimiento del general Manuel Belgrano.<br \/>\nLa jornada se llev\u00f3 a cabo en el Teatro Municipal \u201cRodolfo Funke\u201d, con la presencia del intendente municipal, licenciado Gustavo Trankels; la diputada provincial Marisol Merquel; miembros del Departamento Ejecutivo; concejales; consejeros escolares; autoridades educativas; el cura p\u00e1rroco, padre Norberto L\u00f3pez; representantes de instituciones sociales y educativas; y vecinos de la comunidad.<br \/>\n\u201cHumildemente los invito a reflexionar desde el lugar que cada uno ocupamos. Belgrano fue un hombre de carne y hueso, que se anim\u00f3 a dejar las cuestiones personales para ir por un sue\u00f1o m\u00e1s grande, el sue\u00f1o de una Patria para todos. Incluso, la historia cuenta la importancia que le dio a ese objetivo, poniendo en riesgo su vida, y la trascendencia que le otorg\u00f3 a la educaci\u00f3n, debido a que don\u00f3 gran parte de la fortuna que supo conseguir para la creaci\u00f3n de escuelas. Incluso, termin\u00f3 tan pobre que a su m\u00e9dico personal le entreg\u00f3 su reloj en parte de pago porque era lo \u00fanico que le quedaba. Esa entrega tiene que servirnos de ejemplo y de gu\u00eda\u201d, resalt\u00f3 el intendente Trankels.<br \/>\n\u201cOjal\u00e1 podamos reflexionar estas cosas y tratar de todos los d\u00edas ser un mejor tornquistense, un mejor bonaerense, un mejor argentino, un mejor habitante de este mundo, que necesita solidaridad y que todos luchemos por los objetivos comunes, como la igualdad\u201d, a\u00f1adi\u00f3 y destac\u00f3 especialmente a quienes hicieron su promesa de lealtad a la bandera.<br \/>\nAdem\u00e1s de la promesa de los alumnos, el acto cont\u00f3 con una oraci\u00f3n del padre Norberto L\u00f3pez, la ofrenda floral y la entrega de una bandera de ceremonia para el Jard\u00edn de Infantes N\u00b0 901, de parte de la diputada Merquel y el propio jefe comunal.<br \/>\n\u201cBelgrano luch\u00f3 por una Patria libre e independiente. A pesar de que su vida fue muy corta, dej\u00f3 su huella en la historia argentina. Sobre toda las cosas fue educador. S\u00ed, nos dej\u00f3 que si somos honrados nada debe preocuparnos; si somos buenos ciudadanos, nuestro pueblo mejorar\u00e1; si somos valientes, podemos ganarlo todo; si somos respetuosos de la agricultura, ella mantendr\u00e1 en movimiento las artes y el comercio; si somos libres, podemos disfrutar de todos nuestros logros; si somos justos, tendremos paz; si somos constantes, alcanzaremos las metas que nos propongamos; si somos estudiosos, obtendremos las mejores armas para enfrentar nuestro futuro\u201d, se\u00f1al\u00f3 la docente Virginia Bagur.<br \/>\nAdem\u00e1s, la cantante l\u00edrica local Paola Polinori engalan\u00f3 el acto con su entonaci\u00f3n del Himno Nacional Argentino y Aurora, mientras que se present\u00f3 un video alusivo a la fecha.<br \/>\n&nbsp;<\/p>\n","protected":false},"excerpt":{"rendered":"<p>Con la promesa de lealtad a la bandera por parte de los alumnos de cuarto a\u00f1o de las escuelas primarias de la ciudad cabecera y la zona rural, se desarroll\u00f3 en la ma\u00f1ana de hoy el acto oficial por el D\u00eda de la Bandera, que conmemora el fallecimiento del general Manuel Belgrano. La jornada se [&hellip;]<\/p>\n","protected":false},"author":1,"featured_media":0,"comment_status":"closed","ping_status":"open","sticky":false,"template":"","format":"standard","meta":{"footnotes":""},"categories":[51,52,53],"tags":[],"class_list":["post-21318","post","type-post","status-publish","format-standard","hentry","category-comunidad","category-destacadas","category-politica"],"yoast_head":"<!-- This site is optimized with the Yoast SEO plugin v19.7.1 - https:\/\/yoast.com\/wordpress\/plugins\/seo\/ -->\n<title>SE RECORDO A MANUEL BELGRANO EN EL DIA DE LA BANDERA - CELTTV<\/title>\n<meta name=\"description\" content=\"Sitio web de noticias de la localidad de Tornquist, provincia de Buenos Aires, Rep\u00fablica Argentina. Contenido propio originado por periodistas de CELTTV, el canal de TV local de la Cooperativa El\u00e9ctrica de Tornquist. Turismo, Pol\u00edtica, Sociedad, Deporte, Cultura y todo el contenido de inter\u00e9s general que la gente del pueblo y la regi\u00f3n debe conocer.\" \/>\n<meta name=\"robots\" content=\"index, follow, max-snippet:-1, max-image-preview:large, max-video-preview:-1\" \/>\n<link rel=\"canonical\" href=\"https:\/\/www.celttv.com.ar\/index.php\/2014\/06\/21\/se-recordo-a-manuel-belgrano-en-el-dia-de-la-bandera\/\" \/>\n<meta property=\"og:locale\" content=\"es_ES\" \/>\n<meta property=\"og:type\" content=\"article\" \/>\n<meta property=\"og:title\" content=\"SE RECORDO A MANUEL BELGRANO EN EL DIA DE LA BANDERA - CELTTV\" \/>\n<meta property=\"og:description\" content=\"Sitio web de noticias de la localidad de Tornquist, provincia de Buenos Aires, Rep\u00fablica Argentina. Contenido propio originado por periodistas de CELTTV, el canal de TV local de la Cooperativa El\u00e9ctrica de Tornquist. Turismo, Pol\u00edtica, Sociedad, Deporte, Cultura y todo el contenido de inter\u00e9s general que la gente del pueblo y la regi\u00f3n debe conocer.\" \/>\n<meta property=\"og:url\" content=\"https:\/\/www.celttv.com.ar\/index.php\/2014\/06\/21\/se-recordo-a-manuel-belgrano-en-el-dia-de-la-bandera\/\" \/>\n<meta property=\"og:site_name\" content=\"CELTTV\" \/>\n<meta property=\"article:publisher\" content=\"https:\/\/www.facebook.com\/celtTV\/\" \/>\n<meta property=\"article:published_time\" content=\"2014-06-21T18:30:58+00:00\" \/>\n<meta property=\"og:image\" content=\"http:\/\/www.tvcnoticias.com.ar\/wp-content\/uploads\/2014\/06\/05-Medium-450x337.jpg\" \/>\n<meta name=\"author\" content=\"ulises\" \/>\n<meta name=\"twitter:card\" content=\"summary_large_image\" \/>\n<meta name=\"twitter:label1\" content=\"Escrito por\" \/>\n\t<meta name=\"twitter:data1\" content=\"ulises\" \/>\n\t<meta name=\"twitter:label2\" content=\"Tiempo de lectura\" \/>\n\t<meta name=\"twitter:data2\" content=\"2 minutos\" \/>\n<script type=\"application\/ld+json\" class=\"yoast-schema-graph\">{\"@context\":\"https:\/\/schema.org\",\"@graph\":[{\"@type\":\"NewsArticle\",\"@id\":\"https:\/\/www.celttv.com.ar\/index.php\/2014\/06\/21\/se-recordo-a-manuel-belgrano-en-el-dia-de-la-bandera\/#article\",\"isPartOf\":{\"@id\":\"https:\/\/www.celttv.com.ar\/index.php\/2014\/06\/21\/se-recordo-a-manuel-belgrano-en-el-dia-de-la-bandera\/\"},\"author\":{\"name\":\"ulises\",\"@id\":\"https:\/\/www.celttv.com.ar\/#\/schema\/person\/6d99c072dba59953809c81446e9d0ace\"},\"headline\":\"SE RECORDO A MANUEL BELGRANO EN EL DIA DE LA BANDERA\",\"datePublished\":\"2014-06-21T18:30:58+00:00\",\"dateModified\":\"2014-06-21T18:30:58+00:00\",\"mainEntityOfPage\":{\"@id\":\"https:\/\/www.celttv.com.ar\/index.php\/2014\/06\/21\/se-recordo-a-manuel-belgrano-en-el-dia-de-la-bandera\/\"},\"wordCount\":501,\"publisher\":{\"@id\":\"https:\/\/www.celttv.com.ar\/#organization\"},\"articleSection\":[\"Comunidad\",\"Destacadas\",\"Pol\u00edtica\"],\"inLanguage\":\"es\"},{\"@type\":\"WebPage\",\"@id\":\"https:\/\/www.celttv.com.ar\/index.php\/2014\/06\/21\/se-recordo-a-manuel-belgrano-en-el-dia-de-la-bandera\/\",\"url\":\"https:\/\/www.celttv.com.ar\/index.php\/2014\/06\/21\/se-recordo-a-manuel-belgrano-en-el-dia-de-la-bandera\/\",\"name\":\"SE RECORDO A MANUEL BELGRANO EN EL DIA DE LA BANDERA - CELTTV\",\"isPartOf\":{\"@id\":\"https:\/\/www.celttv.com.ar\/#website\"},\"datePublished\":\"2014-06-21T18:30:58+00:00\",\"dateModified\":\"2014-06-21T18:30:58+00:00\",\"description\":\"Sitio web de noticias de la localidad de Tornquist, provincia de Buenos Aires, Rep\u00fablica Argentina. Contenido propio originado por periodistas de CELTTV, el canal de TV local de la Cooperativa El\u00e9ctrica de Tornquist. Turismo, Pol\u00edtica, Sociedad, Deporte, Cultura y todo el contenido de inter\u00e9s general que la gente del pueblo y la regi\u00f3n debe conocer.\",\"breadcrumb\":{\"@id\":\"https:\/\/www.celttv.com.ar\/index.php\/2014\/06\/21\/se-recordo-a-manuel-belgrano-en-el-dia-de-la-bandera\/#breadcrumb\"},\"inLanguage\":\"es\",\"potentialAction\":[{\"@type\":\"ReadAction\",\"target\":[\"https:\/\/www.celttv.com.ar\/index.php\/2014\/06\/21\/se-recordo-a-manuel-belgrano-en-el-dia-de-la-bandera\/\"]}]},{\"@type\":\"BreadcrumbList\",\"@id\":\"https:\/\/www.celttv.com.ar\/index.php\/2014\/06\/21\/se-recordo-a-manuel-belgrano-en-el-dia-de-la-bandera\/#breadcrumb\",\"itemListElement\":[{\"@type\":\"ListItem\",\"position\":1,\"name\":\"Inicio\",\"item\":\"https:\/\/www.celttv.com.ar\/\"},{\"@type\":\"ListItem\",\"position\":2,\"name\":\"SE RECORDO A MANUEL BELGRANO EN EL DIA DE LA BANDERA\"}]},{\"@type\":\"WebSite\",\"@id\":\"https:\/\/www.celttv.com.ar\/#website\",\"url\":\"https:\/\/www.celttv.com.ar\/\",\"name\":\"CELTTV\",\"description\":\"Cooperativa El\u00e9ctrica de Tornquist\",\"publisher\":{\"@id\":\"https:\/\/www.celttv.com.ar\/#organization\"},\"potentialAction\":[{\"@type\":\"SearchAction\",\"target\":{\"@type\":\"EntryPoint\",\"urlTemplate\":\"https:\/\/www.celttv.com.ar\/?s={search_term_string}\"},\"query-input\":\"required name=search_term_string\"}],\"inLanguage\":\"es\"},{\"@type\":\"Organization\",\"@id\":\"https:\/\/www.celttv.com.ar\/#organization\",\"name\":\"CELTTV\",\"url\":\"https:\/\/www.celttv.com.ar\/\",\"sameAs\":[\"https:\/\/www.youtube.com\/channel\/UCz_oIt8Hig64Ub-EmcNPIhg\",\"https:\/\/www.facebook.com\/celtTV\/\"],\"logo\":{\"@type\":\"ImageObject\",\"inLanguage\":\"es\",\"@id\":\"https:\/\/www.celttv.com.ar\/#\/schema\/logo\/image\/\",\"url\":\"http:\/\/www.celttv.com.ar\/wp-content\/uploads\/2022\/08\/logo-1.png\",\"contentUrl\":\"http:\/\/www.celttv.com.ar\/wp-content\/uploads\/2022\/08\/logo-1.png\",\"width\":461,\"height\":159,\"caption\":\"CELTTV\"},\"image\":{\"@id\":\"https:\/\/www.celttv.com.ar\/#\/schema\/logo\/image\/\"}},{\"@type\":\"Person\",\"@id\":\"https:\/\/www.celttv.com.ar\/#\/schema\/person\/6d99c072dba59953809c81446e9d0ace\",\"name\":\"ulises\",\"image\":{\"@type\":\"ImageObject\",\"inLanguage\":\"es\",\"@id\":\"https:\/\/www.celttv.com.ar\/#\/schema\/person\/image\/\",\"url\":\"https:\/\/secure.gravatar.com\/avatar\/7f2c48bdc33b30088f941fb6082e555f2874c98e20cb159d7b92b50eadfce793?s=96&d=mm&r=g\",\"contentUrl\":\"https:\/\/secure.gravatar.com\/avatar\/7f2c48bdc33b30088f941fb6082e555f2874c98e20cb159d7b92b50eadfce793?s=96&d=mm&r=g\",\"caption\":\"ulises\"},\"sameAs\":[\"http:\/\/www.celttv.com.ar\"]}]}<\/script>\n<!-- \/ Yoast SEO plugin. -->","yoast_head_json":{"title":"SE RECORDO A MANUEL BELGRANO EN EL DIA DE LA BANDERA - CELTTV","description":"Sitio web de noticias de la localidad de Tornquist, provincia de Buenos Aires, Rep\u00fablica Argentina. Contenido propio originado por periodistas de CELTTV, el canal de TV local de la Cooperativa El\u00e9ctrica de Tornquist. Turismo, Pol\u00edtica, Sociedad, Deporte, Cultura y todo el contenido de inter\u00e9s general que la gente del pueblo y la regi\u00f3n debe conocer.","robots":{"index":"index","follow":"follow","max-snippet":"max-snippet:-1","max-image-preview":"max-image-preview:large","max-video-preview":"max-video-preview:-1"},"canonical":"https:\/\/www.celttv.com.ar\/index.php\/2014\/06\/21\/se-recordo-a-manuel-belgrano-en-el-dia-de-la-bandera\/","og_locale":"es_ES","og_type":"article","og_title":"SE RECORDO A MANUEL BELGRANO EN EL DIA DE LA BANDERA - CELTTV","og_description":"Sitio web de noticias de la localidad de Tornquist, provincia de Buenos Aires, Rep\u00fablica Argentina. Contenido propio originado por periodistas de CELTTV, el canal de TV local de la Cooperativa El\u00e9ctrica de Tornquist. Turismo, Pol\u00edtica, Sociedad, Deporte, Cultura y todo el contenido de inter\u00e9s general que la gente del pueblo y la regi\u00f3n debe conocer.","og_url":"https:\/\/www.celttv.com.ar\/index.php\/2014\/06\/21\/se-recordo-a-manuel-belgrano-en-el-dia-de-la-bandera\/","og_site_name":"CELTTV","article_publisher":"https:\/\/www.facebook.com\/celtTV\/","article_published_time":"2014-06-21T18:30:58+00:00","og_image":[{"url":"http:\/\/www.tvcnoticias.com.ar\/wp-content\/uploads\/2014\/06\/05-Medium-450x337.jpg"}],"author":"ulises","twitter_card":"summary_large_image","twitter_misc":{"Escrito por":"ulises","Tiempo de lectura":"2 minutos"},"schema":{"@context":"https:\/\/schema.org","@graph":[{"@type":"NewsArticle","@id":"https:\/\/www.celttv.com.ar\/index.php\/2014\/06\/21\/se-recordo-a-manuel-belgrano-en-el-dia-de-la-bandera\/#article","isPartOf":{"@id":"https:\/\/www.celttv.com.ar\/index.php\/2014\/06\/21\/se-recordo-a-manuel-belgrano-en-el-dia-de-la-bandera\/"},"author":{"name":"ulises","@id":"https:\/\/www.celttv.com.ar\/#\/schema\/person\/6d99c072dba59953809c81446e9d0ace"},"headline":"SE RECORDO A MANUEL BELGRANO EN EL DIA DE LA BANDERA","datePublished":"2014-06-21T18:30:58+00:00","dateModified":"2014-06-21T18:30:58+00:00","mainEntityOfPage":{"@id":"https:\/\/www.celttv.com.ar\/index.php\/2014\/06\/21\/se-recordo-a-manuel-belgrano-en-el-dia-de-la-bandera\/"},"wordCount":501,"publisher":{"@id":"https:\/\/www.celttv.com.ar\/#organization"},"articleSection":["Comunidad","Destacadas","Pol\u00edtica"],"inLanguage":"es"},{"@type":"WebPage","@id":"https:\/\/www.celttv.com.ar\/index.php\/2014\/06\/21\/se-recordo-a-manuel-belgrano-en-el-dia-de-la-bandera\/","url":"https:\/\/www.celttv.com.ar\/index.php\/2014\/06\/21\/se-recordo-a-manuel-belgrano-en-el-dia-de-la-bandera\/","name":"SE RECORDO A MANUEL BELGRANO EN EL DIA DE LA BANDERA - CELTTV","isPartOf":{"@id":"https:\/\/www.celttv.com.ar\/#website"},"datePublished":"2014-06-21T18:30:58+00:00","dateModified":"2014-06-21T18:30:58+00:00","description":"Sitio web de noticias de la localidad de Tornquist, provincia de Buenos Aires, Rep\u00fablica Argentina. Contenido propio originado por periodistas de CELTTV, el canal de TV local de la Cooperativa El\u00e9ctrica de Tornquist. Turismo, Pol\u00edtica, Sociedad, Deporte, Cultura y todo el contenido de inter\u00e9s general que la gente del pueblo y la regi\u00f3n debe conocer.","breadcrumb":{"@id":"https:\/\/www.celttv.com.ar\/index.php\/2014\/06\/21\/se-recordo-a-manuel-belgrano-en-el-dia-de-la-bandera\/#breadcrumb"},"inLanguage":"es","potentialAction":[{"@type":"ReadAction","target":["https:\/\/www.celttv.com.ar\/index.php\/2014\/06\/21\/se-recordo-a-manuel-belgrano-en-el-dia-de-la-bandera\/"]}]},{"@type":"BreadcrumbList","@id":"https:\/\/www.celttv.com.ar\/index.php\/2014\/06\/21\/se-recordo-a-manuel-belgrano-en-el-dia-de-la-bandera\/#breadcrumb","itemListElement":[{"@type":"ListItem","position":1,"name":"Inicio","item":"https:\/\/www.celttv.com.ar\/"},{"@type":"ListItem","position":2,"name":"SE RECORDO A MANUEL BELGRANO EN EL DIA DE LA BANDERA"}]},{"@type":"WebSite","@id":"https:\/\/www.celttv.com.ar\/#website","url":"https:\/\/www.celttv.com.ar\/","name":"CELTTV","description":"Cooperativa El\u00e9ctrica de Tornquist","publisher":{"@id":"https:\/\/www.celttv.com.ar\/#organization"},"potentialAction":[{"@type":"SearchAction","target":{"@type":"EntryPoint","urlTemplate":"https:\/\/www.celttv.com.ar\/?s={search_term_string}"},"query-input":"required name=search_term_string"}],"inLanguage":"es"},{"@type":"Organization","@id":"https:\/\/www.celttv.com.ar\/#organization","name":"CELTTV","url":"https:\/\/www.celttv.com.ar\/","sameAs":["https:\/\/www.youtube.com\/channel\/UCz_oIt8Hig64Ub-EmcNPIhg","https:\/\/www.facebook.com\/celtTV\/"],"logo":{"@type":"ImageObject","inLanguage":"es","@id":"https:\/\/www.celttv.com.ar\/#\/schema\/logo\/image\/","url":"http:\/\/www.celttv.com.ar\/wp-content\/uploads\/2022\/08\/logo-1.png","contentUrl":"http:\/\/www.celttv.com.ar\/wp-content\/uploads\/2022\/08\/logo-1.png","width":461,"height":159,"caption":"CELTTV"},"image":{"@id":"https:\/\/www.celttv.com.ar\/#\/schema\/logo\/image\/"}},{"@type":"Person","@id":"https:\/\/www.celttv.com.ar\/#\/schema\/person\/6d99c072dba59953809c81446e9d0ace","name":"ulises","image":{"@type":"ImageObject","inLanguage":"es","@id":"https:\/\/www.celttv.com.ar\/#\/schema\/person\/image\/","url":"https:\/\/secure.gravatar.com\/avatar\/7f2c48bdc33b30088f941fb6082e555f2874c98e20cb159d7b92b50eadfce793?s=96&d=mm&r=g","contentUrl":"https:\/\/secure.gravatar.com\/avatar\/7f2c48bdc33b30088f941fb6082e555f2874c98e20cb159d7b92b50eadfce793?s=96&d=mm&r=g","caption":"ulises"},"sameAs":["http:\/\/www.celttv.com.ar"]}]}},"_links":{"self":[{"href":"https:\/\/www.celttv.com.ar\/index.php\/wp-json\/wp\/v2\/posts\/21318","targetHints":{"allow":["GET"]}}],"collection":[{"href":"https:\/\/www.celttv.com.ar\/index.php\/wp-json\/wp\/v2\/posts"}],"about":[{"href":"https:\/\/www.celttv.com.ar\/index.php\/wp-json\/wp\/v2\/types\/post"}],"author":[{"embeddable":true,"href":"https:\/\/www.celttv.com.ar\/index.php\/wp-json\/wp\/v2\/users\/1"}],"replies":[{"embeddable":true,"href":"https:\/\/www.celttv.com.ar\/index.php\/wp-json\/wp\/v2\/comments?post=21318"}],"version-history":[{"count":0,"href":"https:\/\/www.celttv.com.ar\/index.php\/wp-json\/wp\/v2\/posts\/21318\/revisions"}],"wp:attachment":[{"href":"https:\/\/www.celttv.com.ar\/index.php\/wp-json\/wp\/v2\/media?parent=21318"}],"wp:term":[{"taxonomy":"category","embeddable":true,"href":"https:\/\/www.celttv.com.ar\/index.php\/wp-json\/wp\/v2\/categories?post=21318"},{"taxonomy":"post_tag","embeddable":true,"href":"https:\/\/www.celttv.com.ar\/index.php\/wp-json\/wp\/v2\/tags?post=21318"}],"curies":[{"name":"wp","href":"https:\/\/api.w.org\/{rel}","templated":true}]}}