{"id":21459,"date":"2014-06-26T20:39:26","date_gmt":"2014-06-26T20:39:26","guid":{"rendered":"http:\/\/www.tvcnoticias.com.ar\/?p=21459"},"modified":"2014-06-26T20:39:26","modified_gmt":"2014-06-26T20:39:26","slug":"intenso-trabajo-de-reparacion-de-calles-en-villa-ventana","status":"publish","type":"post","link":"https:\/\/www.celttv.com.ar\/index.php\/2014\/06\/26\/intenso-trabajo-de-reparacion-de-calles-en-villa-ventana\/","title":{"rendered":"INTENSO TRABAJO DE REPARACION DE CALLES EN VILLA VENTANA"},"content":{"rendered":"<p><a rel=\"attachment wp-att-21469\" href=\"http:\/\/www.tvcnoticias.com.ar\/?attachment_id=21469\"><img loading=\"lazy\" decoding=\"async\" class=\"aligncenter size-medium wp-image-21469\" title=\"DSCN5197 (1280x960) (Medium)\" src=\"http:\/\/www.tvcnoticias.com.ar\/wp-content\/uploads\/2014\/06\/DSCN5197-1280x960-Medium-450x337.jpg\" alt=\"\" width=\"450\" height=\"337\" \/><\/a><br \/>\nUn trabajo integral de reparaci\u00f3n y entoscado de calles de la localidad de Villa Ventana, se encuentra realizando la Municipalidad de Tornquist, con el objetivo de mejorar la transitabilidad en diferentes sectores.<br \/>\nEn el importante operativo, que concentra personal de la Direcci\u00f3n de Servicios Urbanos y la propia delegaci\u00f3n, trabajan una retroexcavadora, dos motoniveladoras, ocho camiones volcadores, un tractor con rodillo compactador y dos regadores.<br \/>\n\u201cVilla Ventana, por su topograf\u00eda, sufre una erosi\u00f3n permanente en las calles, principalmente despu\u00e9s de las lluvias. Por eso se program\u00f3 un trabajo de entoscado, con aporte de material desde una cantera cercana\u201d, resalt\u00f3 el intendente municipal, licenciado Gustavo Trankels,<br \/>\n\u201cTenemos el despliegue de equipos de Servicios Urbanos de Tornquist, con la colaboraci\u00f3n de la delegaci\u00f3n de Villa Ventana. El resultado ya se va percibiendo. El vecino esperaba este trabajo, por eso estamos contentos de poderlo realizar\u201d, a\u00f1adi\u00f3.<br \/>\nEl jefe comunal asegur\u00f3 que pr\u00f3ximamente se realizar\u00e1 un trabajo de caracter\u00edsticas similares en otras localidades del distrito.<br \/>\n\u201cEs much\u00edsimo el material que debemos agregar, porque las calles se van erosionando y deben llevarse a nivel. En estas horas de trabajo ya llevamos m\u00e1s de 500 metros c\u00fabicos, que fueron transportados y depositados en las calles. Es un trabajo muy importante, que concentra muchos operarios y mucha cantidad de equipamiento pesado\u201d, afirm\u00f3 Trankels.<br \/>\n\u201cQuiero agradecerle a todo el personal municipal, obviamente a la secretaria (de Obras y Servicios P\u00fablicos) Anabella Madue\u00f1a y a nuestro delegado Enrique Cabral, porque realizaron una coordinaci\u00f3n y log\u00edstica importante para llegar a este momento. Poder realizar este tipo trabajo, con este volumen y la envergadura de lo que estamos encarando, se debe a la incorporaci\u00f3n de equipos que fuimos haciendo en los \u00faltimos a\u00f1os, que nos permite tener elementos nuevos, que soportan una tarea con este ritmo y esta intensidad\u201d, dijo.<br \/>\nAdem\u00e1s de algunos sectores de las calles Benteveo, Mixto y Chingolo, en donde ya se estuvo trabajando, las tareas se extender\u00e1n a otras arterias laterales, el acceso, avenida Cruz del Sur, Curamalal y Pillahuinco, entre otras.<br \/>\n\u201cLas calles m\u00e1s complicadas son las que est\u00e1n pr\u00f3ximas a los arroyos de los laterales. En este trabajo se aporta la cantidad necesaria de material, para el paso de la motoniveladora, con la compactaci\u00f3n y la humedad correspondiente. En otras calles, que no requieren aporte de material, haremos perfilado y cuneteado, que es marcar los lugares laterales por donde escurre el agua de lluvia\u201d, manifest\u00f3, por su parte, Madue\u00f1a.<br \/>\n\u201cEs un trabajo complicado, porque demanda much\u00edsimo material y varias maquinarias. En la calle Chingolo se necesitaron aproximadamente 60 camiones para 150 metros de longitud\u201d, coment\u00f3.<br \/>\n&nbsp;<\/p>\n","protected":false},"excerpt":{"rendered":"<p>Un trabajo integral de reparaci\u00f3n y entoscado de calles de la localidad de Villa Ventana, se encuentra realizando la Municipalidad de Tornquist, con el objetivo de mejorar la transitabilidad en diferentes sectores. En el importante operativo, que concentra personal de la Direcci\u00f3n de Servicios Urbanos y la propia delegaci\u00f3n, trabajan una retroexcavadora, dos motoniveladoras, ocho [&hellip;]<\/p>\n","protected":false},"author":1,"featured_media":0,"comment_status":"closed","ping_status":"open","sticky":false,"template":"","format":"standard","meta":{"footnotes":""},"categories":[51,52,53],"tags":[],"class_list":["post-21459","post","type-post","status-publish","format-standard","hentry","category-comunidad","category-destacadas","category-politica"],"yoast_head":"<!-- This site is optimized with the Yoast SEO plugin v19.7.1 - https:\/\/yoast.com\/wordpress\/plugins\/seo\/ -->\n<title>INTENSO TRABAJO DE REPARACION DE CALLES EN VILLA VENTANA - CELTTV<\/title>\n<meta name=\"description\" content=\"Sitio web de noticias de la localidad de Tornquist, provincia de Buenos Aires, Rep\u00fablica Argentina. Contenido propio originado por periodistas de CELTTV, el canal de TV local de la Cooperativa El\u00e9ctrica de Tornquist. Turismo, Pol\u00edtica, Sociedad, Deporte, Cultura y todo el contenido de inter\u00e9s general que la gente del pueblo y la regi\u00f3n debe conocer.\" \/>\n<meta name=\"robots\" content=\"index, follow, max-snippet:-1, max-image-preview:large, max-video-preview:-1\" \/>\n<link rel=\"canonical\" href=\"https:\/\/www.celttv.com.ar\/index.php\/2014\/06\/26\/intenso-trabajo-de-reparacion-de-calles-en-villa-ventana\/\" \/>\n<meta property=\"og:locale\" content=\"es_ES\" \/>\n<meta property=\"og:type\" content=\"article\" \/>\n<meta property=\"og:title\" content=\"INTENSO TRABAJO DE REPARACION DE CALLES EN VILLA VENTANA - CELTTV\" \/>\n<meta property=\"og:description\" content=\"Sitio web de noticias de la localidad de Tornquist, provincia de Buenos Aires, Rep\u00fablica Argentina. Contenido propio originado por periodistas de CELTTV, el canal de TV local de la Cooperativa El\u00e9ctrica de Tornquist. Turismo, Pol\u00edtica, Sociedad, Deporte, Cultura y todo el contenido de inter\u00e9s general que la gente del pueblo y la regi\u00f3n debe conocer.\" \/>\n<meta property=\"og:url\" content=\"https:\/\/www.celttv.com.ar\/index.php\/2014\/06\/26\/intenso-trabajo-de-reparacion-de-calles-en-villa-ventana\/\" \/>\n<meta property=\"og:site_name\" content=\"CELTTV\" \/>\n<meta property=\"article:publisher\" content=\"https:\/\/www.facebook.com\/celtTV\/\" \/>\n<meta property=\"article:published_time\" content=\"2014-06-26T20:39:26+00:00\" \/>\n<meta property=\"og:image\" content=\"http:\/\/www.tvcnoticias.com.ar\/wp-content\/uploads\/2014\/06\/DSCN5197-1280x960-Medium-450x337.jpg\" \/>\n<meta name=\"author\" content=\"ulises\" \/>\n<meta name=\"twitter:card\" content=\"summary_large_image\" \/>\n<meta name=\"twitter:label1\" content=\"Escrito por\" \/>\n\t<meta name=\"twitter:data1\" content=\"ulises\" \/>\n\t<meta name=\"twitter:label2\" content=\"Tiempo de lectura\" \/>\n\t<meta name=\"twitter:data2\" content=\"2 minutos\" \/>\n<script type=\"application\/ld+json\" class=\"yoast-schema-graph\">{\"@context\":\"https:\/\/schema.org\",\"@graph\":[{\"@type\":\"NewsArticle\",\"@id\":\"https:\/\/www.celttv.com.ar\/index.php\/2014\/06\/26\/intenso-trabajo-de-reparacion-de-calles-en-villa-ventana\/#article\",\"isPartOf\":{\"@id\":\"https:\/\/www.celttv.com.ar\/index.php\/2014\/06\/26\/intenso-trabajo-de-reparacion-de-calles-en-villa-ventana\/\"},\"author\":{\"name\":\"ulises\",\"@id\":\"https:\/\/www.celttv.com.ar\/#\/schema\/person\/6d99c072dba59953809c81446e9d0ace\"},\"headline\":\"INTENSO TRABAJO DE REPARACION DE CALLES EN VILLA VENTANA\",\"datePublished\":\"2014-06-26T20:39:26+00:00\",\"dateModified\":\"2014-06-26T20:39:26+00:00\",\"mainEntityOfPage\":{\"@id\":\"https:\/\/www.celttv.com.ar\/index.php\/2014\/06\/26\/intenso-trabajo-de-reparacion-de-calles-en-villa-ventana\/\"},\"wordCount\":469,\"publisher\":{\"@id\":\"https:\/\/www.celttv.com.ar\/#organization\"},\"articleSection\":[\"Comunidad\",\"Destacadas\",\"Pol\u00edtica\"],\"inLanguage\":\"es\"},{\"@type\":\"WebPage\",\"@id\":\"https:\/\/www.celttv.com.ar\/index.php\/2014\/06\/26\/intenso-trabajo-de-reparacion-de-calles-en-villa-ventana\/\",\"url\":\"https:\/\/www.celttv.com.ar\/index.php\/2014\/06\/26\/intenso-trabajo-de-reparacion-de-calles-en-villa-ventana\/\",\"name\":\"INTENSO TRABAJO DE REPARACION DE CALLES EN VILLA VENTANA - CELTTV\",\"isPartOf\":{\"@id\":\"https:\/\/www.celttv.com.ar\/#website\"},\"datePublished\":\"2014-06-26T20:39:26+00:00\",\"dateModified\":\"2014-06-26T20:39:26+00:00\",\"description\":\"Sitio web de noticias de la localidad de Tornquist, provincia de Buenos Aires, Rep\u00fablica Argentina. Contenido propio originado por periodistas de CELTTV, el canal de TV local de la Cooperativa El\u00e9ctrica de Tornquist. Turismo, Pol\u00edtica, Sociedad, Deporte, Cultura y todo el contenido de inter\u00e9s general que la gente del pueblo y la regi\u00f3n debe conocer.\",\"breadcrumb\":{\"@id\":\"https:\/\/www.celttv.com.ar\/index.php\/2014\/06\/26\/intenso-trabajo-de-reparacion-de-calles-en-villa-ventana\/#breadcrumb\"},\"inLanguage\":\"es\",\"potentialAction\":[{\"@type\":\"ReadAction\",\"target\":[\"https:\/\/www.celttv.com.ar\/index.php\/2014\/06\/26\/intenso-trabajo-de-reparacion-de-calles-en-villa-ventana\/\"]}]},{\"@type\":\"BreadcrumbList\",\"@id\":\"https:\/\/www.celttv.com.ar\/index.php\/2014\/06\/26\/intenso-trabajo-de-reparacion-de-calles-en-villa-ventana\/#breadcrumb\",\"itemListElement\":[{\"@type\":\"ListItem\",\"position\":1,\"name\":\"Inicio\",\"item\":\"https:\/\/www.celttv.com.ar\/\"},{\"@type\":\"ListItem\",\"position\":2,\"name\":\"INTENSO TRABAJO DE REPARACION DE CALLES EN VILLA VENTANA\"}]},{\"@type\":\"WebSite\",\"@id\":\"https:\/\/www.celttv.com.ar\/#website\",\"url\":\"https:\/\/www.celttv.com.ar\/\",\"name\":\"CELTTV\",\"description\":\"Cooperativa El\u00e9ctrica de Tornquist\",\"publisher\":{\"@id\":\"https:\/\/www.celttv.com.ar\/#organization\"},\"potentialAction\":[{\"@type\":\"SearchAction\",\"target\":{\"@type\":\"EntryPoint\",\"urlTemplate\":\"https:\/\/www.celttv.com.ar\/?s={search_term_string}\"},\"query-input\":\"required name=search_term_string\"}],\"inLanguage\":\"es\"},{\"@type\":\"Organization\",\"@id\":\"https:\/\/www.celttv.com.ar\/#organization\",\"name\":\"CELTTV\",\"url\":\"https:\/\/www.celttv.com.ar\/\",\"sameAs\":[\"https:\/\/www.youtube.com\/channel\/UCz_oIt8Hig64Ub-EmcNPIhg\",\"https:\/\/www.facebook.com\/celtTV\/\"],\"logo\":{\"@type\":\"ImageObject\",\"inLanguage\":\"es\",\"@id\":\"https:\/\/www.celttv.com.ar\/#\/schema\/logo\/image\/\",\"url\":\"http:\/\/www.celttv.com.ar\/wp-content\/uploads\/2022\/08\/logo-1.png\",\"contentUrl\":\"http:\/\/www.celttv.com.ar\/wp-content\/uploads\/2022\/08\/logo-1.png\",\"width\":461,\"height\":159,\"caption\":\"CELTTV\"},\"image\":{\"@id\":\"https:\/\/www.celttv.com.ar\/#\/schema\/logo\/image\/\"}},{\"@type\":\"Person\",\"@id\":\"https:\/\/www.celttv.com.ar\/#\/schema\/person\/6d99c072dba59953809c81446e9d0ace\",\"name\":\"ulises\",\"image\":{\"@type\":\"ImageObject\",\"inLanguage\":\"es\",\"@id\":\"https:\/\/www.celttv.com.ar\/#\/schema\/person\/image\/\",\"url\":\"https:\/\/secure.gravatar.com\/avatar\/7f2c48bdc33b30088f941fb6082e555f2874c98e20cb159d7b92b50eadfce793?s=96&d=mm&r=g\",\"contentUrl\":\"https:\/\/secure.gravatar.com\/avatar\/7f2c48bdc33b30088f941fb6082e555f2874c98e20cb159d7b92b50eadfce793?s=96&d=mm&r=g\",\"caption\":\"ulises\"},\"sameAs\":[\"http:\/\/www.celttv.com.ar\"]}]}<\/script>\n<!-- \/ Yoast SEO plugin. -->","yoast_head_json":{"title":"INTENSO TRABAJO DE REPARACION DE CALLES EN VILLA VENTANA - CELTTV","description":"Sitio web de noticias de la localidad de Tornquist, provincia de Buenos Aires, Rep\u00fablica Argentina. Contenido propio originado por periodistas de CELTTV, el canal de TV local de la Cooperativa El\u00e9ctrica de Tornquist. Turismo, Pol\u00edtica, Sociedad, Deporte, Cultura y todo el contenido de inter\u00e9s general que la gente del pueblo y la regi\u00f3n debe conocer.","robots":{"index":"index","follow":"follow","max-snippet":"max-snippet:-1","max-image-preview":"max-image-preview:large","max-video-preview":"max-video-preview:-1"},"canonical":"https:\/\/www.celttv.com.ar\/index.php\/2014\/06\/26\/intenso-trabajo-de-reparacion-de-calles-en-villa-ventana\/","og_locale":"es_ES","og_type":"article","og_title":"INTENSO TRABAJO DE REPARACION DE CALLES EN VILLA VENTANA - CELTTV","og_description":"Sitio web de noticias de la localidad de Tornquist, provincia de Buenos Aires, Rep\u00fablica Argentina. Contenido propio originado por periodistas de CELTTV, el canal de TV local de la Cooperativa El\u00e9ctrica de Tornquist. Turismo, Pol\u00edtica, Sociedad, Deporte, Cultura y todo el contenido de inter\u00e9s general que la gente del pueblo y la regi\u00f3n debe conocer.","og_url":"https:\/\/www.celttv.com.ar\/index.php\/2014\/06\/26\/intenso-trabajo-de-reparacion-de-calles-en-villa-ventana\/","og_site_name":"CELTTV","article_publisher":"https:\/\/www.facebook.com\/celtTV\/","article_published_time":"2014-06-26T20:39:26+00:00","og_image":[{"url":"http:\/\/www.tvcnoticias.com.ar\/wp-content\/uploads\/2014\/06\/DSCN5197-1280x960-Medium-450x337.jpg"}],"author":"ulises","twitter_card":"summary_large_image","twitter_misc":{"Escrito por":"ulises","Tiempo de lectura":"2 minutos"},"schema":{"@context":"https:\/\/schema.org","@graph":[{"@type":"NewsArticle","@id":"https:\/\/www.celttv.com.ar\/index.php\/2014\/06\/26\/intenso-trabajo-de-reparacion-de-calles-en-villa-ventana\/#article","isPartOf":{"@id":"https:\/\/www.celttv.com.ar\/index.php\/2014\/06\/26\/intenso-trabajo-de-reparacion-de-calles-en-villa-ventana\/"},"author":{"name":"ulises","@id":"https:\/\/www.celttv.com.ar\/#\/schema\/person\/6d99c072dba59953809c81446e9d0ace"},"headline":"INTENSO TRABAJO DE REPARACION DE CALLES EN VILLA VENTANA","datePublished":"2014-06-26T20:39:26+00:00","dateModified":"2014-06-26T20:39:26+00:00","mainEntityOfPage":{"@id":"https:\/\/www.celttv.com.ar\/index.php\/2014\/06\/26\/intenso-trabajo-de-reparacion-de-calles-en-villa-ventana\/"},"wordCount":469,"publisher":{"@id":"https:\/\/www.celttv.com.ar\/#organization"},"articleSection":["Comunidad","Destacadas","Pol\u00edtica"],"inLanguage":"es"},{"@type":"WebPage","@id":"https:\/\/www.celttv.com.ar\/index.php\/2014\/06\/26\/intenso-trabajo-de-reparacion-de-calles-en-villa-ventana\/","url":"https:\/\/www.celttv.com.ar\/index.php\/2014\/06\/26\/intenso-trabajo-de-reparacion-de-calles-en-villa-ventana\/","name":"INTENSO TRABAJO DE REPARACION DE CALLES EN VILLA VENTANA - CELTTV","isPartOf":{"@id":"https:\/\/www.celttv.com.ar\/#website"},"datePublished":"2014-06-26T20:39:26+00:00","dateModified":"2014-06-26T20:39:26+00:00","description":"Sitio web de noticias de la localidad de Tornquist, provincia de Buenos Aires, Rep\u00fablica Argentina. Contenido propio originado por periodistas de CELTTV, el canal de TV local de la Cooperativa El\u00e9ctrica de Tornquist. Turismo, Pol\u00edtica, Sociedad, Deporte, Cultura y todo el contenido de inter\u00e9s general que la gente del pueblo y la regi\u00f3n debe conocer.","breadcrumb":{"@id":"https:\/\/www.celttv.com.ar\/index.php\/2014\/06\/26\/intenso-trabajo-de-reparacion-de-calles-en-villa-ventana\/#breadcrumb"},"inLanguage":"es","potentialAction":[{"@type":"ReadAction","target":["https:\/\/www.celttv.com.ar\/index.php\/2014\/06\/26\/intenso-trabajo-de-reparacion-de-calles-en-villa-ventana\/"]}]},{"@type":"BreadcrumbList","@id":"https:\/\/www.celttv.com.ar\/index.php\/2014\/06\/26\/intenso-trabajo-de-reparacion-de-calles-en-villa-ventana\/#breadcrumb","itemListElement":[{"@type":"ListItem","position":1,"name":"Inicio","item":"https:\/\/www.celttv.com.ar\/"},{"@type":"ListItem","position":2,"name":"INTENSO TRABAJO DE REPARACION DE CALLES EN VILLA VENTANA"}]},{"@type":"WebSite","@id":"https:\/\/www.celttv.com.ar\/#website","url":"https:\/\/www.celttv.com.ar\/","name":"CELTTV","description":"Cooperativa El\u00e9ctrica de Tornquist","publisher":{"@id":"https:\/\/www.celttv.com.ar\/#organization"},"potentialAction":[{"@type":"SearchAction","target":{"@type":"EntryPoint","urlTemplate":"https:\/\/www.celttv.com.ar\/?s={search_term_string}"},"query-input":"required name=search_term_string"}],"inLanguage":"es"},{"@type":"Organization","@id":"https:\/\/www.celttv.com.ar\/#organization","name":"CELTTV","url":"https:\/\/www.celttv.com.ar\/","sameAs":["https:\/\/www.youtube.com\/channel\/UCz_oIt8Hig64Ub-EmcNPIhg","https:\/\/www.facebook.com\/celtTV\/"],"logo":{"@type":"ImageObject","inLanguage":"es","@id":"https:\/\/www.celttv.com.ar\/#\/schema\/logo\/image\/","url":"http:\/\/www.celttv.com.ar\/wp-content\/uploads\/2022\/08\/logo-1.png","contentUrl":"http:\/\/www.celttv.com.ar\/wp-content\/uploads\/2022\/08\/logo-1.png","width":461,"height":159,"caption":"CELTTV"},"image":{"@id":"https:\/\/www.celttv.com.ar\/#\/schema\/logo\/image\/"}},{"@type":"Person","@id":"https:\/\/www.celttv.com.ar\/#\/schema\/person\/6d99c072dba59953809c81446e9d0ace","name":"ulises","image":{"@type":"ImageObject","inLanguage":"es","@id":"https:\/\/www.celttv.com.ar\/#\/schema\/person\/image\/","url":"https:\/\/secure.gravatar.com\/avatar\/7f2c48bdc33b30088f941fb6082e555f2874c98e20cb159d7b92b50eadfce793?s=96&d=mm&r=g","contentUrl":"https:\/\/secure.gravatar.com\/avatar\/7f2c48bdc33b30088f941fb6082e555f2874c98e20cb159d7b92b50eadfce793?s=96&d=mm&r=g","caption":"ulises"},"sameAs":["http:\/\/www.celttv.com.ar"]}]}},"_links":{"self":[{"href":"https:\/\/www.celttv.com.ar\/index.php\/wp-json\/wp\/v2\/posts\/21459","targetHints":{"allow":["GET"]}}],"collection":[{"href":"https:\/\/www.celttv.com.ar\/index.php\/wp-json\/wp\/v2\/posts"}],"about":[{"href":"https:\/\/www.celttv.com.ar\/index.php\/wp-json\/wp\/v2\/types\/post"}],"author":[{"embeddable":true,"href":"https:\/\/www.celttv.com.ar\/index.php\/wp-json\/wp\/v2\/users\/1"}],"replies":[{"embeddable":true,"href":"https:\/\/www.celttv.com.ar\/index.php\/wp-json\/wp\/v2\/comments?post=21459"}],"version-history":[{"count":0,"href":"https:\/\/www.celttv.com.ar\/index.php\/wp-json\/wp\/v2\/posts\/21459\/revisions"}],"wp:attachment":[{"href":"https:\/\/www.celttv.com.ar\/index.php\/wp-json\/wp\/v2\/media?parent=21459"}],"wp:term":[{"taxonomy":"category","embeddable":true,"href":"https:\/\/www.celttv.com.ar\/index.php\/wp-json\/wp\/v2\/categories?post=21459"},{"taxonomy":"post_tag","embeddable":true,"href":"https:\/\/www.celttv.com.ar\/index.php\/wp-json\/wp\/v2\/tags?post=21459"}],"curies":[{"name":"wp","href":"https:\/\/api.w.org\/{rel}","templated":true}]}}