{"id":21478,"date":"2014-06-27T19:57:21","date_gmt":"2014-06-27T19:57:21","guid":{"rendered":"http:\/\/www.tvcnoticias.com.ar\/?p=21478"},"modified":"2014-06-27T19:57:21","modified_gmt":"2014-06-27T19:57:21","slug":"la-corte-suprema-de-justicia-recibe-a-la-economia-solidaria","status":"publish","type":"post","link":"https:\/\/www.celttv.com.ar\/index.php\/2014\/06\/27\/la-corte-suprema-de-justicia-recibe-a-la-economia-solidaria\/","title":{"rendered":"LA CORTE SUPREMA DE JUSTICIA RECIBE A LA ECONOMIA SOLIDARIA"},"content":{"rendered":"<p><a rel=\"attachment wp-att-21479\" href=\"http:\/\/www.tvcnoticias.com.ar\/?attachment_id=21479\"><img loading=\"lazy\" decoding=\"async\" class=\"aligncenter size-medium wp-image-21479\" title=\"P1000229 (Medium)\" src=\"http:\/\/www.tvcnoticias.com.ar\/wp-content\/uploads\/2014\/06\/P1000229-Medium-450x337.jpg\" alt=\"\" width=\"450\" height=\"337\" \/><\/a>El Presidente de la Corte Suprema de Justicia de la Naci\u00f3n, Ricardo Lorenzetti, recibi\u00f3 ayer a las autoridades nacionales de la Econom\u00eda Social y Solidaria de la Rep\u00fablica Argentina en la que fue una jornada hist\u00f3rica de acercamiento entre el sector solidario y un poder del Estado. El encuentro se enmarca en la pretensi\u00f3n de las cooperativas, mutuales y pymes del pa\u00eds de trasladar a las diferentes fuerzas del Estado, en este caso al poder judicial, la forma en la que las entidades solidarias entienden la sociedad y c\u00f3mo \u00e9sta debe desarrollarse en la Argentina. Adem\u00e1s, supone un avance muy importante para visibilizar al movimiento dentro de una instituci\u00f3n estatal.<br \/>\nEn el encuentro estuvieron presentes la mayor\u00eda de representantes de la Mesa Nacional de la Econom\u00eda Solidaria, como Jos\u00e9 Orbaiceta y Ariel Guarco, de la Confederaci\u00f3n de Cooperativas de la Rep\u00fablica Argentina (Cooperar); Alejandro Russo, presidente de la Confederaci\u00f3n Argentina de Mutualidades (CAM); Carlos Iannizzotto, de Coninagro; Rosa Rodr\u00edguez, de Conam; Nahum Mirad, de la Usina de Medios; entre otras autoridades del sector y dirigentes del Instituto de Promoci\u00f3n de la Econom\u00eda Solidaria (IPES).<br \/>\n&#8220;Hemos establecido el inicio de un di\u00e1logo institucional con la Corte Suprema de Justicia en funci\u00f3n de la construcci\u00f3n de una sociedad mejor&#8221;, explic\u00f3 al IPES Jos\u00e9 Orbaiceta, representante de la Mesa Nacional de la Econom\u00eda Solidaria. &#8220;Lo que buscamos en este tipo de encuentros con los poderes del Estado es que se creen las condiciones para un mejor desarrollo de la econom\u00eda social y solidaria, y que entiendan qu\u00e9 tipo de empresas somos&#8221;, precis\u00f3 Orbaiceta.<br \/>\nEn esta misma l\u00ednea, el presidente de Cooperar y miembro de la Alianza Cooperativa Internacional (ACI), Ariel Guarco, expres\u00f3 al fin del encuentro: &#8220;Es una jornada hist\u00f3rica porque hemos podido contarle al presidente de la Corte Suprema de Justicia qu\u00e9 sociedad queremos construir&#8221;. Tales di\u00e1logos responden, seg\u00fan Guarco, a la necesidad de &#8220;trazar l\u00edneas de trabajo con las diferentes instancias del Estado y otras alianzas estrat\u00e9gicas que ayuden a desarrollar el potencial que tiene el sector de la econom\u00eda solidaria&#8221;.<br \/>\nTambi\u00e9n el presidente de la CAM, Alejandro Russo, consider\u00f3 la invitaci\u00f3n del Presidente de la Corte Suprema de Justicia un acontecimiento de trascendencia que denota un mensaje claro: &#8220;la interrelaci\u00f3n entre un poder muy importante del Estado, como es el poder judicial, con la sociedad&#8221;. Y a\u00f1adi\u00f3: &#8220;El sector ha tenido la oportunidad de volcar las inquietudes, mostrarle al presidente todo lo que hace el sector y nos encontramos ante un hombre abierto que estuvo dispuesto a escuchar la problem\u00e1tica de nuestra econom\u00eda&#8221;.<br \/>\n&nbsp;<br \/>\n&nbsp;<br \/>\n&nbsp;<br \/>\n&nbsp;<br \/>\nA este respecto, el coordinador de la Usina de Medios, Nahum Mirad, con el soporte del presidente de Dypra, Jorge Conalbi, quiso explicarle al Presidente de la Corte de Justicia la &#8220;distorsionada visibilidad&#8221; que se tiene del sector de la Econom\u00eda Solidaria. En palabras de Mirad, la escasa visibilidad &#8220;tiene que ver con el desconocimiento que existe en la sociedad y en los poderes del Estado de lo que es el acto cooperativo&#8221;.<br \/>\nLorenzetti, tal y como defendieron los representantes del sector, se mostr\u00f3 dispuesto a incrementar los v\u00ednculos con las entidades solidarias a trav\u00e9s de la participaci\u00f3n en congresos y jornadas tanto del sector como de aquellos organizados por el poder judicial.<br \/>\n&#8220;El futuro se muestra interesante porque hemos establecido un puente con uno de los poderes fundamentales del pa\u00eds para que nuestra realidad econ\u00f3mica y social sea interpretada en las leyes y fallos judiciales&#8221;, opin\u00f3\u00a0Carlos Iannizzotto. &#8220;Es un salto de entendimiento con el poder judicial que beneficiar\u00e1 al sector&#8221;, sentenci\u00f3.<br \/>\n&nbsp;<br \/>\n&nbsp;<\/p>\n","protected":false},"excerpt":{"rendered":"<p>El Presidente de la Corte Suprema de Justicia de la Naci\u00f3n, Ricardo Lorenzetti, recibi\u00f3 ayer a las autoridades nacionales de la Econom\u00eda Social y Solidaria de la Rep\u00fablica Argentina en la que fue una jornada hist\u00f3rica de acercamiento entre el sector solidario y un poder del Estado. El encuentro se enmarca en la pretensi\u00f3n de [&hellip;]<\/p>\n","protected":false},"author":1,"featured_media":0,"comment_status":"closed","ping_status":"open","sticky":false,"template":"","format":"standard","meta":{"footnotes":""},"categories":[51,52,53],"tags":[],"class_list":["post-21478","post","type-post","status-publish","format-standard","hentry","category-comunidad","category-destacadas","category-politica"],"yoast_head":"<!-- This site is optimized with the Yoast SEO plugin v19.7.1 - https:\/\/yoast.com\/wordpress\/plugins\/seo\/ -->\n<title>LA CORTE SUPREMA DE JUSTICIA RECIBE A LA ECONOMIA SOLIDARIA - CELTTV<\/title>\n<meta name=\"description\" content=\"Sitio web de noticias de la localidad de Tornquist, provincia de Buenos Aires, Rep\u00fablica Argentina. Contenido propio originado por periodistas de CELTTV, el canal de TV local de la Cooperativa El\u00e9ctrica de Tornquist. Turismo, Pol\u00edtica, Sociedad, Deporte, Cultura y todo el contenido de inter\u00e9s general que la gente del pueblo y la regi\u00f3n debe conocer.\" \/>\n<meta name=\"robots\" content=\"index, follow, max-snippet:-1, max-image-preview:large, max-video-preview:-1\" \/>\n<link rel=\"canonical\" href=\"https:\/\/www.celttv.com.ar\/index.php\/2014\/06\/27\/la-corte-suprema-de-justicia-recibe-a-la-economia-solidaria\/\" \/>\n<meta property=\"og:locale\" content=\"es_ES\" \/>\n<meta property=\"og:type\" content=\"article\" \/>\n<meta property=\"og:title\" content=\"LA CORTE SUPREMA DE JUSTICIA RECIBE A LA ECONOMIA SOLIDARIA - CELTTV\" \/>\n<meta property=\"og:description\" content=\"Sitio web de noticias de la localidad de Tornquist, provincia de Buenos Aires, Rep\u00fablica Argentina. Contenido propio originado por periodistas de CELTTV, el canal de TV local de la Cooperativa El\u00e9ctrica de Tornquist. Turismo, Pol\u00edtica, Sociedad, Deporte, Cultura y todo el contenido de inter\u00e9s general que la gente del pueblo y la regi\u00f3n debe conocer.\" \/>\n<meta property=\"og:url\" content=\"https:\/\/www.celttv.com.ar\/index.php\/2014\/06\/27\/la-corte-suprema-de-justicia-recibe-a-la-economia-solidaria\/\" \/>\n<meta property=\"og:site_name\" content=\"CELTTV\" \/>\n<meta property=\"article:publisher\" content=\"https:\/\/www.facebook.com\/celtTV\/\" \/>\n<meta property=\"article:published_time\" content=\"2014-06-27T19:57:21+00:00\" \/>\n<meta property=\"og:image\" content=\"http:\/\/www.tvcnoticias.com.ar\/wp-content\/uploads\/2014\/06\/P1000229-Medium-450x337.jpg\" \/>\n<meta name=\"author\" content=\"ulises\" \/>\n<meta name=\"twitter:card\" content=\"summary_large_image\" \/>\n<meta name=\"twitter:label1\" content=\"Escrito por\" \/>\n\t<meta name=\"twitter:data1\" content=\"ulises\" \/>\n\t<meta name=\"twitter:label2\" content=\"Tiempo de lectura\" \/>\n\t<meta name=\"twitter:data2\" content=\"3 minutos\" \/>\n<script type=\"application\/ld+json\" class=\"yoast-schema-graph\">{\"@context\":\"https:\/\/schema.org\",\"@graph\":[{\"@type\":\"NewsArticle\",\"@id\":\"https:\/\/www.celttv.com.ar\/index.php\/2014\/06\/27\/la-corte-suprema-de-justicia-recibe-a-la-economia-solidaria\/#article\",\"isPartOf\":{\"@id\":\"https:\/\/www.celttv.com.ar\/index.php\/2014\/06\/27\/la-corte-suprema-de-justicia-recibe-a-la-economia-solidaria\/\"},\"author\":{\"name\":\"ulises\",\"@id\":\"https:\/\/www.celttv.com.ar\/#\/schema\/person\/6d99c072dba59953809c81446e9d0ace\"},\"headline\":\"LA CORTE SUPREMA DE JUSTICIA RECIBE A LA ECONOMIA SOLIDARIA\",\"datePublished\":\"2014-06-27T19:57:21+00:00\",\"dateModified\":\"2014-06-27T19:57:21+00:00\",\"mainEntityOfPage\":{\"@id\":\"https:\/\/www.celttv.com.ar\/index.php\/2014\/06\/27\/la-corte-suprema-de-justicia-recibe-a-la-economia-solidaria\/\"},\"wordCount\":643,\"publisher\":{\"@id\":\"https:\/\/www.celttv.com.ar\/#organization\"},\"articleSection\":[\"Comunidad\",\"Destacadas\",\"Pol\u00edtica\"],\"inLanguage\":\"es\"},{\"@type\":\"WebPage\",\"@id\":\"https:\/\/www.celttv.com.ar\/index.php\/2014\/06\/27\/la-corte-suprema-de-justicia-recibe-a-la-economia-solidaria\/\",\"url\":\"https:\/\/www.celttv.com.ar\/index.php\/2014\/06\/27\/la-corte-suprema-de-justicia-recibe-a-la-economia-solidaria\/\",\"name\":\"LA CORTE SUPREMA DE JUSTICIA RECIBE A LA ECONOMIA SOLIDARIA - CELTTV\",\"isPartOf\":{\"@id\":\"https:\/\/www.celttv.com.ar\/#website\"},\"datePublished\":\"2014-06-27T19:57:21+00:00\",\"dateModified\":\"2014-06-27T19:57:21+00:00\",\"description\":\"Sitio web de noticias de la localidad de Tornquist, provincia de Buenos Aires, Rep\u00fablica Argentina. Contenido propio originado por periodistas de CELTTV, el canal de TV local de la Cooperativa El\u00e9ctrica de Tornquist. Turismo, Pol\u00edtica, Sociedad, Deporte, Cultura y todo el contenido de inter\u00e9s general que la gente del pueblo y la regi\u00f3n debe conocer.\",\"breadcrumb\":{\"@id\":\"https:\/\/www.celttv.com.ar\/index.php\/2014\/06\/27\/la-corte-suprema-de-justicia-recibe-a-la-economia-solidaria\/#breadcrumb\"},\"inLanguage\":\"es\",\"potentialAction\":[{\"@type\":\"ReadAction\",\"target\":[\"https:\/\/www.celttv.com.ar\/index.php\/2014\/06\/27\/la-corte-suprema-de-justicia-recibe-a-la-economia-solidaria\/\"]}]},{\"@type\":\"BreadcrumbList\",\"@id\":\"https:\/\/www.celttv.com.ar\/index.php\/2014\/06\/27\/la-corte-suprema-de-justicia-recibe-a-la-economia-solidaria\/#breadcrumb\",\"itemListElement\":[{\"@type\":\"ListItem\",\"position\":1,\"name\":\"Inicio\",\"item\":\"https:\/\/www.celttv.com.ar\/\"},{\"@type\":\"ListItem\",\"position\":2,\"name\":\"LA CORTE SUPREMA DE JUSTICIA RECIBE A LA ECONOMIA SOLIDARIA\"}]},{\"@type\":\"WebSite\",\"@id\":\"https:\/\/www.celttv.com.ar\/#website\",\"url\":\"https:\/\/www.celttv.com.ar\/\",\"name\":\"CELTTV\",\"description\":\"Cooperativa El\u00e9ctrica de Tornquist\",\"publisher\":{\"@id\":\"https:\/\/www.celttv.com.ar\/#organization\"},\"potentialAction\":[{\"@type\":\"SearchAction\",\"target\":{\"@type\":\"EntryPoint\",\"urlTemplate\":\"https:\/\/www.celttv.com.ar\/?s={search_term_string}\"},\"query-input\":\"required name=search_term_string\"}],\"inLanguage\":\"es\"},{\"@type\":\"Organization\",\"@id\":\"https:\/\/www.celttv.com.ar\/#organization\",\"name\":\"CELTTV\",\"url\":\"https:\/\/www.celttv.com.ar\/\",\"sameAs\":[\"https:\/\/www.youtube.com\/channel\/UCz_oIt8Hig64Ub-EmcNPIhg\",\"https:\/\/www.facebook.com\/celtTV\/\"],\"logo\":{\"@type\":\"ImageObject\",\"inLanguage\":\"es\",\"@id\":\"https:\/\/www.celttv.com.ar\/#\/schema\/logo\/image\/\",\"url\":\"http:\/\/www.celttv.com.ar\/wp-content\/uploads\/2022\/08\/logo-1.png\",\"contentUrl\":\"http:\/\/www.celttv.com.ar\/wp-content\/uploads\/2022\/08\/logo-1.png\",\"width\":461,\"height\":159,\"caption\":\"CELTTV\"},\"image\":{\"@id\":\"https:\/\/www.celttv.com.ar\/#\/schema\/logo\/image\/\"}},{\"@type\":\"Person\",\"@id\":\"https:\/\/www.celttv.com.ar\/#\/schema\/person\/6d99c072dba59953809c81446e9d0ace\",\"name\":\"ulises\",\"image\":{\"@type\":\"ImageObject\",\"inLanguage\":\"es\",\"@id\":\"https:\/\/www.celttv.com.ar\/#\/schema\/person\/image\/\",\"url\":\"https:\/\/secure.gravatar.com\/avatar\/7f2c48bdc33b30088f941fb6082e555f2874c98e20cb159d7b92b50eadfce793?s=96&d=mm&r=g\",\"contentUrl\":\"https:\/\/secure.gravatar.com\/avatar\/7f2c48bdc33b30088f941fb6082e555f2874c98e20cb159d7b92b50eadfce793?s=96&d=mm&r=g\",\"caption\":\"ulises\"},\"sameAs\":[\"http:\/\/www.celttv.com.ar\"]}]}<\/script>\n<!-- \/ Yoast SEO plugin. -->","yoast_head_json":{"title":"LA CORTE SUPREMA DE JUSTICIA RECIBE A LA ECONOMIA SOLIDARIA - CELTTV","description":"Sitio web de noticias de la localidad de Tornquist, provincia de Buenos Aires, Rep\u00fablica Argentina. Contenido propio originado por periodistas de CELTTV, el canal de TV local de la Cooperativa El\u00e9ctrica de Tornquist. Turismo, Pol\u00edtica, Sociedad, Deporte, Cultura y todo el contenido de inter\u00e9s general que la gente del pueblo y la regi\u00f3n debe conocer.","robots":{"index":"index","follow":"follow","max-snippet":"max-snippet:-1","max-image-preview":"max-image-preview:large","max-video-preview":"max-video-preview:-1"},"canonical":"https:\/\/www.celttv.com.ar\/index.php\/2014\/06\/27\/la-corte-suprema-de-justicia-recibe-a-la-economia-solidaria\/","og_locale":"es_ES","og_type":"article","og_title":"LA CORTE SUPREMA DE JUSTICIA RECIBE A LA ECONOMIA SOLIDARIA - CELTTV","og_description":"Sitio web de noticias de la localidad de Tornquist, provincia de Buenos Aires, Rep\u00fablica Argentina. Contenido propio originado por periodistas de CELTTV, el canal de TV local de la Cooperativa El\u00e9ctrica de Tornquist. Turismo, Pol\u00edtica, Sociedad, Deporte, Cultura y todo el contenido de inter\u00e9s general que la gente del pueblo y la regi\u00f3n debe conocer.","og_url":"https:\/\/www.celttv.com.ar\/index.php\/2014\/06\/27\/la-corte-suprema-de-justicia-recibe-a-la-economia-solidaria\/","og_site_name":"CELTTV","article_publisher":"https:\/\/www.facebook.com\/celtTV\/","article_published_time":"2014-06-27T19:57:21+00:00","og_image":[{"url":"http:\/\/www.tvcnoticias.com.ar\/wp-content\/uploads\/2014\/06\/P1000229-Medium-450x337.jpg"}],"author":"ulises","twitter_card":"summary_large_image","twitter_misc":{"Escrito por":"ulises","Tiempo de lectura":"3 minutos"},"schema":{"@context":"https:\/\/schema.org","@graph":[{"@type":"NewsArticle","@id":"https:\/\/www.celttv.com.ar\/index.php\/2014\/06\/27\/la-corte-suprema-de-justicia-recibe-a-la-economia-solidaria\/#article","isPartOf":{"@id":"https:\/\/www.celttv.com.ar\/index.php\/2014\/06\/27\/la-corte-suprema-de-justicia-recibe-a-la-economia-solidaria\/"},"author":{"name":"ulises","@id":"https:\/\/www.celttv.com.ar\/#\/schema\/person\/6d99c072dba59953809c81446e9d0ace"},"headline":"LA CORTE SUPREMA DE JUSTICIA RECIBE A LA ECONOMIA SOLIDARIA","datePublished":"2014-06-27T19:57:21+00:00","dateModified":"2014-06-27T19:57:21+00:00","mainEntityOfPage":{"@id":"https:\/\/www.celttv.com.ar\/index.php\/2014\/06\/27\/la-corte-suprema-de-justicia-recibe-a-la-economia-solidaria\/"},"wordCount":643,"publisher":{"@id":"https:\/\/www.celttv.com.ar\/#organization"},"articleSection":["Comunidad","Destacadas","Pol\u00edtica"],"inLanguage":"es"},{"@type":"WebPage","@id":"https:\/\/www.celttv.com.ar\/index.php\/2014\/06\/27\/la-corte-suprema-de-justicia-recibe-a-la-economia-solidaria\/","url":"https:\/\/www.celttv.com.ar\/index.php\/2014\/06\/27\/la-corte-suprema-de-justicia-recibe-a-la-economia-solidaria\/","name":"LA CORTE SUPREMA DE JUSTICIA RECIBE A LA ECONOMIA SOLIDARIA - CELTTV","isPartOf":{"@id":"https:\/\/www.celttv.com.ar\/#website"},"datePublished":"2014-06-27T19:57:21+00:00","dateModified":"2014-06-27T19:57:21+00:00","description":"Sitio web de noticias de la localidad de Tornquist, provincia de Buenos Aires, Rep\u00fablica Argentina. Contenido propio originado por periodistas de CELTTV, el canal de TV local de la Cooperativa El\u00e9ctrica de Tornquist. Turismo, Pol\u00edtica, Sociedad, Deporte, Cultura y todo el contenido de inter\u00e9s general que la gente del pueblo y la regi\u00f3n debe conocer.","breadcrumb":{"@id":"https:\/\/www.celttv.com.ar\/index.php\/2014\/06\/27\/la-corte-suprema-de-justicia-recibe-a-la-economia-solidaria\/#breadcrumb"},"inLanguage":"es","potentialAction":[{"@type":"ReadAction","target":["https:\/\/www.celttv.com.ar\/index.php\/2014\/06\/27\/la-corte-suprema-de-justicia-recibe-a-la-economia-solidaria\/"]}]},{"@type":"BreadcrumbList","@id":"https:\/\/www.celttv.com.ar\/index.php\/2014\/06\/27\/la-corte-suprema-de-justicia-recibe-a-la-economia-solidaria\/#breadcrumb","itemListElement":[{"@type":"ListItem","position":1,"name":"Inicio","item":"https:\/\/www.celttv.com.ar\/"},{"@type":"ListItem","position":2,"name":"LA CORTE SUPREMA DE JUSTICIA RECIBE A LA ECONOMIA SOLIDARIA"}]},{"@type":"WebSite","@id":"https:\/\/www.celttv.com.ar\/#website","url":"https:\/\/www.celttv.com.ar\/","name":"CELTTV","description":"Cooperativa El\u00e9ctrica de Tornquist","publisher":{"@id":"https:\/\/www.celttv.com.ar\/#organization"},"potentialAction":[{"@type":"SearchAction","target":{"@type":"EntryPoint","urlTemplate":"https:\/\/www.celttv.com.ar\/?s={search_term_string}"},"query-input":"required name=search_term_string"}],"inLanguage":"es"},{"@type":"Organization","@id":"https:\/\/www.celttv.com.ar\/#organization","name":"CELTTV","url":"https:\/\/www.celttv.com.ar\/","sameAs":["https:\/\/www.youtube.com\/channel\/UCz_oIt8Hig64Ub-EmcNPIhg","https:\/\/www.facebook.com\/celtTV\/"],"logo":{"@type":"ImageObject","inLanguage":"es","@id":"https:\/\/www.celttv.com.ar\/#\/schema\/logo\/image\/","url":"http:\/\/www.celttv.com.ar\/wp-content\/uploads\/2022\/08\/logo-1.png","contentUrl":"http:\/\/www.celttv.com.ar\/wp-content\/uploads\/2022\/08\/logo-1.png","width":461,"height":159,"caption":"CELTTV"},"image":{"@id":"https:\/\/www.celttv.com.ar\/#\/schema\/logo\/image\/"}},{"@type":"Person","@id":"https:\/\/www.celttv.com.ar\/#\/schema\/person\/6d99c072dba59953809c81446e9d0ace","name":"ulises","image":{"@type":"ImageObject","inLanguage":"es","@id":"https:\/\/www.celttv.com.ar\/#\/schema\/person\/image\/","url":"https:\/\/secure.gravatar.com\/avatar\/7f2c48bdc33b30088f941fb6082e555f2874c98e20cb159d7b92b50eadfce793?s=96&d=mm&r=g","contentUrl":"https:\/\/secure.gravatar.com\/avatar\/7f2c48bdc33b30088f941fb6082e555f2874c98e20cb159d7b92b50eadfce793?s=96&d=mm&r=g","caption":"ulises"},"sameAs":["http:\/\/www.celttv.com.ar"]}]}},"_links":{"self":[{"href":"https:\/\/www.celttv.com.ar\/index.php\/wp-json\/wp\/v2\/posts\/21478","targetHints":{"allow":["GET"]}}],"collection":[{"href":"https:\/\/www.celttv.com.ar\/index.php\/wp-json\/wp\/v2\/posts"}],"about":[{"href":"https:\/\/www.celttv.com.ar\/index.php\/wp-json\/wp\/v2\/types\/post"}],"author":[{"embeddable":true,"href":"https:\/\/www.celttv.com.ar\/index.php\/wp-json\/wp\/v2\/users\/1"}],"replies":[{"embeddable":true,"href":"https:\/\/www.celttv.com.ar\/index.php\/wp-json\/wp\/v2\/comments?post=21478"}],"version-history":[{"count":0,"href":"https:\/\/www.celttv.com.ar\/index.php\/wp-json\/wp\/v2\/posts\/21478\/revisions"}],"wp:attachment":[{"href":"https:\/\/www.celttv.com.ar\/index.php\/wp-json\/wp\/v2\/media?parent=21478"}],"wp:term":[{"taxonomy":"category","embeddable":true,"href":"https:\/\/www.celttv.com.ar\/index.php\/wp-json\/wp\/v2\/categories?post=21478"},{"taxonomy":"post_tag","embeddable":true,"href":"https:\/\/www.celttv.com.ar\/index.php\/wp-json\/wp\/v2\/tags?post=21478"}],"curies":[{"name":"wp","href":"https:\/\/api.w.org\/{rel}","templated":true}]}}