{"id":21554,"date":"2014-06-30T21:29:48","date_gmt":"2014-06-30T21:29:48","guid":{"rendered":"http:\/\/www.tvcnoticias.com.ar\/?p=21554"},"modified":"2014-06-30T21:29:48","modified_gmt":"2014-06-30T21:29:48","slug":"se-cumplen-40-anos-de-la-desaparicion-de-juan-domingo-peron","status":"publish","type":"post","link":"https:\/\/www.celttv.com.ar\/index.php\/2014\/06\/30\/se-cumplen-40-anos-de-la-desaparicion-de-juan-domingo-peron\/","title":{"rendered":"SE CUMPLEN 40 A\u00d1OS DE LA DESAPARICION DE JUAN DOMINGO PERON"},"content":{"rendered":"<div><a rel=\"attachment wp-att-21555\" href=\"http:\/\/www.tvcnoticias.com.ar\/?attachment_id=21555\"><img loading=\"lazy\" decoding=\"async\" class=\"aligncenter size-medium wp-image-21555\" title=\"Per\u00f3n Vive\" src=\"http:\/\/www.tvcnoticias.com.ar\/wp-content\/uploads\/2014\/06\/Per\u00f3n-Vive-316x450.jpg\" alt=\"\" width=\"316\" height=\"450\" \/><\/a>Al cumplirse 40 a\u00f1os de la desaparici\u00f3n f\u00edsica de quien es nuestro conductor, tres veces Presidente de nuestra Patria y fundador de la doctrina Nacional Justicialista, el Frente Renovador Tornquist comparte en homenaje el siguiente fragmento:<\/div>\n<div>\n&nbsp;<br \/>\n<strong>SER PERONISTA<\/strong><br \/>\n<strong>Ser peronista es ser un militante<\/strong><br \/>\n<strong>de la memoria original que lucha<\/strong><br \/>\n<strong>por llamar a las cosas por sus nombres<\/strong><br \/>\n<strong>y de signos extra\u00f1os liberarlas.<\/strong><br \/>\n<strong> <\/strong><br \/>\n<strong>Ser peronista es ser un habitante<\/strong><br \/>\n<strong>del territorio espiritual guardado<\/strong><br \/>\n<strong>por la frontera Sur del pensamiento<\/strong><br \/>\n<strong>universal, donde la Historia alcanza<\/strong><br \/>\n<strong>la libertad argentina de la Hombr\u00eda.<\/strong><br \/>\n<strong> <\/strong><br \/>\n<strong>Ser peronista es ser un practicante<\/strong><br \/>\n<strong>de la Doctrina Nacional que el Pueblo<\/strong><br \/>\n<strong>construye con la arcilla de sus d\u00edas.<\/strong><br \/>\n<strong> <\/strong><br \/>\n<strong>Ser con Eva Per\u00f3n justicialista<\/strong><br \/>\n<strong>es amar m\u00e1s al Otro, hasta besarlo<\/strong><br \/>\n<strong>en la llaga sangrante de su herida,<\/strong><br \/>\n<strong>aun sabiendo que el odio poderoso<\/strong><br \/>\n<strong>en su cruz imperial te crucifica<\/strong><br \/>\n<strong>y que ser\u00e1s por su calvario infame<\/strong><br \/>\n<strong>m\u00e1s all\u00e1 de la muerte perseguida.<\/strong><br \/>\n<strong> <\/strong><br \/>\n<strong>Ser con Per\u00f3n latinoperonista<\/strong><br \/>\n<strong>es ser un granadero militante<\/strong><br \/>\n<strong>de la verdad Continental, la Causa<\/strong><br \/>\n<strong>Grande de San Mart\u00edn y de Bol\u00edvar<\/strong><br \/>\n<strong>que en cada patria debe estar unida<\/strong><br \/>\n<strong>a la Naci\u00f3n Latinoamericana<\/strong><br \/>\n<strong>donde est\u00e1 el Sur de la Soberan\u00eda.<\/strong><br \/>\n<strong> <\/strong><br \/>\n<strong>Ser con Per\u00f3n latinoperonista<\/strong><br \/>\n<strong>es ser indolatinoperonista<\/strong><br \/>\n<strong>por el pa\u00eds raigal que nos habita<\/strong><br \/>\n<strong>y el paisaje del hombre que habitamos.<\/strong><br \/>\n<strong> <\/strong><br \/>\n<strong>Ser peronista es ser un militante<\/strong><br \/>\n<strong>de la Tercera Posici\u00f3n, surgida<\/strong><br \/>\n<strong>para darle al esp\u00edritu que el hombre<\/strong><br \/>\n<strong>construye con el hombre en compa\u00f1\u00eda,<\/strong><br \/>\n<strong>la Justa Dimensi\u00f3n, la Nueva Cifra<\/strong><br \/>\n<strong>con las que al fin el mundo totalice<\/strong><br \/>\n<strong>su redondez de pueblos, la armon\u00eda<\/strong><br \/>\n<strong>de su esfericidad, donde gravite,<\/strong><br \/>\n<strong>por fuera y por encima juntamente<\/strong><br \/>\n<strong>de tristes latitudes ideol\u00f3gicas,<\/strong><br \/>\n<strong>el alto meridiano de la Vida.<\/strong><br \/>\n<strong> <\/strong><br \/>\n<strong>Ser peronista es descubrir Am\u00e9rica<\/strong><br \/>\n<strong>cubierta por la ley de la conquista;<\/strong><br \/>\n<strong> <\/strong><br \/>\n<strong>Ser peronista es rescatar ya mismo<\/strong><br \/>\n<strong>las Malvinas mentales invadidas;<\/strong><br \/>\n<strong> <\/strong><br \/>\n<strong>Ser peronista es contemplar tu tierra<\/strong><br \/>\n<strong>sin antiparras rojas o amarillas,<\/strong><br \/>\n<strong>esas que te hacen ver tu propia imagen<\/strong><br \/>\n<strong>del color colonial con que las miras.<\/strong><br \/>\n<strong> <\/strong><br \/>\n<strong>Es bueno, Compa\u00f1ero y Compa\u00f1era,<\/strong><br \/>\n<strong>que con la frente en alto te repitas:<\/strong><br \/>\n<strong> <\/strong><br \/>\n<strong>Ser peronista es libertar por dentro<\/strong><br \/>\n<strong>al hombre universal que nos habita.<\/strong><br \/>\n<strong> <\/strong><br \/>\n<strong>OSVALDO GUGLIELMINO\u00a0\/ 1986<\/strong><br \/>\n<strong> <\/strong>\n<\/div>\n<p>&nbsp;<\/p>\n","protected":false},"excerpt":{"rendered":"<p>Al cumplirse 40 a\u00f1os de la desaparici\u00f3n f\u00edsica de quien es nuestro conductor, tres veces Presidente de nuestra Patria y fundador de la doctrina Nacional Justicialista, el Frente Renovador Tornquist comparte en homenaje el siguiente fragmento: &nbsp; SER PERONISTA Ser peronista es ser un militante de la memoria original que lucha por llamar a las [&hellip;]<\/p>\n","protected":false},"author":1,"featured_media":0,"comment_status":"closed","ping_status":"open","sticky":false,"template":"","format":"standard","meta":{"footnotes":""},"categories":[51,52,53],"tags":[],"class_list":["post-21554","post","type-post","status-publish","format-standard","hentry","category-comunidad","category-destacadas","category-politica"],"yoast_head":"<!-- This site is optimized with the Yoast SEO plugin v19.7.1 - https:\/\/yoast.com\/wordpress\/plugins\/seo\/ -->\n<title>SE CUMPLEN 40 A\u00d1OS DE LA DESAPARICION DE JUAN DOMINGO PERON - CELTTV<\/title>\n<meta name=\"description\" content=\"Sitio web de noticias de la localidad de Tornquist, provincia de Buenos Aires, Rep\u00fablica Argentina. Contenido propio originado por periodistas de CELTTV, el canal de TV local de la Cooperativa El\u00e9ctrica de Tornquist. Turismo, Pol\u00edtica, Sociedad, Deporte, Cultura y todo el contenido de inter\u00e9s general que la gente del pueblo y la regi\u00f3n debe conocer.\" \/>\n<meta name=\"robots\" content=\"index, follow, max-snippet:-1, max-image-preview:large, max-video-preview:-1\" \/>\n<link rel=\"canonical\" href=\"https:\/\/www.celttv.com.ar\/index.php\/2014\/06\/30\/se-cumplen-40-anos-de-la-desaparicion-de-juan-domingo-peron\/\" \/>\n<meta property=\"og:locale\" content=\"es_ES\" \/>\n<meta property=\"og:type\" content=\"article\" \/>\n<meta property=\"og:title\" content=\"SE CUMPLEN 40 A\u00d1OS DE LA DESAPARICION DE JUAN DOMINGO PERON - CELTTV\" \/>\n<meta property=\"og:description\" content=\"Sitio web de noticias de la localidad de Tornquist, provincia de Buenos Aires, Rep\u00fablica Argentina. Contenido propio originado por periodistas de CELTTV, el canal de TV local de la Cooperativa El\u00e9ctrica de Tornquist. Turismo, Pol\u00edtica, Sociedad, Deporte, Cultura y todo el contenido de inter\u00e9s general que la gente del pueblo y la regi\u00f3n debe conocer.\" \/>\n<meta property=\"og:url\" content=\"https:\/\/www.celttv.com.ar\/index.php\/2014\/06\/30\/se-cumplen-40-anos-de-la-desaparicion-de-juan-domingo-peron\/\" \/>\n<meta property=\"og:site_name\" content=\"CELTTV\" \/>\n<meta property=\"article:publisher\" content=\"https:\/\/www.facebook.com\/celtTV\/\" \/>\n<meta property=\"article:published_time\" content=\"2014-06-30T21:29:48+00:00\" \/>\n<meta name=\"author\" content=\"ulises\" \/>\n<meta name=\"twitter:card\" content=\"summary_large_image\" \/>\n<meta name=\"twitter:label1\" content=\"Escrito por\" \/>\n\t<meta name=\"twitter:data1\" content=\"ulises\" \/>\n\t<meta name=\"twitter:label2\" content=\"Tiempo de lectura\" \/>\n\t<meta name=\"twitter:data2\" content=\"2 minutos\" \/>\n<script type=\"application\/ld+json\" class=\"yoast-schema-graph\">{\"@context\":\"https:\/\/schema.org\",\"@graph\":[{\"@type\":\"NewsArticle\",\"@id\":\"https:\/\/www.celttv.com.ar\/index.php\/2014\/06\/30\/se-cumplen-40-anos-de-la-desaparicion-de-juan-domingo-peron\/#article\",\"isPartOf\":{\"@id\":\"https:\/\/www.celttv.com.ar\/index.php\/2014\/06\/30\/se-cumplen-40-anos-de-la-desaparicion-de-juan-domingo-peron\/\"},\"author\":{\"name\":\"ulises\",\"@id\":\"https:\/\/www.celttv.com.ar\/#\/schema\/person\/6d99c072dba59953809c81446e9d0ace\"},\"headline\":\"SE CUMPLEN 40 A\u00d1OS DE LA DESAPARICION DE JUAN DOMINGO PERON\",\"datePublished\":\"2014-06-30T21:29:48+00:00\",\"dateModified\":\"2014-06-30T21:29:48+00:00\",\"mainEntityOfPage\":{\"@id\":\"https:\/\/www.celttv.com.ar\/index.php\/2014\/06\/30\/se-cumplen-40-anos-de-la-desaparicion-de-juan-domingo-peron\/\"},\"wordCount\":393,\"publisher\":{\"@id\":\"https:\/\/www.celttv.com.ar\/#organization\"},\"articleSection\":[\"Comunidad\",\"Destacadas\",\"Pol\u00edtica\"],\"inLanguage\":\"es\"},{\"@type\":\"WebPage\",\"@id\":\"https:\/\/www.celttv.com.ar\/index.php\/2014\/06\/30\/se-cumplen-40-anos-de-la-desaparicion-de-juan-domingo-peron\/\",\"url\":\"https:\/\/www.celttv.com.ar\/index.php\/2014\/06\/30\/se-cumplen-40-anos-de-la-desaparicion-de-juan-domingo-peron\/\",\"name\":\"SE CUMPLEN 40 A\u00d1OS DE LA DESAPARICION DE JUAN DOMINGO PERON - CELTTV\",\"isPartOf\":{\"@id\":\"https:\/\/www.celttv.com.ar\/#website\"},\"datePublished\":\"2014-06-30T21:29:48+00:00\",\"dateModified\":\"2014-06-30T21:29:48+00:00\",\"description\":\"Sitio web de noticias de la localidad de Tornquist, provincia de Buenos Aires, Rep\u00fablica Argentina. Contenido propio originado por periodistas de CELTTV, el canal de TV local de la Cooperativa El\u00e9ctrica de Tornquist. Turismo, Pol\u00edtica, Sociedad, Deporte, Cultura y todo el contenido de inter\u00e9s general que la gente del pueblo y la regi\u00f3n debe conocer.\",\"breadcrumb\":{\"@id\":\"https:\/\/www.celttv.com.ar\/index.php\/2014\/06\/30\/se-cumplen-40-anos-de-la-desaparicion-de-juan-domingo-peron\/#breadcrumb\"},\"inLanguage\":\"es\",\"potentialAction\":[{\"@type\":\"ReadAction\",\"target\":[\"https:\/\/www.celttv.com.ar\/index.php\/2014\/06\/30\/se-cumplen-40-anos-de-la-desaparicion-de-juan-domingo-peron\/\"]}]},{\"@type\":\"BreadcrumbList\",\"@id\":\"https:\/\/www.celttv.com.ar\/index.php\/2014\/06\/30\/se-cumplen-40-anos-de-la-desaparicion-de-juan-domingo-peron\/#breadcrumb\",\"itemListElement\":[{\"@type\":\"ListItem\",\"position\":1,\"name\":\"Inicio\",\"item\":\"https:\/\/www.celttv.com.ar\/\"},{\"@type\":\"ListItem\",\"position\":2,\"name\":\"SE CUMPLEN 40 A\u00d1OS DE LA DESAPARICION DE JUAN DOMINGO PERON\"}]},{\"@type\":\"WebSite\",\"@id\":\"https:\/\/www.celttv.com.ar\/#website\",\"url\":\"https:\/\/www.celttv.com.ar\/\",\"name\":\"CELTTV\",\"description\":\"Cooperativa El\u00e9ctrica de Tornquist\",\"publisher\":{\"@id\":\"https:\/\/www.celttv.com.ar\/#organization\"},\"potentialAction\":[{\"@type\":\"SearchAction\",\"target\":{\"@type\":\"EntryPoint\",\"urlTemplate\":\"https:\/\/www.celttv.com.ar\/?s={search_term_string}\"},\"query-input\":\"required name=search_term_string\"}],\"inLanguage\":\"es\"},{\"@type\":\"Organization\",\"@id\":\"https:\/\/www.celttv.com.ar\/#organization\",\"name\":\"CELTTV\",\"url\":\"https:\/\/www.celttv.com.ar\/\",\"sameAs\":[\"https:\/\/www.youtube.com\/channel\/UCz_oIt8Hig64Ub-EmcNPIhg\",\"https:\/\/www.facebook.com\/celtTV\/\"],\"logo\":{\"@type\":\"ImageObject\",\"inLanguage\":\"es\",\"@id\":\"https:\/\/www.celttv.com.ar\/#\/schema\/logo\/image\/\",\"url\":\"http:\/\/www.celttv.com.ar\/wp-content\/uploads\/2022\/08\/logo-1.png\",\"contentUrl\":\"http:\/\/www.celttv.com.ar\/wp-content\/uploads\/2022\/08\/logo-1.png\",\"width\":461,\"height\":159,\"caption\":\"CELTTV\"},\"image\":{\"@id\":\"https:\/\/www.celttv.com.ar\/#\/schema\/logo\/image\/\"}},{\"@type\":\"Person\",\"@id\":\"https:\/\/www.celttv.com.ar\/#\/schema\/person\/6d99c072dba59953809c81446e9d0ace\",\"name\":\"ulises\",\"image\":{\"@type\":\"ImageObject\",\"inLanguage\":\"es\",\"@id\":\"https:\/\/www.celttv.com.ar\/#\/schema\/person\/image\/\",\"url\":\"https:\/\/secure.gravatar.com\/avatar\/7f2c48bdc33b30088f941fb6082e555f2874c98e20cb159d7b92b50eadfce793?s=96&d=mm&r=g\",\"contentUrl\":\"https:\/\/secure.gravatar.com\/avatar\/7f2c48bdc33b30088f941fb6082e555f2874c98e20cb159d7b92b50eadfce793?s=96&d=mm&r=g\",\"caption\":\"ulises\"},\"sameAs\":[\"http:\/\/www.celttv.com.ar\"]}]}<\/script>\n<!-- \/ Yoast SEO plugin. -->","yoast_head_json":{"title":"SE CUMPLEN 40 A\u00d1OS DE LA DESAPARICION DE JUAN DOMINGO PERON - CELTTV","description":"Sitio web de noticias de la localidad de Tornquist, provincia de Buenos Aires, Rep\u00fablica Argentina. Contenido propio originado por periodistas de CELTTV, el canal de TV local de la Cooperativa El\u00e9ctrica de Tornquist. Turismo, Pol\u00edtica, Sociedad, Deporte, Cultura y todo el contenido de inter\u00e9s general que la gente del pueblo y la regi\u00f3n debe conocer.","robots":{"index":"index","follow":"follow","max-snippet":"max-snippet:-1","max-image-preview":"max-image-preview:large","max-video-preview":"max-video-preview:-1"},"canonical":"https:\/\/www.celttv.com.ar\/index.php\/2014\/06\/30\/se-cumplen-40-anos-de-la-desaparicion-de-juan-domingo-peron\/","og_locale":"es_ES","og_type":"article","og_title":"SE CUMPLEN 40 A\u00d1OS DE LA DESAPARICION DE JUAN DOMINGO PERON - CELTTV","og_description":"Sitio web de noticias de la localidad de Tornquist, provincia de Buenos Aires, Rep\u00fablica Argentina. Contenido propio originado por periodistas de CELTTV, el canal de TV local de la Cooperativa El\u00e9ctrica de Tornquist. Turismo, Pol\u00edtica, Sociedad, Deporte, Cultura y todo el contenido de inter\u00e9s general que la gente del pueblo y la regi\u00f3n debe conocer.","og_url":"https:\/\/www.celttv.com.ar\/index.php\/2014\/06\/30\/se-cumplen-40-anos-de-la-desaparicion-de-juan-domingo-peron\/","og_site_name":"CELTTV","article_publisher":"https:\/\/www.facebook.com\/celtTV\/","article_published_time":"2014-06-30T21:29:48+00:00","author":"ulises","twitter_card":"summary_large_image","twitter_misc":{"Escrito por":"ulises","Tiempo de lectura":"2 minutos"},"schema":{"@context":"https:\/\/schema.org","@graph":[{"@type":"NewsArticle","@id":"https:\/\/www.celttv.com.ar\/index.php\/2014\/06\/30\/se-cumplen-40-anos-de-la-desaparicion-de-juan-domingo-peron\/#article","isPartOf":{"@id":"https:\/\/www.celttv.com.ar\/index.php\/2014\/06\/30\/se-cumplen-40-anos-de-la-desaparicion-de-juan-domingo-peron\/"},"author":{"name":"ulises","@id":"https:\/\/www.celttv.com.ar\/#\/schema\/person\/6d99c072dba59953809c81446e9d0ace"},"headline":"SE CUMPLEN 40 A\u00d1OS DE LA DESAPARICION DE JUAN DOMINGO PERON","datePublished":"2014-06-30T21:29:48+00:00","dateModified":"2014-06-30T21:29:48+00:00","mainEntityOfPage":{"@id":"https:\/\/www.celttv.com.ar\/index.php\/2014\/06\/30\/se-cumplen-40-anos-de-la-desaparicion-de-juan-domingo-peron\/"},"wordCount":393,"publisher":{"@id":"https:\/\/www.celttv.com.ar\/#organization"},"articleSection":["Comunidad","Destacadas","Pol\u00edtica"],"inLanguage":"es"},{"@type":"WebPage","@id":"https:\/\/www.celttv.com.ar\/index.php\/2014\/06\/30\/se-cumplen-40-anos-de-la-desaparicion-de-juan-domingo-peron\/","url":"https:\/\/www.celttv.com.ar\/index.php\/2014\/06\/30\/se-cumplen-40-anos-de-la-desaparicion-de-juan-domingo-peron\/","name":"SE CUMPLEN 40 A\u00d1OS DE LA DESAPARICION DE JUAN DOMINGO PERON - CELTTV","isPartOf":{"@id":"https:\/\/www.celttv.com.ar\/#website"},"datePublished":"2014-06-30T21:29:48+00:00","dateModified":"2014-06-30T21:29:48+00:00","description":"Sitio web de noticias de la localidad de Tornquist, provincia de Buenos Aires, Rep\u00fablica Argentina. Contenido propio originado por periodistas de CELTTV, el canal de TV local de la Cooperativa El\u00e9ctrica de Tornquist. Turismo, Pol\u00edtica, Sociedad, Deporte, Cultura y todo el contenido de inter\u00e9s general que la gente del pueblo y la regi\u00f3n debe conocer.","breadcrumb":{"@id":"https:\/\/www.celttv.com.ar\/index.php\/2014\/06\/30\/se-cumplen-40-anos-de-la-desaparicion-de-juan-domingo-peron\/#breadcrumb"},"inLanguage":"es","potentialAction":[{"@type":"ReadAction","target":["https:\/\/www.celttv.com.ar\/index.php\/2014\/06\/30\/se-cumplen-40-anos-de-la-desaparicion-de-juan-domingo-peron\/"]}]},{"@type":"BreadcrumbList","@id":"https:\/\/www.celttv.com.ar\/index.php\/2014\/06\/30\/se-cumplen-40-anos-de-la-desaparicion-de-juan-domingo-peron\/#breadcrumb","itemListElement":[{"@type":"ListItem","position":1,"name":"Inicio","item":"https:\/\/www.celttv.com.ar\/"},{"@type":"ListItem","position":2,"name":"SE CUMPLEN 40 A\u00d1OS DE LA DESAPARICION DE JUAN DOMINGO PERON"}]},{"@type":"WebSite","@id":"https:\/\/www.celttv.com.ar\/#website","url":"https:\/\/www.celttv.com.ar\/","name":"CELTTV","description":"Cooperativa El\u00e9ctrica de Tornquist","publisher":{"@id":"https:\/\/www.celttv.com.ar\/#organization"},"potentialAction":[{"@type":"SearchAction","target":{"@type":"EntryPoint","urlTemplate":"https:\/\/www.celttv.com.ar\/?s={search_term_string}"},"query-input":"required name=search_term_string"}],"inLanguage":"es"},{"@type":"Organization","@id":"https:\/\/www.celttv.com.ar\/#organization","name":"CELTTV","url":"https:\/\/www.celttv.com.ar\/","sameAs":["https:\/\/www.youtube.com\/channel\/UCz_oIt8Hig64Ub-EmcNPIhg","https:\/\/www.facebook.com\/celtTV\/"],"logo":{"@type":"ImageObject","inLanguage":"es","@id":"https:\/\/www.celttv.com.ar\/#\/schema\/logo\/image\/","url":"http:\/\/www.celttv.com.ar\/wp-content\/uploads\/2022\/08\/logo-1.png","contentUrl":"http:\/\/www.celttv.com.ar\/wp-content\/uploads\/2022\/08\/logo-1.png","width":461,"height":159,"caption":"CELTTV"},"image":{"@id":"https:\/\/www.celttv.com.ar\/#\/schema\/logo\/image\/"}},{"@type":"Person","@id":"https:\/\/www.celttv.com.ar\/#\/schema\/person\/6d99c072dba59953809c81446e9d0ace","name":"ulises","image":{"@type":"ImageObject","inLanguage":"es","@id":"https:\/\/www.celttv.com.ar\/#\/schema\/person\/image\/","url":"https:\/\/secure.gravatar.com\/avatar\/7f2c48bdc33b30088f941fb6082e555f2874c98e20cb159d7b92b50eadfce793?s=96&d=mm&r=g","contentUrl":"https:\/\/secure.gravatar.com\/avatar\/7f2c48bdc33b30088f941fb6082e555f2874c98e20cb159d7b92b50eadfce793?s=96&d=mm&r=g","caption":"ulises"},"sameAs":["http:\/\/www.celttv.com.ar"]}]}},"_links":{"self":[{"href":"https:\/\/www.celttv.com.ar\/index.php\/wp-json\/wp\/v2\/posts\/21554","targetHints":{"allow":["GET"]}}],"collection":[{"href":"https:\/\/www.celttv.com.ar\/index.php\/wp-json\/wp\/v2\/posts"}],"about":[{"href":"https:\/\/www.celttv.com.ar\/index.php\/wp-json\/wp\/v2\/types\/post"}],"author":[{"embeddable":true,"href":"https:\/\/www.celttv.com.ar\/index.php\/wp-json\/wp\/v2\/users\/1"}],"replies":[{"embeddable":true,"href":"https:\/\/www.celttv.com.ar\/index.php\/wp-json\/wp\/v2\/comments?post=21554"}],"version-history":[{"count":0,"href":"https:\/\/www.celttv.com.ar\/index.php\/wp-json\/wp\/v2\/posts\/21554\/revisions"}],"wp:attachment":[{"href":"https:\/\/www.celttv.com.ar\/index.php\/wp-json\/wp\/v2\/media?parent=21554"}],"wp:term":[{"taxonomy":"category","embeddable":true,"href":"https:\/\/www.celttv.com.ar\/index.php\/wp-json\/wp\/v2\/categories?post=21554"},{"taxonomy":"post_tag","embeddable":true,"href":"https:\/\/www.celttv.com.ar\/index.php\/wp-json\/wp\/v2\/tags?post=21554"}],"curies":[{"name":"wp","href":"https:\/\/api.w.org\/{rel}","templated":true}]}}