{"id":21576,"date":"2014-07-02T15:04:48","date_gmt":"2014-07-02T15:04:48","guid":{"rendered":"http:\/\/www.tvcnoticias.com.ar\/?p=21576"},"modified":"2014-07-02T15:04:48","modified_gmt":"2014-07-02T15:04:48","slug":"casos-de-muerte-en-menores-de-un-ano-en-el-conurbano-recomendaciones-del-ministerio-de-salud-bonaerense","status":"publish","type":"post","link":"https:\/\/www.celttv.com.ar\/index.php\/2014\/07\/02\/casos-de-muerte-en-menores-de-un-ano-en-el-conurbano-recomendaciones-del-ministerio-de-salud-bonaerense\/","title":{"rendered":"CASOS DE MUERTE EN MENORES DE UN A\u00d1O EN EL CONURBANO: RECOMENDACIONES DEL MINISTERIO DE SALUD BONAERENSE"},"content":{"rendered":"<p>Ante la detecci\u00f3n de cinco casos de muerte de ni\u00f1os menores de un a\u00f1o en la zona norte del Conurbano bonaerense durante el \u00faltimo mes, el Ministerio de Salud de la Provincia de Buenos Aires emiti\u00f3 recomendaciones preventivas.<br \/>\nEn este sentido, el director provincial de Medicina Preventiva, Luis Covetto, sostuvo que \u201ces fundamental el lavado frecuente de manos con agua y jab\u00f3n, sobre todo, despu\u00e9s de ir al ba\u00f1o, antes de preparar alimentos y antes de tomar contacto con un beb\u00e9\u201d.<br \/>\nAdem\u00e1s, agreg\u00f3 que \u201ctan importante como esa medida de higiene es mantener las vacunas de los chicos al d\u00eda y ventilar los ambiente al menos una vez al d\u00eda\u201d.<br \/>\nSi bien las autoridades sanitarias provinciales dijeron que a\u00fan no se arribaron a conclusiones definitivas que prueben que los casos fatales se debieron a la misma enfermedad, recomendaron efectuar la consulta pedi\u00e1trica de rigor toda vez que un ni\u00f1o menor de dos a\u00f1os tenga dificultad respiratoria.<br \/>\n&nbsp;<br \/>\n&nbsp;<\/p>\n","protected":false},"excerpt":{"rendered":"<p>Ante la detecci\u00f3n de cinco casos de muerte de ni\u00f1os menores de un a\u00f1o en la zona norte del Conurbano bonaerense durante el \u00faltimo mes, el Ministerio de Salud de la Provincia de Buenos Aires emiti\u00f3 recomendaciones preventivas. En este sentido, el director provincial de Medicina Preventiva, Luis Covetto, sostuvo que \u201ces fundamental el lavado [&hellip;]<\/p>\n","protected":false},"author":1,"featured_media":0,"comment_status":"closed","ping_status":"open","sticky":false,"template":"","format":"standard","meta":{"footnotes":""},"categories":[51,52,53],"tags":[],"class_list":["post-21576","post","type-post","status-publish","format-standard","hentry","category-comunidad","category-destacadas","category-politica"],"yoast_head":"<!-- This site is optimized with the Yoast SEO plugin v19.7.1 - https:\/\/yoast.com\/wordpress\/plugins\/seo\/ -->\n<title>CASOS DE MUERTE EN MENORES DE UN A\u00d1O EN EL CONURBANO: RECOMENDACIONES DEL MINISTERIO DE SALUD BONAERENSE - CELTTV<\/title>\n<meta name=\"description\" content=\"Sitio web de noticias de la localidad de Tornquist, provincia de Buenos Aires, Rep\u00fablica Argentina. Contenido propio originado por periodistas de CELTTV, el canal de TV local de la Cooperativa El\u00e9ctrica de Tornquist. Turismo, Pol\u00edtica, Sociedad, Deporte, Cultura y todo el contenido de inter\u00e9s general que la gente del pueblo y la regi\u00f3n debe conocer.\" \/>\n<meta name=\"robots\" content=\"index, follow, max-snippet:-1, max-image-preview:large, max-video-preview:-1\" \/>\n<link rel=\"canonical\" href=\"https:\/\/www.celttv.com.ar\/index.php\/2014\/07\/02\/casos-de-muerte-en-menores-de-un-ano-en-el-conurbano-recomendaciones-del-ministerio-de-salud-bonaerense\/\" \/>\n<meta property=\"og:locale\" content=\"es_ES\" \/>\n<meta property=\"og:type\" content=\"article\" \/>\n<meta property=\"og:title\" content=\"CASOS DE MUERTE EN MENORES DE UN A\u00d1O EN EL CONURBANO: RECOMENDACIONES DEL MINISTERIO DE SALUD BONAERENSE - CELTTV\" \/>\n<meta property=\"og:description\" content=\"Sitio web de noticias de la localidad de Tornquist, provincia de Buenos Aires, Rep\u00fablica Argentina. Contenido propio originado por periodistas de CELTTV, el canal de TV local de la Cooperativa El\u00e9ctrica de Tornquist. Turismo, Pol\u00edtica, Sociedad, Deporte, Cultura y todo el contenido de inter\u00e9s general que la gente del pueblo y la regi\u00f3n debe conocer.\" \/>\n<meta property=\"og:url\" content=\"https:\/\/www.celttv.com.ar\/index.php\/2014\/07\/02\/casos-de-muerte-en-menores-de-un-ano-en-el-conurbano-recomendaciones-del-ministerio-de-salud-bonaerense\/\" \/>\n<meta property=\"og:site_name\" content=\"CELTTV\" \/>\n<meta property=\"article:publisher\" content=\"https:\/\/www.facebook.com\/celtTV\/\" \/>\n<meta property=\"article:published_time\" content=\"2014-07-02T15:04:48+00:00\" \/>\n<meta name=\"author\" content=\"ulises\" \/>\n<meta name=\"twitter:card\" content=\"summary_large_image\" \/>\n<meta name=\"twitter:label1\" content=\"Escrito por\" \/>\n\t<meta name=\"twitter:data1\" content=\"ulises\" \/>\n\t<meta name=\"twitter:label2\" content=\"Tiempo de lectura\" \/>\n\t<meta name=\"twitter:data2\" content=\"1 minuto\" \/>\n<script type=\"application\/ld+json\" class=\"yoast-schema-graph\">{\"@context\":\"https:\/\/schema.org\",\"@graph\":[{\"@type\":\"NewsArticle\",\"@id\":\"https:\/\/www.celttv.com.ar\/index.php\/2014\/07\/02\/casos-de-muerte-en-menores-de-un-ano-en-el-conurbano-recomendaciones-del-ministerio-de-salud-bonaerense\/#article\",\"isPartOf\":{\"@id\":\"https:\/\/www.celttv.com.ar\/index.php\/2014\/07\/02\/casos-de-muerte-en-menores-de-un-ano-en-el-conurbano-recomendaciones-del-ministerio-de-salud-bonaerense\/\"},\"author\":{\"name\":\"ulises\",\"@id\":\"https:\/\/www.celttv.com.ar\/#\/schema\/person\/6d99c072dba59953809c81446e9d0ace\"},\"headline\":\"CASOS DE MUERTE EN MENORES DE UN A\u00d1O EN EL CONURBANO: RECOMENDACIONES DEL MINISTERIO DE SALUD BONAERENSE\",\"datePublished\":\"2014-07-02T15:04:48+00:00\",\"dateModified\":\"2014-07-02T15:04:48+00:00\",\"mainEntityOfPage\":{\"@id\":\"https:\/\/www.celttv.com.ar\/index.php\/2014\/07\/02\/casos-de-muerte-en-menores-de-un-ano-en-el-conurbano-recomendaciones-del-ministerio-de-salud-bonaerense\/\"},\"wordCount\":189,\"publisher\":{\"@id\":\"https:\/\/www.celttv.com.ar\/#organization\"},\"articleSection\":[\"Comunidad\",\"Destacadas\",\"Pol\u00edtica\"],\"inLanguage\":\"es\"},{\"@type\":\"WebPage\",\"@id\":\"https:\/\/www.celttv.com.ar\/index.php\/2014\/07\/02\/casos-de-muerte-en-menores-de-un-ano-en-el-conurbano-recomendaciones-del-ministerio-de-salud-bonaerense\/\",\"url\":\"https:\/\/www.celttv.com.ar\/index.php\/2014\/07\/02\/casos-de-muerte-en-menores-de-un-ano-en-el-conurbano-recomendaciones-del-ministerio-de-salud-bonaerense\/\",\"name\":\"CASOS DE MUERTE EN MENORES DE UN A\u00d1O EN EL CONURBANO: RECOMENDACIONES DEL MINISTERIO DE SALUD BONAERENSE - CELTTV\",\"isPartOf\":{\"@id\":\"https:\/\/www.celttv.com.ar\/#website\"},\"datePublished\":\"2014-07-02T15:04:48+00:00\",\"dateModified\":\"2014-07-02T15:04:48+00:00\",\"description\":\"Sitio web de noticias de la localidad de Tornquist, provincia de Buenos Aires, Rep\u00fablica Argentina. Contenido propio originado por periodistas de CELTTV, el canal de TV local de la Cooperativa El\u00e9ctrica de Tornquist. Turismo, Pol\u00edtica, Sociedad, Deporte, Cultura y todo el contenido de inter\u00e9s general que la gente del pueblo y la regi\u00f3n debe conocer.\",\"breadcrumb\":{\"@id\":\"https:\/\/www.celttv.com.ar\/index.php\/2014\/07\/02\/casos-de-muerte-en-menores-de-un-ano-en-el-conurbano-recomendaciones-del-ministerio-de-salud-bonaerense\/#breadcrumb\"},\"inLanguage\":\"es\",\"potentialAction\":[{\"@type\":\"ReadAction\",\"target\":[\"https:\/\/www.celttv.com.ar\/index.php\/2014\/07\/02\/casos-de-muerte-en-menores-de-un-ano-en-el-conurbano-recomendaciones-del-ministerio-de-salud-bonaerense\/\"]}]},{\"@type\":\"BreadcrumbList\",\"@id\":\"https:\/\/www.celttv.com.ar\/index.php\/2014\/07\/02\/casos-de-muerte-en-menores-de-un-ano-en-el-conurbano-recomendaciones-del-ministerio-de-salud-bonaerense\/#breadcrumb\",\"itemListElement\":[{\"@type\":\"ListItem\",\"position\":1,\"name\":\"Inicio\",\"item\":\"https:\/\/www.celttv.com.ar\/\"},{\"@type\":\"ListItem\",\"position\":2,\"name\":\"CASOS DE MUERTE EN MENORES DE UN A\u00d1O EN EL CONURBANO: RECOMENDACIONES DEL MINISTERIO DE SALUD BONAERENSE\"}]},{\"@type\":\"WebSite\",\"@id\":\"https:\/\/www.celttv.com.ar\/#website\",\"url\":\"https:\/\/www.celttv.com.ar\/\",\"name\":\"CELTTV\",\"description\":\"Cooperativa El\u00e9ctrica de Tornquist\",\"publisher\":{\"@id\":\"https:\/\/www.celttv.com.ar\/#organization\"},\"potentialAction\":[{\"@type\":\"SearchAction\",\"target\":{\"@type\":\"EntryPoint\",\"urlTemplate\":\"https:\/\/www.celttv.com.ar\/?s={search_term_string}\"},\"query-input\":\"required name=search_term_string\"}],\"inLanguage\":\"es\"},{\"@type\":\"Organization\",\"@id\":\"https:\/\/www.celttv.com.ar\/#organization\",\"name\":\"CELTTV\",\"url\":\"https:\/\/www.celttv.com.ar\/\",\"sameAs\":[\"https:\/\/www.youtube.com\/channel\/UCz_oIt8Hig64Ub-EmcNPIhg\",\"https:\/\/www.facebook.com\/celtTV\/\"],\"logo\":{\"@type\":\"ImageObject\",\"inLanguage\":\"es\",\"@id\":\"https:\/\/www.celttv.com.ar\/#\/schema\/logo\/image\/\",\"url\":\"http:\/\/www.celttv.com.ar\/wp-content\/uploads\/2022\/08\/logo-1.png\",\"contentUrl\":\"http:\/\/www.celttv.com.ar\/wp-content\/uploads\/2022\/08\/logo-1.png\",\"width\":461,\"height\":159,\"caption\":\"CELTTV\"},\"image\":{\"@id\":\"https:\/\/www.celttv.com.ar\/#\/schema\/logo\/image\/\"}},{\"@type\":\"Person\",\"@id\":\"https:\/\/www.celttv.com.ar\/#\/schema\/person\/6d99c072dba59953809c81446e9d0ace\",\"name\":\"ulises\",\"image\":{\"@type\":\"ImageObject\",\"inLanguage\":\"es\",\"@id\":\"https:\/\/www.celttv.com.ar\/#\/schema\/person\/image\/\",\"url\":\"https:\/\/secure.gravatar.com\/avatar\/7f2c48bdc33b30088f941fb6082e555f2874c98e20cb159d7b92b50eadfce793?s=96&d=mm&r=g\",\"contentUrl\":\"https:\/\/secure.gravatar.com\/avatar\/7f2c48bdc33b30088f941fb6082e555f2874c98e20cb159d7b92b50eadfce793?s=96&d=mm&r=g\",\"caption\":\"ulises\"},\"sameAs\":[\"http:\/\/www.celttv.com.ar\"]}]}<\/script>\n<!-- \/ Yoast SEO plugin. -->","yoast_head_json":{"title":"CASOS DE MUERTE EN MENORES DE UN A\u00d1O EN EL CONURBANO: RECOMENDACIONES DEL MINISTERIO DE SALUD BONAERENSE - CELTTV","description":"Sitio web de noticias de la localidad de Tornquist, provincia de Buenos Aires, Rep\u00fablica Argentina. Contenido propio originado por periodistas de CELTTV, el canal de TV local de la Cooperativa El\u00e9ctrica de Tornquist. Turismo, Pol\u00edtica, Sociedad, Deporte, Cultura y todo el contenido de inter\u00e9s general que la gente del pueblo y la regi\u00f3n debe conocer.","robots":{"index":"index","follow":"follow","max-snippet":"max-snippet:-1","max-image-preview":"max-image-preview:large","max-video-preview":"max-video-preview:-1"},"canonical":"https:\/\/www.celttv.com.ar\/index.php\/2014\/07\/02\/casos-de-muerte-en-menores-de-un-ano-en-el-conurbano-recomendaciones-del-ministerio-de-salud-bonaerense\/","og_locale":"es_ES","og_type":"article","og_title":"CASOS DE MUERTE EN MENORES DE UN A\u00d1O EN EL CONURBANO: RECOMENDACIONES DEL MINISTERIO DE SALUD BONAERENSE - CELTTV","og_description":"Sitio web de noticias de la localidad de Tornquist, provincia de Buenos Aires, Rep\u00fablica Argentina. Contenido propio originado por periodistas de CELTTV, el canal de TV local de la Cooperativa El\u00e9ctrica de Tornquist. Turismo, Pol\u00edtica, Sociedad, Deporte, Cultura y todo el contenido de inter\u00e9s general que la gente del pueblo y la regi\u00f3n debe conocer.","og_url":"https:\/\/www.celttv.com.ar\/index.php\/2014\/07\/02\/casos-de-muerte-en-menores-de-un-ano-en-el-conurbano-recomendaciones-del-ministerio-de-salud-bonaerense\/","og_site_name":"CELTTV","article_publisher":"https:\/\/www.facebook.com\/celtTV\/","article_published_time":"2014-07-02T15:04:48+00:00","author":"ulises","twitter_card":"summary_large_image","twitter_misc":{"Escrito por":"ulises","Tiempo de lectura":"1 minuto"},"schema":{"@context":"https:\/\/schema.org","@graph":[{"@type":"NewsArticle","@id":"https:\/\/www.celttv.com.ar\/index.php\/2014\/07\/02\/casos-de-muerte-en-menores-de-un-ano-en-el-conurbano-recomendaciones-del-ministerio-de-salud-bonaerense\/#article","isPartOf":{"@id":"https:\/\/www.celttv.com.ar\/index.php\/2014\/07\/02\/casos-de-muerte-en-menores-de-un-ano-en-el-conurbano-recomendaciones-del-ministerio-de-salud-bonaerense\/"},"author":{"name":"ulises","@id":"https:\/\/www.celttv.com.ar\/#\/schema\/person\/6d99c072dba59953809c81446e9d0ace"},"headline":"CASOS DE MUERTE EN MENORES DE UN A\u00d1O EN EL CONURBANO: RECOMENDACIONES DEL MINISTERIO DE SALUD BONAERENSE","datePublished":"2014-07-02T15:04:48+00:00","dateModified":"2014-07-02T15:04:48+00:00","mainEntityOfPage":{"@id":"https:\/\/www.celttv.com.ar\/index.php\/2014\/07\/02\/casos-de-muerte-en-menores-de-un-ano-en-el-conurbano-recomendaciones-del-ministerio-de-salud-bonaerense\/"},"wordCount":189,"publisher":{"@id":"https:\/\/www.celttv.com.ar\/#organization"},"articleSection":["Comunidad","Destacadas","Pol\u00edtica"],"inLanguage":"es"},{"@type":"WebPage","@id":"https:\/\/www.celttv.com.ar\/index.php\/2014\/07\/02\/casos-de-muerte-en-menores-de-un-ano-en-el-conurbano-recomendaciones-del-ministerio-de-salud-bonaerense\/","url":"https:\/\/www.celttv.com.ar\/index.php\/2014\/07\/02\/casos-de-muerte-en-menores-de-un-ano-en-el-conurbano-recomendaciones-del-ministerio-de-salud-bonaerense\/","name":"CASOS DE MUERTE EN MENORES DE UN A\u00d1O EN EL CONURBANO: RECOMENDACIONES DEL MINISTERIO DE SALUD BONAERENSE - CELTTV","isPartOf":{"@id":"https:\/\/www.celttv.com.ar\/#website"},"datePublished":"2014-07-02T15:04:48+00:00","dateModified":"2014-07-02T15:04:48+00:00","description":"Sitio web de noticias de la localidad de Tornquist, provincia de Buenos Aires, Rep\u00fablica Argentina. Contenido propio originado por periodistas de CELTTV, el canal de TV local de la Cooperativa El\u00e9ctrica de Tornquist. Turismo, Pol\u00edtica, Sociedad, Deporte, Cultura y todo el contenido de inter\u00e9s general que la gente del pueblo y la regi\u00f3n debe conocer.","breadcrumb":{"@id":"https:\/\/www.celttv.com.ar\/index.php\/2014\/07\/02\/casos-de-muerte-en-menores-de-un-ano-en-el-conurbano-recomendaciones-del-ministerio-de-salud-bonaerense\/#breadcrumb"},"inLanguage":"es","potentialAction":[{"@type":"ReadAction","target":["https:\/\/www.celttv.com.ar\/index.php\/2014\/07\/02\/casos-de-muerte-en-menores-de-un-ano-en-el-conurbano-recomendaciones-del-ministerio-de-salud-bonaerense\/"]}]},{"@type":"BreadcrumbList","@id":"https:\/\/www.celttv.com.ar\/index.php\/2014\/07\/02\/casos-de-muerte-en-menores-de-un-ano-en-el-conurbano-recomendaciones-del-ministerio-de-salud-bonaerense\/#breadcrumb","itemListElement":[{"@type":"ListItem","position":1,"name":"Inicio","item":"https:\/\/www.celttv.com.ar\/"},{"@type":"ListItem","position":2,"name":"CASOS DE MUERTE EN MENORES DE UN A\u00d1O EN EL CONURBANO: RECOMENDACIONES DEL MINISTERIO DE SALUD BONAERENSE"}]},{"@type":"WebSite","@id":"https:\/\/www.celttv.com.ar\/#website","url":"https:\/\/www.celttv.com.ar\/","name":"CELTTV","description":"Cooperativa El\u00e9ctrica de Tornquist","publisher":{"@id":"https:\/\/www.celttv.com.ar\/#organization"},"potentialAction":[{"@type":"SearchAction","target":{"@type":"EntryPoint","urlTemplate":"https:\/\/www.celttv.com.ar\/?s={search_term_string}"},"query-input":"required name=search_term_string"}],"inLanguage":"es"},{"@type":"Organization","@id":"https:\/\/www.celttv.com.ar\/#organization","name":"CELTTV","url":"https:\/\/www.celttv.com.ar\/","sameAs":["https:\/\/www.youtube.com\/channel\/UCz_oIt8Hig64Ub-EmcNPIhg","https:\/\/www.facebook.com\/celtTV\/"],"logo":{"@type":"ImageObject","inLanguage":"es","@id":"https:\/\/www.celttv.com.ar\/#\/schema\/logo\/image\/","url":"http:\/\/www.celttv.com.ar\/wp-content\/uploads\/2022\/08\/logo-1.png","contentUrl":"http:\/\/www.celttv.com.ar\/wp-content\/uploads\/2022\/08\/logo-1.png","width":461,"height":159,"caption":"CELTTV"},"image":{"@id":"https:\/\/www.celttv.com.ar\/#\/schema\/logo\/image\/"}},{"@type":"Person","@id":"https:\/\/www.celttv.com.ar\/#\/schema\/person\/6d99c072dba59953809c81446e9d0ace","name":"ulises","image":{"@type":"ImageObject","inLanguage":"es","@id":"https:\/\/www.celttv.com.ar\/#\/schema\/person\/image\/","url":"https:\/\/secure.gravatar.com\/avatar\/7f2c48bdc33b30088f941fb6082e555f2874c98e20cb159d7b92b50eadfce793?s=96&d=mm&r=g","contentUrl":"https:\/\/secure.gravatar.com\/avatar\/7f2c48bdc33b30088f941fb6082e555f2874c98e20cb159d7b92b50eadfce793?s=96&d=mm&r=g","caption":"ulises"},"sameAs":["http:\/\/www.celttv.com.ar"]}]}},"_links":{"self":[{"href":"https:\/\/www.celttv.com.ar\/index.php\/wp-json\/wp\/v2\/posts\/21576","targetHints":{"allow":["GET"]}}],"collection":[{"href":"https:\/\/www.celttv.com.ar\/index.php\/wp-json\/wp\/v2\/posts"}],"about":[{"href":"https:\/\/www.celttv.com.ar\/index.php\/wp-json\/wp\/v2\/types\/post"}],"author":[{"embeddable":true,"href":"https:\/\/www.celttv.com.ar\/index.php\/wp-json\/wp\/v2\/users\/1"}],"replies":[{"embeddable":true,"href":"https:\/\/www.celttv.com.ar\/index.php\/wp-json\/wp\/v2\/comments?post=21576"}],"version-history":[{"count":0,"href":"https:\/\/www.celttv.com.ar\/index.php\/wp-json\/wp\/v2\/posts\/21576\/revisions"}],"wp:attachment":[{"href":"https:\/\/www.celttv.com.ar\/index.php\/wp-json\/wp\/v2\/media?parent=21576"}],"wp:term":[{"taxonomy":"category","embeddable":true,"href":"https:\/\/www.celttv.com.ar\/index.php\/wp-json\/wp\/v2\/categories?post=21576"},{"taxonomy":"post_tag","embeddable":true,"href":"https:\/\/www.celttv.com.ar\/index.php\/wp-json\/wp\/v2\/tags?post=21576"}],"curies":[{"name":"wp","href":"https:\/\/api.w.org\/{rel}","templated":true}]}}