{"id":21579,"date":"2014-07-02T20:28:38","date_gmt":"2014-07-02T20:28:38","guid":{"rendered":"http:\/\/www.tvcnoticias.com.ar\/?p=21579"},"modified":"2014-07-02T20:28:38","modified_gmt":"2014-07-02T20:28:38","slug":"hcd-presentaron-la-ordenanza-para-el-control-de-los-agroquimicos","status":"publish","type":"post","link":"https:\/\/www.celttv.com.ar\/index.php\/2014\/07\/02\/hcd-presentaron-la-ordenanza-para-el-control-de-los-agroquimicos\/","title":{"rendered":"HCD.: PRESENTARON LA ORDENANZA PARA EL CONTROL DE LOS AGROQUIMICOS"},"content":{"rendered":"<p><span style=\"text-decoration: underline;\"> <\/span><br \/>\n<a rel=\"attachment wp-att-21589\" href=\"http:\/\/www.tvcnoticias.com.ar\/?attachment_id=21589\"><img loading=\"lazy\" decoding=\"async\" class=\"aligncenter size-medium wp-image-21589\" title=\"01-07-14 021arreg (Medium)\" src=\"http:\/\/www.tvcnoticias.com.ar\/wp-content\/uploads\/2014\/07\/01-07-14-021arreg-Medium-450x337.jpg\" alt=\"\" width=\"450\" height=\"337\" \/><\/a><br \/>\n<a href=\"https:\/\/www.youtube.com\/watch?v=7DZQoOxwQZc&amp;list=UU9ZrlaO367JQy-BfovRY5KA\">httpv:\/\/www.youtube.com\/watch?v=7DZQoOxwQZc&amp;list=UU9ZrlaO367JQy-BfovRY5KA<\/a><br \/>\n<strong><span style=\"text-decoration: underline;\">INFORME DE LA  SESI\u00d3N ORDINARIA DE FECHA 01-07-14<\/span><\/strong><br \/>\n<strong> <\/strong><br \/>\n&nbsp;<br \/>\n<strong><span style=\"text-decoration: underline;\">Comunicaciones Oficiales y Dict\u00e1menes de las Comisiones: <\/span><\/strong><br \/>\n<strong> <\/strong><br \/>\n<strong><span style=\"text-decoration: underline;\">Expte. <\/span><\/strong><strong><span style=\"text-decoration: underline;\">N\u00ba 135\/13:<\/span><\/strong> \u201cD.E. \u2013 Convalida\u00a0 la Pr\u00f3rroga del Contrato de Locaci\u00f3n por inmueble en calle C\u00f3rdoba 428 de Bah\u00eda Blanca Residencia Estudiantil\u201d.<br \/>\nPasa a las Comisiones de Presupuesto y Hacienda e Interpretaci\u00f3n y Reglamento.<br \/>\n&nbsp;<br \/>\n<strong><span style=\"text-decoration: underline;\">Expte. <\/span><\/strong><strong><span style=\"text-decoration: underline;\">N\u00ba 203\/14:<\/span><\/strong> \u201cSolicitud de Reconocimiento de Deuda Hospital Italiano Regional del Sur \u2013 A\u00f1o 2013\u201d.<br \/>\nPasa a las Comisiones de Presupuesto y Hacienda, Salud P\u00fablica e Interpretaci\u00f3n y Reglamento.<br \/>\n&nbsp;<br \/>\n<strong><span style=\"text-decoration: underline;\">Expte. <\/span><\/strong><strong><span style=\"text-decoration: underline;\">N\u00ba 221\/14:<\/span><\/strong> \u201cD.E. \u2013 Convalida la firma del Convenio de Adhesi\u00f3n Residuos Patog\u00e9nicos, celebrado entre Soma S.A. y la  Municipalidad de Tornquist\u201d.<br \/>\nSe solicita tratamiento sobre Tablas.<br \/>\nSe aprueba por unanimidad la  Ordenanza bajo el N\u00ba 2678 \/14 por la que se Convalida la firma del Convenio de Adhesi\u00f3n Residuos Patog\u00e9nicos\u00a0 celebrado entre el apoderado de SOMA S.A. Sr. Marcelo G\u00f3mez y la  Municipalidad de Tornquist, representada por el Sr. Intendente Municipal Lic. Gustavo Guillermo Trankels.<br \/>\nLos residuos patog\u00e9nicos son desechos producidos en unidades sanitarias que por su toxicidad y\/o actividad biol\u00f3gica pueden afectar directa o indirectamente a seres vivos y causar contaminaci\u00f3n<br \/>\nLa firma del mencionado convenio tiene por objeto la atenci\u00f3n por parte de SOMA S.A. (empresa especializada en el rubro), de los desechos patog\u00e9nicos generados en los establecimientos dependientes del Hospital Municipal de Tornquist.<br \/>\n&nbsp;<br \/>\n<strong><span style=\"text-decoration: underline;\">Expte. <\/span><\/strong><strong><span style=\"text-decoration: underline;\">N\u00ba 6615\/14:<\/span><\/strong> \u201cBloque F.P.C. y S., C.C. y U.C.R. \u2013 Minuta de Comunicaci\u00f3n: Ref. problem\u00e1tica por los olores emanados de la planta de tratamiento de aguas servidas en la ciudad de Tornquist\u201d.<br \/>\nPasa a las Comisiones de Asuntos Municipales, Obras P\u00fablicas,\u00a0 y Ecolog\u00eda y Medio Ambiente.<br \/>\n&nbsp;<br \/>\n<strong><span style=\"text-decoration: underline;\">Expte. <\/span><\/strong><strong><span style=\"text-decoration: underline;\">N\u00ba 6616\/14:<\/span><\/strong> \u201cBloque F.P.C. y S., C.C. y U.C.R. \u2013 Minuta de Comunicaci\u00f3n: Ref. construcci\u00f3n de rampas de acceso para personas con capacidades diferentes en edificios p\u00fablicos del Distrito\u201d.<br \/>\nPasa a las Comisiones de Asuntos Municipales y Obras P\u00fablicas.<br \/>\n&nbsp;<br \/>\n<strong><span style=\"text-decoration: underline;\">Expte. <\/span><\/strong><strong><span style=\"text-decoration: underline;\">N\u00ba 6618\/14:<\/span><\/strong> \u201cBloque Frente Renovador \u2013 Pedido de Informe: Ref. informe de gastos Fiesta de la Vendimia realizada en Villa Ventana en 2014\u201d.<br \/>\nPasa a la comisi\u00f3n de Presupuesto y Hacienda.<br \/>\n&nbsp;<br \/>\n<strong><span style=\"text-decoration: underline;\">Expte. <\/span><\/strong><strong><span style=\"text-decoration: underline;\">N\u00ba 6621\/14:<\/span><\/strong> \u201cN.P. \u2013 Vecinas de Villa Ventana plantean problem\u00e1tica ref. a utilizaci\u00f3n del predio donde se encuentra la cisterna de agua\u201d.<br \/>\nPasa a las Comisiones de Asuntos Municipales y Obras P\u00fablicas.<br \/>\n&nbsp;<br \/>\n<strong><span style=\"text-decoration: underline;\">Expte. <\/span><\/strong><strong><span style=\"text-decoration: underline;\">N\u00ba 128\/14:<\/span><\/strong> \u201cPte. H.C.D. solicita informe Cuenta Fondo Educativo\u201d.<br \/>\nSe aprueba por unanimidad el dictamen de las Comisiones de Presupuesto y Hacienda, y Asuntos Municipales, que aconseja enviar el mismo a la Contadora  Municipal para que se nos informe oportunamente seg\u00fan lo acordado.-<br \/>\n&nbsp;<br \/>\n<strong><span style=\"text-decoration: underline;\">Expte. <\/span><\/strong><strong><span style=\"text-decoration: underline;\">N\u00ba 6537\/13:<\/span><\/strong> \u201cBloque Coalici\u00f3n C\u00edvica, UDESO, Uni\u00f3n Pro y U.C.R. \u2013 Proyecto de Ordenanza: proh\u00edbe la instalaci\u00f3n de aquellas antenas o estructuras\u00a0 del servicio de telefon\u00eda celular dentro del ejido urbano de cada localidad del Distrito de Tornquist\u201d.<br \/>\nSe aprueba por unanimidad el dictamen de las Comisiones de Obras P\u00fablicas, Interpretaci\u00f3n y Reglamento, y Ecolog\u00eda y Medio Ambiente que aconseja enviar el mismo al Archivo e iniciar otro Proyecto de Ordenanza.-<br \/>\n&nbsp;<br \/>\n<strong><span style=\"text-decoration: underline;\">Expte. <\/span><\/strong><strong><span style=\"text-decoration: underline;\">N\u00ba 6611\/14:<\/span><\/strong> \u201cN.P. \u2013 C\u00e1mara de Comercio Industria y Turismo Ernesto Tornquist: Modificaci\u00f3n Corredor Comercial alrededor de la Plaza Ernesto Tornquist\u201d.<br \/>\nSe aprueba por unanimidad el dictamen de las Comisiones de Obras P\u00fablicas e Interpretaci\u00f3n y Reglamento que aconsejan enviar el mismo al Archivo.-<br \/>\n&nbsp;<br \/>\n<strong><span style=\"text-decoration: underline;\">Expte. <\/span><\/strong><strong><span style=\"text-decoration: underline;\">N\u00ba 6613\/14:<\/span><\/strong> \u201cN.P. \u2013 Horacio Milano: Solicita informe del estado del \u201cProyecto Medio Ambiente Sustentable\u201d presentado al Intendente Municipal\u201d.<br \/>\nSe aprueba por unanimidad el dictamen de la Comisi\u00f3n de Asuntos Municipales que aconseja enviar el mismo al Archivo, y por nota de Secretar\u00eda enviar al Sr. Milano la informaci\u00f3n requerida.-<br \/>\n&nbsp;<br \/>\n<strong><span style=\"text-decoration: underline;\">Expte. <\/span><\/strong><strong><span style=\"text-decoration: underline;\">N\u00ba 6624\/14:<\/span><\/strong> \u201cN.P. \u2013 Vecino De Tornquist: Solicitan la continuidad del Dr. Pablo Rusconi en el Hospital Municipal\u201d.<br \/>\nSe aprueba por unanimidad el dictamen de las Comisiones de<strong> <\/strong>Salud P\u00fablica y Asuntos Municipales que \u00a0aconseja enviar el mismo a las Secretar\u00edas de Salud y Bromatolog\u00eda para que respondan sobre los motivos de la no renovaci\u00f3n del Contrato de trabajo al Dr. Pablo Rusconi.-<br \/>\n&nbsp;<br \/>\n<strong><span style=\"text-decoration: underline;\">Expte. <\/span><\/strong><strong><span style=\"text-decoration: underline;\">N\u00ba 6626\/14:<\/span><\/strong><strong> <\/strong>\u201cBloque F.P.C. y S. , Coalici\u00f3n C\u00edvica y U.C.R. \u2013 Minuta de Comunicaci\u00f3n: Solicita al Ejecutivo Municipal la creaci\u00f3n de un registro de personas beneficiadas con el Plan Pro.Cre.Ar y que no sean propietarios de terrenos\u201d.<br \/>\nSe aprueba por unanimidad el dictamen de las Comisiones de Obras P\u00fablicas, Asuntos Municipales, e Interpretaci\u00f3n y Reglamento, que aconseja enviar el mismo a Obras P\u00fablicas para informar sobre la Minuta de Comunicaci\u00f3n \u00a0y act\u00fae en consecuencia-<br \/>\n&nbsp;<br \/>\n<strong><span style=\"text-decoration: underline;\">Expte. <\/span><\/strong><strong><span style=\"text-decoration: underline;\">N\u00ba 6628\/14:<\/span><\/strong> \u201cN.P. \u2013 PUAF, Sierra de la Ventana: Solicita colaboraci\u00f3n con materiales de construcci\u00f3n para comenzar el emplazamiento de caniles para albergar mascotas en adopci\u00f3n y\/o tr\u00e1nsito\u201d.<br \/>\nSe aprueba por unanimidad el dictamen de la Comisi\u00f3n de<strong> <\/strong>Obras P\u00fablicas que aconseja enviar el mismo a la Direcci\u00f3n de Bromatolog\u00eda para que en funci\u00f3n a lo establecido en reuni\u00f3n con este Cuerpo Deliberativo de respuesta a lo planteado.<br \/>\n&nbsp;<br \/>\n<strong><span style=\"text-decoration: underline;\">Expte. <\/span><\/strong><strong><span style=\"text-decoration: underline;\">N\u00ba 6629\/14:<\/span><\/strong> \u201cN.P. \u2013 Cooperativa de Agua Potable y Otros Servicios B\u00ba Parque Golf Ltda. Sierra de la Ventana: Solicita exenci\u00f3n de Tasa Municipal para los lotes Partida N\u00ba 5591 Y 8262\u201d.<br \/>\nSe aprueba por unanimidad el dictamen de la Comisi\u00f3n de Presupuesto y Hacienda que aconseja enviar el mismo al \u00e1rea que corresponda para que analice y emita la respuesta correspondiente.-<br \/>\n&nbsp;<br \/>\n<strong><span style=\"text-decoration: underline;\">Expte. <\/span><\/strong><strong><span style=\"text-decoration: underline;\">N\u00ba 6630\/14:<\/span><\/strong> \u201cONG Ambiente Comarca: Ref. Basurero a cielo abierto de Tornquist\u201d.<br \/>\nSe aprueba por unanimidad el dictamen de la Comisi\u00f3n de<strong> <\/strong>Ecolog\u00eda y Medio Ambiente que<strong> <\/strong>aconseja enviar el mismo a la Secretar\u00eda de Producci\u00f3n y Medio Ambiente para que se expida al respecto.-<br \/>\n&nbsp;<br \/>\n<strong><span style=\"text-decoration: underline;\">Expte. <\/span><\/strong><strong><span style=\"text-decoration: underline;\">N\u00ba 6631\/14:<\/span><\/strong> \u201cN.P. &#8211;\u00a0 Asociaci\u00f3n de Fomento de Chasic\u00f3: Problem\u00e1tica planteada por vecinos ante la necesidad de contar con terrenos para edificar sus viviendas en la  Localidad\u201d.<br \/>\nSe aprueba por unanimidad el dictamen de las Comisiones de Obras P\u00fablicas y Asuntos Municipales que \u00a0aconseja enviar el mismo a Obras P\u00fablicas para que desde esa Secretar\u00eda se le d\u00e9 contestaci\u00f3n a la Asociaci\u00f3n de Fomento de Chasic\u00f3 ante la petici\u00f3n de vecinos que solicitan la necesidad de compra de terrenos municipales.-<br \/>\n&nbsp;<br \/>\n<strong><span style=\"text-decoration: underline;\">Proyectos Presentados<\/span><\/strong><br \/>\n<strong><span style=\"text-decoration: underline;\"> <\/span><\/strong><br \/>\n<strong><span style=\"text-decoration: underline;\">Bloque Frente para la Victoria &#8211; Proyecto de Ordenanza:<\/span><\/strong> Por la importancia que reviste la preservaci\u00f3n, conservaci\u00f3n, recuperaci\u00f3n y mejoramiento del arbolado p\u00fablico urbano, suburbano y rural, establecer la adhesi\u00f3n de\u00a0 la Municipalidad de Tornquist a\u00a0 la Ley Provincial 12276\/99 y su Decreto Reglamentario N\u00ba 2386\/03, a los fines que el Departamento Ejecutivo elabore un anteproyecto denominado \u201cPlan Regulador de Arbolado P\u00fablico\u201d.<br \/>\nSe solicita la formaci\u00f3n de Expediente y el pase a Comisi\u00f3n.<br \/>\n&nbsp;<br \/>\n<strong><span style=\"text-decoration: underline;\">Bloque Frente para la Victoria &#8211; Proyecto de Ordenanza:<\/span><\/strong> Declarar el \u00faltimo domingo del mes de Septiembre de cada a\u00f1o como \u201cD\u00eda del Pastor Evang\u00e9lico\u201d, en adhesi\u00f3n al Mes Universal de la Santa Biblia.<br \/>\nSe solicita la formaci\u00f3n de Expediente y el pase a Comisi\u00f3n.<br \/>\n&nbsp;<br \/>\n<strong><span style=\"text-decoration: underline;\">Bloques Frente para la Victoria y Frente Renovador \u2013 Proyecto de Ordenanza: <\/span><\/strong>Reglamentar el correcto manejo de agroqu\u00edmicos, ante la \u00a0necesidad de proteger la salud de la poblaci\u00f3n, evaluando riesgos y beneficios de su utilizaci\u00f3n, y adecuando la legislaci\u00f3n de nuestro distrito a las normas provinciales y nacionales.<br \/>\nSe solicita la formaci\u00f3n de Expediente y el pase a Comisi\u00f3n.<br \/>\n&nbsp;<br \/>\n<strong><span style=\"text-decoration: underline;\">Asuntos Particulares<\/span><\/strong><br \/>\n<strong><span style=\"text-decoration: underline;\"> <\/span><\/strong><br \/>\n<strong><span style=\"text-decoration: underline;\">N.P. Sr. Rodrigo Sgammini- T\u00e9cnico Superior en Comunicaci\u00f3n Social: <\/span><\/strong>Como periodista, productor y realizador del documental \u201cMalvinas: Una historia de h\u00e9roes\u201d, solicita a los Ediles del H.C.D. que este trabajo sea declarado de Inter\u00e9s Cultural e Hist\u00f3rico.<br \/>\nSe solicita formaci\u00f3n de Expediente y el pase a Comisi\u00f3n.<br \/>\n&nbsp;<br \/>\n<strong><span style=\"text-decoration: underline;\">N.P. Mar\u00eda Ofelia Skolak, Presidente Bloque Frente para la  Victoria; Noel\u00ed Kloster, Presidente Bloque Frente Renovador- <\/span><\/strong>Solicita convocar a reuni\u00f3n a representantes de las distintas instituciones y organismos que integraron la mesa conformada en el a\u00f1o 2013, para la formulaci\u00f3n del Proyecto de Ordenanza de uso y control de aplicaci\u00f3n de agroqu\u00edmicos.<br \/>\nSe solicita adjuntar la nota al Expediente que se armar\u00e1 con el Proyecto de Ordenanza, e invitar a las autoridades del \u00c1rea de Salud a esa reuni\u00f3n.<br \/>\n&nbsp;<br \/>\nLos Concejales hacen uso de la palabra:<br \/>\n&nbsp;<br \/>\nConcejal Kloster Noel\u00ed:<br \/>\n\u201cAnte los hechos delictivos ocurridos \u00faltimamente en el distrito, m\u00e1s espec\u00edficamente en Sierra de la Ventana, tuve la oportunidad de hablar con el Secretario de Seguridad para informarme acerca de si las c\u00e1maras funcionaban en ese momento que ocurrieron los hechos. Fue comprobado que s\u00ed, que las c\u00e1maras funcionaban, o sea que hay registro de al menos de los hechos, quiz\u00e1 no lo que ocurri\u00f3 dentro de las viviendas, pero bueno, por lo menos en el exterior. De todos modos, considero desde este Bloque, que no es suficiente que se nos diga que las c\u00e1maras estaban funcionando y que siguen funcionando, cuando en realidad el centro de monitoreo que es el que realmente nos brindar\u00eda en tiempo real la informaci\u00f3n que se necesita para poder dilucidar estos hechos, no est\u00e1 funcionando, el centro de monitoreo ni en Tornquist, ni en Sierra de la Ventana. De manera tal que si bien las c\u00e1maras, vuelvo a reiterar, est\u00e1n funcionando, la informaci\u00f3n de los hechos delictivos llega tarde, que es a partir del momento que se puede observar las grabaciones. Esto significa que vamos detr\u00e1s del problema, \u00a0y desde este Bloque creo que esto trae dos aspectos como consecuencia, el hecho de que los centros de monitoreo no est\u00e9n funcionando, uno, el tiempo, porque al estar funcionando se tomar\u00edan medidas, la polic\u00eda actuar\u00eda inmediatamente, y se podr\u00eda dilucidar los delitos, encontrar a quienes lo han cometido. Y en segundo t\u00e9rmino, la parte econ\u00f3mica, porque al tener el registro en tiempo real se evitar\u00eda de pronto que polic\u00eda de la ciudad de Bah\u00eda Blanca tuviera que viajar, y otros gastos que seguramente se originan, solamente por el hecho de que el centro o los centros de monitoreo no est\u00e9n funcionando. Yo quisiera, si es posible Sr. Presidente, que se mocione desde este Cuerpo Deliberativo, para que desde Presidencia se env\u00ede una nota a quien corresponda y ver si podemos obtener alguna respuesta ante esta solicitud. Gracias Sr. Presidente\u201d.<br \/>\n&nbsp;<br \/>\nSe aprueba por unanimidad la moci\u00f3n de la Concejal Kloster.<br \/>\n&nbsp;<br \/>\nConcejal Gabella Ezequiel:<br \/>\n\u201cVeo con agrado que a veces de forma casual se da una cierta sinton\u00eda, sin quererlo, entre los concejales, que por ah\u00ed uno recoge las problem\u00e1ticas de las distintas localidades y se da cuenta que sin importar el partido pol\u00edtico a quien represente, los vecinos tiene los mismos reclamos, \u00bfno? Digo esto porque hab\u00eda estado hablando con el resto de los compa\u00f1eros de Bloque, de que \u00edbamos a intentar instalar el tema de la falta del centro de monitoreo, as\u00ed que est\u00e1 muy bueno que Noel\u00ed lo haya tra\u00eddo como tema de conversaci\u00f3n, por ah\u00ed val\u00eda la pena aclarar algunas cifras o n\u00fameros como para ilustrar un poco esta cuesti\u00f3n, \u00bfno? La ordenanza de la creaci\u00f3n del centro de monitoreo data del 1\u00ba de octubre de 2013, han pasado nueve meses desde que se tom\u00f3 la decisi\u00f3n de crear el centro de monitoreo. Agregado a eso desde los bloques Coalici\u00f3n C\u00edvica, Uni\u00f3n C\u00edvica Radical, y Frente Progresista C\u00edvico y Social, propusimos que las vacantes que se crea para ocupar los cargos de las personas que van a monitorear las c\u00e1maras sean ocupados por personas con discapacidad, y de esta manera dar cumplimiento a una ordenanza, o mejor dicho a una ley provincial que exige un determinado porcentaje de los empleados municipales que tiene que ser personas con discapacidad. Me parece que nueve meses es mucho tiempo, m\u00e1xime tomando en cuenta que lo m\u00e1s dif\u00edcil de conseguir en este caso es lograr la erogaci\u00f3n econ\u00f3mica. La aparatolog\u00eda que est\u00e1 instalada en el Distrito de Tornquist est\u00e1 valuada aproximadamente a valores reales al d\u00eda de hoy, en un mill\u00f3n de pesos. Es much\u00edsimo dinero de los contribuyentes que est\u00e1 a disposici\u00f3n y que fue afectado para lograr la vigilancia, y que hoy en d\u00eda no tiene su cometido, porque como lo dec\u00eda la Concejal Kloster, estamos atr\u00e1s del problema, \u00bfporqu\u00e9?, porque las c\u00e1maras, el objetivo por el cual fueron instaladas es que sean c\u00e1maras de vigilancia, no un m\u00e9todo de recolectar pruebas para una posible, o un posible esclarecimiento de un delito, sino para evitar ese delito. Porque est\u00e1 demostrado que en aquellos municipios donde est\u00e1n funcionando las c\u00e1maras y tiene control permanente, tiene un muy buen efecto preventivo de delitos. As\u00ed que bueno, me adhiero a las palabras de la Concejal Kloster, y quer\u00eda agregar esas fechas. Y para complementar la alocuci\u00f3n que quer\u00eda hacer, quer\u00eda agregar una que no es una p\u00e1lidas, sino es una buena, porque sino despu\u00e9s me endilgan de que pongo demasiado \u00e9nfasis en la cr\u00edtica, y no en los elogios. No estamos ac\u00e1 para elogiar, sino para reclamar lo que no se hace, y en el caso cuando se hace lo que corresponde, no celebrarlo sino simplemente mencionarlo. Veo, o mejor dicho, vimos con mucho agrado, que se ha publicado en los medios informativos locales y regionales que a partir del siete de julio los beneficiados por el plan Pro.Cre.Ar. van a poder inscribirse en la municipalidad y en las distintas delegaciones a fines de crear un registro de esos beneficiarios, obviamente, mostrando lo que certifica que son beneficiarios, y de esta manera tener cifras ciertas y reales de cu\u00e1les son los beneficiarios para seguir trabajando en esta l\u00ednea de lograr solucionar el problema de la falta de tierras que es un mal propio del distrito de Tornquist, que ya lo hemos dicho en otras alocuciones, otros distritos lo han venido manejando de una manera mucho m\u00e1s efectiva, ac\u00e1 hay un notorio atraso, pero no por el hecho de que sea tarde no es para reconocer que ha tenido efecto la resonancia que ha hecho la instalaci\u00f3n del tema por parte de los concejales, que hace bastante tiempo venimos hablando de la necesidad de contemplar de recepcionar la problem\u00e1tica de los beneficiarios del Pro.Cre.Ar. y que hoy vemos el resultado de que se crea un registro, as\u00ed que es un reconocimiento a aquellos miembros del ejecutivo que supieron recibir la sugerencia que tanto ven\u00edamos haciendo. Nada m\u00e1s Sr. Presidente\u201d.<br \/>\n&nbsp;<br \/>\nConcejal Moroncini Gustavo:<br \/>\n\u201cYo me quer\u00eda referir al tema de la invitaci\u00f3n que hemos hecho a la Secretaria de Desarrollo Social y Derechos Humanos, Se\u00f1orita Patricia V\u00e1zquez, que se hizo ya reiteradamente, en dos oportunidades, el 16 de mayo y el 19 de junio, para tener una reuni\u00f3n con este Concejo Deliberante, y en la primera tengo entendido que no pudo asistir, y se le solicit\u00f3 la \u00faltima el 19 de junio y todav\u00eda no nos ha contestado. Entonces, quer\u00eda saber si no convendr\u00eda, por ah\u00ed, mandarla por el Secretario de la  Municipalidad, o a ver de qu\u00e9 manera podemos llegar a reunirnos, porque hay un expediente esperando\u00a0 una reuni\u00f3n con ella, y despu\u00e9s alg\u00fan tema que planteamos el otro d\u00eda, el de la garrafa social, que tiene algunos inconvenientes y otro tema que surja. Nada m\u00e1s Sr. Presidente\u201d.<br \/>\n&nbsp;<br \/>\nConcejal Skolak Mar\u00eda Ofelia:<br \/>\n\u201cUn poco responder a\u00a0 lo que mencion\u00f3 el Concejal Gabella, comparto y agradezco el reconocimiento del Concejal Gabella, lo que no estoy de acuerdo es cuando se refiere a que es tarde, porque en definitiva reconoce, y luego aclara que es tarde. Yo no lo veo as\u00ed porque hace bastantes meses que el Intendente Municipal viene reuni\u00e9ndose con autoridades de la ANSES, y especialmente por este tema Sr. Presidente. Con respecto a la localidad de Nueva Roma, quiero hacer un reconocimiento\u00a0 en nombre de todo el Cuerpo Deliberativo, porque hoy es un nuevo aniversario, as\u00ed que desearles a todos los vecinos un muy feliz cumplea\u00f1os. Y a su vez, hoy es un d\u00eda medio contradictorio, por un lado saludar a la localidad de Nueva Roma que es su cumplea\u00f1os, y por otro lado un d\u00eda triste para el pueblo argentino, para la mayor\u00eda del pueblo argentino, porque son cuarenta a\u00f1os de la muerte de un grande, como nuestro querido compa\u00f1ero Juan Domingo Per\u00f3n. Que un primero de julio pasaba a la inmortalidad, nuestro l\u00edder del movimiento pol\u00edtico m\u00e1s grande de Latinoam\u00e9rica. Y quiero recordarlo en nombre de todos los compa\u00f1eros militantes, con un cari\u00f1o muy especial, desde el coraz\u00f3n, con un sentimiento, con emoci\u00f3n, porque la verdad que recordar estas personas, estos compa\u00f1eros, y a Juan Domingo Per\u00f3n nos llena de orgullo todos los d\u00edas, en cada cosa que hacemos lo vemos reflejado. Y bueno, lo quiero recordar en nombre de todos los compa\u00f1eros militantes como seguidores de su gran doctrina.\u00a0 Nada m\u00e1s Sr. Presidente\u201d.<br \/>\n&nbsp;<br \/>\nConcejal De Larena Sonia:<br \/>\n\u201cYo quer\u00eda recordarles a los concejales que el lunes tenemos la s\u00e9ptima reuni\u00f3n de concejales y el pueblo en Saldungaray, la que en esta oportunidad invitamos al Sr. Valentini, que nos va a acompa\u00f1ar para asesorar a la gente en lo que necesite. As\u00ed que quien nos quiera acompa\u00f1ar los esperamos a las veinte horas en la biblioteca. Gracias\u201d.<br \/>\n&nbsp;<br \/>\nHONORABLE CONCEJO DELIBERANTE<br \/>\n&nbsp;<br \/>\n&nbsp;<\/p>\n","protected":false},"excerpt":{"rendered":"<p>httpv:\/\/www.youtube.com\/watch?v=7DZQoOxwQZc&amp;list=UU9ZrlaO367JQy-BfovRY5KA INFORME DE LA SESI\u00d3N ORDINARIA DE FECHA 01-07-14 &nbsp; Comunicaciones Oficiales y Dict\u00e1menes de las Comisiones: Expte. N\u00ba 135\/13: \u201cD.E. \u2013 Convalida\u00a0 la Pr\u00f3rroga del Contrato de Locaci\u00f3n por inmueble en calle C\u00f3rdoba 428 de Bah\u00eda Blanca Residencia Estudiantil\u201d. Pasa a las Comisiones de Presupuesto y Hacienda e Interpretaci\u00f3n y Reglamento. &nbsp; Expte. N\u00ba [&hellip;]<\/p>\n","protected":false},"author":1,"featured_media":0,"comment_status":"closed","ping_status":"open","sticky":false,"template":"","format":"standard","meta":{"footnotes":""},"categories":[51,52,53,64],"tags":[],"class_list":["post-21579","post","type-post","status-publish","format-standard","hentry","category-comunidad","category-destacadas","category-politica","category-videos-destacados"],"yoast_head":"<!-- This site is optimized with the Yoast SEO plugin v19.7.1 - https:\/\/yoast.com\/wordpress\/plugins\/seo\/ -->\n<title>HCD.: PRESENTARON LA ORDENANZA PARA EL CONTROL DE LOS AGROQUIMICOS - CELTTV<\/title>\n<meta name=\"description\" content=\"Sitio web de noticias de la localidad de Tornquist, provincia de Buenos Aires, Rep\u00fablica Argentina. Contenido propio originado por periodistas de CELTTV, el canal de TV local de la Cooperativa El\u00e9ctrica de Tornquist. Turismo, Pol\u00edtica, Sociedad, Deporte, Cultura y todo el contenido de inter\u00e9s general que la gente del pueblo y la regi\u00f3n debe conocer.\" \/>\n<meta name=\"robots\" content=\"index, follow, max-snippet:-1, max-image-preview:large, max-video-preview:-1\" \/>\n<link rel=\"canonical\" href=\"https:\/\/www.celttv.com.ar\/index.php\/2014\/07\/02\/hcd-presentaron-la-ordenanza-para-el-control-de-los-agroquimicos\/\" \/>\n<meta property=\"og:locale\" content=\"es_ES\" \/>\n<meta property=\"og:type\" content=\"article\" \/>\n<meta property=\"og:title\" content=\"HCD.: PRESENTARON LA ORDENANZA PARA EL CONTROL DE LOS AGROQUIMICOS - CELTTV\" \/>\n<meta property=\"og:description\" content=\"Sitio web de noticias de la localidad de Tornquist, provincia de Buenos Aires, Rep\u00fablica Argentina. Contenido propio originado por periodistas de CELTTV, el canal de TV local de la Cooperativa El\u00e9ctrica de Tornquist. Turismo, Pol\u00edtica, Sociedad, Deporte, Cultura y todo el contenido de inter\u00e9s general que la gente del pueblo y la regi\u00f3n debe conocer.\" \/>\n<meta property=\"og:url\" content=\"https:\/\/www.celttv.com.ar\/index.php\/2014\/07\/02\/hcd-presentaron-la-ordenanza-para-el-control-de-los-agroquimicos\/\" \/>\n<meta property=\"og:site_name\" content=\"CELTTV\" \/>\n<meta property=\"article:publisher\" content=\"https:\/\/www.facebook.com\/celtTV\/\" \/>\n<meta property=\"article:published_time\" content=\"2014-07-02T20:28:38+00:00\" \/>\n<meta property=\"og:image\" content=\"http:\/\/www.tvcnoticias.com.ar\/wp-content\/uploads\/2014\/07\/01-07-14-021arreg-Medium-450x337.jpg\" \/>\n<meta name=\"author\" content=\"ulises\" \/>\n<meta name=\"twitter:card\" content=\"summary_large_image\" \/>\n<meta name=\"twitter:label1\" content=\"Escrito por\" \/>\n\t<meta name=\"twitter:data1\" content=\"ulises\" \/>\n\t<meta name=\"twitter:label2\" content=\"Tiempo de lectura\" \/>\n\t<meta name=\"twitter:data2\" content=\"15 minutos\" \/>\n<script type=\"application\/ld+json\" class=\"yoast-schema-graph\">{\"@context\":\"https:\/\/schema.org\",\"@graph\":[{\"@type\":\"NewsArticle\",\"@id\":\"https:\/\/www.celttv.com.ar\/index.php\/2014\/07\/02\/hcd-presentaron-la-ordenanza-para-el-control-de-los-agroquimicos\/#article\",\"isPartOf\":{\"@id\":\"https:\/\/www.celttv.com.ar\/index.php\/2014\/07\/02\/hcd-presentaron-la-ordenanza-para-el-control-de-los-agroquimicos\/\"},\"author\":{\"name\":\"ulises\",\"@id\":\"https:\/\/www.celttv.com.ar\/#\/schema\/person\/6d99c072dba59953809c81446e9d0ace\"},\"headline\":\"HCD.: PRESENTARON LA ORDENANZA PARA EL CONTROL DE LOS AGROQUIMICOS\",\"datePublished\":\"2014-07-02T20:28:38+00:00\",\"dateModified\":\"2014-07-02T20:28:38+00:00\",\"mainEntityOfPage\":{\"@id\":\"https:\/\/www.celttv.com.ar\/index.php\/2014\/07\/02\/hcd-presentaron-la-ordenanza-para-el-control-de-los-agroquimicos\/\"},\"wordCount\":3059,\"publisher\":{\"@id\":\"https:\/\/www.celttv.com.ar\/#organization\"},\"articleSection\":[\"Comunidad\",\"Destacadas\",\"Pol\u00edtica\",\"Videos Destacados\"],\"inLanguage\":\"es\"},{\"@type\":\"WebPage\",\"@id\":\"https:\/\/www.celttv.com.ar\/index.php\/2014\/07\/02\/hcd-presentaron-la-ordenanza-para-el-control-de-los-agroquimicos\/\",\"url\":\"https:\/\/www.celttv.com.ar\/index.php\/2014\/07\/02\/hcd-presentaron-la-ordenanza-para-el-control-de-los-agroquimicos\/\",\"name\":\"HCD.: PRESENTARON LA ORDENANZA PARA EL CONTROL DE LOS AGROQUIMICOS - CELTTV\",\"isPartOf\":{\"@id\":\"https:\/\/www.celttv.com.ar\/#website\"},\"datePublished\":\"2014-07-02T20:28:38+00:00\",\"dateModified\":\"2014-07-02T20:28:38+00:00\",\"description\":\"Sitio web de noticias de la localidad de Tornquist, provincia de Buenos Aires, Rep\u00fablica Argentina. Contenido propio originado por periodistas de CELTTV, el canal de TV local de la Cooperativa El\u00e9ctrica de Tornquist. Turismo, Pol\u00edtica, Sociedad, Deporte, Cultura y todo el contenido de inter\u00e9s general que la gente del pueblo y la regi\u00f3n debe conocer.\",\"breadcrumb\":{\"@id\":\"https:\/\/www.celttv.com.ar\/index.php\/2014\/07\/02\/hcd-presentaron-la-ordenanza-para-el-control-de-los-agroquimicos\/#breadcrumb\"},\"inLanguage\":\"es\",\"potentialAction\":[{\"@type\":\"ReadAction\",\"target\":[\"https:\/\/www.celttv.com.ar\/index.php\/2014\/07\/02\/hcd-presentaron-la-ordenanza-para-el-control-de-los-agroquimicos\/\"]}]},{\"@type\":\"BreadcrumbList\",\"@id\":\"https:\/\/www.celttv.com.ar\/index.php\/2014\/07\/02\/hcd-presentaron-la-ordenanza-para-el-control-de-los-agroquimicos\/#breadcrumb\",\"itemListElement\":[{\"@type\":\"ListItem\",\"position\":1,\"name\":\"Inicio\",\"item\":\"https:\/\/www.celttv.com.ar\/\"},{\"@type\":\"ListItem\",\"position\":2,\"name\":\"HCD.: PRESENTARON LA ORDENANZA PARA EL CONTROL DE LOS AGROQUIMICOS\"}]},{\"@type\":\"WebSite\",\"@id\":\"https:\/\/www.celttv.com.ar\/#website\",\"url\":\"https:\/\/www.celttv.com.ar\/\",\"name\":\"CELTTV\",\"description\":\"Cooperativa El\u00e9ctrica de Tornquist\",\"publisher\":{\"@id\":\"https:\/\/www.celttv.com.ar\/#organization\"},\"potentialAction\":[{\"@type\":\"SearchAction\",\"target\":{\"@type\":\"EntryPoint\",\"urlTemplate\":\"https:\/\/www.celttv.com.ar\/?s={search_term_string}\"},\"query-input\":\"required name=search_term_string\"}],\"inLanguage\":\"es\"},{\"@type\":\"Organization\",\"@id\":\"https:\/\/www.celttv.com.ar\/#organization\",\"name\":\"CELTTV\",\"url\":\"https:\/\/www.celttv.com.ar\/\",\"sameAs\":[\"https:\/\/www.youtube.com\/channel\/UCz_oIt8Hig64Ub-EmcNPIhg\",\"https:\/\/www.facebook.com\/celtTV\/\"],\"logo\":{\"@type\":\"ImageObject\",\"inLanguage\":\"es\",\"@id\":\"https:\/\/www.celttv.com.ar\/#\/schema\/logo\/image\/\",\"url\":\"http:\/\/www.celttv.com.ar\/wp-content\/uploads\/2022\/08\/logo-1.png\",\"contentUrl\":\"http:\/\/www.celttv.com.ar\/wp-content\/uploads\/2022\/08\/logo-1.png\",\"width\":461,\"height\":159,\"caption\":\"CELTTV\"},\"image\":{\"@id\":\"https:\/\/www.celttv.com.ar\/#\/schema\/logo\/image\/\"}},{\"@type\":\"Person\",\"@id\":\"https:\/\/www.celttv.com.ar\/#\/schema\/person\/6d99c072dba59953809c81446e9d0ace\",\"name\":\"ulises\",\"image\":{\"@type\":\"ImageObject\",\"inLanguage\":\"es\",\"@id\":\"https:\/\/www.celttv.com.ar\/#\/schema\/person\/image\/\",\"url\":\"https:\/\/secure.gravatar.com\/avatar\/7f2c48bdc33b30088f941fb6082e555f2874c98e20cb159d7b92b50eadfce793?s=96&d=mm&r=g\",\"contentUrl\":\"https:\/\/secure.gravatar.com\/avatar\/7f2c48bdc33b30088f941fb6082e555f2874c98e20cb159d7b92b50eadfce793?s=96&d=mm&r=g\",\"caption\":\"ulises\"},\"sameAs\":[\"http:\/\/www.celttv.com.ar\"]}]}<\/script>\n<!-- \/ Yoast SEO plugin. -->","yoast_head_json":{"title":"HCD.: PRESENTARON LA ORDENANZA PARA EL CONTROL DE LOS AGROQUIMICOS - CELTTV","description":"Sitio web de noticias de la localidad de Tornquist, provincia de Buenos Aires, Rep\u00fablica Argentina. Contenido propio originado por periodistas de CELTTV, el canal de TV local de la Cooperativa El\u00e9ctrica de Tornquist. Turismo, Pol\u00edtica, Sociedad, Deporte, Cultura y todo el contenido de inter\u00e9s general que la gente del pueblo y la regi\u00f3n debe conocer.","robots":{"index":"index","follow":"follow","max-snippet":"max-snippet:-1","max-image-preview":"max-image-preview:large","max-video-preview":"max-video-preview:-1"},"canonical":"https:\/\/www.celttv.com.ar\/index.php\/2014\/07\/02\/hcd-presentaron-la-ordenanza-para-el-control-de-los-agroquimicos\/","og_locale":"es_ES","og_type":"article","og_title":"HCD.: PRESENTARON LA ORDENANZA PARA EL CONTROL DE LOS AGROQUIMICOS - CELTTV","og_description":"Sitio web de noticias de la localidad de Tornquist, provincia de Buenos Aires, Rep\u00fablica Argentina. Contenido propio originado por periodistas de CELTTV, el canal de TV local de la Cooperativa El\u00e9ctrica de Tornquist. Turismo, Pol\u00edtica, Sociedad, Deporte, Cultura y todo el contenido de inter\u00e9s general que la gente del pueblo y la regi\u00f3n debe conocer.","og_url":"https:\/\/www.celttv.com.ar\/index.php\/2014\/07\/02\/hcd-presentaron-la-ordenanza-para-el-control-de-los-agroquimicos\/","og_site_name":"CELTTV","article_publisher":"https:\/\/www.facebook.com\/celtTV\/","article_published_time":"2014-07-02T20:28:38+00:00","og_image":[{"url":"http:\/\/www.tvcnoticias.com.ar\/wp-content\/uploads\/2014\/07\/01-07-14-021arreg-Medium-450x337.jpg"}],"author":"ulises","twitter_card":"summary_large_image","twitter_misc":{"Escrito por":"ulises","Tiempo de lectura":"15 minutos"},"schema":{"@context":"https:\/\/schema.org","@graph":[{"@type":"NewsArticle","@id":"https:\/\/www.celttv.com.ar\/index.php\/2014\/07\/02\/hcd-presentaron-la-ordenanza-para-el-control-de-los-agroquimicos\/#article","isPartOf":{"@id":"https:\/\/www.celttv.com.ar\/index.php\/2014\/07\/02\/hcd-presentaron-la-ordenanza-para-el-control-de-los-agroquimicos\/"},"author":{"name":"ulises","@id":"https:\/\/www.celttv.com.ar\/#\/schema\/person\/6d99c072dba59953809c81446e9d0ace"},"headline":"HCD.: PRESENTARON LA ORDENANZA PARA EL CONTROL DE LOS AGROQUIMICOS","datePublished":"2014-07-02T20:28:38+00:00","dateModified":"2014-07-02T20:28:38+00:00","mainEntityOfPage":{"@id":"https:\/\/www.celttv.com.ar\/index.php\/2014\/07\/02\/hcd-presentaron-la-ordenanza-para-el-control-de-los-agroquimicos\/"},"wordCount":3059,"publisher":{"@id":"https:\/\/www.celttv.com.ar\/#organization"},"articleSection":["Comunidad","Destacadas","Pol\u00edtica","Videos Destacados"],"inLanguage":"es"},{"@type":"WebPage","@id":"https:\/\/www.celttv.com.ar\/index.php\/2014\/07\/02\/hcd-presentaron-la-ordenanza-para-el-control-de-los-agroquimicos\/","url":"https:\/\/www.celttv.com.ar\/index.php\/2014\/07\/02\/hcd-presentaron-la-ordenanza-para-el-control-de-los-agroquimicos\/","name":"HCD.: PRESENTARON LA ORDENANZA PARA EL CONTROL DE LOS AGROQUIMICOS - CELTTV","isPartOf":{"@id":"https:\/\/www.celttv.com.ar\/#website"},"datePublished":"2014-07-02T20:28:38+00:00","dateModified":"2014-07-02T20:28:38+00:00","description":"Sitio web de noticias de la localidad de Tornquist, provincia de Buenos Aires, Rep\u00fablica Argentina. Contenido propio originado por periodistas de CELTTV, el canal de TV local de la Cooperativa El\u00e9ctrica de Tornquist. Turismo, Pol\u00edtica, Sociedad, Deporte, Cultura y todo el contenido de inter\u00e9s general que la gente del pueblo y la regi\u00f3n debe conocer.","breadcrumb":{"@id":"https:\/\/www.celttv.com.ar\/index.php\/2014\/07\/02\/hcd-presentaron-la-ordenanza-para-el-control-de-los-agroquimicos\/#breadcrumb"},"inLanguage":"es","potentialAction":[{"@type":"ReadAction","target":["https:\/\/www.celttv.com.ar\/index.php\/2014\/07\/02\/hcd-presentaron-la-ordenanza-para-el-control-de-los-agroquimicos\/"]}]},{"@type":"BreadcrumbList","@id":"https:\/\/www.celttv.com.ar\/index.php\/2014\/07\/02\/hcd-presentaron-la-ordenanza-para-el-control-de-los-agroquimicos\/#breadcrumb","itemListElement":[{"@type":"ListItem","position":1,"name":"Inicio","item":"https:\/\/www.celttv.com.ar\/"},{"@type":"ListItem","position":2,"name":"HCD.: PRESENTARON LA ORDENANZA PARA EL CONTROL DE LOS AGROQUIMICOS"}]},{"@type":"WebSite","@id":"https:\/\/www.celttv.com.ar\/#website","url":"https:\/\/www.celttv.com.ar\/","name":"CELTTV","description":"Cooperativa El\u00e9ctrica de Tornquist","publisher":{"@id":"https:\/\/www.celttv.com.ar\/#organization"},"potentialAction":[{"@type":"SearchAction","target":{"@type":"EntryPoint","urlTemplate":"https:\/\/www.celttv.com.ar\/?s={search_term_string}"},"query-input":"required name=search_term_string"}],"inLanguage":"es"},{"@type":"Organization","@id":"https:\/\/www.celttv.com.ar\/#organization","name":"CELTTV","url":"https:\/\/www.celttv.com.ar\/","sameAs":["https:\/\/www.youtube.com\/channel\/UCz_oIt8Hig64Ub-EmcNPIhg","https:\/\/www.facebook.com\/celtTV\/"],"logo":{"@type":"ImageObject","inLanguage":"es","@id":"https:\/\/www.celttv.com.ar\/#\/schema\/logo\/image\/","url":"http:\/\/www.celttv.com.ar\/wp-content\/uploads\/2022\/08\/logo-1.png","contentUrl":"http:\/\/www.celttv.com.ar\/wp-content\/uploads\/2022\/08\/logo-1.png","width":461,"height":159,"caption":"CELTTV"},"image":{"@id":"https:\/\/www.celttv.com.ar\/#\/schema\/logo\/image\/"}},{"@type":"Person","@id":"https:\/\/www.celttv.com.ar\/#\/schema\/person\/6d99c072dba59953809c81446e9d0ace","name":"ulises","image":{"@type":"ImageObject","inLanguage":"es","@id":"https:\/\/www.celttv.com.ar\/#\/schema\/person\/image\/","url":"https:\/\/secure.gravatar.com\/avatar\/7f2c48bdc33b30088f941fb6082e555f2874c98e20cb159d7b92b50eadfce793?s=96&d=mm&r=g","contentUrl":"https:\/\/secure.gravatar.com\/avatar\/7f2c48bdc33b30088f941fb6082e555f2874c98e20cb159d7b92b50eadfce793?s=96&d=mm&r=g","caption":"ulises"},"sameAs":["http:\/\/www.celttv.com.ar"]}]}},"_links":{"self":[{"href":"https:\/\/www.celttv.com.ar\/index.php\/wp-json\/wp\/v2\/posts\/21579","targetHints":{"allow":["GET"]}}],"collection":[{"href":"https:\/\/www.celttv.com.ar\/index.php\/wp-json\/wp\/v2\/posts"}],"about":[{"href":"https:\/\/www.celttv.com.ar\/index.php\/wp-json\/wp\/v2\/types\/post"}],"author":[{"embeddable":true,"href":"https:\/\/www.celttv.com.ar\/index.php\/wp-json\/wp\/v2\/users\/1"}],"replies":[{"embeddable":true,"href":"https:\/\/www.celttv.com.ar\/index.php\/wp-json\/wp\/v2\/comments?post=21579"}],"version-history":[{"count":0,"href":"https:\/\/www.celttv.com.ar\/index.php\/wp-json\/wp\/v2\/posts\/21579\/revisions"}],"wp:attachment":[{"href":"https:\/\/www.celttv.com.ar\/index.php\/wp-json\/wp\/v2\/media?parent=21579"}],"wp:term":[{"taxonomy":"category","embeddable":true,"href":"https:\/\/www.celttv.com.ar\/index.php\/wp-json\/wp\/v2\/categories?post=21579"},{"taxonomy":"post_tag","embeddable":true,"href":"https:\/\/www.celttv.com.ar\/index.php\/wp-json\/wp\/v2\/tags?post=21579"}],"curies":[{"name":"wp","href":"https:\/\/api.w.org\/{rel}","templated":true}]}}