{"id":21603,"date":"2014-07-03T14:07:29","date_gmt":"2014-07-03T14:07:29","guid":{"rendered":"http:\/\/www.tvcnoticias.com.ar\/?p=21603"},"modified":"2014-07-03T14:07:29","modified_gmt":"2014-07-03T14:07:29","slug":"el-club-union-en-los-ultimos-detalles-de-cara-a-una-jornada-historica-notas","status":"publish","type":"post","link":"https:\/\/www.celttv.com.ar\/index.php\/2014\/07\/03\/el-club-union-en-los-ultimos-detalles-de-cara-a-una-jornada-historica-notas\/","title":{"rendered":"EL CLUB UNION EN LOS ULTIMOS DETALLES DE CARA A UNA JORNADA HISTORICA (notas)"},"content":{"rendered":"<p><a href=\"https:\/\/www.youtube.com\/watch?v=ZSTPfY1ChzQ\">httpv:\/\/www.youtube.com\/watch?v=ZSTPfY1ChzQ<\/a><br \/>\n<a href=\"https:\/\/www.youtube.com\/watch?v=WTwLjH16RR0\">httpv:\/\/www.youtube.com\/watch?v=WTwLjH16RR0<\/a><br \/>\n<a href=\"https:\/\/www.youtube.com\/watch?v=dBcTFxNJXB8\">httpv:\/\/www.youtube.com\/watch?v=dBcTFxNJXB8<\/a><br \/>\nNo ser\u00e1n pocos los que ya palpitan lo que ser\u00e1, la del s\u00e1bado 12 de julio, una jornada inolvidable para el Club Uni\u00f3n de Tornquist, que dejar\u00e1 inaugurada una obra que marcar\u00e1 un \u00edcono extraordinario en la historia deportiva en una basta regi\u00f3n.<br \/>\nNo cabe duda que esta obra, lograda con un gran esfuerzo de propios y extra\u00f1os, trasciende las fronteras de la comunidad y la regi\u00f3n<br \/>\nNo paso demasiado tiempo de aquella conferencia de prensa donde el presidente y alguno de los entusiastas del hockey, anunciaban lo que para muchos parec\u00eda una gran utop\u00eda.<br \/>\nNo paso mucho tiempo en que aquel terreno improvisado como cancha de hockey, pas\u00f3 al perfilado, nivelado, cientos de camiones de tierra y much\u00edsimas horas de trabajo, para llegar al gran objetivo.<br \/>\nPermanente acondicionamiento del piso para recibir la alfombra, si duda uno de los esperados acontecimientos por que era uno de los pasos fundamentales para seguir adelante. Pero faltaba mucho, restaban los cordones en todo el per\u00edmetro, las barandas, veredas, banco de suplentes, etc..etc.etc..<br \/>\nY el otro enorme desafio.. dotar a la cancha de un sistema lum\u00ednico que permita la pr\u00e1ctica nocturna del hockey y otras disciplinas deportivas. Una obra que demandaba otra importante inversi\u00f3n, constituy\u00e9ndose en un nuevo desaf\u00edo y en otra etapa de much\u00edsimo trabajo y no poca gesti\u00f3n.<br \/>\nY tambi\u00e9n se hizo realidad, el Club Uni\u00f3n tendr\u00e1 no solo una de las pocas canchas de c\u00e9sped sint\u00e9tico de hockey de la regi\u00f3n, sino tambi\u00e9n dotada de uno de los mejores sistemas de iluminaci\u00f3n que permitir\u00e1n el desarrollo de distintos eventos deportivos norcturnos.<br \/>\nY no todo termina all\u00ed&#8230; porque existen nuevos desafios, ya que el proyecto de la cancha de hockey est\u00e1 enmarcado en el marco de un proyecto global y ambicioso a continuar desarrollando en el mismo predio con un perfil no solo deportivo sino tambi\u00e9n tur\u00edstico.<br \/>\n&nbsp;<\/p>\n","protected":false},"excerpt":{"rendered":"<p>httpv:\/\/www.youtube.com\/watch?v=ZSTPfY1ChzQ httpv:\/\/www.youtube.com\/watch?v=WTwLjH16RR0 httpv:\/\/www.youtube.com\/watch?v=dBcTFxNJXB8 No ser\u00e1n pocos los que ya palpitan lo que ser\u00e1, la del s\u00e1bado 12 de julio, una jornada inolvidable para el Club Uni\u00f3n de Tornquist, que dejar\u00e1 inaugurada una obra que marcar\u00e1 un \u00edcono extraordinario en la historia deportiva en una basta regi\u00f3n. No cabe duda que esta obra, lograda con un [&hellip;]<\/p>\n","protected":false},"author":1,"featured_media":0,"comment_status":"closed","ping_status":"open","sticky":false,"template":"","format":"standard","meta":{"footnotes":""},"categories":[60,52,64],"tags":[],"class_list":["post-21603","post","type-post","status-publish","format-standard","hentry","category-deporte","category-destacadas","category-videos-destacados"],"yoast_head":"<!-- This site is optimized with the Yoast SEO plugin v19.7.1 - https:\/\/yoast.com\/wordpress\/plugins\/seo\/ -->\n<title>EL CLUB UNION EN LOS ULTIMOS DETALLES DE CARA A UNA JORNADA HISTORICA (notas) - CELTTV<\/title>\n<meta name=\"description\" content=\"Sitio web de noticias de la localidad de Tornquist, provincia de Buenos Aires, Rep\u00fablica Argentina. Contenido propio originado por periodistas de CELTTV, el canal de TV local de la Cooperativa El\u00e9ctrica de Tornquist. Turismo, Pol\u00edtica, Sociedad, Deporte, Cultura y todo el contenido de inter\u00e9s general que la gente del pueblo y la regi\u00f3n debe conocer.\" \/>\n<meta name=\"robots\" content=\"index, follow, max-snippet:-1, max-image-preview:large, max-video-preview:-1\" \/>\n<link rel=\"canonical\" href=\"https:\/\/www.celttv.com.ar\/index.php\/2014\/07\/03\/el-club-union-en-los-ultimos-detalles-de-cara-a-una-jornada-historica-notas\/\" \/>\n<meta property=\"og:locale\" content=\"es_ES\" \/>\n<meta property=\"og:type\" content=\"article\" \/>\n<meta property=\"og:title\" content=\"EL CLUB UNION EN LOS ULTIMOS DETALLES DE CARA A UNA JORNADA HISTORICA (notas) - CELTTV\" \/>\n<meta property=\"og:description\" content=\"Sitio web de noticias de la localidad de Tornquist, provincia de Buenos Aires, Rep\u00fablica Argentina. Contenido propio originado por periodistas de CELTTV, el canal de TV local de la Cooperativa El\u00e9ctrica de Tornquist. Turismo, Pol\u00edtica, Sociedad, Deporte, Cultura y todo el contenido de inter\u00e9s general que la gente del pueblo y la regi\u00f3n debe conocer.\" \/>\n<meta property=\"og:url\" content=\"https:\/\/www.celttv.com.ar\/index.php\/2014\/07\/03\/el-club-union-en-los-ultimos-detalles-de-cara-a-una-jornada-historica-notas\/\" \/>\n<meta property=\"og:site_name\" content=\"CELTTV\" \/>\n<meta property=\"article:publisher\" content=\"https:\/\/www.facebook.com\/celtTV\/\" \/>\n<meta property=\"article:published_time\" content=\"2014-07-03T14:07:29+00:00\" \/>\n<meta name=\"author\" content=\"ulises\" \/>\n<meta name=\"twitter:card\" content=\"summary_large_image\" \/>\n<meta name=\"twitter:label1\" content=\"Escrito por\" \/>\n\t<meta name=\"twitter:data1\" content=\"ulises\" \/>\n\t<meta name=\"twitter:label2\" content=\"Tiempo de lectura\" \/>\n\t<meta name=\"twitter:data2\" content=\"2 minutos\" \/>\n<script type=\"application\/ld+json\" class=\"yoast-schema-graph\">{\"@context\":\"https:\/\/schema.org\",\"@graph\":[{\"@type\":\"NewsArticle\",\"@id\":\"https:\/\/www.celttv.com.ar\/index.php\/2014\/07\/03\/el-club-union-en-los-ultimos-detalles-de-cara-a-una-jornada-historica-notas\/#article\",\"isPartOf\":{\"@id\":\"https:\/\/www.celttv.com.ar\/index.php\/2014\/07\/03\/el-club-union-en-los-ultimos-detalles-de-cara-a-una-jornada-historica-notas\/\"},\"author\":{\"name\":\"ulises\",\"@id\":\"https:\/\/www.celttv.com.ar\/#\/schema\/person\/6d99c072dba59953809c81446e9d0ace\"},\"headline\":\"EL CLUB UNION EN LOS ULTIMOS DETALLES DE CARA A UNA JORNADA HISTORICA (notas)\",\"datePublished\":\"2014-07-03T14:07:29+00:00\",\"dateModified\":\"2014-07-03T14:07:29+00:00\",\"mainEntityOfPage\":{\"@id\":\"https:\/\/www.celttv.com.ar\/index.php\/2014\/07\/03\/el-club-union-en-los-ultimos-detalles-de-cara-a-una-jornada-historica-notas\/\"},\"wordCount\":372,\"publisher\":{\"@id\":\"https:\/\/www.celttv.com.ar\/#organization\"},\"articleSection\":[\"Deporte\",\"Destacadas\",\"Videos Destacados\"],\"inLanguage\":\"es\"},{\"@type\":\"WebPage\",\"@id\":\"https:\/\/www.celttv.com.ar\/index.php\/2014\/07\/03\/el-club-union-en-los-ultimos-detalles-de-cara-a-una-jornada-historica-notas\/\",\"url\":\"https:\/\/www.celttv.com.ar\/index.php\/2014\/07\/03\/el-club-union-en-los-ultimos-detalles-de-cara-a-una-jornada-historica-notas\/\",\"name\":\"EL CLUB UNION EN LOS ULTIMOS DETALLES DE CARA A UNA JORNADA HISTORICA (notas) - CELTTV\",\"isPartOf\":{\"@id\":\"https:\/\/www.celttv.com.ar\/#website\"},\"datePublished\":\"2014-07-03T14:07:29+00:00\",\"dateModified\":\"2014-07-03T14:07:29+00:00\",\"description\":\"Sitio web de noticias de la localidad de Tornquist, provincia de Buenos Aires, Rep\u00fablica Argentina. Contenido propio originado por periodistas de CELTTV, el canal de TV local de la Cooperativa El\u00e9ctrica de Tornquist. Turismo, Pol\u00edtica, Sociedad, Deporte, Cultura y todo el contenido de inter\u00e9s general que la gente del pueblo y la regi\u00f3n debe conocer.\",\"breadcrumb\":{\"@id\":\"https:\/\/www.celttv.com.ar\/index.php\/2014\/07\/03\/el-club-union-en-los-ultimos-detalles-de-cara-a-una-jornada-historica-notas\/#breadcrumb\"},\"inLanguage\":\"es\",\"potentialAction\":[{\"@type\":\"ReadAction\",\"target\":[\"https:\/\/www.celttv.com.ar\/index.php\/2014\/07\/03\/el-club-union-en-los-ultimos-detalles-de-cara-a-una-jornada-historica-notas\/\"]}]},{\"@type\":\"BreadcrumbList\",\"@id\":\"https:\/\/www.celttv.com.ar\/index.php\/2014\/07\/03\/el-club-union-en-los-ultimos-detalles-de-cara-a-una-jornada-historica-notas\/#breadcrumb\",\"itemListElement\":[{\"@type\":\"ListItem\",\"position\":1,\"name\":\"Inicio\",\"item\":\"https:\/\/www.celttv.com.ar\/\"},{\"@type\":\"ListItem\",\"position\":2,\"name\":\"EL CLUB UNION EN LOS ULTIMOS DETALLES DE CARA A UNA JORNADA HISTORICA (notas)\"}]},{\"@type\":\"WebSite\",\"@id\":\"https:\/\/www.celttv.com.ar\/#website\",\"url\":\"https:\/\/www.celttv.com.ar\/\",\"name\":\"CELTTV\",\"description\":\"Cooperativa El\u00e9ctrica de Tornquist\",\"publisher\":{\"@id\":\"https:\/\/www.celttv.com.ar\/#organization\"},\"potentialAction\":[{\"@type\":\"SearchAction\",\"target\":{\"@type\":\"EntryPoint\",\"urlTemplate\":\"https:\/\/www.celttv.com.ar\/?s={search_term_string}\"},\"query-input\":\"required name=search_term_string\"}],\"inLanguage\":\"es\"},{\"@type\":\"Organization\",\"@id\":\"https:\/\/www.celttv.com.ar\/#organization\",\"name\":\"CELTTV\",\"url\":\"https:\/\/www.celttv.com.ar\/\",\"sameAs\":[\"https:\/\/www.youtube.com\/channel\/UCz_oIt8Hig64Ub-EmcNPIhg\",\"https:\/\/www.facebook.com\/celtTV\/\"],\"logo\":{\"@type\":\"ImageObject\",\"inLanguage\":\"es\",\"@id\":\"https:\/\/www.celttv.com.ar\/#\/schema\/logo\/image\/\",\"url\":\"http:\/\/www.celttv.com.ar\/wp-content\/uploads\/2022\/08\/logo-1.png\",\"contentUrl\":\"http:\/\/www.celttv.com.ar\/wp-content\/uploads\/2022\/08\/logo-1.png\",\"width\":461,\"height\":159,\"caption\":\"CELTTV\"},\"image\":{\"@id\":\"https:\/\/www.celttv.com.ar\/#\/schema\/logo\/image\/\"}},{\"@type\":\"Person\",\"@id\":\"https:\/\/www.celttv.com.ar\/#\/schema\/person\/6d99c072dba59953809c81446e9d0ace\",\"name\":\"ulises\",\"image\":{\"@type\":\"ImageObject\",\"inLanguage\":\"es\",\"@id\":\"https:\/\/www.celttv.com.ar\/#\/schema\/person\/image\/\",\"url\":\"https:\/\/secure.gravatar.com\/avatar\/7f2c48bdc33b30088f941fb6082e555f2874c98e20cb159d7b92b50eadfce793?s=96&d=mm&r=g\",\"contentUrl\":\"https:\/\/secure.gravatar.com\/avatar\/7f2c48bdc33b30088f941fb6082e555f2874c98e20cb159d7b92b50eadfce793?s=96&d=mm&r=g\",\"caption\":\"ulises\"},\"sameAs\":[\"http:\/\/www.celttv.com.ar\"]}]}<\/script>\n<!-- \/ Yoast SEO plugin. -->","yoast_head_json":{"title":"EL CLUB UNION EN LOS ULTIMOS DETALLES DE CARA A UNA JORNADA HISTORICA (notas) - CELTTV","description":"Sitio web de noticias de la localidad de Tornquist, provincia de Buenos Aires, Rep\u00fablica Argentina. Contenido propio originado por periodistas de CELTTV, el canal de TV local de la Cooperativa El\u00e9ctrica de Tornquist. Turismo, Pol\u00edtica, Sociedad, Deporte, Cultura y todo el contenido de inter\u00e9s general que la gente del pueblo y la regi\u00f3n debe conocer.","robots":{"index":"index","follow":"follow","max-snippet":"max-snippet:-1","max-image-preview":"max-image-preview:large","max-video-preview":"max-video-preview:-1"},"canonical":"https:\/\/www.celttv.com.ar\/index.php\/2014\/07\/03\/el-club-union-en-los-ultimos-detalles-de-cara-a-una-jornada-historica-notas\/","og_locale":"es_ES","og_type":"article","og_title":"EL CLUB UNION EN LOS ULTIMOS DETALLES DE CARA A UNA JORNADA HISTORICA (notas) - CELTTV","og_description":"Sitio web de noticias de la localidad de Tornquist, provincia de Buenos Aires, Rep\u00fablica Argentina. Contenido propio originado por periodistas de CELTTV, el canal de TV local de la Cooperativa El\u00e9ctrica de Tornquist. Turismo, Pol\u00edtica, Sociedad, Deporte, Cultura y todo el contenido de inter\u00e9s general que la gente del pueblo y la regi\u00f3n debe conocer.","og_url":"https:\/\/www.celttv.com.ar\/index.php\/2014\/07\/03\/el-club-union-en-los-ultimos-detalles-de-cara-a-una-jornada-historica-notas\/","og_site_name":"CELTTV","article_publisher":"https:\/\/www.facebook.com\/celtTV\/","article_published_time":"2014-07-03T14:07:29+00:00","author":"ulises","twitter_card":"summary_large_image","twitter_misc":{"Escrito por":"ulises","Tiempo de lectura":"2 minutos"},"schema":{"@context":"https:\/\/schema.org","@graph":[{"@type":"NewsArticle","@id":"https:\/\/www.celttv.com.ar\/index.php\/2014\/07\/03\/el-club-union-en-los-ultimos-detalles-de-cara-a-una-jornada-historica-notas\/#article","isPartOf":{"@id":"https:\/\/www.celttv.com.ar\/index.php\/2014\/07\/03\/el-club-union-en-los-ultimos-detalles-de-cara-a-una-jornada-historica-notas\/"},"author":{"name":"ulises","@id":"https:\/\/www.celttv.com.ar\/#\/schema\/person\/6d99c072dba59953809c81446e9d0ace"},"headline":"EL CLUB UNION EN LOS ULTIMOS DETALLES DE CARA A UNA JORNADA HISTORICA (notas)","datePublished":"2014-07-03T14:07:29+00:00","dateModified":"2014-07-03T14:07:29+00:00","mainEntityOfPage":{"@id":"https:\/\/www.celttv.com.ar\/index.php\/2014\/07\/03\/el-club-union-en-los-ultimos-detalles-de-cara-a-una-jornada-historica-notas\/"},"wordCount":372,"publisher":{"@id":"https:\/\/www.celttv.com.ar\/#organization"},"articleSection":["Deporte","Destacadas","Videos Destacados"],"inLanguage":"es"},{"@type":"WebPage","@id":"https:\/\/www.celttv.com.ar\/index.php\/2014\/07\/03\/el-club-union-en-los-ultimos-detalles-de-cara-a-una-jornada-historica-notas\/","url":"https:\/\/www.celttv.com.ar\/index.php\/2014\/07\/03\/el-club-union-en-los-ultimos-detalles-de-cara-a-una-jornada-historica-notas\/","name":"EL CLUB UNION EN LOS ULTIMOS DETALLES DE CARA A UNA JORNADA HISTORICA (notas) - CELTTV","isPartOf":{"@id":"https:\/\/www.celttv.com.ar\/#website"},"datePublished":"2014-07-03T14:07:29+00:00","dateModified":"2014-07-03T14:07:29+00:00","description":"Sitio web de noticias de la localidad de Tornquist, provincia de Buenos Aires, Rep\u00fablica Argentina. Contenido propio originado por periodistas de CELTTV, el canal de TV local de la Cooperativa El\u00e9ctrica de Tornquist. Turismo, Pol\u00edtica, Sociedad, Deporte, Cultura y todo el contenido de inter\u00e9s general que la gente del pueblo y la regi\u00f3n debe conocer.","breadcrumb":{"@id":"https:\/\/www.celttv.com.ar\/index.php\/2014\/07\/03\/el-club-union-en-los-ultimos-detalles-de-cara-a-una-jornada-historica-notas\/#breadcrumb"},"inLanguage":"es","potentialAction":[{"@type":"ReadAction","target":["https:\/\/www.celttv.com.ar\/index.php\/2014\/07\/03\/el-club-union-en-los-ultimos-detalles-de-cara-a-una-jornada-historica-notas\/"]}]},{"@type":"BreadcrumbList","@id":"https:\/\/www.celttv.com.ar\/index.php\/2014\/07\/03\/el-club-union-en-los-ultimos-detalles-de-cara-a-una-jornada-historica-notas\/#breadcrumb","itemListElement":[{"@type":"ListItem","position":1,"name":"Inicio","item":"https:\/\/www.celttv.com.ar\/"},{"@type":"ListItem","position":2,"name":"EL CLUB UNION EN LOS ULTIMOS DETALLES DE CARA A UNA JORNADA HISTORICA (notas)"}]},{"@type":"WebSite","@id":"https:\/\/www.celttv.com.ar\/#website","url":"https:\/\/www.celttv.com.ar\/","name":"CELTTV","description":"Cooperativa El\u00e9ctrica de Tornquist","publisher":{"@id":"https:\/\/www.celttv.com.ar\/#organization"},"potentialAction":[{"@type":"SearchAction","target":{"@type":"EntryPoint","urlTemplate":"https:\/\/www.celttv.com.ar\/?s={search_term_string}"},"query-input":"required name=search_term_string"}],"inLanguage":"es"},{"@type":"Organization","@id":"https:\/\/www.celttv.com.ar\/#organization","name":"CELTTV","url":"https:\/\/www.celttv.com.ar\/","sameAs":["https:\/\/www.youtube.com\/channel\/UCz_oIt8Hig64Ub-EmcNPIhg","https:\/\/www.facebook.com\/celtTV\/"],"logo":{"@type":"ImageObject","inLanguage":"es","@id":"https:\/\/www.celttv.com.ar\/#\/schema\/logo\/image\/","url":"http:\/\/www.celttv.com.ar\/wp-content\/uploads\/2022\/08\/logo-1.png","contentUrl":"http:\/\/www.celttv.com.ar\/wp-content\/uploads\/2022\/08\/logo-1.png","width":461,"height":159,"caption":"CELTTV"},"image":{"@id":"https:\/\/www.celttv.com.ar\/#\/schema\/logo\/image\/"}},{"@type":"Person","@id":"https:\/\/www.celttv.com.ar\/#\/schema\/person\/6d99c072dba59953809c81446e9d0ace","name":"ulises","image":{"@type":"ImageObject","inLanguage":"es","@id":"https:\/\/www.celttv.com.ar\/#\/schema\/person\/image\/","url":"https:\/\/secure.gravatar.com\/avatar\/7f2c48bdc33b30088f941fb6082e555f2874c98e20cb159d7b92b50eadfce793?s=96&d=mm&r=g","contentUrl":"https:\/\/secure.gravatar.com\/avatar\/7f2c48bdc33b30088f941fb6082e555f2874c98e20cb159d7b92b50eadfce793?s=96&d=mm&r=g","caption":"ulises"},"sameAs":["http:\/\/www.celttv.com.ar"]}]}},"_links":{"self":[{"href":"https:\/\/www.celttv.com.ar\/index.php\/wp-json\/wp\/v2\/posts\/21603","targetHints":{"allow":["GET"]}}],"collection":[{"href":"https:\/\/www.celttv.com.ar\/index.php\/wp-json\/wp\/v2\/posts"}],"about":[{"href":"https:\/\/www.celttv.com.ar\/index.php\/wp-json\/wp\/v2\/types\/post"}],"author":[{"embeddable":true,"href":"https:\/\/www.celttv.com.ar\/index.php\/wp-json\/wp\/v2\/users\/1"}],"replies":[{"embeddable":true,"href":"https:\/\/www.celttv.com.ar\/index.php\/wp-json\/wp\/v2\/comments?post=21603"}],"version-history":[{"count":0,"href":"https:\/\/www.celttv.com.ar\/index.php\/wp-json\/wp\/v2\/posts\/21603\/revisions"}],"wp:attachment":[{"href":"https:\/\/www.celttv.com.ar\/index.php\/wp-json\/wp\/v2\/media?parent=21603"}],"wp:term":[{"taxonomy":"category","embeddable":true,"href":"https:\/\/www.celttv.com.ar\/index.php\/wp-json\/wp\/v2\/categories?post=21603"},{"taxonomy":"post_tag","embeddable":true,"href":"https:\/\/www.celttv.com.ar\/index.php\/wp-json\/wp\/v2\/tags?post=21603"}],"curies":[{"name":"wp","href":"https:\/\/api.w.org\/{rel}","templated":true}]}}