{"id":21606,"date":"2014-07-03T15:53:56","date_gmt":"2014-07-03T15:53:56","guid":{"rendered":"http:\/\/www.tvcnoticias.com.ar\/?p=21606"},"modified":"2014-07-03T15:53:56","modified_gmt":"2014-07-03T15:53:56","slug":"manana-sera-la-licitacion-para-abastecer-de-agua-potable-a-la-gruta","status":"publish","type":"post","link":"https:\/\/www.celttv.com.ar\/index.php\/2014\/07\/03\/manana-sera-la-licitacion-para-abastecer-de-agua-potable-a-la-gruta\/","title":{"rendered":"MA\u00d1ANA SERA LA LICITACION PARA ABASTECER DE AGUA POTABLE A LA GRUTA"},"content":{"rendered":"<p><a rel=\"attachment wp-att-21607\" href=\"http:\/\/www.tvcnoticias.com.ar\/?attachment_id=21607\"><img loading=\"lazy\" decoding=\"async\" class=\"aligncenter size-medium wp-image-21607\" title=\"LA GRUTA (Medium)\" src=\"http:\/\/www.tvcnoticias.com.ar\/wp-content\/uploads\/2014\/07\/LA-GRUTA-Medium-450x225.jpg\" alt=\"\" width=\"450\" height=\"225\" \/><\/a>Con un acto administrativo que se realizar\u00e1 ma\u00f1ana viernes, a las 15 horas, en el sal\u00f3n ubicado en el predio de la Iglesia Nuestra Se\u00f1ora de F\u00e1tima de la localidad, se realizar\u00e1 la apertura de sobres con las ofertas para la construcci\u00f3n de la obra que abastecer\u00e1 de agua potable a Villa Serrana La Gruta.<br \/>\nEl evento, de gran trascendencia para toda la comunidad, contar\u00e1 con la presencia de Juan Mar\u00eda Vi\u00f1ales, presidente del Servicio Provincial de Agua Potable y Saneamiento Rural, ente encargado de la ejecuci\u00f3n de los trabajos. El funcionario provincial estar\u00e1 acompa\u00f1ado por el intendente municipal, licenciado Gustavo Trankels, y miembros del Ejecutivo comunal.<br \/>\nDada la importancia de esta licitaci\u00f3n, invitamos a las instituciones y vecinos del distrito a participar del acto de apertura de sobres de una obra trascendental para la comunidad de La Gruta y todo el distrito en su conjunto.<br \/>\nEnmarcada en el Plan Cuidar que lleva adelante el organismo provincial, la obra presentar\u00e1 algunas caracter\u00edsticas especiales, como la adaptaci\u00f3n de la misma al medio natural que rodea a la localidad y la colocaci\u00f3n de 13 bocas de incendio, respondiendo a una demanda surgida de la propia comunidad a partir del hist\u00f3rico incendio registrado en el verano en el sector serrano de nuestro distrito.<br \/>\nLa iniciativa fue presentada el pasado 10 de mayo en el mismo lugar, fecha en la cual se hab\u00eda anunciado la futura licitaci\u00f3n. El proyecto para la construcci\u00f3n de los pozos de abastecimiento y la red de agua potable tendr\u00e1 las siguientes caracter\u00edsticas:<br \/>\n&#8211;\u00a0\u00a0\u00a0\u00a0\u00a0\u00a0\u00a0\u00a0\u00a0 Presupuesto oficial: 9.887.664, 48 pesos.<br \/>\n&#8211;\u00a0\u00a0\u00a0\u00a0\u00a0\u00a0\u00a0\u00a0\u00a0 Se contempla el crecimiento, hasta las 500 parcelas existentes.<br \/>\n&#8211;\u00a0\u00a0\u00a0\u00a0\u00a0\u00a0\u00a0\u00a0\u00a0 Prev\u00e9 la construcci\u00f3n de cuatro pozos para la extracci\u00f3n del l\u00edquido, con capacidad de 10 metros c\u00fabicos cada uno.<br \/>\n&#8211;\u00a0\u00a0\u00a0\u00a0\u00a0\u00a0\u00a0\u00a0\u00a0 Contar\u00e1 con un acueducto de 800 metros hacia la cisterna de almacenamiento.<br \/>\n&#8211;\u00a0\u00a0\u00a0\u00a0\u00a0\u00a0\u00a0\u00a0\u00a0 La cisterna ser\u00e1 de 50 metros c\u00fabicos, estar\u00e1 ubicada en el predio de la iglesia y ser\u00e1 conforme a la visual del lugar.<br \/>\n&#8211;\u00a0\u00a0\u00a0\u00a0\u00a0\u00a0\u00a0\u00a0\u00a0 La red de agua tendr\u00e1 una extensi\u00f3n de 14.286 metros, con ca\u00f1os de cuatro di\u00e1metros distintos.<br \/>\n&#8211;\u00a0\u00a0\u00a0\u00a0\u00a0\u00a0\u00a0\u00a0\u00a0 Se colocar\u00e1n 13 bocas de incendio.<br \/>\n&nbsp;<\/p>\n","protected":false},"excerpt":{"rendered":"<p>Con un acto administrativo que se realizar\u00e1 ma\u00f1ana viernes, a las 15 horas, en el sal\u00f3n ubicado en el predio de la Iglesia Nuestra Se\u00f1ora de F\u00e1tima de la localidad, se realizar\u00e1 la apertura de sobres con las ofertas para la construcci\u00f3n de la obra que abastecer\u00e1 de agua potable a Villa Serrana La Gruta. [&hellip;]<\/p>\n","protected":false},"author":1,"featured_media":0,"comment_status":"closed","ping_status":"open","sticky":false,"template":"","format":"standard","meta":{"footnotes":""},"categories":[51,52,53],"tags":[],"class_list":["post-21606","post","type-post","status-publish","format-standard","hentry","category-comunidad","category-destacadas","category-politica"],"yoast_head":"<!-- This site is optimized with the Yoast SEO plugin v19.7.1 - https:\/\/yoast.com\/wordpress\/plugins\/seo\/ -->\n<title>MA\u00d1ANA SERA LA LICITACION PARA ABASTECER DE AGUA POTABLE A LA GRUTA - CELTTV<\/title>\n<meta name=\"description\" content=\"Sitio web de noticias de la localidad de Tornquist, provincia de Buenos Aires, Rep\u00fablica Argentina. Contenido propio originado por periodistas de CELTTV, el canal de TV local de la Cooperativa El\u00e9ctrica de Tornquist. Turismo, Pol\u00edtica, Sociedad, Deporte, Cultura y todo el contenido de inter\u00e9s general que la gente del pueblo y la regi\u00f3n debe conocer.\" \/>\n<meta name=\"robots\" content=\"index, follow, max-snippet:-1, max-image-preview:large, max-video-preview:-1\" \/>\n<link rel=\"canonical\" href=\"https:\/\/www.celttv.com.ar\/index.php\/2014\/07\/03\/manana-sera-la-licitacion-para-abastecer-de-agua-potable-a-la-gruta\/\" \/>\n<meta property=\"og:locale\" content=\"es_ES\" \/>\n<meta property=\"og:type\" content=\"article\" \/>\n<meta property=\"og:title\" content=\"MA\u00d1ANA SERA LA LICITACION PARA ABASTECER DE AGUA POTABLE A LA GRUTA - CELTTV\" \/>\n<meta property=\"og:description\" content=\"Sitio web de noticias de la localidad de Tornquist, provincia de Buenos Aires, Rep\u00fablica Argentina. Contenido propio originado por periodistas de CELTTV, el canal de TV local de la Cooperativa El\u00e9ctrica de Tornquist. Turismo, Pol\u00edtica, Sociedad, Deporte, Cultura y todo el contenido de inter\u00e9s general que la gente del pueblo y la regi\u00f3n debe conocer.\" \/>\n<meta property=\"og:url\" content=\"https:\/\/www.celttv.com.ar\/index.php\/2014\/07\/03\/manana-sera-la-licitacion-para-abastecer-de-agua-potable-a-la-gruta\/\" \/>\n<meta property=\"og:site_name\" content=\"CELTTV\" \/>\n<meta property=\"article:publisher\" content=\"https:\/\/www.facebook.com\/celtTV\/\" \/>\n<meta property=\"article:published_time\" content=\"2014-07-03T15:53:56+00:00\" \/>\n<meta property=\"og:image\" content=\"http:\/\/www.tvcnoticias.com.ar\/wp-content\/uploads\/2014\/07\/LA-GRUTA-Medium-450x225.jpg\" \/>\n<meta name=\"author\" content=\"ulises\" \/>\n<meta name=\"twitter:card\" content=\"summary_large_image\" \/>\n<meta name=\"twitter:label1\" content=\"Escrito por\" \/>\n\t<meta name=\"twitter:data1\" content=\"ulises\" \/>\n\t<meta name=\"twitter:label2\" content=\"Tiempo de lectura\" \/>\n\t<meta name=\"twitter:data2\" content=\"2 minutos\" \/>\n<script type=\"application\/ld+json\" class=\"yoast-schema-graph\">{\"@context\":\"https:\/\/schema.org\",\"@graph\":[{\"@type\":\"NewsArticle\",\"@id\":\"https:\/\/www.celttv.com.ar\/index.php\/2014\/07\/03\/manana-sera-la-licitacion-para-abastecer-de-agua-potable-a-la-gruta\/#article\",\"isPartOf\":{\"@id\":\"https:\/\/www.celttv.com.ar\/index.php\/2014\/07\/03\/manana-sera-la-licitacion-para-abastecer-de-agua-potable-a-la-gruta\/\"},\"author\":{\"name\":\"ulises\",\"@id\":\"https:\/\/www.celttv.com.ar\/#\/schema\/person\/6d99c072dba59953809c81446e9d0ace\"},\"headline\":\"MA\u00d1ANA SERA LA LICITACION PARA ABASTECER DE AGUA POTABLE A LA GRUTA\",\"datePublished\":\"2014-07-03T15:53:56+00:00\",\"dateModified\":\"2014-07-03T15:53:56+00:00\",\"mainEntityOfPage\":{\"@id\":\"https:\/\/www.celttv.com.ar\/index.php\/2014\/07\/03\/manana-sera-la-licitacion-para-abastecer-de-agua-potable-a-la-gruta\/\"},\"wordCount\":380,\"publisher\":{\"@id\":\"https:\/\/www.celttv.com.ar\/#organization\"},\"articleSection\":[\"Comunidad\",\"Destacadas\",\"Pol\u00edtica\"],\"inLanguage\":\"es\"},{\"@type\":\"WebPage\",\"@id\":\"https:\/\/www.celttv.com.ar\/index.php\/2014\/07\/03\/manana-sera-la-licitacion-para-abastecer-de-agua-potable-a-la-gruta\/\",\"url\":\"https:\/\/www.celttv.com.ar\/index.php\/2014\/07\/03\/manana-sera-la-licitacion-para-abastecer-de-agua-potable-a-la-gruta\/\",\"name\":\"MA\u00d1ANA SERA LA LICITACION PARA ABASTECER DE AGUA POTABLE A LA GRUTA - CELTTV\",\"isPartOf\":{\"@id\":\"https:\/\/www.celttv.com.ar\/#website\"},\"datePublished\":\"2014-07-03T15:53:56+00:00\",\"dateModified\":\"2014-07-03T15:53:56+00:00\",\"description\":\"Sitio web de noticias de la localidad de Tornquist, provincia de Buenos Aires, Rep\u00fablica Argentina. Contenido propio originado por periodistas de CELTTV, el canal de TV local de la Cooperativa El\u00e9ctrica de Tornquist. Turismo, Pol\u00edtica, Sociedad, Deporte, Cultura y todo el contenido de inter\u00e9s general que la gente del pueblo y la regi\u00f3n debe conocer.\",\"breadcrumb\":{\"@id\":\"https:\/\/www.celttv.com.ar\/index.php\/2014\/07\/03\/manana-sera-la-licitacion-para-abastecer-de-agua-potable-a-la-gruta\/#breadcrumb\"},\"inLanguage\":\"es\",\"potentialAction\":[{\"@type\":\"ReadAction\",\"target\":[\"https:\/\/www.celttv.com.ar\/index.php\/2014\/07\/03\/manana-sera-la-licitacion-para-abastecer-de-agua-potable-a-la-gruta\/\"]}]},{\"@type\":\"BreadcrumbList\",\"@id\":\"https:\/\/www.celttv.com.ar\/index.php\/2014\/07\/03\/manana-sera-la-licitacion-para-abastecer-de-agua-potable-a-la-gruta\/#breadcrumb\",\"itemListElement\":[{\"@type\":\"ListItem\",\"position\":1,\"name\":\"Inicio\",\"item\":\"https:\/\/www.celttv.com.ar\/\"},{\"@type\":\"ListItem\",\"position\":2,\"name\":\"MA\u00d1ANA SERA LA LICITACION PARA ABASTECER DE AGUA POTABLE A LA GRUTA\"}]},{\"@type\":\"WebSite\",\"@id\":\"https:\/\/www.celttv.com.ar\/#website\",\"url\":\"https:\/\/www.celttv.com.ar\/\",\"name\":\"CELTTV\",\"description\":\"Cooperativa El\u00e9ctrica de Tornquist\",\"publisher\":{\"@id\":\"https:\/\/www.celttv.com.ar\/#organization\"},\"potentialAction\":[{\"@type\":\"SearchAction\",\"target\":{\"@type\":\"EntryPoint\",\"urlTemplate\":\"https:\/\/www.celttv.com.ar\/?s={search_term_string}\"},\"query-input\":\"required name=search_term_string\"}],\"inLanguage\":\"es\"},{\"@type\":\"Organization\",\"@id\":\"https:\/\/www.celttv.com.ar\/#organization\",\"name\":\"CELTTV\",\"url\":\"https:\/\/www.celttv.com.ar\/\",\"sameAs\":[\"https:\/\/www.youtube.com\/channel\/UCz_oIt8Hig64Ub-EmcNPIhg\",\"https:\/\/www.facebook.com\/celtTV\/\"],\"logo\":{\"@type\":\"ImageObject\",\"inLanguage\":\"es\",\"@id\":\"https:\/\/www.celttv.com.ar\/#\/schema\/logo\/image\/\",\"url\":\"http:\/\/www.celttv.com.ar\/wp-content\/uploads\/2022\/08\/logo-1.png\",\"contentUrl\":\"http:\/\/www.celttv.com.ar\/wp-content\/uploads\/2022\/08\/logo-1.png\",\"width\":461,\"height\":159,\"caption\":\"CELTTV\"},\"image\":{\"@id\":\"https:\/\/www.celttv.com.ar\/#\/schema\/logo\/image\/\"}},{\"@type\":\"Person\",\"@id\":\"https:\/\/www.celttv.com.ar\/#\/schema\/person\/6d99c072dba59953809c81446e9d0ace\",\"name\":\"ulises\",\"image\":{\"@type\":\"ImageObject\",\"inLanguage\":\"es\",\"@id\":\"https:\/\/www.celttv.com.ar\/#\/schema\/person\/image\/\",\"url\":\"https:\/\/secure.gravatar.com\/avatar\/7f2c48bdc33b30088f941fb6082e555f2874c98e20cb159d7b92b50eadfce793?s=96&d=mm&r=g\",\"contentUrl\":\"https:\/\/secure.gravatar.com\/avatar\/7f2c48bdc33b30088f941fb6082e555f2874c98e20cb159d7b92b50eadfce793?s=96&d=mm&r=g\",\"caption\":\"ulises\"},\"sameAs\":[\"http:\/\/www.celttv.com.ar\"]}]}<\/script>\n<!-- \/ Yoast SEO plugin. -->","yoast_head_json":{"title":"MA\u00d1ANA SERA LA LICITACION PARA ABASTECER DE AGUA POTABLE A LA GRUTA - CELTTV","description":"Sitio web de noticias de la localidad de Tornquist, provincia de Buenos Aires, Rep\u00fablica Argentina. Contenido propio originado por periodistas de CELTTV, el canal de TV local de la Cooperativa El\u00e9ctrica de Tornquist. Turismo, Pol\u00edtica, Sociedad, Deporte, Cultura y todo el contenido de inter\u00e9s general que la gente del pueblo y la regi\u00f3n debe conocer.","robots":{"index":"index","follow":"follow","max-snippet":"max-snippet:-1","max-image-preview":"max-image-preview:large","max-video-preview":"max-video-preview:-1"},"canonical":"https:\/\/www.celttv.com.ar\/index.php\/2014\/07\/03\/manana-sera-la-licitacion-para-abastecer-de-agua-potable-a-la-gruta\/","og_locale":"es_ES","og_type":"article","og_title":"MA\u00d1ANA SERA LA LICITACION PARA ABASTECER DE AGUA POTABLE A LA GRUTA - CELTTV","og_description":"Sitio web de noticias de la localidad de Tornquist, provincia de Buenos Aires, Rep\u00fablica Argentina. Contenido propio originado por periodistas de CELTTV, el canal de TV local de la Cooperativa El\u00e9ctrica de Tornquist. Turismo, Pol\u00edtica, Sociedad, Deporte, Cultura y todo el contenido de inter\u00e9s general que la gente del pueblo y la regi\u00f3n debe conocer.","og_url":"https:\/\/www.celttv.com.ar\/index.php\/2014\/07\/03\/manana-sera-la-licitacion-para-abastecer-de-agua-potable-a-la-gruta\/","og_site_name":"CELTTV","article_publisher":"https:\/\/www.facebook.com\/celtTV\/","article_published_time":"2014-07-03T15:53:56+00:00","og_image":[{"url":"http:\/\/www.tvcnoticias.com.ar\/wp-content\/uploads\/2014\/07\/LA-GRUTA-Medium-450x225.jpg"}],"author":"ulises","twitter_card":"summary_large_image","twitter_misc":{"Escrito por":"ulises","Tiempo de lectura":"2 minutos"},"schema":{"@context":"https:\/\/schema.org","@graph":[{"@type":"NewsArticle","@id":"https:\/\/www.celttv.com.ar\/index.php\/2014\/07\/03\/manana-sera-la-licitacion-para-abastecer-de-agua-potable-a-la-gruta\/#article","isPartOf":{"@id":"https:\/\/www.celttv.com.ar\/index.php\/2014\/07\/03\/manana-sera-la-licitacion-para-abastecer-de-agua-potable-a-la-gruta\/"},"author":{"name":"ulises","@id":"https:\/\/www.celttv.com.ar\/#\/schema\/person\/6d99c072dba59953809c81446e9d0ace"},"headline":"MA\u00d1ANA SERA LA LICITACION PARA ABASTECER DE AGUA POTABLE A LA GRUTA","datePublished":"2014-07-03T15:53:56+00:00","dateModified":"2014-07-03T15:53:56+00:00","mainEntityOfPage":{"@id":"https:\/\/www.celttv.com.ar\/index.php\/2014\/07\/03\/manana-sera-la-licitacion-para-abastecer-de-agua-potable-a-la-gruta\/"},"wordCount":380,"publisher":{"@id":"https:\/\/www.celttv.com.ar\/#organization"},"articleSection":["Comunidad","Destacadas","Pol\u00edtica"],"inLanguage":"es"},{"@type":"WebPage","@id":"https:\/\/www.celttv.com.ar\/index.php\/2014\/07\/03\/manana-sera-la-licitacion-para-abastecer-de-agua-potable-a-la-gruta\/","url":"https:\/\/www.celttv.com.ar\/index.php\/2014\/07\/03\/manana-sera-la-licitacion-para-abastecer-de-agua-potable-a-la-gruta\/","name":"MA\u00d1ANA SERA LA LICITACION PARA ABASTECER DE AGUA POTABLE A LA GRUTA - CELTTV","isPartOf":{"@id":"https:\/\/www.celttv.com.ar\/#website"},"datePublished":"2014-07-03T15:53:56+00:00","dateModified":"2014-07-03T15:53:56+00:00","description":"Sitio web de noticias de la localidad de Tornquist, provincia de Buenos Aires, Rep\u00fablica Argentina. Contenido propio originado por periodistas de CELTTV, el canal de TV local de la Cooperativa El\u00e9ctrica de Tornquist. Turismo, Pol\u00edtica, Sociedad, Deporte, Cultura y todo el contenido de inter\u00e9s general que la gente del pueblo y la regi\u00f3n debe conocer.","breadcrumb":{"@id":"https:\/\/www.celttv.com.ar\/index.php\/2014\/07\/03\/manana-sera-la-licitacion-para-abastecer-de-agua-potable-a-la-gruta\/#breadcrumb"},"inLanguage":"es","potentialAction":[{"@type":"ReadAction","target":["https:\/\/www.celttv.com.ar\/index.php\/2014\/07\/03\/manana-sera-la-licitacion-para-abastecer-de-agua-potable-a-la-gruta\/"]}]},{"@type":"BreadcrumbList","@id":"https:\/\/www.celttv.com.ar\/index.php\/2014\/07\/03\/manana-sera-la-licitacion-para-abastecer-de-agua-potable-a-la-gruta\/#breadcrumb","itemListElement":[{"@type":"ListItem","position":1,"name":"Inicio","item":"https:\/\/www.celttv.com.ar\/"},{"@type":"ListItem","position":2,"name":"MA\u00d1ANA SERA LA LICITACION PARA ABASTECER DE AGUA POTABLE A LA GRUTA"}]},{"@type":"WebSite","@id":"https:\/\/www.celttv.com.ar\/#website","url":"https:\/\/www.celttv.com.ar\/","name":"CELTTV","description":"Cooperativa El\u00e9ctrica de Tornquist","publisher":{"@id":"https:\/\/www.celttv.com.ar\/#organization"},"potentialAction":[{"@type":"SearchAction","target":{"@type":"EntryPoint","urlTemplate":"https:\/\/www.celttv.com.ar\/?s={search_term_string}"},"query-input":"required name=search_term_string"}],"inLanguage":"es"},{"@type":"Organization","@id":"https:\/\/www.celttv.com.ar\/#organization","name":"CELTTV","url":"https:\/\/www.celttv.com.ar\/","sameAs":["https:\/\/www.youtube.com\/channel\/UCz_oIt8Hig64Ub-EmcNPIhg","https:\/\/www.facebook.com\/celtTV\/"],"logo":{"@type":"ImageObject","inLanguage":"es","@id":"https:\/\/www.celttv.com.ar\/#\/schema\/logo\/image\/","url":"http:\/\/www.celttv.com.ar\/wp-content\/uploads\/2022\/08\/logo-1.png","contentUrl":"http:\/\/www.celttv.com.ar\/wp-content\/uploads\/2022\/08\/logo-1.png","width":461,"height":159,"caption":"CELTTV"},"image":{"@id":"https:\/\/www.celttv.com.ar\/#\/schema\/logo\/image\/"}},{"@type":"Person","@id":"https:\/\/www.celttv.com.ar\/#\/schema\/person\/6d99c072dba59953809c81446e9d0ace","name":"ulises","image":{"@type":"ImageObject","inLanguage":"es","@id":"https:\/\/www.celttv.com.ar\/#\/schema\/person\/image\/","url":"https:\/\/secure.gravatar.com\/avatar\/7f2c48bdc33b30088f941fb6082e555f2874c98e20cb159d7b92b50eadfce793?s=96&d=mm&r=g","contentUrl":"https:\/\/secure.gravatar.com\/avatar\/7f2c48bdc33b30088f941fb6082e555f2874c98e20cb159d7b92b50eadfce793?s=96&d=mm&r=g","caption":"ulises"},"sameAs":["http:\/\/www.celttv.com.ar"]}]}},"_links":{"self":[{"href":"https:\/\/www.celttv.com.ar\/index.php\/wp-json\/wp\/v2\/posts\/21606","targetHints":{"allow":["GET"]}}],"collection":[{"href":"https:\/\/www.celttv.com.ar\/index.php\/wp-json\/wp\/v2\/posts"}],"about":[{"href":"https:\/\/www.celttv.com.ar\/index.php\/wp-json\/wp\/v2\/types\/post"}],"author":[{"embeddable":true,"href":"https:\/\/www.celttv.com.ar\/index.php\/wp-json\/wp\/v2\/users\/1"}],"replies":[{"embeddable":true,"href":"https:\/\/www.celttv.com.ar\/index.php\/wp-json\/wp\/v2\/comments?post=21606"}],"version-history":[{"count":0,"href":"https:\/\/www.celttv.com.ar\/index.php\/wp-json\/wp\/v2\/posts\/21606\/revisions"}],"wp:attachment":[{"href":"https:\/\/www.celttv.com.ar\/index.php\/wp-json\/wp\/v2\/media?parent=21606"}],"wp:term":[{"taxonomy":"category","embeddable":true,"href":"https:\/\/www.celttv.com.ar\/index.php\/wp-json\/wp\/v2\/categories?post=21606"},{"taxonomy":"post_tag","embeddable":true,"href":"https:\/\/www.celttv.com.ar\/index.php\/wp-json\/wp\/v2\/tags?post=21606"}],"curies":[{"name":"wp","href":"https:\/\/api.w.org\/{rel}","templated":true}]}}