{"id":21611,"date":"2014-07-03T18:27:20","date_gmt":"2014-07-03T18:27:20","guid":{"rendered":"http:\/\/www.tvcnoticias.com.ar\/?p=21611"},"modified":"2014-07-03T18:27:20","modified_gmt":"2014-07-03T18:27:20","slug":"adhesion-de-la-celt-al-dia-internacional-de-las-cooperativas","status":"publish","type":"post","link":"https:\/\/www.celttv.com.ar\/index.php\/2014\/07\/03\/adhesion-de-la-celt-al-dia-internacional-de-las-cooperativas\/","title":{"rendered":"ADHESION DE LA CELT. AL DIA INTERNACIONAL DE LAS COOPERATIVAS"},"content":{"rendered":"<p>Mensaje de la Alianza Cooperativa Internacional\u00a0\u00a092\u00ba D\u00eda de Internacional de las Cooperativas de la Alianza\u00a020\u00ba D\u00eda Internacional de las Cooperativas de las Naciones Unidas\u00a0\u00a0\u00a05 de julio de 2014<br \/>\n\u201cLas empresas cooperativas logran el desarrollo sostenible para todos\u201d.\u00a0\u00a0\u00a0El lema de esta edici\u00f3n del D\u00eda Internacional de las Cooperativas, que se celebrar\u00e1 el 5\u00a0de julio, ser\u00e1 \u201cLas empresas cooperativas logran el desarrollo sostenible para todos\u201d.<br \/>\nPreocuparse por la comunidad es uno de los valores fundacionales del movimiento\u00a0cooperativo y, como tal, la necesidad de salvaguardar de manera sostenible unas\u00a0condiciones de vidas favorables para las comunidades constituye la base de las\u00a0acciones y la visi\u00f3n de todas las cooperativas.<br \/>\nEn t\u00e9rminos generales, la sostenibilidad es la capacidad de apoyar, mantener y\u00a0resistir. Desde los a\u00f1os ochenta, este concepto ha evolucionado hasta significar la\u00a0inclusi\u00f3n de las dimensiones medioambiental, econ\u00f3mica y social. De nuevo, las\u00a0cooperativas aparecen aqu\u00ed como las predecesoras de la sostenibilidad moderna. Al\u00a0centrarse en la necesidades humanas, responden a las crisis de sostenibilidad de hoy\u00a0d\u00eda y aportan un peculiar \u201cvalor compartido\u201d.\u00a0\u00a0Uno de los objetivos del Plan para una D\u00e9cada Cooperativa es \u201cposicionar las\u00a0cooperativas como creadoras de sostenibilidad\u201d<br \/>\n1. El sector cooperativo ha de explicar\u00a0y demostrar al mundo que la sostenibilidad forma parte de su naturaleza intr\u00ednseca y\u00a0que las empresas cooperativas contribuyen de forma positiva a dicha sostenibilidad.\u00a0\u00a0En este sentido, la Alianza encarg\u00f3 un an\u00e1lisis de las cooperativas desde el punto de\u00a0vista de diferentes sectores y zonas del mundo para comprobar lo vinculados que\u00a0est\u00e1n a la sostenibilidad. Presentado en nuestra conferencia internacional en Ciudad\u00a0del Cabo en noviembre de 2013, el informe concluye que las cooperativas consideran\u00a0la sostenibilidad en sus valores y modelo de funcionamiento y que la ONU insta a los\u00a0gobiernos a fomentar y facilitar \u201cel establecimiento y el desarrollo de las cooperativas,\u00a0incluso adoptando medidas para que las personas que viven en la pobreza o\u00a0pertenecen a grupos vulnerables, incluidos las mujeres, los j\u00f3venes, las personas con\u00a0discapacidad, las personas de edad y las personas ind\u00edgenas, puedan participar\u00a0plenamente, de forma voluntaria, en las cooperativas y atender a sus necesidades de\u00a0servicios sociales\u201d.<br \/>\n<a rel=\"attachment wp-att-21612\" href=\"http:\/\/www.tvcnoticias.com.ar\/?attachment_id=21612\"><img loading=\"lazy\" decoding=\"async\" class=\"aligncenter size-medium wp-image-21612\" title=\"cooperativismo2014 (Medium)\" src=\"http:\/\/www.tvcnoticias.com.ar\/wp-content\/uploads\/2014\/07\/cooperativismo2014-Medium-450x338.jpg\" alt=\"\" width=\"450\" height=\"338\" \/><\/a>2\u00a0\u00a0Actualmente la ONU se est\u00e1 fijando nuevas y ambiciosas metas para el periodo\u00a0posterior a 2015, que se denominar\u00e1n Objetivos de Desarrollo Sostenible. El\u00a0movimiento cooperativo repercute en mil millones de personas de todo el planeta y, a\u00a0trav\u00e9s de nuestra visi\u00f3n del desarrollo sostenible para todos, podemos ser socios clave\u00a0en esto.\u00a0\u00a0Nos gustar\u00eda instar a las cooperativas del mundo entero a aprovechar el 5 de julio\u00a0para mostrar c\u00f3mo las cooperativas son el modelo de empresa m\u00e1s adecuado para\u00a0desarrollar y crear sostenibilidad en el siglo XXI.<br \/>\n&nbsp;<\/p>\n","protected":false},"excerpt":{"rendered":"<p>Mensaje de la Alianza Cooperativa Internacional\u00a0\u00a092\u00ba D\u00eda de Internacional de las Cooperativas de la Alianza\u00a020\u00ba D\u00eda Internacional de las Cooperativas de las Naciones Unidas\u00a0\u00a0\u00a05 de julio de 2014 \u201cLas empresas cooperativas logran el desarrollo sostenible para todos\u201d.\u00a0\u00a0\u00a0El lema de esta edici\u00f3n del D\u00eda Internacional de las Cooperativas, que se celebrar\u00e1 el 5\u00a0de julio, ser\u00e1 \u201cLas [&hellip;]<\/p>\n","protected":false},"author":1,"featured_media":0,"comment_status":"closed","ping_status":"open","sticky":false,"template":"","format":"standard","meta":{"footnotes":""},"categories":[51,52],"tags":[],"class_list":["post-21611","post","type-post","status-publish","format-standard","hentry","category-comunidad","category-destacadas"],"yoast_head":"<!-- This site is optimized with the Yoast SEO plugin v19.7.1 - https:\/\/yoast.com\/wordpress\/plugins\/seo\/ -->\n<title>ADHESION DE LA CELT. AL DIA INTERNACIONAL DE LAS COOPERATIVAS - CELTTV<\/title>\n<meta name=\"description\" content=\"Sitio web de noticias de la localidad de Tornquist, provincia de Buenos Aires, Rep\u00fablica Argentina. Contenido propio originado por periodistas de CELTTV, el canal de TV local de la Cooperativa El\u00e9ctrica de Tornquist. Turismo, Pol\u00edtica, Sociedad, Deporte, Cultura y todo el contenido de inter\u00e9s general que la gente del pueblo y la regi\u00f3n debe conocer.\" \/>\n<meta name=\"robots\" content=\"index, follow, max-snippet:-1, max-image-preview:large, max-video-preview:-1\" \/>\n<link rel=\"canonical\" href=\"https:\/\/www.celttv.com.ar\/index.php\/2014\/07\/03\/adhesion-de-la-celt-al-dia-internacional-de-las-cooperativas\/\" \/>\n<meta property=\"og:locale\" content=\"es_ES\" \/>\n<meta property=\"og:type\" content=\"article\" \/>\n<meta property=\"og:title\" content=\"ADHESION DE LA CELT. AL DIA INTERNACIONAL DE LAS COOPERATIVAS - CELTTV\" \/>\n<meta property=\"og:description\" content=\"Sitio web de noticias de la localidad de Tornquist, provincia de Buenos Aires, Rep\u00fablica Argentina. Contenido propio originado por periodistas de CELTTV, el canal de TV local de la Cooperativa El\u00e9ctrica de Tornquist. Turismo, Pol\u00edtica, Sociedad, Deporte, Cultura y todo el contenido de inter\u00e9s general que la gente del pueblo y la regi\u00f3n debe conocer.\" \/>\n<meta property=\"og:url\" content=\"https:\/\/www.celttv.com.ar\/index.php\/2014\/07\/03\/adhesion-de-la-celt-al-dia-internacional-de-las-cooperativas\/\" \/>\n<meta property=\"og:site_name\" content=\"CELTTV\" \/>\n<meta property=\"article:publisher\" content=\"https:\/\/www.facebook.com\/celtTV\/\" \/>\n<meta property=\"article:published_time\" content=\"2014-07-03T18:27:20+00:00\" \/>\n<meta property=\"og:image\" content=\"http:\/\/www.tvcnoticias.com.ar\/wp-content\/uploads\/2014\/07\/cooperativismo2014-Medium-450x338.jpg\" \/>\n<meta name=\"author\" content=\"ulises\" \/>\n<meta name=\"twitter:card\" content=\"summary_large_image\" \/>\n<meta name=\"twitter:label1\" content=\"Escrito por\" \/>\n\t<meta name=\"twitter:data1\" content=\"ulises\" \/>\n\t<meta name=\"twitter:label2\" content=\"Tiempo de lectura\" \/>\n\t<meta name=\"twitter:data2\" content=\"2 minutos\" \/>\n<script type=\"application\/ld+json\" class=\"yoast-schema-graph\">{\"@context\":\"https:\/\/schema.org\",\"@graph\":[{\"@type\":\"NewsArticle\",\"@id\":\"https:\/\/www.celttv.com.ar\/index.php\/2014\/07\/03\/adhesion-de-la-celt-al-dia-internacional-de-las-cooperativas\/#article\",\"isPartOf\":{\"@id\":\"https:\/\/www.celttv.com.ar\/index.php\/2014\/07\/03\/adhesion-de-la-celt-al-dia-internacional-de-las-cooperativas\/\"},\"author\":{\"name\":\"ulises\",\"@id\":\"https:\/\/www.celttv.com.ar\/#\/schema\/person\/6d99c072dba59953809c81446e9d0ace\"},\"headline\":\"ADHESION DE LA CELT. AL DIA INTERNACIONAL DE LAS COOPERATIVAS\",\"datePublished\":\"2014-07-03T18:27:20+00:00\",\"dateModified\":\"2014-07-03T18:27:20+00:00\",\"mainEntityOfPage\":{\"@id\":\"https:\/\/www.celttv.com.ar\/index.php\/2014\/07\/03\/adhesion-de-la-celt-al-dia-internacional-de-las-cooperativas\/\"},\"wordCount\":473,\"publisher\":{\"@id\":\"https:\/\/www.celttv.com.ar\/#organization\"},\"articleSection\":[\"Comunidad\",\"Destacadas\"],\"inLanguage\":\"es\"},{\"@type\":\"WebPage\",\"@id\":\"https:\/\/www.celttv.com.ar\/index.php\/2014\/07\/03\/adhesion-de-la-celt-al-dia-internacional-de-las-cooperativas\/\",\"url\":\"https:\/\/www.celttv.com.ar\/index.php\/2014\/07\/03\/adhesion-de-la-celt-al-dia-internacional-de-las-cooperativas\/\",\"name\":\"ADHESION DE LA CELT. AL DIA INTERNACIONAL DE LAS COOPERATIVAS - CELTTV\",\"isPartOf\":{\"@id\":\"https:\/\/www.celttv.com.ar\/#website\"},\"datePublished\":\"2014-07-03T18:27:20+00:00\",\"dateModified\":\"2014-07-03T18:27:20+00:00\",\"description\":\"Sitio web de noticias de la localidad de Tornquist, provincia de Buenos Aires, Rep\u00fablica Argentina. Contenido propio originado por periodistas de CELTTV, el canal de TV local de la Cooperativa El\u00e9ctrica de Tornquist. Turismo, Pol\u00edtica, Sociedad, Deporte, Cultura y todo el contenido de inter\u00e9s general que la gente del pueblo y la regi\u00f3n debe conocer.\",\"breadcrumb\":{\"@id\":\"https:\/\/www.celttv.com.ar\/index.php\/2014\/07\/03\/adhesion-de-la-celt-al-dia-internacional-de-las-cooperativas\/#breadcrumb\"},\"inLanguage\":\"es\",\"potentialAction\":[{\"@type\":\"ReadAction\",\"target\":[\"https:\/\/www.celttv.com.ar\/index.php\/2014\/07\/03\/adhesion-de-la-celt-al-dia-internacional-de-las-cooperativas\/\"]}]},{\"@type\":\"BreadcrumbList\",\"@id\":\"https:\/\/www.celttv.com.ar\/index.php\/2014\/07\/03\/adhesion-de-la-celt-al-dia-internacional-de-las-cooperativas\/#breadcrumb\",\"itemListElement\":[{\"@type\":\"ListItem\",\"position\":1,\"name\":\"Inicio\",\"item\":\"https:\/\/www.celttv.com.ar\/\"},{\"@type\":\"ListItem\",\"position\":2,\"name\":\"ADHESION DE LA CELT. AL DIA INTERNACIONAL DE LAS COOPERATIVAS\"}]},{\"@type\":\"WebSite\",\"@id\":\"https:\/\/www.celttv.com.ar\/#website\",\"url\":\"https:\/\/www.celttv.com.ar\/\",\"name\":\"CELTTV\",\"description\":\"Cooperativa El\u00e9ctrica de Tornquist\",\"publisher\":{\"@id\":\"https:\/\/www.celttv.com.ar\/#organization\"},\"potentialAction\":[{\"@type\":\"SearchAction\",\"target\":{\"@type\":\"EntryPoint\",\"urlTemplate\":\"https:\/\/www.celttv.com.ar\/?s={search_term_string}\"},\"query-input\":\"required name=search_term_string\"}],\"inLanguage\":\"es\"},{\"@type\":\"Organization\",\"@id\":\"https:\/\/www.celttv.com.ar\/#organization\",\"name\":\"CELTTV\",\"url\":\"https:\/\/www.celttv.com.ar\/\",\"sameAs\":[\"https:\/\/www.youtube.com\/channel\/UCz_oIt8Hig64Ub-EmcNPIhg\",\"https:\/\/www.facebook.com\/celtTV\/\"],\"logo\":{\"@type\":\"ImageObject\",\"inLanguage\":\"es\",\"@id\":\"https:\/\/www.celttv.com.ar\/#\/schema\/logo\/image\/\",\"url\":\"http:\/\/www.celttv.com.ar\/wp-content\/uploads\/2022\/08\/logo-1.png\",\"contentUrl\":\"http:\/\/www.celttv.com.ar\/wp-content\/uploads\/2022\/08\/logo-1.png\",\"width\":461,\"height\":159,\"caption\":\"CELTTV\"},\"image\":{\"@id\":\"https:\/\/www.celttv.com.ar\/#\/schema\/logo\/image\/\"}},{\"@type\":\"Person\",\"@id\":\"https:\/\/www.celttv.com.ar\/#\/schema\/person\/6d99c072dba59953809c81446e9d0ace\",\"name\":\"ulises\",\"image\":{\"@type\":\"ImageObject\",\"inLanguage\":\"es\",\"@id\":\"https:\/\/www.celttv.com.ar\/#\/schema\/person\/image\/\",\"url\":\"https:\/\/secure.gravatar.com\/avatar\/7f2c48bdc33b30088f941fb6082e555f2874c98e20cb159d7b92b50eadfce793?s=96&d=mm&r=g\",\"contentUrl\":\"https:\/\/secure.gravatar.com\/avatar\/7f2c48bdc33b30088f941fb6082e555f2874c98e20cb159d7b92b50eadfce793?s=96&d=mm&r=g\",\"caption\":\"ulises\"},\"sameAs\":[\"http:\/\/www.celttv.com.ar\"]}]}<\/script>\n<!-- \/ Yoast SEO plugin. -->","yoast_head_json":{"title":"ADHESION DE LA CELT. AL DIA INTERNACIONAL DE LAS COOPERATIVAS - CELTTV","description":"Sitio web de noticias de la localidad de Tornquist, provincia de Buenos Aires, Rep\u00fablica Argentina. Contenido propio originado por periodistas de CELTTV, el canal de TV local de la Cooperativa El\u00e9ctrica de Tornquist. Turismo, Pol\u00edtica, Sociedad, Deporte, Cultura y todo el contenido de inter\u00e9s general que la gente del pueblo y la regi\u00f3n debe conocer.","robots":{"index":"index","follow":"follow","max-snippet":"max-snippet:-1","max-image-preview":"max-image-preview:large","max-video-preview":"max-video-preview:-1"},"canonical":"https:\/\/www.celttv.com.ar\/index.php\/2014\/07\/03\/adhesion-de-la-celt-al-dia-internacional-de-las-cooperativas\/","og_locale":"es_ES","og_type":"article","og_title":"ADHESION DE LA CELT. AL DIA INTERNACIONAL DE LAS COOPERATIVAS - CELTTV","og_description":"Sitio web de noticias de la localidad de Tornquist, provincia de Buenos Aires, Rep\u00fablica Argentina. Contenido propio originado por periodistas de CELTTV, el canal de TV local de la Cooperativa El\u00e9ctrica de Tornquist. Turismo, Pol\u00edtica, Sociedad, Deporte, Cultura y todo el contenido de inter\u00e9s general que la gente del pueblo y la regi\u00f3n debe conocer.","og_url":"https:\/\/www.celttv.com.ar\/index.php\/2014\/07\/03\/adhesion-de-la-celt-al-dia-internacional-de-las-cooperativas\/","og_site_name":"CELTTV","article_publisher":"https:\/\/www.facebook.com\/celtTV\/","article_published_time":"2014-07-03T18:27:20+00:00","og_image":[{"url":"http:\/\/www.tvcnoticias.com.ar\/wp-content\/uploads\/2014\/07\/cooperativismo2014-Medium-450x338.jpg"}],"author":"ulises","twitter_card":"summary_large_image","twitter_misc":{"Escrito por":"ulises","Tiempo de lectura":"2 minutos"},"schema":{"@context":"https:\/\/schema.org","@graph":[{"@type":"NewsArticle","@id":"https:\/\/www.celttv.com.ar\/index.php\/2014\/07\/03\/adhesion-de-la-celt-al-dia-internacional-de-las-cooperativas\/#article","isPartOf":{"@id":"https:\/\/www.celttv.com.ar\/index.php\/2014\/07\/03\/adhesion-de-la-celt-al-dia-internacional-de-las-cooperativas\/"},"author":{"name":"ulises","@id":"https:\/\/www.celttv.com.ar\/#\/schema\/person\/6d99c072dba59953809c81446e9d0ace"},"headline":"ADHESION DE LA CELT. AL DIA INTERNACIONAL DE LAS COOPERATIVAS","datePublished":"2014-07-03T18:27:20+00:00","dateModified":"2014-07-03T18:27:20+00:00","mainEntityOfPage":{"@id":"https:\/\/www.celttv.com.ar\/index.php\/2014\/07\/03\/adhesion-de-la-celt-al-dia-internacional-de-las-cooperativas\/"},"wordCount":473,"publisher":{"@id":"https:\/\/www.celttv.com.ar\/#organization"},"articleSection":["Comunidad","Destacadas"],"inLanguage":"es"},{"@type":"WebPage","@id":"https:\/\/www.celttv.com.ar\/index.php\/2014\/07\/03\/adhesion-de-la-celt-al-dia-internacional-de-las-cooperativas\/","url":"https:\/\/www.celttv.com.ar\/index.php\/2014\/07\/03\/adhesion-de-la-celt-al-dia-internacional-de-las-cooperativas\/","name":"ADHESION DE LA CELT. AL DIA INTERNACIONAL DE LAS COOPERATIVAS - CELTTV","isPartOf":{"@id":"https:\/\/www.celttv.com.ar\/#website"},"datePublished":"2014-07-03T18:27:20+00:00","dateModified":"2014-07-03T18:27:20+00:00","description":"Sitio web de noticias de la localidad de Tornquist, provincia de Buenos Aires, Rep\u00fablica Argentina. Contenido propio originado por periodistas de CELTTV, el canal de TV local de la Cooperativa El\u00e9ctrica de Tornquist. Turismo, Pol\u00edtica, Sociedad, Deporte, Cultura y todo el contenido de inter\u00e9s general que la gente del pueblo y la regi\u00f3n debe conocer.","breadcrumb":{"@id":"https:\/\/www.celttv.com.ar\/index.php\/2014\/07\/03\/adhesion-de-la-celt-al-dia-internacional-de-las-cooperativas\/#breadcrumb"},"inLanguage":"es","potentialAction":[{"@type":"ReadAction","target":["https:\/\/www.celttv.com.ar\/index.php\/2014\/07\/03\/adhesion-de-la-celt-al-dia-internacional-de-las-cooperativas\/"]}]},{"@type":"BreadcrumbList","@id":"https:\/\/www.celttv.com.ar\/index.php\/2014\/07\/03\/adhesion-de-la-celt-al-dia-internacional-de-las-cooperativas\/#breadcrumb","itemListElement":[{"@type":"ListItem","position":1,"name":"Inicio","item":"https:\/\/www.celttv.com.ar\/"},{"@type":"ListItem","position":2,"name":"ADHESION DE LA CELT. AL DIA INTERNACIONAL DE LAS COOPERATIVAS"}]},{"@type":"WebSite","@id":"https:\/\/www.celttv.com.ar\/#website","url":"https:\/\/www.celttv.com.ar\/","name":"CELTTV","description":"Cooperativa El\u00e9ctrica de Tornquist","publisher":{"@id":"https:\/\/www.celttv.com.ar\/#organization"},"potentialAction":[{"@type":"SearchAction","target":{"@type":"EntryPoint","urlTemplate":"https:\/\/www.celttv.com.ar\/?s={search_term_string}"},"query-input":"required name=search_term_string"}],"inLanguage":"es"},{"@type":"Organization","@id":"https:\/\/www.celttv.com.ar\/#organization","name":"CELTTV","url":"https:\/\/www.celttv.com.ar\/","sameAs":["https:\/\/www.youtube.com\/channel\/UCz_oIt8Hig64Ub-EmcNPIhg","https:\/\/www.facebook.com\/celtTV\/"],"logo":{"@type":"ImageObject","inLanguage":"es","@id":"https:\/\/www.celttv.com.ar\/#\/schema\/logo\/image\/","url":"http:\/\/www.celttv.com.ar\/wp-content\/uploads\/2022\/08\/logo-1.png","contentUrl":"http:\/\/www.celttv.com.ar\/wp-content\/uploads\/2022\/08\/logo-1.png","width":461,"height":159,"caption":"CELTTV"},"image":{"@id":"https:\/\/www.celttv.com.ar\/#\/schema\/logo\/image\/"}},{"@type":"Person","@id":"https:\/\/www.celttv.com.ar\/#\/schema\/person\/6d99c072dba59953809c81446e9d0ace","name":"ulises","image":{"@type":"ImageObject","inLanguage":"es","@id":"https:\/\/www.celttv.com.ar\/#\/schema\/person\/image\/","url":"https:\/\/secure.gravatar.com\/avatar\/7f2c48bdc33b30088f941fb6082e555f2874c98e20cb159d7b92b50eadfce793?s=96&d=mm&r=g","contentUrl":"https:\/\/secure.gravatar.com\/avatar\/7f2c48bdc33b30088f941fb6082e555f2874c98e20cb159d7b92b50eadfce793?s=96&d=mm&r=g","caption":"ulises"},"sameAs":["http:\/\/www.celttv.com.ar"]}]}},"_links":{"self":[{"href":"https:\/\/www.celttv.com.ar\/index.php\/wp-json\/wp\/v2\/posts\/21611","targetHints":{"allow":["GET"]}}],"collection":[{"href":"https:\/\/www.celttv.com.ar\/index.php\/wp-json\/wp\/v2\/posts"}],"about":[{"href":"https:\/\/www.celttv.com.ar\/index.php\/wp-json\/wp\/v2\/types\/post"}],"author":[{"embeddable":true,"href":"https:\/\/www.celttv.com.ar\/index.php\/wp-json\/wp\/v2\/users\/1"}],"replies":[{"embeddable":true,"href":"https:\/\/www.celttv.com.ar\/index.php\/wp-json\/wp\/v2\/comments?post=21611"}],"version-history":[{"count":0,"href":"https:\/\/www.celttv.com.ar\/index.php\/wp-json\/wp\/v2\/posts\/21611\/revisions"}],"wp:attachment":[{"href":"https:\/\/www.celttv.com.ar\/index.php\/wp-json\/wp\/v2\/media?parent=21611"}],"wp:term":[{"taxonomy":"category","embeddable":true,"href":"https:\/\/www.celttv.com.ar\/index.php\/wp-json\/wp\/v2\/categories?post=21611"},{"taxonomy":"post_tag","embeddable":true,"href":"https:\/\/www.celttv.com.ar\/index.php\/wp-json\/wp\/v2\/tags?post=21611"}],"curies":[{"name":"wp","href":"https:\/\/api.w.org\/{rel}","templated":true}]}}