{"id":21706,"date":"2014-07-05T19:25:15","date_gmt":"2014-07-05T19:25:15","guid":{"rendered":"http:\/\/www.tvcnoticias.com.ar\/?p=21706"},"modified":"2014-07-05T19:25:15","modified_gmt":"2014-07-05T19:25:15","slug":"argentina-entre-los-cuatro-mejores-del-mundo-y-tornquist-lo-festejo-bajo-la-lluvia-imagenes","status":"publish","type":"post","link":"https:\/\/www.celttv.com.ar\/index.php\/2014\/07\/05\/argentina-entre-los-cuatro-mejores-del-mundo-y-tornquist-lo-festejo-bajo-la-lluvia-imagenes\/","title":{"rendered":"ARGENTINA ENTRE LOS CUATRO MEJORES DEL MUNDO Y TORNQUIST LO FESTEJ\u00d3 BAJO LA LLUVIA (im\u00e1genes)"},"content":{"rendered":"<p><a href=\"https:\/\/www.youtube.com\/watch?v=RnJzx7Aukcc\">httpv:\/\/www.youtube.com\/watch?v=RnJzx7Aukcc<\/a><br \/>\nSe hicieron chicas las avenidas c\u00e9ntricas de la ciudad ante la nutrida caravana de tornquistenses que dieron rienda suelta a su algarab\u00eda para festejar un nuevo triunfo de la selecci\u00f3n argentina que lo pone entre los cuatro mejores del mundo, esperando por Holanda o Costa Rica que jugaban a las 17 hs.<br \/>\nLa intensa lluvia no fue impedimento para que muchos vecinos se sumaran al festejo en las distintas esquinas c\u00e9ntricas, desde su domicilio o sum\u00e1ndose con alg\u00fan veh\u00edculo conocido que pasaba por el lugar.<\/p>\n","protected":false},"excerpt":{"rendered":"<p>httpv:\/\/www.youtube.com\/watch?v=RnJzx7Aukcc Se hicieron chicas las avenidas c\u00e9ntricas de la ciudad ante la nutrida caravana de tornquistenses que dieron rienda suelta a su algarab\u00eda para festejar un nuevo triunfo de la selecci\u00f3n argentina que lo pone entre los cuatro mejores del mundo, esperando por Holanda o Costa Rica que jugaban a las 17 hs. La intensa [&hellip;]<\/p>\n","protected":false},"author":1,"featured_media":0,"comment_status":"closed","ping_status":"open","sticky":false,"template":"","format":"standard","meta":{"footnotes":""},"categories":[51,52,64],"tags":[],"class_list":["post-21706","post","type-post","status-publish","format-standard","hentry","category-comunidad","category-destacadas","category-videos-destacados"],"yoast_head":"<!-- This site is optimized with the Yoast SEO plugin v19.7.1 - https:\/\/yoast.com\/wordpress\/plugins\/seo\/ -->\n<title>ARGENTINA ENTRE LOS CUATRO MEJORES DEL MUNDO Y TORNQUIST LO FESTEJ\u00d3 BAJO LA LLUVIA (im\u00e1genes) - CELTTV<\/title>\n<meta name=\"description\" content=\"Sitio web de noticias de la localidad de Tornquist, provincia de Buenos Aires, Rep\u00fablica Argentina. Contenido propio originado por periodistas de CELTTV, el canal de TV local de la Cooperativa El\u00e9ctrica de Tornquist. Turismo, Pol\u00edtica, Sociedad, Deporte, Cultura y todo el contenido de inter\u00e9s general que la gente del pueblo y la regi\u00f3n debe conocer.\" \/>\n<meta name=\"robots\" content=\"index, follow, max-snippet:-1, max-image-preview:large, max-video-preview:-1\" \/>\n<link rel=\"canonical\" href=\"https:\/\/www.celttv.com.ar\/index.php\/2014\/07\/05\/argentina-entre-los-cuatro-mejores-del-mundo-y-tornquist-lo-festejo-bajo-la-lluvia-imagenes\/\" \/>\n<meta property=\"og:locale\" content=\"es_ES\" \/>\n<meta property=\"og:type\" content=\"article\" \/>\n<meta property=\"og:title\" content=\"ARGENTINA ENTRE LOS CUATRO MEJORES DEL MUNDO Y TORNQUIST LO FESTEJ\u00d3 BAJO LA LLUVIA (im\u00e1genes) - CELTTV\" \/>\n<meta property=\"og:description\" content=\"Sitio web de noticias de la localidad de Tornquist, provincia de Buenos Aires, Rep\u00fablica Argentina. Contenido propio originado por periodistas de CELTTV, el canal de TV local de la Cooperativa El\u00e9ctrica de Tornquist. Turismo, Pol\u00edtica, Sociedad, Deporte, Cultura y todo el contenido de inter\u00e9s general que la gente del pueblo y la regi\u00f3n debe conocer.\" \/>\n<meta property=\"og:url\" content=\"https:\/\/www.celttv.com.ar\/index.php\/2014\/07\/05\/argentina-entre-los-cuatro-mejores-del-mundo-y-tornquist-lo-festejo-bajo-la-lluvia-imagenes\/\" \/>\n<meta property=\"og:site_name\" content=\"CELTTV\" \/>\n<meta property=\"article:publisher\" content=\"https:\/\/www.facebook.com\/celtTV\/\" \/>\n<meta property=\"article:published_time\" content=\"2014-07-05T19:25:15+00:00\" \/>\n<meta name=\"author\" content=\"ulises\" \/>\n<meta name=\"twitter:card\" content=\"summary_large_image\" \/>\n<meta name=\"twitter:label1\" content=\"Escrito por\" \/>\n\t<meta name=\"twitter:data1\" content=\"ulises\" \/>\n<script type=\"application\/ld+json\" class=\"yoast-schema-graph\">{\"@context\":\"https:\/\/schema.org\",\"@graph\":[{\"@type\":\"NewsArticle\",\"@id\":\"https:\/\/www.celttv.com.ar\/index.php\/2014\/07\/05\/argentina-entre-los-cuatro-mejores-del-mundo-y-tornquist-lo-festejo-bajo-la-lluvia-imagenes\/#article\",\"isPartOf\":{\"@id\":\"https:\/\/www.celttv.com.ar\/index.php\/2014\/07\/05\/argentina-entre-los-cuatro-mejores-del-mundo-y-tornquist-lo-festejo-bajo-la-lluvia-imagenes\/\"},\"author\":{\"name\":\"ulises\",\"@id\":\"https:\/\/www.celttv.com.ar\/#\/schema\/person\/6d99c072dba59953809c81446e9d0ace\"},\"headline\":\"ARGENTINA ENTRE LOS CUATRO MEJORES DEL MUNDO Y TORNQUIST LO FESTEJ\u00d3 BAJO LA LLUVIA (im\u00e1genes)\",\"datePublished\":\"2014-07-05T19:25:15+00:00\",\"dateModified\":\"2014-07-05T19:25:15+00:00\",\"mainEntityOfPage\":{\"@id\":\"https:\/\/www.celttv.com.ar\/index.php\/2014\/07\/05\/argentina-entre-los-cuatro-mejores-del-mundo-y-tornquist-lo-festejo-bajo-la-lluvia-imagenes\/\"},\"wordCount\":115,\"publisher\":{\"@id\":\"https:\/\/www.celttv.com.ar\/#organization\"},\"articleSection\":[\"Comunidad\",\"Destacadas\",\"Videos Destacados\"],\"inLanguage\":\"es\"},{\"@type\":\"WebPage\",\"@id\":\"https:\/\/www.celttv.com.ar\/index.php\/2014\/07\/05\/argentina-entre-los-cuatro-mejores-del-mundo-y-tornquist-lo-festejo-bajo-la-lluvia-imagenes\/\",\"url\":\"https:\/\/www.celttv.com.ar\/index.php\/2014\/07\/05\/argentina-entre-los-cuatro-mejores-del-mundo-y-tornquist-lo-festejo-bajo-la-lluvia-imagenes\/\",\"name\":\"ARGENTINA ENTRE LOS CUATRO MEJORES DEL MUNDO Y TORNQUIST LO FESTEJ\u00d3 BAJO LA LLUVIA (im\u00e1genes) - CELTTV\",\"isPartOf\":{\"@id\":\"https:\/\/www.celttv.com.ar\/#website\"},\"datePublished\":\"2014-07-05T19:25:15+00:00\",\"dateModified\":\"2014-07-05T19:25:15+00:00\",\"description\":\"Sitio web de noticias de la localidad de Tornquist, provincia de Buenos Aires, Rep\u00fablica Argentina. Contenido propio originado por periodistas de CELTTV, el canal de TV local de la Cooperativa El\u00e9ctrica de Tornquist. Turismo, Pol\u00edtica, Sociedad, Deporte, Cultura y todo el contenido de inter\u00e9s general que la gente del pueblo y la regi\u00f3n debe conocer.\",\"breadcrumb\":{\"@id\":\"https:\/\/www.celttv.com.ar\/index.php\/2014\/07\/05\/argentina-entre-los-cuatro-mejores-del-mundo-y-tornquist-lo-festejo-bajo-la-lluvia-imagenes\/#breadcrumb\"},\"inLanguage\":\"es\",\"potentialAction\":[{\"@type\":\"ReadAction\",\"target\":[\"https:\/\/www.celttv.com.ar\/index.php\/2014\/07\/05\/argentina-entre-los-cuatro-mejores-del-mundo-y-tornquist-lo-festejo-bajo-la-lluvia-imagenes\/\"]}]},{\"@type\":\"BreadcrumbList\",\"@id\":\"https:\/\/www.celttv.com.ar\/index.php\/2014\/07\/05\/argentina-entre-los-cuatro-mejores-del-mundo-y-tornquist-lo-festejo-bajo-la-lluvia-imagenes\/#breadcrumb\",\"itemListElement\":[{\"@type\":\"ListItem\",\"position\":1,\"name\":\"Inicio\",\"item\":\"https:\/\/www.celttv.com.ar\/\"},{\"@type\":\"ListItem\",\"position\":2,\"name\":\"ARGENTINA ENTRE LOS CUATRO MEJORES DEL MUNDO Y TORNQUIST LO FESTEJ\u00d3 BAJO LA LLUVIA (im\u00e1genes)\"}]},{\"@type\":\"WebSite\",\"@id\":\"https:\/\/www.celttv.com.ar\/#website\",\"url\":\"https:\/\/www.celttv.com.ar\/\",\"name\":\"CELTTV\",\"description\":\"Cooperativa El\u00e9ctrica de Tornquist\",\"publisher\":{\"@id\":\"https:\/\/www.celttv.com.ar\/#organization\"},\"potentialAction\":[{\"@type\":\"SearchAction\",\"target\":{\"@type\":\"EntryPoint\",\"urlTemplate\":\"https:\/\/www.celttv.com.ar\/?s={search_term_string}\"},\"query-input\":\"required name=search_term_string\"}],\"inLanguage\":\"es\"},{\"@type\":\"Organization\",\"@id\":\"https:\/\/www.celttv.com.ar\/#organization\",\"name\":\"CELTTV\",\"url\":\"https:\/\/www.celttv.com.ar\/\",\"sameAs\":[\"https:\/\/www.youtube.com\/channel\/UCz_oIt8Hig64Ub-EmcNPIhg\",\"https:\/\/www.facebook.com\/celtTV\/\"],\"logo\":{\"@type\":\"ImageObject\",\"inLanguage\":\"es\",\"@id\":\"https:\/\/www.celttv.com.ar\/#\/schema\/logo\/image\/\",\"url\":\"http:\/\/www.celttv.com.ar\/wp-content\/uploads\/2022\/08\/logo-1.png\",\"contentUrl\":\"http:\/\/www.celttv.com.ar\/wp-content\/uploads\/2022\/08\/logo-1.png\",\"width\":461,\"height\":159,\"caption\":\"CELTTV\"},\"image\":{\"@id\":\"https:\/\/www.celttv.com.ar\/#\/schema\/logo\/image\/\"}},{\"@type\":\"Person\",\"@id\":\"https:\/\/www.celttv.com.ar\/#\/schema\/person\/6d99c072dba59953809c81446e9d0ace\",\"name\":\"ulises\",\"image\":{\"@type\":\"ImageObject\",\"inLanguage\":\"es\",\"@id\":\"https:\/\/www.celttv.com.ar\/#\/schema\/person\/image\/\",\"url\":\"https:\/\/secure.gravatar.com\/avatar\/7f2c48bdc33b30088f941fb6082e555f2874c98e20cb159d7b92b50eadfce793?s=96&d=mm&r=g\",\"contentUrl\":\"https:\/\/secure.gravatar.com\/avatar\/7f2c48bdc33b30088f941fb6082e555f2874c98e20cb159d7b92b50eadfce793?s=96&d=mm&r=g\",\"caption\":\"ulises\"},\"sameAs\":[\"http:\/\/www.celttv.com.ar\"]}]}<\/script>\n<!-- \/ Yoast SEO plugin. -->","yoast_head_json":{"title":"ARGENTINA ENTRE LOS CUATRO MEJORES DEL MUNDO Y TORNQUIST LO FESTEJ\u00d3 BAJO LA LLUVIA (im\u00e1genes) - CELTTV","description":"Sitio web de noticias de la localidad de Tornquist, provincia de Buenos Aires, Rep\u00fablica Argentina. Contenido propio originado por periodistas de CELTTV, el canal de TV local de la Cooperativa El\u00e9ctrica de Tornquist. Turismo, Pol\u00edtica, Sociedad, Deporte, Cultura y todo el contenido de inter\u00e9s general que la gente del pueblo y la regi\u00f3n debe conocer.","robots":{"index":"index","follow":"follow","max-snippet":"max-snippet:-1","max-image-preview":"max-image-preview:large","max-video-preview":"max-video-preview:-1"},"canonical":"https:\/\/www.celttv.com.ar\/index.php\/2014\/07\/05\/argentina-entre-los-cuatro-mejores-del-mundo-y-tornquist-lo-festejo-bajo-la-lluvia-imagenes\/","og_locale":"es_ES","og_type":"article","og_title":"ARGENTINA ENTRE LOS CUATRO MEJORES DEL MUNDO Y TORNQUIST LO FESTEJ\u00d3 BAJO LA LLUVIA (im\u00e1genes) - CELTTV","og_description":"Sitio web de noticias de la localidad de Tornquist, provincia de Buenos Aires, Rep\u00fablica Argentina. Contenido propio originado por periodistas de CELTTV, el canal de TV local de la Cooperativa El\u00e9ctrica de Tornquist. Turismo, Pol\u00edtica, Sociedad, Deporte, Cultura y todo el contenido de inter\u00e9s general que la gente del pueblo y la regi\u00f3n debe conocer.","og_url":"https:\/\/www.celttv.com.ar\/index.php\/2014\/07\/05\/argentina-entre-los-cuatro-mejores-del-mundo-y-tornquist-lo-festejo-bajo-la-lluvia-imagenes\/","og_site_name":"CELTTV","article_publisher":"https:\/\/www.facebook.com\/celtTV\/","article_published_time":"2014-07-05T19:25:15+00:00","author":"ulises","twitter_card":"summary_large_image","twitter_misc":{"Escrito por":"ulises"},"schema":{"@context":"https:\/\/schema.org","@graph":[{"@type":"NewsArticle","@id":"https:\/\/www.celttv.com.ar\/index.php\/2014\/07\/05\/argentina-entre-los-cuatro-mejores-del-mundo-y-tornquist-lo-festejo-bajo-la-lluvia-imagenes\/#article","isPartOf":{"@id":"https:\/\/www.celttv.com.ar\/index.php\/2014\/07\/05\/argentina-entre-los-cuatro-mejores-del-mundo-y-tornquist-lo-festejo-bajo-la-lluvia-imagenes\/"},"author":{"name":"ulises","@id":"https:\/\/www.celttv.com.ar\/#\/schema\/person\/6d99c072dba59953809c81446e9d0ace"},"headline":"ARGENTINA ENTRE LOS CUATRO MEJORES DEL MUNDO Y TORNQUIST LO FESTEJ\u00d3 BAJO LA LLUVIA (im\u00e1genes)","datePublished":"2014-07-05T19:25:15+00:00","dateModified":"2014-07-05T19:25:15+00:00","mainEntityOfPage":{"@id":"https:\/\/www.celttv.com.ar\/index.php\/2014\/07\/05\/argentina-entre-los-cuatro-mejores-del-mundo-y-tornquist-lo-festejo-bajo-la-lluvia-imagenes\/"},"wordCount":115,"publisher":{"@id":"https:\/\/www.celttv.com.ar\/#organization"},"articleSection":["Comunidad","Destacadas","Videos Destacados"],"inLanguage":"es"},{"@type":"WebPage","@id":"https:\/\/www.celttv.com.ar\/index.php\/2014\/07\/05\/argentina-entre-los-cuatro-mejores-del-mundo-y-tornquist-lo-festejo-bajo-la-lluvia-imagenes\/","url":"https:\/\/www.celttv.com.ar\/index.php\/2014\/07\/05\/argentina-entre-los-cuatro-mejores-del-mundo-y-tornquist-lo-festejo-bajo-la-lluvia-imagenes\/","name":"ARGENTINA ENTRE LOS CUATRO MEJORES DEL MUNDO Y TORNQUIST LO FESTEJ\u00d3 BAJO LA LLUVIA (im\u00e1genes) - CELTTV","isPartOf":{"@id":"https:\/\/www.celttv.com.ar\/#website"},"datePublished":"2014-07-05T19:25:15+00:00","dateModified":"2014-07-05T19:25:15+00:00","description":"Sitio web de noticias de la localidad de Tornquist, provincia de Buenos Aires, Rep\u00fablica Argentina. Contenido propio originado por periodistas de CELTTV, el canal de TV local de la Cooperativa El\u00e9ctrica de Tornquist. Turismo, Pol\u00edtica, Sociedad, Deporte, Cultura y todo el contenido de inter\u00e9s general que la gente del pueblo y la regi\u00f3n debe conocer.","breadcrumb":{"@id":"https:\/\/www.celttv.com.ar\/index.php\/2014\/07\/05\/argentina-entre-los-cuatro-mejores-del-mundo-y-tornquist-lo-festejo-bajo-la-lluvia-imagenes\/#breadcrumb"},"inLanguage":"es","potentialAction":[{"@type":"ReadAction","target":["https:\/\/www.celttv.com.ar\/index.php\/2014\/07\/05\/argentina-entre-los-cuatro-mejores-del-mundo-y-tornquist-lo-festejo-bajo-la-lluvia-imagenes\/"]}]},{"@type":"BreadcrumbList","@id":"https:\/\/www.celttv.com.ar\/index.php\/2014\/07\/05\/argentina-entre-los-cuatro-mejores-del-mundo-y-tornquist-lo-festejo-bajo-la-lluvia-imagenes\/#breadcrumb","itemListElement":[{"@type":"ListItem","position":1,"name":"Inicio","item":"https:\/\/www.celttv.com.ar\/"},{"@type":"ListItem","position":2,"name":"ARGENTINA ENTRE LOS CUATRO MEJORES DEL MUNDO Y TORNQUIST LO FESTEJ\u00d3 BAJO LA LLUVIA (im\u00e1genes)"}]},{"@type":"WebSite","@id":"https:\/\/www.celttv.com.ar\/#website","url":"https:\/\/www.celttv.com.ar\/","name":"CELTTV","description":"Cooperativa El\u00e9ctrica de Tornquist","publisher":{"@id":"https:\/\/www.celttv.com.ar\/#organization"},"potentialAction":[{"@type":"SearchAction","target":{"@type":"EntryPoint","urlTemplate":"https:\/\/www.celttv.com.ar\/?s={search_term_string}"},"query-input":"required name=search_term_string"}],"inLanguage":"es"},{"@type":"Organization","@id":"https:\/\/www.celttv.com.ar\/#organization","name":"CELTTV","url":"https:\/\/www.celttv.com.ar\/","sameAs":["https:\/\/www.youtube.com\/channel\/UCz_oIt8Hig64Ub-EmcNPIhg","https:\/\/www.facebook.com\/celtTV\/"],"logo":{"@type":"ImageObject","inLanguage":"es","@id":"https:\/\/www.celttv.com.ar\/#\/schema\/logo\/image\/","url":"http:\/\/www.celttv.com.ar\/wp-content\/uploads\/2022\/08\/logo-1.png","contentUrl":"http:\/\/www.celttv.com.ar\/wp-content\/uploads\/2022\/08\/logo-1.png","width":461,"height":159,"caption":"CELTTV"},"image":{"@id":"https:\/\/www.celttv.com.ar\/#\/schema\/logo\/image\/"}},{"@type":"Person","@id":"https:\/\/www.celttv.com.ar\/#\/schema\/person\/6d99c072dba59953809c81446e9d0ace","name":"ulises","image":{"@type":"ImageObject","inLanguage":"es","@id":"https:\/\/www.celttv.com.ar\/#\/schema\/person\/image\/","url":"https:\/\/secure.gravatar.com\/avatar\/7f2c48bdc33b30088f941fb6082e555f2874c98e20cb159d7b92b50eadfce793?s=96&d=mm&r=g","contentUrl":"https:\/\/secure.gravatar.com\/avatar\/7f2c48bdc33b30088f941fb6082e555f2874c98e20cb159d7b92b50eadfce793?s=96&d=mm&r=g","caption":"ulises"},"sameAs":["http:\/\/www.celttv.com.ar"]}]}},"_links":{"self":[{"href":"https:\/\/www.celttv.com.ar\/index.php\/wp-json\/wp\/v2\/posts\/21706","targetHints":{"allow":["GET"]}}],"collection":[{"href":"https:\/\/www.celttv.com.ar\/index.php\/wp-json\/wp\/v2\/posts"}],"about":[{"href":"https:\/\/www.celttv.com.ar\/index.php\/wp-json\/wp\/v2\/types\/post"}],"author":[{"embeddable":true,"href":"https:\/\/www.celttv.com.ar\/index.php\/wp-json\/wp\/v2\/users\/1"}],"replies":[{"embeddable":true,"href":"https:\/\/www.celttv.com.ar\/index.php\/wp-json\/wp\/v2\/comments?post=21706"}],"version-history":[{"count":0,"href":"https:\/\/www.celttv.com.ar\/index.php\/wp-json\/wp\/v2\/posts\/21706\/revisions"}],"wp:attachment":[{"href":"https:\/\/www.celttv.com.ar\/index.php\/wp-json\/wp\/v2\/media?parent=21706"}],"wp:term":[{"taxonomy":"category","embeddable":true,"href":"https:\/\/www.celttv.com.ar\/index.php\/wp-json\/wp\/v2\/categories?post=21706"},{"taxonomy":"post_tag","embeddable":true,"href":"https:\/\/www.celttv.com.ar\/index.php\/wp-json\/wp\/v2\/tags?post=21706"}],"curies":[{"name":"wp","href":"https:\/\/api.w.org\/{rel}","templated":true}]}}