{"id":21908,"date":"2014-07-12T14:54:42","date_gmt":"2014-07-12T14:54:42","guid":{"rendered":"http:\/\/www.tvcnoticias.com.ar\/?p=21908"},"modified":"2014-07-12T14:54:42","modified_gmt":"2014-07-12T14:54:42","slug":"la-gran-fiesta-del-club-union-la-lluvia-no-altera-lo-programado","status":"publish","type":"post","link":"https:\/\/www.celttv.com.ar\/index.php\/2014\/07\/12\/la-gran-fiesta-del-club-union-la-lluvia-no-altera-lo-programado\/","title":{"rendered":"LA GRAN FIESTA DEL CLUB UNION: LA LLUVIA NO ALTERA LO PROGRAMADO"},"content":{"rendered":"<p>&nbsp;<br \/>\n<img loading=\"lazy\" decoding=\"async\" class=\"aligncenter size-medium wp-image-21940\" title=\"IMG_8844 (Small)\" src=\"http:\/\/www.tvcnoticias.com.ar\/wp-content\/uploads\/2014\/07\/IMG_8844-Small-450x300.jpg\" alt=\"\" width=\"450\" height=\"300\" \/><br \/>\n<br \/>\nLleg\u00f3 el gran d\u00eda y, a pesar de lluvia, \u00a0ya se vive este hist\u00f3rico s\u00e1bado 12 de julio, que ser\u00e1 una jornada inolvidable para el Club Uni\u00f3n de Tornquist, que dejar\u00e1 inaugurada una obra que marcar\u00e1 un \u00edcono extraordinario en la historia deportiva en una basta regi\u00f3n.<br \/>\nUn &#8220;batall\u00f3n&#8221; de chicos y grandes trabajan, comparten y disfrutan de los \u00faltimos ajustes organizativos de cara a la inminente inauguraci\u00f3n de la cancha de hockey, la obra de iluminaci\u00f3n, el d\u00eda del amigo y todos los ingredientes de este hist\u00f3rico s\u00e1bado que vivir\u00e1 la ciudad de Tornquist y la regi\u00f3n.<br \/>\nLa instituci\u00f3n a confirmado que todo se desarrollar\u00e1 seg\u00fan lo programado y si al momento del acto protocolar lloviera con intensidad, el mismo podr\u00eda trasladarse al inicio de la gran velada nocturna.<br \/>\nPor otro lado se pudo ver en condiciones el lugar de estacionamiento de veh\u00edculos y el ingreso a la amplia carpa instalada en el predio verde.<br \/>\nEL ANTES Y EL DESPUES DE UNA OBRA FARAONICA<br \/>\nNo cabe duda que esta obra, lograda con un gran esfuerzo de propios y extra\u00f1os, trasciende las fronteras de la comunidad y la regi\u00f3n<br \/>\nNo paso demasiado tiempo de aquella conferencia de prensa donde el presidente y alguno de los entusiastas del hockey, anunciaban lo que para muchos parec\u00eda una gran utop\u00eda.<br \/>\nNo paso mucho tiempo en que aquel terreno improvisado como cancha de hockey, pas\u00f3 al perfilado, nivelado, cientos de camiones de tierra y much\u00edsimas horas de trabajo, para llegar al gran objetivo.<br \/>\nPermanente acondicionamiento del piso para recibir la alfombra, si duda uno de los esperados acontecimientos por que era uno de los pasos fundamentales para seguir adelante. Pero faltaba mucho, restaban los cordones en todo el per\u00edmetro, las barandas, veredas, banco de suplentes, etc..etc.etc..<br \/>\nY el otro enorme desafio.. dotar a la cancha de un sistema lum\u00ednico que permita la pr\u00e1ctica nocturna del hockey y otras disciplinas deportivas. Una obra que demandaba otra importante inversi\u00f3n, constituy\u00e9ndose en un nuevo desaf\u00edo y en otra etapa de much\u00edsimo trabajo y no poca gesti\u00f3n.<br \/>\nY tambi\u00e9n se hizo realidad, el Club Uni\u00f3n tendr\u00e1 no solo una de las pocas canchas de c\u00e9sped sint\u00e9tico de hockey de la regi\u00f3n, sino tambi\u00e9n dotada de uno de los mejores sistemas de iluminaci\u00f3n que permitir\u00e1n el desarrollo de distintos eventos deportivos norcturnos.<br \/>\nY no todo termina all\u00ed\u2026 porque existen nuevos desafios, ya que el proyecto de la cancha de hockey est\u00e1 enmarcado en un proyecto global y ambicioso a continuar desarrollando en el mismo predio con un perfil no solo deportivo sino tambi\u00e9n tur\u00edstico.<\/p>\n<h1><\/h1>\n","protected":false},"excerpt":{"rendered":"<p>&nbsp; Lleg\u00f3 el gran d\u00eda y, a pesar de lluvia, \u00a0ya se vive este hist\u00f3rico s\u00e1bado 12 de julio, que ser\u00e1 una jornada inolvidable para el Club Uni\u00f3n de Tornquist, que dejar\u00e1 inaugurada una obra que marcar\u00e1 un \u00edcono extraordinario en la historia deportiva en una basta regi\u00f3n. Un &#8220;batall\u00f3n&#8221; de chicos y grandes trabajan, [&hellip;]<\/p>\n","protected":false},"author":1,"featured_media":0,"comment_status":"closed","ping_status":"open","sticky":false,"template":"","format":"standard","meta":{"footnotes":""},"categories":[51,60],"tags":[],"class_list":["post-21908","post","type-post","status-publish","format-standard","hentry","category-comunidad","category-deporte"],"yoast_head":"<!-- This site is optimized with the Yoast SEO plugin v19.7.1 - https:\/\/yoast.com\/wordpress\/plugins\/seo\/ -->\n<title>LA GRAN FIESTA DEL CLUB UNION: LA LLUVIA NO ALTERA LO PROGRAMADO - CELTTV<\/title>\n<meta name=\"description\" content=\"Sitio web de noticias de la localidad de Tornquist, provincia de Buenos Aires, Rep\u00fablica Argentina. Contenido propio originado por periodistas de CELTTV, el canal de TV local de la Cooperativa El\u00e9ctrica de Tornquist. Turismo, Pol\u00edtica, Sociedad, Deporte, Cultura y todo el contenido de inter\u00e9s general que la gente del pueblo y la regi\u00f3n debe conocer.\" \/>\n<meta name=\"robots\" content=\"index, follow, max-snippet:-1, max-image-preview:large, max-video-preview:-1\" \/>\n<link rel=\"canonical\" href=\"https:\/\/www.celttv.com.ar\/index.php\/2014\/07\/12\/la-gran-fiesta-del-club-union-la-lluvia-no-altera-lo-programado\/\" \/>\n<meta property=\"og:locale\" content=\"es_ES\" \/>\n<meta property=\"og:type\" content=\"article\" \/>\n<meta property=\"og:title\" content=\"LA GRAN FIESTA DEL CLUB UNION: LA LLUVIA NO ALTERA LO PROGRAMADO - CELTTV\" \/>\n<meta property=\"og:description\" content=\"Sitio web de noticias de la localidad de Tornquist, provincia de Buenos Aires, Rep\u00fablica Argentina. Contenido propio originado por periodistas de CELTTV, el canal de TV local de la Cooperativa El\u00e9ctrica de Tornquist. Turismo, Pol\u00edtica, Sociedad, Deporte, Cultura y todo el contenido de inter\u00e9s general que la gente del pueblo y la regi\u00f3n debe conocer.\" \/>\n<meta property=\"og:url\" content=\"https:\/\/www.celttv.com.ar\/index.php\/2014\/07\/12\/la-gran-fiesta-del-club-union-la-lluvia-no-altera-lo-programado\/\" \/>\n<meta property=\"og:site_name\" content=\"CELTTV\" \/>\n<meta property=\"article:publisher\" content=\"https:\/\/www.facebook.com\/celtTV\/\" \/>\n<meta property=\"article:published_time\" content=\"2014-07-12T14:54:42+00:00\" \/>\n<meta property=\"og:image\" content=\"http:\/\/www.tvcnoticias.com.ar\/wp-content\/uploads\/2014\/07\/IMG_8844-Small-450x300.jpg\" \/>\n<meta name=\"author\" content=\"ulises\" \/>\n<meta name=\"twitter:card\" content=\"summary_large_image\" \/>\n<meta name=\"twitter:label1\" content=\"Escrito por\" \/>\n\t<meta name=\"twitter:data1\" content=\"ulises\" \/>\n\t<meta name=\"twitter:label2\" content=\"Tiempo de lectura\" \/>\n\t<meta name=\"twitter:data2\" content=\"2 minutos\" \/>\n<script type=\"application\/ld+json\" class=\"yoast-schema-graph\">{\"@context\":\"https:\/\/schema.org\",\"@graph\":[{\"@type\":\"NewsArticle\",\"@id\":\"https:\/\/www.celttv.com.ar\/index.php\/2014\/07\/12\/la-gran-fiesta-del-club-union-la-lluvia-no-altera-lo-programado\/#article\",\"isPartOf\":{\"@id\":\"https:\/\/www.celttv.com.ar\/index.php\/2014\/07\/12\/la-gran-fiesta-del-club-union-la-lluvia-no-altera-lo-programado\/\"},\"author\":{\"name\":\"ulises\",\"@id\":\"https:\/\/www.celttv.com.ar\/#\/schema\/person\/6d99c072dba59953809c81446e9d0ace\"},\"headline\":\"LA GRAN FIESTA DEL CLUB UNION: LA LLUVIA NO ALTERA LO PROGRAMADO\",\"datePublished\":\"2014-07-12T14:54:42+00:00\",\"dateModified\":\"2014-07-12T14:54:42+00:00\",\"mainEntityOfPage\":{\"@id\":\"https:\/\/www.celttv.com.ar\/index.php\/2014\/07\/12\/la-gran-fiesta-del-club-union-la-lluvia-no-altera-lo-programado\/\"},\"wordCount\":482,\"publisher\":{\"@id\":\"https:\/\/www.celttv.com.ar\/#organization\"},\"articleSection\":[\"Comunidad\",\"Deporte\"],\"inLanguage\":\"es\"},{\"@type\":\"WebPage\",\"@id\":\"https:\/\/www.celttv.com.ar\/index.php\/2014\/07\/12\/la-gran-fiesta-del-club-union-la-lluvia-no-altera-lo-programado\/\",\"url\":\"https:\/\/www.celttv.com.ar\/index.php\/2014\/07\/12\/la-gran-fiesta-del-club-union-la-lluvia-no-altera-lo-programado\/\",\"name\":\"LA GRAN FIESTA DEL CLUB UNION: LA LLUVIA NO ALTERA LO PROGRAMADO - CELTTV\",\"isPartOf\":{\"@id\":\"https:\/\/www.celttv.com.ar\/#website\"},\"datePublished\":\"2014-07-12T14:54:42+00:00\",\"dateModified\":\"2014-07-12T14:54:42+00:00\",\"description\":\"Sitio web de noticias de la localidad de Tornquist, provincia de Buenos Aires, Rep\u00fablica Argentina. Contenido propio originado por periodistas de CELTTV, el canal de TV local de la Cooperativa El\u00e9ctrica de Tornquist. Turismo, Pol\u00edtica, Sociedad, Deporte, Cultura y todo el contenido de inter\u00e9s general que la gente del pueblo y la regi\u00f3n debe conocer.\",\"breadcrumb\":{\"@id\":\"https:\/\/www.celttv.com.ar\/index.php\/2014\/07\/12\/la-gran-fiesta-del-club-union-la-lluvia-no-altera-lo-programado\/#breadcrumb\"},\"inLanguage\":\"es\",\"potentialAction\":[{\"@type\":\"ReadAction\",\"target\":[\"https:\/\/www.celttv.com.ar\/index.php\/2014\/07\/12\/la-gran-fiesta-del-club-union-la-lluvia-no-altera-lo-programado\/\"]}]},{\"@type\":\"BreadcrumbList\",\"@id\":\"https:\/\/www.celttv.com.ar\/index.php\/2014\/07\/12\/la-gran-fiesta-del-club-union-la-lluvia-no-altera-lo-programado\/#breadcrumb\",\"itemListElement\":[{\"@type\":\"ListItem\",\"position\":1,\"name\":\"Inicio\",\"item\":\"https:\/\/www.celttv.com.ar\/\"},{\"@type\":\"ListItem\",\"position\":2,\"name\":\"LA GRAN FIESTA DEL CLUB UNION: LA LLUVIA NO ALTERA LO PROGRAMADO\"}]},{\"@type\":\"WebSite\",\"@id\":\"https:\/\/www.celttv.com.ar\/#website\",\"url\":\"https:\/\/www.celttv.com.ar\/\",\"name\":\"CELTTV\",\"description\":\"Cooperativa El\u00e9ctrica de Tornquist\",\"publisher\":{\"@id\":\"https:\/\/www.celttv.com.ar\/#organization\"},\"potentialAction\":[{\"@type\":\"SearchAction\",\"target\":{\"@type\":\"EntryPoint\",\"urlTemplate\":\"https:\/\/www.celttv.com.ar\/?s={search_term_string}\"},\"query-input\":\"required name=search_term_string\"}],\"inLanguage\":\"es\"},{\"@type\":\"Organization\",\"@id\":\"https:\/\/www.celttv.com.ar\/#organization\",\"name\":\"CELTTV\",\"url\":\"https:\/\/www.celttv.com.ar\/\",\"sameAs\":[\"https:\/\/www.youtube.com\/channel\/UCz_oIt8Hig64Ub-EmcNPIhg\",\"https:\/\/www.facebook.com\/celtTV\/\"],\"logo\":{\"@type\":\"ImageObject\",\"inLanguage\":\"es\",\"@id\":\"https:\/\/www.celttv.com.ar\/#\/schema\/logo\/image\/\",\"url\":\"http:\/\/www.celttv.com.ar\/wp-content\/uploads\/2022\/08\/logo-1.png\",\"contentUrl\":\"http:\/\/www.celttv.com.ar\/wp-content\/uploads\/2022\/08\/logo-1.png\",\"width\":461,\"height\":159,\"caption\":\"CELTTV\"},\"image\":{\"@id\":\"https:\/\/www.celttv.com.ar\/#\/schema\/logo\/image\/\"}},{\"@type\":\"Person\",\"@id\":\"https:\/\/www.celttv.com.ar\/#\/schema\/person\/6d99c072dba59953809c81446e9d0ace\",\"name\":\"ulises\",\"image\":{\"@type\":\"ImageObject\",\"inLanguage\":\"es\",\"@id\":\"https:\/\/www.celttv.com.ar\/#\/schema\/person\/image\/\",\"url\":\"https:\/\/secure.gravatar.com\/avatar\/7f2c48bdc33b30088f941fb6082e555f2874c98e20cb159d7b92b50eadfce793?s=96&d=mm&r=g\",\"contentUrl\":\"https:\/\/secure.gravatar.com\/avatar\/7f2c48bdc33b30088f941fb6082e555f2874c98e20cb159d7b92b50eadfce793?s=96&d=mm&r=g\",\"caption\":\"ulises\"},\"sameAs\":[\"http:\/\/www.celttv.com.ar\"]}]}<\/script>\n<!-- \/ Yoast SEO plugin. -->","yoast_head_json":{"title":"LA GRAN FIESTA DEL CLUB UNION: LA LLUVIA NO ALTERA LO PROGRAMADO - CELTTV","description":"Sitio web de noticias de la localidad de Tornquist, provincia de Buenos Aires, Rep\u00fablica Argentina. Contenido propio originado por periodistas de CELTTV, el canal de TV local de la Cooperativa El\u00e9ctrica de Tornquist. Turismo, Pol\u00edtica, Sociedad, Deporte, Cultura y todo el contenido de inter\u00e9s general que la gente del pueblo y la regi\u00f3n debe conocer.","robots":{"index":"index","follow":"follow","max-snippet":"max-snippet:-1","max-image-preview":"max-image-preview:large","max-video-preview":"max-video-preview:-1"},"canonical":"https:\/\/www.celttv.com.ar\/index.php\/2014\/07\/12\/la-gran-fiesta-del-club-union-la-lluvia-no-altera-lo-programado\/","og_locale":"es_ES","og_type":"article","og_title":"LA GRAN FIESTA DEL CLUB UNION: LA LLUVIA NO ALTERA LO PROGRAMADO - CELTTV","og_description":"Sitio web de noticias de la localidad de Tornquist, provincia de Buenos Aires, Rep\u00fablica Argentina. Contenido propio originado por periodistas de CELTTV, el canal de TV local de la Cooperativa El\u00e9ctrica de Tornquist. Turismo, Pol\u00edtica, Sociedad, Deporte, Cultura y todo el contenido de inter\u00e9s general que la gente del pueblo y la regi\u00f3n debe conocer.","og_url":"https:\/\/www.celttv.com.ar\/index.php\/2014\/07\/12\/la-gran-fiesta-del-club-union-la-lluvia-no-altera-lo-programado\/","og_site_name":"CELTTV","article_publisher":"https:\/\/www.facebook.com\/celtTV\/","article_published_time":"2014-07-12T14:54:42+00:00","og_image":[{"url":"http:\/\/www.tvcnoticias.com.ar\/wp-content\/uploads\/2014\/07\/IMG_8844-Small-450x300.jpg"}],"author":"ulises","twitter_card":"summary_large_image","twitter_misc":{"Escrito por":"ulises","Tiempo de lectura":"2 minutos"},"schema":{"@context":"https:\/\/schema.org","@graph":[{"@type":"NewsArticle","@id":"https:\/\/www.celttv.com.ar\/index.php\/2014\/07\/12\/la-gran-fiesta-del-club-union-la-lluvia-no-altera-lo-programado\/#article","isPartOf":{"@id":"https:\/\/www.celttv.com.ar\/index.php\/2014\/07\/12\/la-gran-fiesta-del-club-union-la-lluvia-no-altera-lo-programado\/"},"author":{"name":"ulises","@id":"https:\/\/www.celttv.com.ar\/#\/schema\/person\/6d99c072dba59953809c81446e9d0ace"},"headline":"LA GRAN FIESTA DEL CLUB UNION: LA LLUVIA NO ALTERA LO PROGRAMADO","datePublished":"2014-07-12T14:54:42+00:00","dateModified":"2014-07-12T14:54:42+00:00","mainEntityOfPage":{"@id":"https:\/\/www.celttv.com.ar\/index.php\/2014\/07\/12\/la-gran-fiesta-del-club-union-la-lluvia-no-altera-lo-programado\/"},"wordCount":482,"publisher":{"@id":"https:\/\/www.celttv.com.ar\/#organization"},"articleSection":["Comunidad","Deporte"],"inLanguage":"es"},{"@type":"WebPage","@id":"https:\/\/www.celttv.com.ar\/index.php\/2014\/07\/12\/la-gran-fiesta-del-club-union-la-lluvia-no-altera-lo-programado\/","url":"https:\/\/www.celttv.com.ar\/index.php\/2014\/07\/12\/la-gran-fiesta-del-club-union-la-lluvia-no-altera-lo-programado\/","name":"LA GRAN FIESTA DEL CLUB UNION: LA LLUVIA NO ALTERA LO PROGRAMADO - CELTTV","isPartOf":{"@id":"https:\/\/www.celttv.com.ar\/#website"},"datePublished":"2014-07-12T14:54:42+00:00","dateModified":"2014-07-12T14:54:42+00:00","description":"Sitio web de noticias de la localidad de Tornquist, provincia de Buenos Aires, Rep\u00fablica Argentina. Contenido propio originado por periodistas de CELTTV, el canal de TV local de la Cooperativa El\u00e9ctrica de Tornquist. Turismo, Pol\u00edtica, Sociedad, Deporte, Cultura y todo el contenido de inter\u00e9s general que la gente del pueblo y la regi\u00f3n debe conocer.","breadcrumb":{"@id":"https:\/\/www.celttv.com.ar\/index.php\/2014\/07\/12\/la-gran-fiesta-del-club-union-la-lluvia-no-altera-lo-programado\/#breadcrumb"},"inLanguage":"es","potentialAction":[{"@type":"ReadAction","target":["https:\/\/www.celttv.com.ar\/index.php\/2014\/07\/12\/la-gran-fiesta-del-club-union-la-lluvia-no-altera-lo-programado\/"]}]},{"@type":"BreadcrumbList","@id":"https:\/\/www.celttv.com.ar\/index.php\/2014\/07\/12\/la-gran-fiesta-del-club-union-la-lluvia-no-altera-lo-programado\/#breadcrumb","itemListElement":[{"@type":"ListItem","position":1,"name":"Inicio","item":"https:\/\/www.celttv.com.ar\/"},{"@type":"ListItem","position":2,"name":"LA GRAN FIESTA DEL CLUB UNION: LA LLUVIA NO ALTERA LO PROGRAMADO"}]},{"@type":"WebSite","@id":"https:\/\/www.celttv.com.ar\/#website","url":"https:\/\/www.celttv.com.ar\/","name":"CELTTV","description":"Cooperativa El\u00e9ctrica de Tornquist","publisher":{"@id":"https:\/\/www.celttv.com.ar\/#organization"},"potentialAction":[{"@type":"SearchAction","target":{"@type":"EntryPoint","urlTemplate":"https:\/\/www.celttv.com.ar\/?s={search_term_string}"},"query-input":"required name=search_term_string"}],"inLanguage":"es"},{"@type":"Organization","@id":"https:\/\/www.celttv.com.ar\/#organization","name":"CELTTV","url":"https:\/\/www.celttv.com.ar\/","sameAs":["https:\/\/www.youtube.com\/channel\/UCz_oIt8Hig64Ub-EmcNPIhg","https:\/\/www.facebook.com\/celtTV\/"],"logo":{"@type":"ImageObject","inLanguage":"es","@id":"https:\/\/www.celttv.com.ar\/#\/schema\/logo\/image\/","url":"http:\/\/www.celttv.com.ar\/wp-content\/uploads\/2022\/08\/logo-1.png","contentUrl":"http:\/\/www.celttv.com.ar\/wp-content\/uploads\/2022\/08\/logo-1.png","width":461,"height":159,"caption":"CELTTV"},"image":{"@id":"https:\/\/www.celttv.com.ar\/#\/schema\/logo\/image\/"}},{"@type":"Person","@id":"https:\/\/www.celttv.com.ar\/#\/schema\/person\/6d99c072dba59953809c81446e9d0ace","name":"ulises","image":{"@type":"ImageObject","inLanguage":"es","@id":"https:\/\/www.celttv.com.ar\/#\/schema\/person\/image\/","url":"https:\/\/secure.gravatar.com\/avatar\/7f2c48bdc33b30088f941fb6082e555f2874c98e20cb159d7b92b50eadfce793?s=96&d=mm&r=g","contentUrl":"https:\/\/secure.gravatar.com\/avatar\/7f2c48bdc33b30088f941fb6082e555f2874c98e20cb159d7b92b50eadfce793?s=96&d=mm&r=g","caption":"ulises"},"sameAs":["http:\/\/www.celttv.com.ar"]}]}},"_links":{"self":[{"href":"https:\/\/www.celttv.com.ar\/index.php\/wp-json\/wp\/v2\/posts\/21908","targetHints":{"allow":["GET"]}}],"collection":[{"href":"https:\/\/www.celttv.com.ar\/index.php\/wp-json\/wp\/v2\/posts"}],"about":[{"href":"https:\/\/www.celttv.com.ar\/index.php\/wp-json\/wp\/v2\/types\/post"}],"author":[{"embeddable":true,"href":"https:\/\/www.celttv.com.ar\/index.php\/wp-json\/wp\/v2\/users\/1"}],"replies":[{"embeddable":true,"href":"https:\/\/www.celttv.com.ar\/index.php\/wp-json\/wp\/v2\/comments?post=21908"}],"version-history":[{"count":0,"href":"https:\/\/www.celttv.com.ar\/index.php\/wp-json\/wp\/v2\/posts\/21908\/revisions"}],"wp:attachment":[{"href":"https:\/\/www.celttv.com.ar\/index.php\/wp-json\/wp\/v2\/media?parent=21908"}],"wp:term":[{"taxonomy":"category","embeddable":true,"href":"https:\/\/www.celttv.com.ar\/index.php\/wp-json\/wp\/v2\/categories?post=21908"},{"taxonomy":"post_tag","embeddable":true,"href":"https:\/\/www.celttv.com.ar\/index.php\/wp-json\/wp\/v2\/tags?post=21908"}],"curies":[{"name":"wp","href":"https:\/\/api.w.org\/{rel}","templated":true}]}}