{"id":2203,"date":"2011-10-04T20:48:28","date_gmt":"2011-10-04T20:48:28","guid":{"rendered":"http:\/\/www.tvcnoticias.com.ar\/?p=2203"},"modified":"2011-10-04T20:48:28","modified_gmt":"2011-10-04T20:48:28","slug":"carta-abierta-de-jorge-altamira-candidato-del-frente-de-izquierda","status":"publish","type":"post","link":"https:\/\/www.celttv.com.ar\/index.php\/2011\/10\/04\/carta-abierta-de-jorge-altamira-candidato-del-frente-de-izquierda\/","title":{"rendered":"CARTA ABIERTA DE JORGE ALTAMIRA, CANDIDATO DEL FRENTE DE IZQUIERDA"},"content":{"rendered":"<p>El sector de la ciudadan\u00eda que vot\u00f3 por la reelecci\u00f3n de la Presidente en las recientes \u201cprimarias abiertas\u201d es seguramente muy diverso, heterog\u00e9neo y hasta contradictorio; votaron por ella los trabajadores que fueron reprimidos (con cuatro muertos) por ocupar terrenos del Ingenio Ledesma, para construir sus viviendas, y tambi\u00e9n vot\u00f3 por ella el due\u00f1o del Ingenio, del grupo Blaquier, que adem\u00e1s recibe millones de pesos de subsidios para la producci\u00f3n de biocombustibles.<br \/>\nEsta carta no va dirigida a todos sino al sector obrero, popular y progresista de esos votantes: \u00bfQu\u00e9 opinan ustedes de la detenci\u00f3n brutal del delegado sindical combativo del ferrocarril Sarmiento, el \u2018Pollo\u2019 Sobrero y sus compa\u00f1eros, arrancado de la cama y esposado, como si fuera el asesino de la ni\u00f1a Candela, apoyada de inmediato por An\u00edbal Fern\u00e1ndez, o sea ordenada por el gobierno nacional que ustedes han votado?<br \/>\nEl secuestro \u2018legal\u2019 de Sobrero y sus compa\u00f1eros ocurre un par de semanas despu\u00e9s de los accidentes criminales en esa misma l\u00ednea, en el barrio de Flores, que se llevaron la vida de once personas.<br \/>\nNo hay nadie detenido por ese hecho, a pesar\u00a0de que\u00a0abundan los testimonios de fallas graves en la barrera del paso a nivel, o sea de la responsabilidad de los empresarios, que manejan millones de pesos en subsidios sin control. No hay empresarios imputados, procesados ni detenidos, pero s\u00ed una cacer\u00eda de delegados luchadores que viven en sus casas y de sus salarios, y no en Puerto Madero y casas de lujo, con la plata que roban a las Obras Sociales.<br \/>\n\u00bfNo es claro que el apoyo del gobierno al arresto brutal de los delegados honestos y luchadores, que se ajustan a la democracia sindical con las bases, es un intento de desviar la atenci\u00f3n de aquellos accidentes criminales que comprometen a \u2018capitalistas amigos\u2019?<br \/>\n\u00bfNo es claro que procura desviar la atenci\u00f3n del desastre ferroviario y carg\u00e1rselo a los trabajadores?<br \/>\n\u00bfNo es claro, asimismo, que prepara el aumento de tarifas que anunci\u00f3 hace tres semanas el secretario de Transporte, Schiavi, porque los subsidios est\u00e1n sangrando las finanzas del Estado en beneficio de esos \u2018amigos\u2019?<br \/>\n\u00bfNo es el momento de reflexionar y preguntarse si este gobierno defiende a las patronales y no a los trabajadores; a la corrupta burocracia sindical y no a los luchadores?<br \/>\nPero Octubre es tambi\u00e9n el mes aniversario del asesinato de mi compa\u00f1ero Mariano Ferreyra, por luchar por el pase a planta permanente de los trabajadores ferroviarios tercerizados, por parte de \u00a0la misma burocracia sindical de Pedraza que hoy apoya, como el gobierno, el encarcelamiento arbitrario del \u2018Pollo\u2019 y de sus compa\u00f1eros.<br \/>\n\u00bfNo es claro que este ataque contra los delegados combativos del Sarmiento es una tentativa de contrarrestar las movilizaciones que tendr\u00e1n lugar por este aniversario y para contrarrestar el reclamo de que Pedraza y sus compinches sean condenados, y se someta a juicio por el mismo cargo a la polic\u00eda federal y a los empresarios del ferrocarril Roca que colaboraron en diferentes medidas con ese asesinato?<br \/>\nEsta carta a los sectores obreros, populares y progresistas que han votado por el oficialismo es para pedirles que reflexionen sobre estos hechos y para que nos acompa\u00f1en \u2013 en primer lugar y antes que nada \u2013 para repudiar la detenci\u00f3n de los compa\u00f1eros y\u00a0reclamar por su libertad,\u00a0y para que el 20 de Octubre, cuando se cumple el primer aniversario del asesinato de Mariano, nos acompa\u00f1en en la movilizaci\u00f3n que convocamos a Plaza de Mayo, por el juicio y castigo a TODOS, TODOS, los culpables.<br \/>\nNo podr\u00eda sin embargo terminar esta carta, que tiene por objeto invitar a una reflexi\u00f3n sobre este alevoso ataque a la clase obrera, sin exponerles la conclusi\u00f3n que se desprende de todo esto: el gobierno actual es un gobierno capitalista, no un gobierno de la masa del pueblo, menos un gobierno de trabajadores. Frente a un gobierno capitalista es necesaria una oposici\u00f3n pol\u00edtica de izquierda, una oposici\u00f3n entrelazada con el activismo obrero, estudiantil y popular. Por eso hemos construido un Frente de Izquierda.<br \/>\nSin diputados obreros y de izquierda en el Congreso y un Frente de Izquierda en todo el pa\u00eds, la enorme crisis capitalista que se desarrolla en el mundo entero, se llevar\u00e1 puesta las conquistas sociales m\u00e1s elementales de los trabajadores y la propia independencia nacional. \u00a0<br \/>\n\u00a0<br \/>\nJORGE ALTAMIRA, CANDIDATO A PRESIDENTE DE LA NACI\u00d3N POR EL FRENTE DE IZQUIERDA<br \/>\nBuenos Aires,\u00a01 de Octubre de 2011<\/p>\n","protected":false},"excerpt":{"rendered":"<p>El sector de la ciudadan\u00eda que vot\u00f3 por la reelecci\u00f3n de la Presidente en las recientes \u201cprimarias abiertas\u201d es seguramente muy diverso, heterog\u00e9neo y hasta contradictorio; votaron por ella los trabajadores que fueron reprimidos (con cuatro muertos) por ocupar terrenos del Ingenio Ledesma, para construir sus viviendas, y tambi\u00e9n vot\u00f3 por ella el due\u00f1o del [&hellip;]<\/p>\n","protected":false},"author":1,"featured_media":0,"comment_status":"closed","ping_status":"open","sticky":false,"template":"","format":"standard","meta":{"footnotes":""},"categories":[95],"tags":[],"class_list":["post-2203","post","type-post","status-publish","format-standard","hentry","category-opiniones"],"yoast_head":"<!-- This site is optimized with the Yoast SEO plugin v19.7.1 - https:\/\/yoast.com\/wordpress\/plugins\/seo\/ -->\n<title>CARTA ABIERTA DE JORGE ALTAMIRA, CANDIDATO DEL FRENTE DE IZQUIERDA - CELTTV<\/title>\n<meta name=\"description\" content=\"Sitio web de noticias de la localidad de Tornquist, provincia de Buenos Aires, Rep\u00fablica Argentina. Contenido propio originado por periodistas de CELTTV, el canal de TV local de la Cooperativa El\u00e9ctrica de Tornquist. Turismo, Pol\u00edtica, Sociedad, Deporte, Cultura y todo el contenido de inter\u00e9s general que la gente del pueblo y la regi\u00f3n debe conocer.\" \/>\n<meta name=\"robots\" content=\"index, follow, max-snippet:-1, max-image-preview:large, max-video-preview:-1\" \/>\n<link rel=\"canonical\" href=\"https:\/\/www.celttv.com.ar\/index.php\/2011\/10\/04\/carta-abierta-de-jorge-altamira-candidato-del-frente-de-izquierda\/\" \/>\n<meta property=\"og:locale\" content=\"es_ES\" \/>\n<meta property=\"og:type\" content=\"article\" \/>\n<meta property=\"og:title\" content=\"CARTA ABIERTA DE JORGE ALTAMIRA, CANDIDATO DEL FRENTE DE IZQUIERDA - CELTTV\" \/>\n<meta property=\"og:description\" content=\"Sitio web de noticias de la localidad de Tornquist, provincia de Buenos Aires, Rep\u00fablica Argentina. Contenido propio originado por periodistas de CELTTV, el canal de TV local de la Cooperativa El\u00e9ctrica de Tornquist. Turismo, Pol\u00edtica, Sociedad, Deporte, Cultura y todo el contenido de inter\u00e9s general que la gente del pueblo y la regi\u00f3n debe conocer.\" \/>\n<meta property=\"og:url\" content=\"https:\/\/www.celttv.com.ar\/index.php\/2011\/10\/04\/carta-abierta-de-jorge-altamira-candidato-del-frente-de-izquierda\/\" \/>\n<meta property=\"og:site_name\" content=\"CELTTV\" \/>\n<meta property=\"article:publisher\" content=\"https:\/\/www.facebook.com\/celtTV\/\" \/>\n<meta property=\"article:published_time\" content=\"2011-10-04T20:48:28+00:00\" \/>\n<meta name=\"author\" content=\"ulises\" \/>\n<meta name=\"twitter:card\" content=\"summary_large_image\" \/>\n<meta name=\"twitter:label1\" content=\"Escrito por\" \/>\n\t<meta name=\"twitter:data1\" content=\"ulises\" \/>\n\t<meta name=\"twitter:label2\" content=\"Tiempo de lectura\" \/>\n\t<meta name=\"twitter:data2\" content=\"4 minutos\" \/>\n<script type=\"application\/ld+json\" class=\"yoast-schema-graph\">{\"@context\":\"https:\/\/schema.org\",\"@graph\":[{\"@type\":\"NewsArticle\",\"@id\":\"https:\/\/www.celttv.com.ar\/index.php\/2011\/10\/04\/carta-abierta-de-jorge-altamira-candidato-del-frente-de-izquierda\/#article\",\"isPartOf\":{\"@id\":\"https:\/\/www.celttv.com.ar\/index.php\/2011\/10\/04\/carta-abierta-de-jorge-altamira-candidato-del-frente-de-izquierda\/\"},\"author\":{\"name\":\"ulises\",\"@id\":\"https:\/\/www.celttv.com.ar\/#\/schema\/person\/6d99c072dba59953809c81446e9d0ace\"},\"headline\":\"CARTA ABIERTA DE JORGE ALTAMIRA, CANDIDATO DEL FRENTE DE IZQUIERDA\",\"datePublished\":\"2011-10-04T20:48:28+00:00\",\"dateModified\":\"2011-10-04T20:48:28+00:00\",\"mainEntityOfPage\":{\"@id\":\"https:\/\/www.celttv.com.ar\/index.php\/2011\/10\/04\/carta-abierta-de-jorge-altamira-candidato-del-frente-de-izquierda\/\"},\"wordCount\":777,\"publisher\":{\"@id\":\"https:\/\/www.celttv.com.ar\/#organization\"},\"articleSection\":[\"Opiniones\"],\"inLanguage\":\"es\"},{\"@type\":\"WebPage\",\"@id\":\"https:\/\/www.celttv.com.ar\/index.php\/2011\/10\/04\/carta-abierta-de-jorge-altamira-candidato-del-frente-de-izquierda\/\",\"url\":\"https:\/\/www.celttv.com.ar\/index.php\/2011\/10\/04\/carta-abierta-de-jorge-altamira-candidato-del-frente-de-izquierda\/\",\"name\":\"CARTA ABIERTA DE JORGE ALTAMIRA, CANDIDATO DEL FRENTE DE IZQUIERDA - CELTTV\",\"isPartOf\":{\"@id\":\"https:\/\/www.celttv.com.ar\/#website\"},\"datePublished\":\"2011-10-04T20:48:28+00:00\",\"dateModified\":\"2011-10-04T20:48:28+00:00\",\"description\":\"Sitio web de noticias de la localidad de Tornquist, provincia de Buenos Aires, Rep\u00fablica Argentina. Contenido propio originado por periodistas de CELTTV, el canal de TV local de la Cooperativa El\u00e9ctrica de Tornquist. Turismo, Pol\u00edtica, Sociedad, Deporte, Cultura y todo el contenido de inter\u00e9s general que la gente del pueblo y la regi\u00f3n debe conocer.\",\"breadcrumb\":{\"@id\":\"https:\/\/www.celttv.com.ar\/index.php\/2011\/10\/04\/carta-abierta-de-jorge-altamira-candidato-del-frente-de-izquierda\/#breadcrumb\"},\"inLanguage\":\"es\",\"potentialAction\":[{\"@type\":\"ReadAction\",\"target\":[\"https:\/\/www.celttv.com.ar\/index.php\/2011\/10\/04\/carta-abierta-de-jorge-altamira-candidato-del-frente-de-izquierda\/\"]}]},{\"@type\":\"BreadcrumbList\",\"@id\":\"https:\/\/www.celttv.com.ar\/index.php\/2011\/10\/04\/carta-abierta-de-jorge-altamira-candidato-del-frente-de-izquierda\/#breadcrumb\",\"itemListElement\":[{\"@type\":\"ListItem\",\"position\":1,\"name\":\"Inicio\",\"item\":\"https:\/\/www.celttv.com.ar\/\"},{\"@type\":\"ListItem\",\"position\":2,\"name\":\"CARTA ABIERTA DE JORGE ALTAMIRA, CANDIDATO DEL FRENTE DE IZQUIERDA\"}]},{\"@type\":\"WebSite\",\"@id\":\"https:\/\/www.celttv.com.ar\/#website\",\"url\":\"https:\/\/www.celttv.com.ar\/\",\"name\":\"CELTTV\",\"description\":\"Cooperativa El\u00e9ctrica de Tornquist\",\"publisher\":{\"@id\":\"https:\/\/www.celttv.com.ar\/#organization\"},\"potentialAction\":[{\"@type\":\"SearchAction\",\"target\":{\"@type\":\"EntryPoint\",\"urlTemplate\":\"https:\/\/www.celttv.com.ar\/?s={search_term_string}\"},\"query-input\":\"required name=search_term_string\"}],\"inLanguage\":\"es\"},{\"@type\":\"Organization\",\"@id\":\"https:\/\/www.celttv.com.ar\/#organization\",\"name\":\"CELTTV\",\"url\":\"https:\/\/www.celttv.com.ar\/\",\"sameAs\":[\"https:\/\/www.youtube.com\/channel\/UCz_oIt8Hig64Ub-EmcNPIhg\",\"https:\/\/www.facebook.com\/celtTV\/\"],\"logo\":{\"@type\":\"ImageObject\",\"inLanguage\":\"es\",\"@id\":\"https:\/\/www.celttv.com.ar\/#\/schema\/logo\/image\/\",\"url\":\"http:\/\/www.celttv.com.ar\/wp-content\/uploads\/2022\/08\/logo-1.png\",\"contentUrl\":\"http:\/\/www.celttv.com.ar\/wp-content\/uploads\/2022\/08\/logo-1.png\",\"width\":461,\"height\":159,\"caption\":\"CELTTV\"},\"image\":{\"@id\":\"https:\/\/www.celttv.com.ar\/#\/schema\/logo\/image\/\"}},{\"@type\":\"Person\",\"@id\":\"https:\/\/www.celttv.com.ar\/#\/schema\/person\/6d99c072dba59953809c81446e9d0ace\",\"name\":\"ulises\",\"image\":{\"@type\":\"ImageObject\",\"inLanguage\":\"es\",\"@id\":\"https:\/\/www.celttv.com.ar\/#\/schema\/person\/image\/\",\"url\":\"https:\/\/secure.gravatar.com\/avatar\/7f2c48bdc33b30088f941fb6082e555f2874c98e20cb159d7b92b50eadfce793?s=96&d=mm&r=g\",\"contentUrl\":\"https:\/\/secure.gravatar.com\/avatar\/7f2c48bdc33b30088f941fb6082e555f2874c98e20cb159d7b92b50eadfce793?s=96&d=mm&r=g\",\"caption\":\"ulises\"},\"sameAs\":[\"http:\/\/www.celttv.com.ar\"]}]}<\/script>\n<!-- \/ Yoast SEO plugin. -->","yoast_head_json":{"title":"CARTA ABIERTA DE JORGE ALTAMIRA, CANDIDATO DEL FRENTE DE IZQUIERDA - CELTTV","description":"Sitio web de noticias de la localidad de Tornquist, provincia de Buenos Aires, Rep\u00fablica Argentina. Contenido propio originado por periodistas de CELTTV, el canal de TV local de la Cooperativa El\u00e9ctrica de Tornquist. Turismo, Pol\u00edtica, Sociedad, Deporte, Cultura y todo el contenido de inter\u00e9s general que la gente del pueblo y la regi\u00f3n debe conocer.","robots":{"index":"index","follow":"follow","max-snippet":"max-snippet:-1","max-image-preview":"max-image-preview:large","max-video-preview":"max-video-preview:-1"},"canonical":"https:\/\/www.celttv.com.ar\/index.php\/2011\/10\/04\/carta-abierta-de-jorge-altamira-candidato-del-frente-de-izquierda\/","og_locale":"es_ES","og_type":"article","og_title":"CARTA ABIERTA DE JORGE ALTAMIRA, CANDIDATO DEL FRENTE DE IZQUIERDA - CELTTV","og_description":"Sitio web de noticias de la localidad de Tornquist, provincia de Buenos Aires, Rep\u00fablica Argentina. Contenido propio originado por periodistas de CELTTV, el canal de TV local de la Cooperativa El\u00e9ctrica de Tornquist. Turismo, Pol\u00edtica, Sociedad, Deporte, Cultura y todo el contenido de inter\u00e9s general que la gente del pueblo y la regi\u00f3n debe conocer.","og_url":"https:\/\/www.celttv.com.ar\/index.php\/2011\/10\/04\/carta-abierta-de-jorge-altamira-candidato-del-frente-de-izquierda\/","og_site_name":"CELTTV","article_publisher":"https:\/\/www.facebook.com\/celtTV\/","article_published_time":"2011-10-04T20:48:28+00:00","author":"ulises","twitter_card":"summary_large_image","twitter_misc":{"Escrito por":"ulises","Tiempo de lectura":"4 minutos"},"schema":{"@context":"https:\/\/schema.org","@graph":[{"@type":"NewsArticle","@id":"https:\/\/www.celttv.com.ar\/index.php\/2011\/10\/04\/carta-abierta-de-jorge-altamira-candidato-del-frente-de-izquierda\/#article","isPartOf":{"@id":"https:\/\/www.celttv.com.ar\/index.php\/2011\/10\/04\/carta-abierta-de-jorge-altamira-candidato-del-frente-de-izquierda\/"},"author":{"name":"ulises","@id":"https:\/\/www.celttv.com.ar\/#\/schema\/person\/6d99c072dba59953809c81446e9d0ace"},"headline":"CARTA ABIERTA DE JORGE ALTAMIRA, CANDIDATO DEL FRENTE DE IZQUIERDA","datePublished":"2011-10-04T20:48:28+00:00","dateModified":"2011-10-04T20:48:28+00:00","mainEntityOfPage":{"@id":"https:\/\/www.celttv.com.ar\/index.php\/2011\/10\/04\/carta-abierta-de-jorge-altamira-candidato-del-frente-de-izquierda\/"},"wordCount":777,"publisher":{"@id":"https:\/\/www.celttv.com.ar\/#organization"},"articleSection":["Opiniones"],"inLanguage":"es"},{"@type":"WebPage","@id":"https:\/\/www.celttv.com.ar\/index.php\/2011\/10\/04\/carta-abierta-de-jorge-altamira-candidato-del-frente-de-izquierda\/","url":"https:\/\/www.celttv.com.ar\/index.php\/2011\/10\/04\/carta-abierta-de-jorge-altamira-candidato-del-frente-de-izquierda\/","name":"CARTA ABIERTA DE JORGE ALTAMIRA, CANDIDATO DEL FRENTE DE IZQUIERDA - CELTTV","isPartOf":{"@id":"https:\/\/www.celttv.com.ar\/#website"},"datePublished":"2011-10-04T20:48:28+00:00","dateModified":"2011-10-04T20:48:28+00:00","description":"Sitio web de noticias de la localidad de Tornquist, provincia de Buenos Aires, Rep\u00fablica Argentina. Contenido propio originado por periodistas de CELTTV, el canal de TV local de la Cooperativa El\u00e9ctrica de Tornquist. Turismo, Pol\u00edtica, Sociedad, Deporte, Cultura y todo el contenido de inter\u00e9s general que la gente del pueblo y la regi\u00f3n debe conocer.","breadcrumb":{"@id":"https:\/\/www.celttv.com.ar\/index.php\/2011\/10\/04\/carta-abierta-de-jorge-altamira-candidato-del-frente-de-izquierda\/#breadcrumb"},"inLanguage":"es","potentialAction":[{"@type":"ReadAction","target":["https:\/\/www.celttv.com.ar\/index.php\/2011\/10\/04\/carta-abierta-de-jorge-altamira-candidato-del-frente-de-izquierda\/"]}]},{"@type":"BreadcrumbList","@id":"https:\/\/www.celttv.com.ar\/index.php\/2011\/10\/04\/carta-abierta-de-jorge-altamira-candidato-del-frente-de-izquierda\/#breadcrumb","itemListElement":[{"@type":"ListItem","position":1,"name":"Inicio","item":"https:\/\/www.celttv.com.ar\/"},{"@type":"ListItem","position":2,"name":"CARTA ABIERTA DE JORGE ALTAMIRA, CANDIDATO DEL FRENTE DE IZQUIERDA"}]},{"@type":"WebSite","@id":"https:\/\/www.celttv.com.ar\/#website","url":"https:\/\/www.celttv.com.ar\/","name":"CELTTV","description":"Cooperativa El\u00e9ctrica de Tornquist","publisher":{"@id":"https:\/\/www.celttv.com.ar\/#organization"},"potentialAction":[{"@type":"SearchAction","target":{"@type":"EntryPoint","urlTemplate":"https:\/\/www.celttv.com.ar\/?s={search_term_string}"},"query-input":"required name=search_term_string"}],"inLanguage":"es"},{"@type":"Organization","@id":"https:\/\/www.celttv.com.ar\/#organization","name":"CELTTV","url":"https:\/\/www.celttv.com.ar\/","sameAs":["https:\/\/www.youtube.com\/channel\/UCz_oIt8Hig64Ub-EmcNPIhg","https:\/\/www.facebook.com\/celtTV\/"],"logo":{"@type":"ImageObject","inLanguage":"es","@id":"https:\/\/www.celttv.com.ar\/#\/schema\/logo\/image\/","url":"http:\/\/www.celttv.com.ar\/wp-content\/uploads\/2022\/08\/logo-1.png","contentUrl":"http:\/\/www.celttv.com.ar\/wp-content\/uploads\/2022\/08\/logo-1.png","width":461,"height":159,"caption":"CELTTV"},"image":{"@id":"https:\/\/www.celttv.com.ar\/#\/schema\/logo\/image\/"}},{"@type":"Person","@id":"https:\/\/www.celttv.com.ar\/#\/schema\/person\/6d99c072dba59953809c81446e9d0ace","name":"ulises","image":{"@type":"ImageObject","inLanguage":"es","@id":"https:\/\/www.celttv.com.ar\/#\/schema\/person\/image\/","url":"https:\/\/secure.gravatar.com\/avatar\/7f2c48bdc33b30088f941fb6082e555f2874c98e20cb159d7b92b50eadfce793?s=96&d=mm&r=g","contentUrl":"https:\/\/secure.gravatar.com\/avatar\/7f2c48bdc33b30088f941fb6082e555f2874c98e20cb159d7b92b50eadfce793?s=96&d=mm&r=g","caption":"ulises"},"sameAs":["http:\/\/www.celttv.com.ar"]}]}},"_links":{"self":[{"href":"https:\/\/www.celttv.com.ar\/index.php\/wp-json\/wp\/v2\/posts\/2203","targetHints":{"allow":["GET"]}}],"collection":[{"href":"https:\/\/www.celttv.com.ar\/index.php\/wp-json\/wp\/v2\/posts"}],"about":[{"href":"https:\/\/www.celttv.com.ar\/index.php\/wp-json\/wp\/v2\/types\/post"}],"author":[{"embeddable":true,"href":"https:\/\/www.celttv.com.ar\/index.php\/wp-json\/wp\/v2\/users\/1"}],"replies":[{"embeddable":true,"href":"https:\/\/www.celttv.com.ar\/index.php\/wp-json\/wp\/v2\/comments?post=2203"}],"version-history":[{"count":0,"href":"https:\/\/www.celttv.com.ar\/index.php\/wp-json\/wp\/v2\/posts\/2203\/revisions"}],"wp:attachment":[{"href":"https:\/\/www.celttv.com.ar\/index.php\/wp-json\/wp\/v2\/media?parent=2203"}],"wp:term":[{"taxonomy":"category","embeddable":true,"href":"https:\/\/www.celttv.com.ar\/index.php\/wp-json\/wp\/v2\/categories?post=2203"},{"taxonomy":"post_tag","embeddable":true,"href":"https:\/\/www.celttv.com.ar\/index.php\/wp-json\/wp\/v2\/tags?post=2203"}],"curies":[{"name":"wp","href":"https:\/\/api.w.org\/{rel}","templated":true}]}}