{"id":22062,"date":"2014-07-18T19:33:15","date_gmt":"2014-07-18T19:33:15","guid":{"rendered":"http:\/\/www.tvcnoticias.com.ar\/?p=22062"},"modified":"2014-07-18T19:33:15","modified_gmt":"2014-07-18T19:33:15","slug":"horarios-de-especialidades-en-el-hospital-municipal","status":"publish","type":"post","link":"https:\/\/www.celttv.com.ar\/index.php\/2014\/07\/18\/horarios-de-especialidades-en-el-hospital-municipal\/","title":{"rendered":"HORARIOS DE ESPECIALIDADES EN EL HOSPITAL MUNICIPAL"},"content":{"rendered":"<p><strong>Horarios de especialidades en el Hospital Municipal<\/strong><br \/>\nLa Direcci\u00f3n del Hospital Municipal de la ciudad cabecera del distrito comunica la n\u00f3mina de especialidades que se atienden en el centro asistencial y los horarios de los mismos, adem\u00e1s del cronograma existente en las salas Sur y Norte. Las mismas se detallan a continuaci\u00f3n:<br \/>\n&nbsp;<\/p>\n<table border=\"1\" cellspacing=\"0\" cellpadding=\"0\">\n<tbody>\n<tr>\n<td width=\"225\" valign=\"top\"><strong>DIA Y HORARIO DE ATENCION<\/strong><\/td>\n<td width=\"171\" valign=\"top\"><strong>ESPECIALIDAD<\/strong><\/td>\n<td width=\"208\" valign=\"top\"><strong>CON   TURNO<\/strong><\/td>\n<\/tr>\n<tr>\n<td width=\"225\" valign=\"top\">Lunes: De 7.30 a 13 hs<\/td>\n<td width=\"171\" valign=\"top\">Oncolog\u00eda<\/td>\n<td width=\"208\" valign=\"top\">Demanda espont\u00e1nea<\/td>\n<\/tr>\n<tr>\n<td width=\"225\" valign=\"top\">Lunes: Desde las 14 hs<\/td>\n<td width=\"171\" valign=\"top\">Gastroenterolog\u00eda<\/td>\n<td width=\"208\" valign=\"top\">Con turno<\/td>\n<\/tr>\n<tr>\n<td width=\"225\" valign=\"top\">Mi\u00e9rcoles: Desde las 9 hs<\/td>\n<td width=\"171\" valign=\"top\">Cardiolog\u00eda<\/td>\n<td width=\"208\" valign=\"top\">Demanda espont\u00e1nea<\/td>\n<\/tr>\n<tr>\n<td width=\"225\" valign=\"top\">Mi\u00e9rcoles: De 9.30 a 12   hs<\/td>\n<td width=\"171\" valign=\"top\">Nutricionista<\/td>\n<td width=\"208\" valign=\"top\">Con turno<\/td>\n<\/tr>\n<tr>\n<td width=\"225\" valign=\"top\">Jueves: Desde las 9 hs.<\/td>\n<td width=\"171\" valign=\"top\">Traumatolog\u00eda<\/td>\n<td width=\"208\" valign=\"top\">Con turno<\/td>\n<\/tr>\n<tr>\n<td width=\"225\" valign=\"top\">Jueves (cada 15 d\u00edas):   A las 10<\/td>\n<td width=\"171\" valign=\"top\">Otorrinolaringolog\u00eda<\/td>\n<td width=\"208\" valign=\"top\">Con turno<\/td>\n<\/tr>\n<tr>\n<td width=\"225\" valign=\"top\">Jueves: de 8 a 11 hs<\/td>\n<td width=\"171\" valign=\"top\">Cirug\u00eda<\/td>\n<td width=\"208\" valign=\"top\">Con turno<\/td>\n<\/tr>\n<tr>\n<td width=\"225\" valign=\"top\">De lunes a viernes<\/td>\n<td width=\"171\" valign=\"top\">Psicoliog\u00eda<\/td>\n<td width=\"208\" valign=\"top\">Con turno<\/td>\n<\/tr>\n<tr>\n<td width=\"225\" valign=\"top\">Lunes y viernes (de   ma\u00f1ana)<\/td>\n<td width=\"171\" valign=\"top\">Fonoaudiolog\u00eda<\/td>\n<td width=\"208\" valign=\"top\">Con turno<\/td>\n<\/tr>\n<tr>\n<td width=\"225\" valign=\"top\">Lunes y jueves: De 9 a   12 hs<\/td>\n<td width=\"171\" valign=\"top\">Ecograf\u00eda<\/td>\n<td width=\"208\" valign=\"top\">Con turno<\/td>\n<\/tr>\n<tr>\n<td width=\"225\" valign=\"top\">Mi\u00e9rcoles a viernes: De   9 a 12<\/td>\n<td width=\"171\" valign=\"top\">Pediatr\u00eda<\/td>\n<td width=\"208\" valign=\"top\">Demanda espont\u00e1nea<\/td>\n<\/tr>\n<tr>\n<td width=\"225\" valign=\"top\">Lunes a viernes: De 13   a 15 hs<\/td>\n<td width=\"171\" valign=\"top\">Pediatr\u00eda<\/td>\n<td width=\"208\" valign=\"top\">Demanda espont\u00e1nea<\/td>\n<\/tr>\n<\/tbody>\n<\/table>\n<p>&nbsp;<br \/>\n<strong><span style=\"text-decoration: underline;\">Sala Sur<\/span><\/strong><br \/>\n<strong>Pediatr\u00eda<\/strong><br \/>\n&#8211;\u00a0\u00a0\u00a0\u00a0\u00a0\u00a0\u00a0\u00a0\u00a0 Lunes y martes, de 9 a 11 horas. Sin turno.<br \/>\n&#8211;\u00a0\u00a0\u00a0\u00a0\u00a0\u00a0\u00a0\u00a0\u00a0 Mi\u00e9rcoles y jueves: de 9 a 11. Con turno (control del ni\u00f1o sano).<br \/>\n<strong>Tocoginecolog\u00eda<\/strong><br \/>\n&#8211;\u00a0\u00a0\u00a0\u00a0\u00a0\u00a0\u00a0\u00a0\u00a0 Lunes y mi\u00e9rcoles, a partir de las 13.30 horas. Con turno.<br \/>\n<strong>Obst\u00e9trica (partera)<\/strong><br \/>\n&#8211;\u00a0\u00a0\u00a0\u00a0\u00a0\u00a0\u00a0\u00a0\u00a0 Lunes, desde las 16 horas. Con turno.<br \/>\n&#8211;\u00a0\u00a0\u00a0\u00a0\u00a0\u00a0\u00a0\u00a0\u00a0 Martes: a partir de las 9 horas. Con turno<br \/>\n<strong><span style=\"text-decoration: underline;\"> <\/span><\/strong><br \/>\n<strong><span style=\"text-decoration: underline;\">Sala Norte<\/span><\/strong><br \/>\n<strong>Pediatr\u00eda<\/strong><br \/>\n&#8211;\u00a0\u00a0\u00a0\u00a0\u00a0\u00a0\u00a0\u00a0\u00a0 Lunes, martes y viernes, de 9 a 11 horas. Control de ni\u00f1o sano con turno y consulta espont\u00e1nea sin turno.<br \/>\n&nbsp;<br \/>\nPrensa Municipalidad de Tornquist (<a href=\"mailto:prensa@tornquist.gov.ar\">prensa@tornquist.gov.ar<\/a>)<br \/>\nTwitter: @prensatornquist<br \/>\n<span style=\"text-decoration: underline;\"><a href=\"http:\/\/www.tornquist.gob.ar\/\">www.tornquist.gob.ar<\/a><\/span><br \/>\n&nbsp;<br \/>\n&nbsp;<\/p>\n","protected":false},"excerpt":{"rendered":"<p>Horarios de especialidades en el Hospital Municipal La Direcci\u00f3n del Hospital Municipal de la ciudad cabecera del distrito comunica la n\u00f3mina de especialidades que se atienden en el centro asistencial y los horarios de los mismos, adem\u00e1s del cronograma existente en las salas Sur y Norte. Las mismas se detallan a continuaci\u00f3n: &nbsp; DIA Y [&hellip;]<\/p>\n","protected":false},"author":1,"featured_media":0,"comment_status":"closed","ping_status":"open","sticky":false,"template":"","format":"standard","meta":{"footnotes":""},"categories":[51,52,53],"tags":[],"class_list":["post-22062","post","type-post","status-publish","format-standard","hentry","category-comunidad","category-destacadas","category-politica"],"yoast_head":"<!-- This site is optimized with the Yoast SEO plugin v19.7.1 - https:\/\/yoast.com\/wordpress\/plugins\/seo\/ -->\n<title>HORARIOS DE ESPECIALIDADES EN EL HOSPITAL MUNICIPAL - CELTTV<\/title>\n<meta name=\"description\" content=\"Sitio web de noticias de la localidad de Tornquist, provincia de Buenos Aires, Rep\u00fablica Argentina. Contenido propio originado por periodistas de CELTTV, el canal de TV local de la Cooperativa El\u00e9ctrica de Tornquist. Turismo, Pol\u00edtica, Sociedad, Deporte, Cultura y todo el contenido de inter\u00e9s general que la gente del pueblo y la regi\u00f3n debe conocer.\" \/>\n<meta name=\"robots\" content=\"index, follow, max-snippet:-1, max-image-preview:large, max-video-preview:-1\" \/>\n<link rel=\"canonical\" href=\"https:\/\/www.celttv.com.ar\/index.php\/2014\/07\/18\/horarios-de-especialidades-en-el-hospital-municipal\/\" \/>\n<meta property=\"og:locale\" content=\"es_ES\" \/>\n<meta property=\"og:type\" content=\"article\" \/>\n<meta property=\"og:title\" content=\"HORARIOS DE ESPECIALIDADES EN EL HOSPITAL MUNICIPAL - CELTTV\" \/>\n<meta property=\"og:description\" content=\"Sitio web de noticias de la localidad de Tornquist, provincia de Buenos Aires, Rep\u00fablica Argentina. Contenido propio originado por periodistas de CELTTV, el canal de TV local de la Cooperativa El\u00e9ctrica de Tornquist. Turismo, Pol\u00edtica, Sociedad, Deporte, Cultura y todo el contenido de inter\u00e9s general que la gente del pueblo y la regi\u00f3n debe conocer.\" \/>\n<meta property=\"og:url\" content=\"https:\/\/www.celttv.com.ar\/index.php\/2014\/07\/18\/horarios-de-especialidades-en-el-hospital-municipal\/\" \/>\n<meta property=\"og:site_name\" content=\"CELTTV\" \/>\n<meta property=\"article:publisher\" content=\"https:\/\/www.facebook.com\/celtTV\/\" \/>\n<meta property=\"article:published_time\" content=\"2014-07-18T19:33:15+00:00\" \/>\n<meta name=\"author\" content=\"ulises\" \/>\n<meta name=\"twitter:card\" content=\"summary_large_image\" \/>\n<meta name=\"twitter:label1\" content=\"Escrito por\" \/>\n\t<meta name=\"twitter:data1\" content=\"ulises\" \/>\n\t<meta name=\"twitter:label2\" content=\"Tiempo de lectura\" \/>\n\t<meta name=\"twitter:data2\" content=\"1 minuto\" \/>\n<script type=\"application\/ld+json\" class=\"yoast-schema-graph\">{\"@context\":\"https:\/\/schema.org\",\"@graph\":[{\"@type\":\"NewsArticle\",\"@id\":\"https:\/\/www.celttv.com.ar\/index.php\/2014\/07\/18\/horarios-de-especialidades-en-el-hospital-municipal\/#article\",\"isPartOf\":{\"@id\":\"https:\/\/www.celttv.com.ar\/index.php\/2014\/07\/18\/horarios-de-especialidades-en-el-hospital-municipal\/\"},\"author\":{\"name\":\"ulises\",\"@id\":\"https:\/\/www.celttv.com.ar\/#\/schema\/person\/6d99c072dba59953809c81446e9d0ace\"},\"headline\":\"HORARIOS DE ESPECIALIDADES EN EL HOSPITAL MUNICIPAL\",\"datePublished\":\"2014-07-18T19:33:15+00:00\",\"dateModified\":\"2014-07-18T19:33:15+00:00\",\"mainEntityOfPage\":{\"@id\":\"https:\/\/www.celttv.com.ar\/index.php\/2014\/07\/18\/horarios-de-especialidades-en-el-hospital-municipal\/\"},\"wordCount\":286,\"publisher\":{\"@id\":\"https:\/\/www.celttv.com.ar\/#organization\"},\"articleSection\":[\"Comunidad\",\"Destacadas\",\"Pol\u00edtica\"],\"inLanguage\":\"es\"},{\"@type\":\"WebPage\",\"@id\":\"https:\/\/www.celttv.com.ar\/index.php\/2014\/07\/18\/horarios-de-especialidades-en-el-hospital-municipal\/\",\"url\":\"https:\/\/www.celttv.com.ar\/index.php\/2014\/07\/18\/horarios-de-especialidades-en-el-hospital-municipal\/\",\"name\":\"HORARIOS DE ESPECIALIDADES EN EL HOSPITAL MUNICIPAL - CELTTV\",\"isPartOf\":{\"@id\":\"https:\/\/www.celttv.com.ar\/#website\"},\"datePublished\":\"2014-07-18T19:33:15+00:00\",\"dateModified\":\"2014-07-18T19:33:15+00:00\",\"description\":\"Sitio web de noticias de la localidad de Tornquist, provincia de Buenos Aires, Rep\u00fablica Argentina. Contenido propio originado por periodistas de CELTTV, el canal de TV local de la Cooperativa El\u00e9ctrica de Tornquist. Turismo, Pol\u00edtica, Sociedad, Deporte, Cultura y todo el contenido de inter\u00e9s general que la gente del pueblo y la regi\u00f3n debe conocer.\",\"breadcrumb\":{\"@id\":\"https:\/\/www.celttv.com.ar\/index.php\/2014\/07\/18\/horarios-de-especialidades-en-el-hospital-municipal\/#breadcrumb\"},\"inLanguage\":\"es\",\"potentialAction\":[{\"@type\":\"ReadAction\",\"target\":[\"https:\/\/www.celttv.com.ar\/index.php\/2014\/07\/18\/horarios-de-especialidades-en-el-hospital-municipal\/\"]}]},{\"@type\":\"BreadcrumbList\",\"@id\":\"https:\/\/www.celttv.com.ar\/index.php\/2014\/07\/18\/horarios-de-especialidades-en-el-hospital-municipal\/#breadcrumb\",\"itemListElement\":[{\"@type\":\"ListItem\",\"position\":1,\"name\":\"Inicio\",\"item\":\"https:\/\/www.celttv.com.ar\/\"},{\"@type\":\"ListItem\",\"position\":2,\"name\":\"HORARIOS DE ESPECIALIDADES EN EL HOSPITAL MUNICIPAL\"}]},{\"@type\":\"WebSite\",\"@id\":\"https:\/\/www.celttv.com.ar\/#website\",\"url\":\"https:\/\/www.celttv.com.ar\/\",\"name\":\"CELTTV\",\"description\":\"Cooperativa El\u00e9ctrica de Tornquist\",\"publisher\":{\"@id\":\"https:\/\/www.celttv.com.ar\/#organization\"},\"potentialAction\":[{\"@type\":\"SearchAction\",\"target\":{\"@type\":\"EntryPoint\",\"urlTemplate\":\"https:\/\/www.celttv.com.ar\/?s={search_term_string}\"},\"query-input\":\"required name=search_term_string\"}],\"inLanguage\":\"es\"},{\"@type\":\"Organization\",\"@id\":\"https:\/\/www.celttv.com.ar\/#organization\",\"name\":\"CELTTV\",\"url\":\"https:\/\/www.celttv.com.ar\/\",\"sameAs\":[\"https:\/\/www.youtube.com\/channel\/UCz_oIt8Hig64Ub-EmcNPIhg\",\"https:\/\/www.facebook.com\/celtTV\/\"],\"logo\":{\"@type\":\"ImageObject\",\"inLanguage\":\"es\",\"@id\":\"https:\/\/www.celttv.com.ar\/#\/schema\/logo\/image\/\",\"url\":\"http:\/\/www.celttv.com.ar\/wp-content\/uploads\/2022\/08\/logo-1.png\",\"contentUrl\":\"http:\/\/www.celttv.com.ar\/wp-content\/uploads\/2022\/08\/logo-1.png\",\"width\":461,\"height\":159,\"caption\":\"CELTTV\"},\"image\":{\"@id\":\"https:\/\/www.celttv.com.ar\/#\/schema\/logo\/image\/\"}},{\"@type\":\"Person\",\"@id\":\"https:\/\/www.celttv.com.ar\/#\/schema\/person\/6d99c072dba59953809c81446e9d0ace\",\"name\":\"ulises\",\"image\":{\"@type\":\"ImageObject\",\"inLanguage\":\"es\",\"@id\":\"https:\/\/www.celttv.com.ar\/#\/schema\/person\/image\/\",\"url\":\"https:\/\/secure.gravatar.com\/avatar\/7f2c48bdc33b30088f941fb6082e555f2874c98e20cb159d7b92b50eadfce793?s=96&d=mm&r=g\",\"contentUrl\":\"https:\/\/secure.gravatar.com\/avatar\/7f2c48bdc33b30088f941fb6082e555f2874c98e20cb159d7b92b50eadfce793?s=96&d=mm&r=g\",\"caption\":\"ulises\"},\"sameAs\":[\"http:\/\/www.celttv.com.ar\"]}]}<\/script>\n<!-- \/ Yoast SEO plugin. -->","yoast_head_json":{"title":"HORARIOS DE ESPECIALIDADES EN EL HOSPITAL MUNICIPAL - CELTTV","description":"Sitio web de noticias de la localidad de Tornquist, provincia de Buenos Aires, Rep\u00fablica Argentina. Contenido propio originado por periodistas de CELTTV, el canal de TV local de la Cooperativa El\u00e9ctrica de Tornquist. Turismo, Pol\u00edtica, Sociedad, Deporte, Cultura y todo el contenido de inter\u00e9s general que la gente del pueblo y la regi\u00f3n debe conocer.","robots":{"index":"index","follow":"follow","max-snippet":"max-snippet:-1","max-image-preview":"max-image-preview:large","max-video-preview":"max-video-preview:-1"},"canonical":"https:\/\/www.celttv.com.ar\/index.php\/2014\/07\/18\/horarios-de-especialidades-en-el-hospital-municipal\/","og_locale":"es_ES","og_type":"article","og_title":"HORARIOS DE ESPECIALIDADES EN EL HOSPITAL MUNICIPAL - CELTTV","og_description":"Sitio web de noticias de la localidad de Tornquist, provincia de Buenos Aires, Rep\u00fablica Argentina. Contenido propio originado por periodistas de CELTTV, el canal de TV local de la Cooperativa El\u00e9ctrica de Tornquist. Turismo, Pol\u00edtica, Sociedad, Deporte, Cultura y todo el contenido de inter\u00e9s general que la gente del pueblo y la regi\u00f3n debe conocer.","og_url":"https:\/\/www.celttv.com.ar\/index.php\/2014\/07\/18\/horarios-de-especialidades-en-el-hospital-municipal\/","og_site_name":"CELTTV","article_publisher":"https:\/\/www.facebook.com\/celtTV\/","article_published_time":"2014-07-18T19:33:15+00:00","author":"ulises","twitter_card":"summary_large_image","twitter_misc":{"Escrito por":"ulises","Tiempo de lectura":"1 minuto"},"schema":{"@context":"https:\/\/schema.org","@graph":[{"@type":"NewsArticle","@id":"https:\/\/www.celttv.com.ar\/index.php\/2014\/07\/18\/horarios-de-especialidades-en-el-hospital-municipal\/#article","isPartOf":{"@id":"https:\/\/www.celttv.com.ar\/index.php\/2014\/07\/18\/horarios-de-especialidades-en-el-hospital-municipal\/"},"author":{"name":"ulises","@id":"https:\/\/www.celttv.com.ar\/#\/schema\/person\/6d99c072dba59953809c81446e9d0ace"},"headline":"HORARIOS DE ESPECIALIDADES EN EL HOSPITAL MUNICIPAL","datePublished":"2014-07-18T19:33:15+00:00","dateModified":"2014-07-18T19:33:15+00:00","mainEntityOfPage":{"@id":"https:\/\/www.celttv.com.ar\/index.php\/2014\/07\/18\/horarios-de-especialidades-en-el-hospital-municipal\/"},"wordCount":286,"publisher":{"@id":"https:\/\/www.celttv.com.ar\/#organization"},"articleSection":["Comunidad","Destacadas","Pol\u00edtica"],"inLanguage":"es"},{"@type":"WebPage","@id":"https:\/\/www.celttv.com.ar\/index.php\/2014\/07\/18\/horarios-de-especialidades-en-el-hospital-municipal\/","url":"https:\/\/www.celttv.com.ar\/index.php\/2014\/07\/18\/horarios-de-especialidades-en-el-hospital-municipal\/","name":"HORARIOS DE ESPECIALIDADES EN EL HOSPITAL MUNICIPAL - CELTTV","isPartOf":{"@id":"https:\/\/www.celttv.com.ar\/#website"},"datePublished":"2014-07-18T19:33:15+00:00","dateModified":"2014-07-18T19:33:15+00:00","description":"Sitio web de noticias de la localidad de Tornquist, provincia de Buenos Aires, Rep\u00fablica Argentina. Contenido propio originado por periodistas de CELTTV, el canal de TV local de la Cooperativa El\u00e9ctrica de Tornquist. Turismo, Pol\u00edtica, Sociedad, Deporte, Cultura y todo el contenido de inter\u00e9s general que la gente del pueblo y la regi\u00f3n debe conocer.","breadcrumb":{"@id":"https:\/\/www.celttv.com.ar\/index.php\/2014\/07\/18\/horarios-de-especialidades-en-el-hospital-municipal\/#breadcrumb"},"inLanguage":"es","potentialAction":[{"@type":"ReadAction","target":["https:\/\/www.celttv.com.ar\/index.php\/2014\/07\/18\/horarios-de-especialidades-en-el-hospital-municipal\/"]}]},{"@type":"BreadcrumbList","@id":"https:\/\/www.celttv.com.ar\/index.php\/2014\/07\/18\/horarios-de-especialidades-en-el-hospital-municipal\/#breadcrumb","itemListElement":[{"@type":"ListItem","position":1,"name":"Inicio","item":"https:\/\/www.celttv.com.ar\/"},{"@type":"ListItem","position":2,"name":"HORARIOS DE ESPECIALIDADES EN EL HOSPITAL MUNICIPAL"}]},{"@type":"WebSite","@id":"https:\/\/www.celttv.com.ar\/#website","url":"https:\/\/www.celttv.com.ar\/","name":"CELTTV","description":"Cooperativa El\u00e9ctrica de Tornquist","publisher":{"@id":"https:\/\/www.celttv.com.ar\/#organization"},"potentialAction":[{"@type":"SearchAction","target":{"@type":"EntryPoint","urlTemplate":"https:\/\/www.celttv.com.ar\/?s={search_term_string}"},"query-input":"required name=search_term_string"}],"inLanguage":"es"},{"@type":"Organization","@id":"https:\/\/www.celttv.com.ar\/#organization","name":"CELTTV","url":"https:\/\/www.celttv.com.ar\/","sameAs":["https:\/\/www.youtube.com\/channel\/UCz_oIt8Hig64Ub-EmcNPIhg","https:\/\/www.facebook.com\/celtTV\/"],"logo":{"@type":"ImageObject","inLanguage":"es","@id":"https:\/\/www.celttv.com.ar\/#\/schema\/logo\/image\/","url":"http:\/\/www.celttv.com.ar\/wp-content\/uploads\/2022\/08\/logo-1.png","contentUrl":"http:\/\/www.celttv.com.ar\/wp-content\/uploads\/2022\/08\/logo-1.png","width":461,"height":159,"caption":"CELTTV"},"image":{"@id":"https:\/\/www.celttv.com.ar\/#\/schema\/logo\/image\/"}},{"@type":"Person","@id":"https:\/\/www.celttv.com.ar\/#\/schema\/person\/6d99c072dba59953809c81446e9d0ace","name":"ulises","image":{"@type":"ImageObject","inLanguage":"es","@id":"https:\/\/www.celttv.com.ar\/#\/schema\/person\/image\/","url":"https:\/\/secure.gravatar.com\/avatar\/7f2c48bdc33b30088f941fb6082e555f2874c98e20cb159d7b92b50eadfce793?s=96&d=mm&r=g","contentUrl":"https:\/\/secure.gravatar.com\/avatar\/7f2c48bdc33b30088f941fb6082e555f2874c98e20cb159d7b92b50eadfce793?s=96&d=mm&r=g","caption":"ulises"},"sameAs":["http:\/\/www.celttv.com.ar"]}]}},"_links":{"self":[{"href":"https:\/\/www.celttv.com.ar\/index.php\/wp-json\/wp\/v2\/posts\/22062","targetHints":{"allow":["GET"]}}],"collection":[{"href":"https:\/\/www.celttv.com.ar\/index.php\/wp-json\/wp\/v2\/posts"}],"about":[{"href":"https:\/\/www.celttv.com.ar\/index.php\/wp-json\/wp\/v2\/types\/post"}],"author":[{"embeddable":true,"href":"https:\/\/www.celttv.com.ar\/index.php\/wp-json\/wp\/v2\/users\/1"}],"replies":[{"embeddable":true,"href":"https:\/\/www.celttv.com.ar\/index.php\/wp-json\/wp\/v2\/comments?post=22062"}],"version-history":[{"count":0,"href":"https:\/\/www.celttv.com.ar\/index.php\/wp-json\/wp\/v2\/posts\/22062\/revisions"}],"wp:attachment":[{"href":"https:\/\/www.celttv.com.ar\/index.php\/wp-json\/wp\/v2\/media?parent=22062"}],"wp:term":[{"taxonomy":"category","embeddable":true,"href":"https:\/\/www.celttv.com.ar\/index.php\/wp-json\/wp\/v2\/categories?post=22062"},{"taxonomy":"post_tag","embeddable":true,"href":"https:\/\/www.celttv.com.ar\/index.php\/wp-json\/wp\/v2\/tags?post=22062"}],"curies":[{"name":"wp","href":"https:\/\/api.w.org\/{rel}","templated":true}]}}