{"id":22131,"date":"2014-07-22T20:06:55","date_gmt":"2014-07-22T20:06:55","guid":{"rendered":"http:\/\/www.tvcnoticias.com.ar\/?p=22131"},"modified":"2014-07-22T20:06:55","modified_gmt":"2014-07-22T20:06:55","slug":"la-escuela-municipal-de-basquetbol-viajo-a-bariloche","status":"publish","type":"post","link":"https:\/\/www.celttv.com.ar\/index.php\/2014\/07\/22\/la-escuela-municipal-de-basquetbol-viajo-a-bariloche\/","title":{"rendered":"LA ESCUELA MUNICIPAL DE BASQUETBOL VIAJ\u00d3 A BARILOCHE"},"content":{"rendered":"<p><a rel=\"attachment wp-att-22133\" href=\"http:\/\/www.tvcnoticias.com.ar\/?attachment_id=22133\"><img loading=\"lazy\" decoding=\"async\" class=\"aligncenter size-medium wp-image-22133\" title=\"Bariloche 01 (Small)\" src=\"http:\/\/www.tvcnoticias.com.ar\/wp-content\/uploads\/2014\/07\/Bariloche-01-Small-450x253.jpg\" alt=\"\" width=\"450\" height=\"253\" \/><\/a><br \/>\nIntegrantes del plantel femenino de la Escuela Municipal de B\u00e1squetbol vivieron un fin de semana para el recuerdo. En el marco de un intercambio que comenz\u00f3 el a\u00f1o pasado, participaron de diferentes actividades en la ciudad de San Carlos de Bariloche.<br \/>\nAcompa\u00f1adas por el profesor Sergio Pettoroso, responsable del programa comunal que dicta clases de este deporte en diferentes localidades del distrito, 10 j\u00f3venes de nuestro partido viajaron al sur del pa\u00eds, donde fueron recibidos por la Escuela Municipal de ese lugar.<br \/>\nLa experiencia no s\u00f3lo incluy\u00f3 el desarrollo de partidos amistosos, sino la visita a lugares caracter\u00edsticos de Bariloche, como el caso del Cerro Catedral, donde se concentra buena parte de la actividad deportiva invernal.<br \/>\nLa intendenta barilochense, Mar\u00eda Eugenia Martini, agradeci\u00f3 el presente enviado por el intendente municipal, licenciado Gustavo Trankels, que const\u00f3 de una caja promocional de la Fiesta Provincial de la Vendimia, con vinos de las bodegas de nuestro distrito.<br \/>\n\u201cTambi\u00e9n quiero felicitar a ustedes por el trabajo realizado para con estas j\u00f3venes deportistas y la entrega hacia la actividad\u201d, se\u00f1al\u00f3.<br \/>\nAdem\u00e1s, el director de Deportes de la ciudad tur\u00edstica del sur, Santiago Navarro, agradeci\u00f3 la visita realizada por la embajada tornquistense.<br \/>\n\u201cDeseo destacar el gran trabajo que realiz\u00f3 Pettorosso y todo su grupo de trabajo, \u00a0junto con los choferes y las madres que acompa\u00f1aron. Ustedes saben que las puertas siempre estar\u00e1n abiertas\u201d, resalt\u00f3.<br \/>\nEl intendente Trankels destac\u00f3 la iniciativa generada desde el \u00e1rea de Deportes de la Municipalidad de Tornquist, resalt\u00f3 la gran tarea que viene desarrollando Sergio Pettorosso y felicit\u00f3 a las j\u00f3venes que participaron de la experiencia.<br \/>\nEl programa continuar\u00e1 con la visita de la delegaci\u00f3n de Bariloche a nuestro distrito, que se concretar\u00e1 en el pr\u00f3ximo mes de agosto.<br \/>\n&nbsp;<\/p>\n","protected":false},"excerpt":{"rendered":"<p>Integrantes del plantel femenino de la Escuela Municipal de B\u00e1squetbol vivieron un fin de semana para el recuerdo. En el marco de un intercambio que comenz\u00f3 el a\u00f1o pasado, participaron de diferentes actividades en la ciudad de San Carlos de Bariloche. Acompa\u00f1adas por el profesor Sergio Pettoroso, responsable del programa comunal que dicta clases de [&hellip;]<\/p>\n","protected":false},"author":1,"featured_media":0,"comment_status":"closed","ping_status":"open","sticky":false,"template":"","format":"standard","meta":{"footnotes":""},"categories":[60,52,53],"tags":[],"class_list":["post-22131","post","type-post","status-publish","format-standard","hentry","category-deporte","category-destacadas","category-politica"],"yoast_head":"<!-- This site is optimized with the Yoast SEO plugin v19.7.1 - https:\/\/yoast.com\/wordpress\/plugins\/seo\/ -->\n<title>LA ESCUELA MUNICIPAL DE BASQUETBOL VIAJ\u00d3 A BARILOCHE - CELTTV<\/title>\n<meta name=\"description\" content=\"Sitio web de noticias de la localidad de Tornquist, provincia de Buenos Aires, Rep\u00fablica Argentina. Contenido propio originado por periodistas de CELTTV, el canal de TV local de la Cooperativa El\u00e9ctrica de Tornquist. Turismo, Pol\u00edtica, Sociedad, Deporte, Cultura y todo el contenido de inter\u00e9s general que la gente del pueblo y la regi\u00f3n debe conocer.\" \/>\n<meta name=\"robots\" content=\"index, follow, max-snippet:-1, max-image-preview:large, max-video-preview:-1\" \/>\n<link rel=\"canonical\" href=\"https:\/\/www.celttv.com.ar\/index.php\/2014\/07\/22\/la-escuela-municipal-de-basquetbol-viajo-a-bariloche\/\" \/>\n<meta property=\"og:locale\" content=\"es_ES\" \/>\n<meta property=\"og:type\" content=\"article\" \/>\n<meta property=\"og:title\" content=\"LA ESCUELA MUNICIPAL DE BASQUETBOL VIAJ\u00d3 A BARILOCHE - CELTTV\" \/>\n<meta property=\"og:description\" content=\"Sitio web de noticias de la localidad de Tornquist, provincia de Buenos Aires, Rep\u00fablica Argentina. Contenido propio originado por periodistas de CELTTV, el canal de TV local de la Cooperativa El\u00e9ctrica de Tornquist. Turismo, Pol\u00edtica, Sociedad, Deporte, Cultura y todo el contenido de inter\u00e9s general que la gente del pueblo y la regi\u00f3n debe conocer.\" \/>\n<meta property=\"og:url\" content=\"https:\/\/www.celttv.com.ar\/index.php\/2014\/07\/22\/la-escuela-municipal-de-basquetbol-viajo-a-bariloche\/\" \/>\n<meta property=\"og:site_name\" content=\"CELTTV\" \/>\n<meta property=\"article:publisher\" content=\"https:\/\/www.facebook.com\/celtTV\/\" \/>\n<meta property=\"article:published_time\" content=\"2014-07-22T20:06:55+00:00\" \/>\n<meta property=\"og:image\" content=\"http:\/\/www.tvcnoticias.com.ar\/wp-content\/uploads\/2014\/07\/Bariloche-01-Small-450x253.jpg\" \/>\n<meta name=\"author\" content=\"ulises\" \/>\n<meta name=\"twitter:card\" content=\"summary_large_image\" \/>\n<meta name=\"twitter:label1\" content=\"Escrito por\" \/>\n\t<meta name=\"twitter:data1\" content=\"ulises\" \/>\n\t<meta name=\"twitter:label2\" content=\"Tiempo de lectura\" \/>\n\t<meta name=\"twitter:data2\" content=\"2 minutos\" \/>\n<script type=\"application\/ld+json\" class=\"yoast-schema-graph\">{\"@context\":\"https:\/\/schema.org\",\"@graph\":[{\"@type\":\"NewsArticle\",\"@id\":\"https:\/\/www.celttv.com.ar\/index.php\/2014\/07\/22\/la-escuela-municipal-de-basquetbol-viajo-a-bariloche\/#article\",\"isPartOf\":{\"@id\":\"https:\/\/www.celttv.com.ar\/index.php\/2014\/07\/22\/la-escuela-municipal-de-basquetbol-viajo-a-bariloche\/\"},\"author\":{\"name\":\"ulises\",\"@id\":\"https:\/\/www.celttv.com.ar\/#\/schema\/person\/6d99c072dba59953809c81446e9d0ace\"},\"headline\":\"LA ESCUELA MUNICIPAL DE BASQUETBOL VIAJ\u00d3 A BARILOCHE\",\"datePublished\":\"2014-07-22T20:06:55+00:00\",\"dateModified\":\"2014-07-22T20:06:55+00:00\",\"mainEntityOfPage\":{\"@id\":\"https:\/\/www.celttv.com.ar\/index.php\/2014\/07\/22\/la-escuela-municipal-de-basquetbol-viajo-a-bariloche\/\"},\"wordCount\":317,\"publisher\":{\"@id\":\"https:\/\/www.celttv.com.ar\/#organization\"},\"articleSection\":[\"Deporte\",\"Destacadas\",\"Pol\u00edtica\"],\"inLanguage\":\"es\"},{\"@type\":\"WebPage\",\"@id\":\"https:\/\/www.celttv.com.ar\/index.php\/2014\/07\/22\/la-escuela-municipal-de-basquetbol-viajo-a-bariloche\/\",\"url\":\"https:\/\/www.celttv.com.ar\/index.php\/2014\/07\/22\/la-escuela-municipal-de-basquetbol-viajo-a-bariloche\/\",\"name\":\"LA ESCUELA MUNICIPAL DE BASQUETBOL VIAJ\u00d3 A BARILOCHE - CELTTV\",\"isPartOf\":{\"@id\":\"https:\/\/www.celttv.com.ar\/#website\"},\"datePublished\":\"2014-07-22T20:06:55+00:00\",\"dateModified\":\"2014-07-22T20:06:55+00:00\",\"description\":\"Sitio web de noticias de la localidad de Tornquist, provincia de Buenos Aires, Rep\u00fablica Argentina. Contenido propio originado por periodistas de CELTTV, el canal de TV local de la Cooperativa El\u00e9ctrica de Tornquist. Turismo, Pol\u00edtica, Sociedad, Deporte, Cultura y todo el contenido de inter\u00e9s general que la gente del pueblo y la regi\u00f3n debe conocer.\",\"breadcrumb\":{\"@id\":\"https:\/\/www.celttv.com.ar\/index.php\/2014\/07\/22\/la-escuela-municipal-de-basquetbol-viajo-a-bariloche\/#breadcrumb\"},\"inLanguage\":\"es\",\"potentialAction\":[{\"@type\":\"ReadAction\",\"target\":[\"https:\/\/www.celttv.com.ar\/index.php\/2014\/07\/22\/la-escuela-municipal-de-basquetbol-viajo-a-bariloche\/\"]}]},{\"@type\":\"BreadcrumbList\",\"@id\":\"https:\/\/www.celttv.com.ar\/index.php\/2014\/07\/22\/la-escuela-municipal-de-basquetbol-viajo-a-bariloche\/#breadcrumb\",\"itemListElement\":[{\"@type\":\"ListItem\",\"position\":1,\"name\":\"Inicio\",\"item\":\"https:\/\/www.celttv.com.ar\/\"},{\"@type\":\"ListItem\",\"position\":2,\"name\":\"LA ESCUELA MUNICIPAL DE BASQUETBOL VIAJ\u00d3 A BARILOCHE\"}]},{\"@type\":\"WebSite\",\"@id\":\"https:\/\/www.celttv.com.ar\/#website\",\"url\":\"https:\/\/www.celttv.com.ar\/\",\"name\":\"CELTTV\",\"description\":\"Cooperativa El\u00e9ctrica de Tornquist\",\"publisher\":{\"@id\":\"https:\/\/www.celttv.com.ar\/#organization\"},\"potentialAction\":[{\"@type\":\"SearchAction\",\"target\":{\"@type\":\"EntryPoint\",\"urlTemplate\":\"https:\/\/www.celttv.com.ar\/?s={search_term_string}\"},\"query-input\":\"required name=search_term_string\"}],\"inLanguage\":\"es\"},{\"@type\":\"Organization\",\"@id\":\"https:\/\/www.celttv.com.ar\/#organization\",\"name\":\"CELTTV\",\"url\":\"https:\/\/www.celttv.com.ar\/\",\"sameAs\":[\"https:\/\/www.youtube.com\/channel\/UCz_oIt8Hig64Ub-EmcNPIhg\",\"https:\/\/www.facebook.com\/celtTV\/\"],\"logo\":{\"@type\":\"ImageObject\",\"inLanguage\":\"es\",\"@id\":\"https:\/\/www.celttv.com.ar\/#\/schema\/logo\/image\/\",\"url\":\"http:\/\/www.celttv.com.ar\/wp-content\/uploads\/2022\/08\/logo-1.png\",\"contentUrl\":\"http:\/\/www.celttv.com.ar\/wp-content\/uploads\/2022\/08\/logo-1.png\",\"width\":461,\"height\":159,\"caption\":\"CELTTV\"},\"image\":{\"@id\":\"https:\/\/www.celttv.com.ar\/#\/schema\/logo\/image\/\"}},{\"@type\":\"Person\",\"@id\":\"https:\/\/www.celttv.com.ar\/#\/schema\/person\/6d99c072dba59953809c81446e9d0ace\",\"name\":\"ulises\",\"image\":{\"@type\":\"ImageObject\",\"inLanguage\":\"es\",\"@id\":\"https:\/\/www.celttv.com.ar\/#\/schema\/person\/image\/\",\"url\":\"https:\/\/secure.gravatar.com\/avatar\/7f2c48bdc33b30088f941fb6082e555f2874c98e20cb159d7b92b50eadfce793?s=96&d=mm&r=g\",\"contentUrl\":\"https:\/\/secure.gravatar.com\/avatar\/7f2c48bdc33b30088f941fb6082e555f2874c98e20cb159d7b92b50eadfce793?s=96&d=mm&r=g\",\"caption\":\"ulises\"},\"sameAs\":[\"http:\/\/www.celttv.com.ar\"]}]}<\/script>\n<!-- \/ Yoast SEO plugin. -->","yoast_head_json":{"title":"LA ESCUELA MUNICIPAL DE BASQUETBOL VIAJ\u00d3 A BARILOCHE - CELTTV","description":"Sitio web de noticias de la localidad de Tornquist, provincia de Buenos Aires, Rep\u00fablica Argentina. Contenido propio originado por periodistas de CELTTV, el canal de TV local de la Cooperativa El\u00e9ctrica de Tornquist. Turismo, Pol\u00edtica, Sociedad, Deporte, Cultura y todo el contenido de inter\u00e9s general que la gente del pueblo y la regi\u00f3n debe conocer.","robots":{"index":"index","follow":"follow","max-snippet":"max-snippet:-1","max-image-preview":"max-image-preview:large","max-video-preview":"max-video-preview:-1"},"canonical":"https:\/\/www.celttv.com.ar\/index.php\/2014\/07\/22\/la-escuela-municipal-de-basquetbol-viajo-a-bariloche\/","og_locale":"es_ES","og_type":"article","og_title":"LA ESCUELA MUNICIPAL DE BASQUETBOL VIAJ\u00d3 A BARILOCHE - CELTTV","og_description":"Sitio web de noticias de la localidad de Tornquist, provincia de Buenos Aires, Rep\u00fablica Argentina. Contenido propio originado por periodistas de CELTTV, el canal de TV local de la Cooperativa El\u00e9ctrica de Tornquist. Turismo, Pol\u00edtica, Sociedad, Deporte, Cultura y todo el contenido de inter\u00e9s general que la gente del pueblo y la regi\u00f3n debe conocer.","og_url":"https:\/\/www.celttv.com.ar\/index.php\/2014\/07\/22\/la-escuela-municipal-de-basquetbol-viajo-a-bariloche\/","og_site_name":"CELTTV","article_publisher":"https:\/\/www.facebook.com\/celtTV\/","article_published_time":"2014-07-22T20:06:55+00:00","og_image":[{"url":"http:\/\/www.tvcnoticias.com.ar\/wp-content\/uploads\/2014\/07\/Bariloche-01-Small-450x253.jpg"}],"author":"ulises","twitter_card":"summary_large_image","twitter_misc":{"Escrito por":"ulises","Tiempo de lectura":"2 minutos"},"schema":{"@context":"https:\/\/schema.org","@graph":[{"@type":"NewsArticle","@id":"https:\/\/www.celttv.com.ar\/index.php\/2014\/07\/22\/la-escuela-municipal-de-basquetbol-viajo-a-bariloche\/#article","isPartOf":{"@id":"https:\/\/www.celttv.com.ar\/index.php\/2014\/07\/22\/la-escuela-municipal-de-basquetbol-viajo-a-bariloche\/"},"author":{"name":"ulises","@id":"https:\/\/www.celttv.com.ar\/#\/schema\/person\/6d99c072dba59953809c81446e9d0ace"},"headline":"LA ESCUELA MUNICIPAL DE BASQUETBOL VIAJ\u00d3 A BARILOCHE","datePublished":"2014-07-22T20:06:55+00:00","dateModified":"2014-07-22T20:06:55+00:00","mainEntityOfPage":{"@id":"https:\/\/www.celttv.com.ar\/index.php\/2014\/07\/22\/la-escuela-municipal-de-basquetbol-viajo-a-bariloche\/"},"wordCount":317,"publisher":{"@id":"https:\/\/www.celttv.com.ar\/#organization"},"articleSection":["Deporte","Destacadas","Pol\u00edtica"],"inLanguage":"es"},{"@type":"WebPage","@id":"https:\/\/www.celttv.com.ar\/index.php\/2014\/07\/22\/la-escuela-municipal-de-basquetbol-viajo-a-bariloche\/","url":"https:\/\/www.celttv.com.ar\/index.php\/2014\/07\/22\/la-escuela-municipal-de-basquetbol-viajo-a-bariloche\/","name":"LA ESCUELA MUNICIPAL DE BASQUETBOL VIAJ\u00d3 A BARILOCHE - CELTTV","isPartOf":{"@id":"https:\/\/www.celttv.com.ar\/#website"},"datePublished":"2014-07-22T20:06:55+00:00","dateModified":"2014-07-22T20:06:55+00:00","description":"Sitio web de noticias de la localidad de Tornquist, provincia de Buenos Aires, Rep\u00fablica Argentina. Contenido propio originado por periodistas de CELTTV, el canal de TV local de la Cooperativa El\u00e9ctrica de Tornquist. Turismo, Pol\u00edtica, Sociedad, Deporte, Cultura y todo el contenido de inter\u00e9s general que la gente del pueblo y la regi\u00f3n debe conocer.","breadcrumb":{"@id":"https:\/\/www.celttv.com.ar\/index.php\/2014\/07\/22\/la-escuela-municipal-de-basquetbol-viajo-a-bariloche\/#breadcrumb"},"inLanguage":"es","potentialAction":[{"@type":"ReadAction","target":["https:\/\/www.celttv.com.ar\/index.php\/2014\/07\/22\/la-escuela-municipal-de-basquetbol-viajo-a-bariloche\/"]}]},{"@type":"BreadcrumbList","@id":"https:\/\/www.celttv.com.ar\/index.php\/2014\/07\/22\/la-escuela-municipal-de-basquetbol-viajo-a-bariloche\/#breadcrumb","itemListElement":[{"@type":"ListItem","position":1,"name":"Inicio","item":"https:\/\/www.celttv.com.ar\/"},{"@type":"ListItem","position":2,"name":"LA ESCUELA MUNICIPAL DE BASQUETBOL VIAJ\u00d3 A BARILOCHE"}]},{"@type":"WebSite","@id":"https:\/\/www.celttv.com.ar\/#website","url":"https:\/\/www.celttv.com.ar\/","name":"CELTTV","description":"Cooperativa El\u00e9ctrica de Tornquist","publisher":{"@id":"https:\/\/www.celttv.com.ar\/#organization"},"potentialAction":[{"@type":"SearchAction","target":{"@type":"EntryPoint","urlTemplate":"https:\/\/www.celttv.com.ar\/?s={search_term_string}"},"query-input":"required name=search_term_string"}],"inLanguage":"es"},{"@type":"Organization","@id":"https:\/\/www.celttv.com.ar\/#organization","name":"CELTTV","url":"https:\/\/www.celttv.com.ar\/","sameAs":["https:\/\/www.youtube.com\/channel\/UCz_oIt8Hig64Ub-EmcNPIhg","https:\/\/www.facebook.com\/celtTV\/"],"logo":{"@type":"ImageObject","inLanguage":"es","@id":"https:\/\/www.celttv.com.ar\/#\/schema\/logo\/image\/","url":"http:\/\/www.celttv.com.ar\/wp-content\/uploads\/2022\/08\/logo-1.png","contentUrl":"http:\/\/www.celttv.com.ar\/wp-content\/uploads\/2022\/08\/logo-1.png","width":461,"height":159,"caption":"CELTTV"},"image":{"@id":"https:\/\/www.celttv.com.ar\/#\/schema\/logo\/image\/"}},{"@type":"Person","@id":"https:\/\/www.celttv.com.ar\/#\/schema\/person\/6d99c072dba59953809c81446e9d0ace","name":"ulises","image":{"@type":"ImageObject","inLanguage":"es","@id":"https:\/\/www.celttv.com.ar\/#\/schema\/person\/image\/","url":"https:\/\/secure.gravatar.com\/avatar\/7f2c48bdc33b30088f941fb6082e555f2874c98e20cb159d7b92b50eadfce793?s=96&d=mm&r=g","contentUrl":"https:\/\/secure.gravatar.com\/avatar\/7f2c48bdc33b30088f941fb6082e555f2874c98e20cb159d7b92b50eadfce793?s=96&d=mm&r=g","caption":"ulises"},"sameAs":["http:\/\/www.celttv.com.ar"]}]}},"_links":{"self":[{"href":"https:\/\/www.celttv.com.ar\/index.php\/wp-json\/wp\/v2\/posts\/22131","targetHints":{"allow":["GET"]}}],"collection":[{"href":"https:\/\/www.celttv.com.ar\/index.php\/wp-json\/wp\/v2\/posts"}],"about":[{"href":"https:\/\/www.celttv.com.ar\/index.php\/wp-json\/wp\/v2\/types\/post"}],"author":[{"embeddable":true,"href":"https:\/\/www.celttv.com.ar\/index.php\/wp-json\/wp\/v2\/users\/1"}],"replies":[{"embeddable":true,"href":"https:\/\/www.celttv.com.ar\/index.php\/wp-json\/wp\/v2\/comments?post=22131"}],"version-history":[{"count":0,"href":"https:\/\/www.celttv.com.ar\/index.php\/wp-json\/wp\/v2\/posts\/22131\/revisions"}],"wp:attachment":[{"href":"https:\/\/www.celttv.com.ar\/index.php\/wp-json\/wp\/v2\/media?parent=22131"}],"wp:term":[{"taxonomy":"category","embeddable":true,"href":"https:\/\/www.celttv.com.ar\/index.php\/wp-json\/wp\/v2\/categories?post=22131"},{"taxonomy":"post_tag","embeddable":true,"href":"https:\/\/www.celttv.com.ar\/index.php\/wp-json\/wp\/v2\/tags?post=22131"}],"curies":[{"name":"wp","href":"https:\/\/api.w.org\/{rel}","templated":true}]}}