{"id":22154,"date":"2014-07-22T21:13:32","date_gmt":"2014-07-22T21:13:32","guid":{"rendered":"http:\/\/www.tvcnoticias.com.ar\/?p=22154"},"modified":"2014-07-22T21:13:32","modified_gmt":"2014-07-22T21:13:32","slug":"imagenes-del-choque-de-dos-vehiculos-en-el-cruce-de-la-76-y-la-33","status":"publish","type":"post","link":"https:\/\/www.celttv.com.ar\/index.php\/2014\/07\/22\/imagenes-del-choque-de-dos-vehiculos-en-el-cruce-de-la-76-y-la-33\/","title":{"rendered":"IMAGENES DEL CHOQUE DE DOS VEHICULOS EN EL CRUCE DE LA 76 Y LA 33"},"content":{"rendered":"<p><a href=\"https:\/\/www.youtube.com\/watch?v=YjUv6m63gqE\">httpv:\/\/www.youtube.com\/watch?v=YjUv6m63gqE<\/a><\/p>\n<div dir=\"ltr\">\n<span style=\"font-family: Verdana, Arial, Helvetica, sans-serif;\">El choque de dos autos en el cruce de las rutas 76 y 33 de Tornquist, se produjo este domingo pasada la hora 18 en la rotonda de ambas carreteras.<\/span><br \/>\n<span style=\"font-family: Verdana, Arial, Helvetica, sans-serif;\">Los autos involucrados son un\u00a0\u00a0\u00a0Ford K(CTF 828) que se dirig\u00eda sentido Tornquist\/Colonia San Mart\u00edn por la 33\u00a0, conducido por\u00a0<strong>Omar Francisco Fari\u00f1a(32)<\/strong> qui\u00e9n era acompa\u00f1ado por<strong> Vanina Alejandra Fuentes(29)<\/strong> y un Renault 12 al mando de\u00a0<strong>Eduardo Alberto Buckle(76)<\/strong> que dobl\u00f3 por la rotonda hacia la ruta 76.<\/span><br \/>\n<span style=\"font-family: Verdana, Arial, Helvetica, sans-serif;\">Ambas personas domiciliadas en Tornquist fueron trasladadas al Hospital Municipal donde se comprobaron sus lesiones. Fari\u00f1a presenta fractura de uno de sus dedos de una mano. En Tanto la mujer sufri\u00f3 una fractura de mu\u00f1eca y el conductor del Renault 12 Fractura de Costilla.<\/span><br \/>\n<span style=\"font-family: Verdana, Arial, Helvetica, sans-serif;\">Todos estaban compensados y evolucionaban en el nosocomio local seg\u00fan inform\u00f3 la polic\u00eda comunal de Tornquist.<\/span><br \/>\n<span style=\"font-family: Verdana, Arial, Helvetica, sans-serif;\">Informe: Marcelo Alga\u00f1araz<\/span><\/p>\n<div><span style=\"font-family: Verdana, Arial, Helvetica, sans-serif;\"><br \/>\n<\/span><\/div>\n<\/div>\n<p>&nbsp;<\/p>\n","protected":false},"excerpt":{"rendered":"<p>httpv:\/\/www.youtube.com\/watch?v=YjUv6m63gqE El choque de dos autos en el cruce de las rutas 76 y 33 de Tornquist, se produjo este domingo pasada la hora 18 en la rotonda de ambas carreteras. Los autos involucrados son un\u00a0\u00a0\u00a0Ford K(CTF 828) que se dirig\u00eda sentido Tornquist\/Colonia San Mart\u00edn por la 33\u00a0, conducido por\u00a0Omar Francisco Fari\u00f1a(32) qui\u00e9n era acompa\u00f1ado [&hellip;]<\/p>\n","protected":false},"author":1,"featured_media":0,"comment_status":"closed","ping_status":"open","sticky":false,"template":"","format":"standard","meta":{"footnotes":""},"categories":[51,52,61,64],"tags":[],"class_list":["post-22154","post","type-post","status-publish","format-standard","hentry","category-comunidad","category-destacadas","category-policiales","category-videos-destacados"],"yoast_head":"<!-- This site is optimized with the Yoast SEO plugin v19.7.1 - https:\/\/yoast.com\/wordpress\/plugins\/seo\/ -->\n<title>IMAGENES DEL CHOQUE DE DOS VEHICULOS EN EL CRUCE DE LA 76 Y LA 33 - CELTTV<\/title>\n<meta name=\"description\" content=\"Sitio web de noticias de la localidad de Tornquist, provincia de Buenos Aires, Rep\u00fablica Argentina. Contenido propio originado por periodistas de CELTTV, el canal de TV local de la Cooperativa El\u00e9ctrica de Tornquist. Turismo, Pol\u00edtica, Sociedad, Deporte, Cultura y todo el contenido de inter\u00e9s general que la gente del pueblo y la regi\u00f3n debe conocer.\" \/>\n<meta name=\"robots\" content=\"index, follow, max-snippet:-1, max-image-preview:large, max-video-preview:-1\" \/>\n<link rel=\"canonical\" href=\"https:\/\/www.celttv.com.ar\/index.php\/2014\/07\/22\/imagenes-del-choque-de-dos-vehiculos-en-el-cruce-de-la-76-y-la-33\/\" \/>\n<meta property=\"og:locale\" content=\"es_ES\" \/>\n<meta property=\"og:type\" content=\"article\" \/>\n<meta property=\"og:title\" content=\"IMAGENES DEL CHOQUE DE DOS VEHICULOS EN EL CRUCE DE LA 76 Y LA 33 - CELTTV\" \/>\n<meta property=\"og:description\" content=\"Sitio web de noticias de la localidad de Tornquist, provincia de Buenos Aires, Rep\u00fablica Argentina. Contenido propio originado por periodistas de CELTTV, el canal de TV local de la Cooperativa El\u00e9ctrica de Tornquist. Turismo, Pol\u00edtica, Sociedad, Deporte, Cultura y todo el contenido de inter\u00e9s general que la gente del pueblo y la regi\u00f3n debe conocer.\" \/>\n<meta property=\"og:url\" content=\"https:\/\/www.celttv.com.ar\/index.php\/2014\/07\/22\/imagenes-del-choque-de-dos-vehiculos-en-el-cruce-de-la-76-y-la-33\/\" \/>\n<meta property=\"og:site_name\" content=\"CELTTV\" \/>\n<meta property=\"article:publisher\" content=\"https:\/\/www.facebook.com\/celtTV\/\" \/>\n<meta property=\"article:published_time\" content=\"2014-07-22T21:13:32+00:00\" \/>\n<meta name=\"author\" content=\"ulises\" \/>\n<meta name=\"twitter:card\" content=\"summary_large_image\" \/>\n<meta name=\"twitter:label1\" content=\"Escrito por\" \/>\n\t<meta name=\"twitter:data1\" content=\"ulises\" \/>\n\t<meta name=\"twitter:label2\" content=\"Tiempo de lectura\" \/>\n\t<meta name=\"twitter:data2\" content=\"1 minuto\" \/>\n<script type=\"application\/ld+json\" class=\"yoast-schema-graph\">{\"@context\":\"https:\/\/schema.org\",\"@graph\":[{\"@type\":\"NewsArticle\",\"@id\":\"https:\/\/www.celttv.com.ar\/index.php\/2014\/07\/22\/imagenes-del-choque-de-dos-vehiculos-en-el-cruce-de-la-76-y-la-33\/#article\",\"isPartOf\":{\"@id\":\"https:\/\/www.celttv.com.ar\/index.php\/2014\/07\/22\/imagenes-del-choque-de-dos-vehiculos-en-el-cruce-de-la-76-y-la-33\/\"},\"author\":{\"name\":\"ulises\",\"@id\":\"https:\/\/www.celttv.com.ar\/#\/schema\/person\/6d99c072dba59953809c81446e9d0ace\"},\"headline\":\"IMAGENES DEL CHOQUE DE DOS VEHICULOS EN EL CRUCE DE LA 76 Y LA 33\",\"datePublished\":\"2014-07-22T21:13:32+00:00\",\"dateModified\":\"2014-07-22T21:13:32+00:00\",\"mainEntityOfPage\":{\"@id\":\"https:\/\/www.celttv.com.ar\/index.php\/2014\/07\/22\/imagenes-del-choque-de-dos-vehiculos-en-el-cruce-de-la-76-y-la-33\/\"},\"wordCount\":169,\"publisher\":{\"@id\":\"https:\/\/www.celttv.com.ar\/#organization\"},\"articleSection\":[\"Comunidad\",\"Destacadas\",\"Policiales\",\"Videos Destacados\"],\"inLanguage\":\"es\"},{\"@type\":\"WebPage\",\"@id\":\"https:\/\/www.celttv.com.ar\/index.php\/2014\/07\/22\/imagenes-del-choque-de-dos-vehiculos-en-el-cruce-de-la-76-y-la-33\/\",\"url\":\"https:\/\/www.celttv.com.ar\/index.php\/2014\/07\/22\/imagenes-del-choque-de-dos-vehiculos-en-el-cruce-de-la-76-y-la-33\/\",\"name\":\"IMAGENES DEL CHOQUE DE DOS VEHICULOS EN EL CRUCE DE LA 76 Y LA 33 - CELTTV\",\"isPartOf\":{\"@id\":\"https:\/\/www.celttv.com.ar\/#website\"},\"datePublished\":\"2014-07-22T21:13:32+00:00\",\"dateModified\":\"2014-07-22T21:13:32+00:00\",\"description\":\"Sitio web de noticias de la localidad de Tornquist, provincia de Buenos Aires, Rep\u00fablica Argentina. Contenido propio originado por periodistas de CELTTV, el canal de TV local de la Cooperativa El\u00e9ctrica de Tornquist. Turismo, Pol\u00edtica, Sociedad, Deporte, Cultura y todo el contenido de inter\u00e9s general que la gente del pueblo y la regi\u00f3n debe conocer.\",\"breadcrumb\":{\"@id\":\"https:\/\/www.celttv.com.ar\/index.php\/2014\/07\/22\/imagenes-del-choque-de-dos-vehiculos-en-el-cruce-de-la-76-y-la-33\/#breadcrumb\"},\"inLanguage\":\"es\",\"potentialAction\":[{\"@type\":\"ReadAction\",\"target\":[\"https:\/\/www.celttv.com.ar\/index.php\/2014\/07\/22\/imagenes-del-choque-de-dos-vehiculos-en-el-cruce-de-la-76-y-la-33\/\"]}]},{\"@type\":\"BreadcrumbList\",\"@id\":\"https:\/\/www.celttv.com.ar\/index.php\/2014\/07\/22\/imagenes-del-choque-de-dos-vehiculos-en-el-cruce-de-la-76-y-la-33\/#breadcrumb\",\"itemListElement\":[{\"@type\":\"ListItem\",\"position\":1,\"name\":\"Inicio\",\"item\":\"https:\/\/www.celttv.com.ar\/\"},{\"@type\":\"ListItem\",\"position\":2,\"name\":\"IMAGENES DEL CHOQUE DE DOS VEHICULOS EN EL CRUCE DE LA 76 Y LA 33\"}]},{\"@type\":\"WebSite\",\"@id\":\"https:\/\/www.celttv.com.ar\/#website\",\"url\":\"https:\/\/www.celttv.com.ar\/\",\"name\":\"CELTTV\",\"description\":\"Cooperativa El\u00e9ctrica de Tornquist\",\"publisher\":{\"@id\":\"https:\/\/www.celttv.com.ar\/#organization\"},\"potentialAction\":[{\"@type\":\"SearchAction\",\"target\":{\"@type\":\"EntryPoint\",\"urlTemplate\":\"https:\/\/www.celttv.com.ar\/?s={search_term_string}\"},\"query-input\":\"required name=search_term_string\"}],\"inLanguage\":\"es\"},{\"@type\":\"Organization\",\"@id\":\"https:\/\/www.celttv.com.ar\/#organization\",\"name\":\"CELTTV\",\"url\":\"https:\/\/www.celttv.com.ar\/\",\"sameAs\":[\"https:\/\/www.youtube.com\/channel\/UCz_oIt8Hig64Ub-EmcNPIhg\",\"https:\/\/www.facebook.com\/celtTV\/\"],\"logo\":{\"@type\":\"ImageObject\",\"inLanguage\":\"es\",\"@id\":\"https:\/\/www.celttv.com.ar\/#\/schema\/logo\/image\/\",\"url\":\"http:\/\/www.celttv.com.ar\/wp-content\/uploads\/2022\/08\/logo-1.png\",\"contentUrl\":\"http:\/\/www.celttv.com.ar\/wp-content\/uploads\/2022\/08\/logo-1.png\",\"width\":461,\"height\":159,\"caption\":\"CELTTV\"},\"image\":{\"@id\":\"https:\/\/www.celttv.com.ar\/#\/schema\/logo\/image\/\"}},{\"@type\":\"Person\",\"@id\":\"https:\/\/www.celttv.com.ar\/#\/schema\/person\/6d99c072dba59953809c81446e9d0ace\",\"name\":\"ulises\",\"image\":{\"@type\":\"ImageObject\",\"inLanguage\":\"es\",\"@id\":\"https:\/\/www.celttv.com.ar\/#\/schema\/person\/image\/\",\"url\":\"https:\/\/secure.gravatar.com\/avatar\/7f2c48bdc33b30088f941fb6082e555f2874c98e20cb159d7b92b50eadfce793?s=96&d=mm&r=g\",\"contentUrl\":\"https:\/\/secure.gravatar.com\/avatar\/7f2c48bdc33b30088f941fb6082e555f2874c98e20cb159d7b92b50eadfce793?s=96&d=mm&r=g\",\"caption\":\"ulises\"},\"sameAs\":[\"http:\/\/www.celttv.com.ar\"]}]}<\/script>\n<!-- \/ Yoast SEO plugin. -->","yoast_head_json":{"title":"IMAGENES DEL CHOQUE DE DOS VEHICULOS EN EL CRUCE DE LA 76 Y LA 33 - CELTTV","description":"Sitio web de noticias de la localidad de Tornquist, provincia de Buenos Aires, Rep\u00fablica Argentina. Contenido propio originado por periodistas de CELTTV, el canal de TV local de la Cooperativa El\u00e9ctrica de Tornquist. Turismo, Pol\u00edtica, Sociedad, Deporte, Cultura y todo el contenido de inter\u00e9s general que la gente del pueblo y la regi\u00f3n debe conocer.","robots":{"index":"index","follow":"follow","max-snippet":"max-snippet:-1","max-image-preview":"max-image-preview:large","max-video-preview":"max-video-preview:-1"},"canonical":"https:\/\/www.celttv.com.ar\/index.php\/2014\/07\/22\/imagenes-del-choque-de-dos-vehiculos-en-el-cruce-de-la-76-y-la-33\/","og_locale":"es_ES","og_type":"article","og_title":"IMAGENES DEL CHOQUE DE DOS VEHICULOS EN EL CRUCE DE LA 76 Y LA 33 - CELTTV","og_description":"Sitio web de noticias de la localidad de Tornquist, provincia de Buenos Aires, Rep\u00fablica Argentina. Contenido propio originado por periodistas de CELTTV, el canal de TV local de la Cooperativa El\u00e9ctrica de Tornquist. Turismo, Pol\u00edtica, Sociedad, Deporte, Cultura y todo el contenido de inter\u00e9s general que la gente del pueblo y la regi\u00f3n debe conocer.","og_url":"https:\/\/www.celttv.com.ar\/index.php\/2014\/07\/22\/imagenes-del-choque-de-dos-vehiculos-en-el-cruce-de-la-76-y-la-33\/","og_site_name":"CELTTV","article_publisher":"https:\/\/www.facebook.com\/celtTV\/","article_published_time":"2014-07-22T21:13:32+00:00","author":"ulises","twitter_card":"summary_large_image","twitter_misc":{"Escrito por":"ulises","Tiempo de lectura":"1 minuto"},"schema":{"@context":"https:\/\/schema.org","@graph":[{"@type":"NewsArticle","@id":"https:\/\/www.celttv.com.ar\/index.php\/2014\/07\/22\/imagenes-del-choque-de-dos-vehiculos-en-el-cruce-de-la-76-y-la-33\/#article","isPartOf":{"@id":"https:\/\/www.celttv.com.ar\/index.php\/2014\/07\/22\/imagenes-del-choque-de-dos-vehiculos-en-el-cruce-de-la-76-y-la-33\/"},"author":{"name":"ulises","@id":"https:\/\/www.celttv.com.ar\/#\/schema\/person\/6d99c072dba59953809c81446e9d0ace"},"headline":"IMAGENES DEL CHOQUE DE DOS VEHICULOS EN EL CRUCE DE LA 76 Y LA 33","datePublished":"2014-07-22T21:13:32+00:00","dateModified":"2014-07-22T21:13:32+00:00","mainEntityOfPage":{"@id":"https:\/\/www.celttv.com.ar\/index.php\/2014\/07\/22\/imagenes-del-choque-de-dos-vehiculos-en-el-cruce-de-la-76-y-la-33\/"},"wordCount":169,"publisher":{"@id":"https:\/\/www.celttv.com.ar\/#organization"},"articleSection":["Comunidad","Destacadas","Policiales","Videos Destacados"],"inLanguage":"es"},{"@type":"WebPage","@id":"https:\/\/www.celttv.com.ar\/index.php\/2014\/07\/22\/imagenes-del-choque-de-dos-vehiculos-en-el-cruce-de-la-76-y-la-33\/","url":"https:\/\/www.celttv.com.ar\/index.php\/2014\/07\/22\/imagenes-del-choque-de-dos-vehiculos-en-el-cruce-de-la-76-y-la-33\/","name":"IMAGENES DEL CHOQUE DE DOS VEHICULOS EN EL CRUCE DE LA 76 Y LA 33 - CELTTV","isPartOf":{"@id":"https:\/\/www.celttv.com.ar\/#website"},"datePublished":"2014-07-22T21:13:32+00:00","dateModified":"2014-07-22T21:13:32+00:00","description":"Sitio web de noticias de la localidad de Tornquist, provincia de Buenos Aires, Rep\u00fablica Argentina. Contenido propio originado por periodistas de CELTTV, el canal de TV local de la Cooperativa El\u00e9ctrica de Tornquist. Turismo, Pol\u00edtica, Sociedad, Deporte, Cultura y todo el contenido de inter\u00e9s general que la gente del pueblo y la regi\u00f3n debe conocer.","breadcrumb":{"@id":"https:\/\/www.celttv.com.ar\/index.php\/2014\/07\/22\/imagenes-del-choque-de-dos-vehiculos-en-el-cruce-de-la-76-y-la-33\/#breadcrumb"},"inLanguage":"es","potentialAction":[{"@type":"ReadAction","target":["https:\/\/www.celttv.com.ar\/index.php\/2014\/07\/22\/imagenes-del-choque-de-dos-vehiculos-en-el-cruce-de-la-76-y-la-33\/"]}]},{"@type":"BreadcrumbList","@id":"https:\/\/www.celttv.com.ar\/index.php\/2014\/07\/22\/imagenes-del-choque-de-dos-vehiculos-en-el-cruce-de-la-76-y-la-33\/#breadcrumb","itemListElement":[{"@type":"ListItem","position":1,"name":"Inicio","item":"https:\/\/www.celttv.com.ar\/"},{"@type":"ListItem","position":2,"name":"IMAGENES DEL CHOQUE DE DOS VEHICULOS EN EL CRUCE DE LA 76 Y LA 33"}]},{"@type":"WebSite","@id":"https:\/\/www.celttv.com.ar\/#website","url":"https:\/\/www.celttv.com.ar\/","name":"CELTTV","description":"Cooperativa El\u00e9ctrica de Tornquist","publisher":{"@id":"https:\/\/www.celttv.com.ar\/#organization"},"potentialAction":[{"@type":"SearchAction","target":{"@type":"EntryPoint","urlTemplate":"https:\/\/www.celttv.com.ar\/?s={search_term_string}"},"query-input":"required name=search_term_string"}],"inLanguage":"es"},{"@type":"Organization","@id":"https:\/\/www.celttv.com.ar\/#organization","name":"CELTTV","url":"https:\/\/www.celttv.com.ar\/","sameAs":["https:\/\/www.youtube.com\/channel\/UCz_oIt8Hig64Ub-EmcNPIhg","https:\/\/www.facebook.com\/celtTV\/"],"logo":{"@type":"ImageObject","inLanguage":"es","@id":"https:\/\/www.celttv.com.ar\/#\/schema\/logo\/image\/","url":"http:\/\/www.celttv.com.ar\/wp-content\/uploads\/2022\/08\/logo-1.png","contentUrl":"http:\/\/www.celttv.com.ar\/wp-content\/uploads\/2022\/08\/logo-1.png","width":461,"height":159,"caption":"CELTTV"},"image":{"@id":"https:\/\/www.celttv.com.ar\/#\/schema\/logo\/image\/"}},{"@type":"Person","@id":"https:\/\/www.celttv.com.ar\/#\/schema\/person\/6d99c072dba59953809c81446e9d0ace","name":"ulises","image":{"@type":"ImageObject","inLanguage":"es","@id":"https:\/\/www.celttv.com.ar\/#\/schema\/person\/image\/","url":"https:\/\/secure.gravatar.com\/avatar\/7f2c48bdc33b30088f941fb6082e555f2874c98e20cb159d7b92b50eadfce793?s=96&d=mm&r=g","contentUrl":"https:\/\/secure.gravatar.com\/avatar\/7f2c48bdc33b30088f941fb6082e555f2874c98e20cb159d7b92b50eadfce793?s=96&d=mm&r=g","caption":"ulises"},"sameAs":["http:\/\/www.celttv.com.ar"]}]}},"_links":{"self":[{"href":"https:\/\/www.celttv.com.ar\/index.php\/wp-json\/wp\/v2\/posts\/22154","targetHints":{"allow":["GET"]}}],"collection":[{"href":"https:\/\/www.celttv.com.ar\/index.php\/wp-json\/wp\/v2\/posts"}],"about":[{"href":"https:\/\/www.celttv.com.ar\/index.php\/wp-json\/wp\/v2\/types\/post"}],"author":[{"embeddable":true,"href":"https:\/\/www.celttv.com.ar\/index.php\/wp-json\/wp\/v2\/users\/1"}],"replies":[{"embeddable":true,"href":"https:\/\/www.celttv.com.ar\/index.php\/wp-json\/wp\/v2\/comments?post=22154"}],"version-history":[{"count":0,"href":"https:\/\/www.celttv.com.ar\/index.php\/wp-json\/wp\/v2\/posts\/22154\/revisions"}],"wp:attachment":[{"href":"https:\/\/www.celttv.com.ar\/index.php\/wp-json\/wp\/v2\/media?parent=22154"}],"wp:term":[{"taxonomy":"category","embeddable":true,"href":"https:\/\/www.celttv.com.ar\/index.php\/wp-json\/wp\/v2\/categories?post=22154"},{"taxonomy":"post_tag","embeddable":true,"href":"https:\/\/www.celttv.com.ar\/index.php\/wp-json\/wp\/v2\/tags?post=22154"}],"curies":[{"name":"wp","href":"https:\/\/api.w.org\/{rel}","templated":true}]}}