{"id":22163,"date":"2014-07-23T18:30:11","date_gmt":"2014-07-23T18:30:11","guid":{"rendered":"http:\/\/www.tvcnoticias.com.ar\/?p=22163"},"modified":"2014-07-23T18:30:11","modified_gmt":"2014-07-23T18:30:11","slug":"medio-ambiente-chasico-se-sumo-al-programa-forestando-juntos","status":"publish","type":"post","link":"https:\/\/www.celttv.com.ar\/index.php\/2014\/07\/23\/medio-ambiente-chasico-se-sumo-al-programa-forestando-juntos\/","title":{"rendered":"MEDIO AMBIENTE: CHASICO SE SUMO AL PROGRAMA FORESTANDO JUNTOS"},"content":{"rendered":"<p><a rel=\"attachment wp-att-22166\" href=\"http:\/\/www.tvcnoticias.com.ar\/?attachment_id=22166\"><img loading=\"lazy\" decoding=\"async\" class=\"aligncenter size-medium wp-image-22166\" title=\"DSCN8928 (1280x960) (Medium)\" src=\"http:\/\/www.tvcnoticias.com.ar\/wp-content\/uploads\/2014\/07\/DSCN8928-1280x960-Medium-450x278.jpg\" alt=\"\" width=\"450\" height=\"278\" \/><\/a><br \/>\nCon la colocaci\u00f3n de 50 ejemplares en Chasic\u00f3, la Secretar\u00eda de Producci\u00f3n y Medio Ambiente de la Municipalidad de Tornquist contin\u00faa impulsando el programa denominado Forestando Juntos, una interesante y novedosa pol\u00edtica medioambiental impulsada por la actual gesti\u00f3n de gobierno comunal.<br \/>\nLos trabajos de forestaci\u00f3n, que se hab\u00edan iniciado la semana pasada durante la entrega de dos viviendas del Plan Compartir, Subprograma Polic\u00eda Comunal, se desarrollaron en diferentes sectores de la localidad ubicada en el sector oeste del partido.<br \/>\nEntre las especies plantadas en esta ocasi\u00f3n, se encuentran ejemplares de fresno, acacias australianas, aromos y arce, indicados para las veredas de ese sector del distrito.<br \/>\nEl Programa Forestando Juntos tiene como objetivo incentivar la colocaci\u00f3n de \u00e1rboles en las veredas de las diferentes localidades. Para cumplir con el mismo, el propio Municipio entrega los \u00e1rboles de manera gratuita a los vecinos inscriptos, que deben asumir el compromiso de mantenerlos.<br \/>\nEl plan cuenta con el apoyo y el acompa\u00f1amiento de la Estaci\u00f3n Forestal Sierra de la Ventana, perteneciente al Ministerio de Asuntos Agrarios de la Provincia de Buenos Aires, y la Escuela de Educaci\u00f3n Secundaria Agropecuaria N\u00b0 1. Ambas entidades se encargan de suministrar los \u00e1rboles.<br \/>\n&nbsp;<br \/>\n&nbsp;<\/p>\n","protected":false},"excerpt":{"rendered":"<p>Con la colocaci\u00f3n de 50 ejemplares en Chasic\u00f3, la Secretar\u00eda de Producci\u00f3n y Medio Ambiente de la Municipalidad de Tornquist contin\u00faa impulsando el programa denominado Forestando Juntos, una interesante y novedosa pol\u00edtica medioambiental impulsada por la actual gesti\u00f3n de gobierno comunal. Los trabajos de forestaci\u00f3n, que se hab\u00edan iniciado la semana pasada durante la entrega [&hellip;]<\/p>\n","protected":false},"author":1,"featured_media":0,"comment_status":"closed","ping_status":"open","sticky":false,"template":"","format":"standard","meta":{"footnotes":""},"categories":[51,52,53],"tags":[],"class_list":["post-22163","post","type-post","status-publish","format-standard","hentry","category-comunidad","category-destacadas","category-politica"],"yoast_head":"<!-- This site is optimized with the Yoast SEO plugin v19.7.1 - https:\/\/yoast.com\/wordpress\/plugins\/seo\/ -->\n<title>MEDIO AMBIENTE: CHASICO SE SUMO AL PROGRAMA FORESTANDO JUNTOS - CELTTV<\/title>\n<meta name=\"description\" content=\"Sitio web de noticias de la localidad de Tornquist, provincia de Buenos Aires, Rep\u00fablica Argentina. Contenido propio originado por periodistas de CELTTV, el canal de TV local de la Cooperativa El\u00e9ctrica de Tornquist. Turismo, Pol\u00edtica, Sociedad, Deporte, Cultura y todo el contenido de inter\u00e9s general que la gente del pueblo y la regi\u00f3n debe conocer.\" \/>\n<meta name=\"robots\" content=\"index, follow, max-snippet:-1, max-image-preview:large, max-video-preview:-1\" \/>\n<link rel=\"canonical\" href=\"https:\/\/www.celttv.com.ar\/index.php\/2014\/07\/23\/medio-ambiente-chasico-se-sumo-al-programa-forestando-juntos\/\" \/>\n<meta property=\"og:locale\" content=\"es_ES\" \/>\n<meta property=\"og:type\" content=\"article\" \/>\n<meta property=\"og:title\" content=\"MEDIO AMBIENTE: CHASICO SE SUMO AL PROGRAMA FORESTANDO JUNTOS - CELTTV\" \/>\n<meta property=\"og:description\" content=\"Sitio web de noticias de la localidad de Tornquist, provincia de Buenos Aires, Rep\u00fablica Argentina. Contenido propio originado por periodistas de CELTTV, el canal de TV local de la Cooperativa El\u00e9ctrica de Tornquist. Turismo, Pol\u00edtica, Sociedad, Deporte, Cultura y todo el contenido de inter\u00e9s general que la gente del pueblo y la regi\u00f3n debe conocer.\" \/>\n<meta property=\"og:url\" content=\"https:\/\/www.celttv.com.ar\/index.php\/2014\/07\/23\/medio-ambiente-chasico-se-sumo-al-programa-forestando-juntos\/\" \/>\n<meta property=\"og:site_name\" content=\"CELTTV\" \/>\n<meta property=\"article:publisher\" content=\"https:\/\/www.facebook.com\/celtTV\/\" \/>\n<meta property=\"article:published_time\" content=\"2014-07-23T18:30:11+00:00\" \/>\n<meta property=\"og:image\" content=\"http:\/\/www.tvcnoticias.com.ar\/wp-content\/uploads\/2014\/07\/DSCN8928-1280x960-Medium-450x278.jpg\" \/>\n<meta name=\"author\" content=\"ulises\" \/>\n<meta name=\"twitter:card\" content=\"summary_large_image\" \/>\n<meta name=\"twitter:label1\" content=\"Escrito por\" \/>\n\t<meta name=\"twitter:data1\" content=\"ulises\" \/>\n\t<meta name=\"twitter:label2\" content=\"Tiempo de lectura\" \/>\n\t<meta name=\"twitter:data2\" content=\"1 minuto\" \/>\n<script type=\"application\/ld+json\" class=\"yoast-schema-graph\">{\"@context\":\"https:\/\/schema.org\",\"@graph\":[{\"@type\":\"NewsArticle\",\"@id\":\"https:\/\/www.celttv.com.ar\/index.php\/2014\/07\/23\/medio-ambiente-chasico-se-sumo-al-programa-forestando-juntos\/#article\",\"isPartOf\":{\"@id\":\"https:\/\/www.celttv.com.ar\/index.php\/2014\/07\/23\/medio-ambiente-chasico-se-sumo-al-programa-forestando-juntos\/\"},\"author\":{\"name\":\"ulises\",\"@id\":\"https:\/\/www.celttv.com.ar\/#\/schema\/person\/6d99c072dba59953809c81446e9d0ace\"},\"headline\":\"MEDIO AMBIENTE: CHASICO SE SUMO AL PROGRAMA FORESTANDO JUNTOS\",\"datePublished\":\"2014-07-23T18:30:11+00:00\",\"dateModified\":\"2014-07-23T18:30:11+00:00\",\"mainEntityOfPage\":{\"@id\":\"https:\/\/www.celttv.com.ar\/index.php\/2014\/07\/23\/medio-ambiente-chasico-se-sumo-al-programa-forestando-juntos\/\"},\"wordCount\":222,\"publisher\":{\"@id\":\"https:\/\/www.celttv.com.ar\/#organization\"},\"articleSection\":[\"Comunidad\",\"Destacadas\",\"Pol\u00edtica\"],\"inLanguage\":\"es\"},{\"@type\":\"WebPage\",\"@id\":\"https:\/\/www.celttv.com.ar\/index.php\/2014\/07\/23\/medio-ambiente-chasico-se-sumo-al-programa-forestando-juntos\/\",\"url\":\"https:\/\/www.celttv.com.ar\/index.php\/2014\/07\/23\/medio-ambiente-chasico-se-sumo-al-programa-forestando-juntos\/\",\"name\":\"MEDIO AMBIENTE: CHASICO SE SUMO AL PROGRAMA FORESTANDO JUNTOS - CELTTV\",\"isPartOf\":{\"@id\":\"https:\/\/www.celttv.com.ar\/#website\"},\"datePublished\":\"2014-07-23T18:30:11+00:00\",\"dateModified\":\"2014-07-23T18:30:11+00:00\",\"description\":\"Sitio web de noticias de la localidad de Tornquist, provincia de Buenos Aires, Rep\u00fablica Argentina. Contenido propio originado por periodistas de CELTTV, el canal de TV local de la Cooperativa El\u00e9ctrica de Tornquist. Turismo, Pol\u00edtica, Sociedad, Deporte, Cultura y todo el contenido de inter\u00e9s general que la gente del pueblo y la regi\u00f3n debe conocer.\",\"breadcrumb\":{\"@id\":\"https:\/\/www.celttv.com.ar\/index.php\/2014\/07\/23\/medio-ambiente-chasico-se-sumo-al-programa-forestando-juntos\/#breadcrumb\"},\"inLanguage\":\"es\",\"potentialAction\":[{\"@type\":\"ReadAction\",\"target\":[\"https:\/\/www.celttv.com.ar\/index.php\/2014\/07\/23\/medio-ambiente-chasico-se-sumo-al-programa-forestando-juntos\/\"]}]},{\"@type\":\"BreadcrumbList\",\"@id\":\"https:\/\/www.celttv.com.ar\/index.php\/2014\/07\/23\/medio-ambiente-chasico-se-sumo-al-programa-forestando-juntos\/#breadcrumb\",\"itemListElement\":[{\"@type\":\"ListItem\",\"position\":1,\"name\":\"Inicio\",\"item\":\"https:\/\/www.celttv.com.ar\/\"},{\"@type\":\"ListItem\",\"position\":2,\"name\":\"MEDIO AMBIENTE: CHASICO SE SUMO AL PROGRAMA FORESTANDO JUNTOS\"}]},{\"@type\":\"WebSite\",\"@id\":\"https:\/\/www.celttv.com.ar\/#website\",\"url\":\"https:\/\/www.celttv.com.ar\/\",\"name\":\"CELTTV\",\"description\":\"Cooperativa El\u00e9ctrica de Tornquist\",\"publisher\":{\"@id\":\"https:\/\/www.celttv.com.ar\/#organization\"},\"potentialAction\":[{\"@type\":\"SearchAction\",\"target\":{\"@type\":\"EntryPoint\",\"urlTemplate\":\"https:\/\/www.celttv.com.ar\/?s={search_term_string}\"},\"query-input\":\"required name=search_term_string\"}],\"inLanguage\":\"es\"},{\"@type\":\"Organization\",\"@id\":\"https:\/\/www.celttv.com.ar\/#organization\",\"name\":\"CELTTV\",\"url\":\"https:\/\/www.celttv.com.ar\/\",\"sameAs\":[\"https:\/\/www.youtube.com\/channel\/UCz_oIt8Hig64Ub-EmcNPIhg\",\"https:\/\/www.facebook.com\/celtTV\/\"],\"logo\":{\"@type\":\"ImageObject\",\"inLanguage\":\"es\",\"@id\":\"https:\/\/www.celttv.com.ar\/#\/schema\/logo\/image\/\",\"url\":\"http:\/\/www.celttv.com.ar\/wp-content\/uploads\/2022\/08\/logo-1.png\",\"contentUrl\":\"http:\/\/www.celttv.com.ar\/wp-content\/uploads\/2022\/08\/logo-1.png\",\"width\":461,\"height\":159,\"caption\":\"CELTTV\"},\"image\":{\"@id\":\"https:\/\/www.celttv.com.ar\/#\/schema\/logo\/image\/\"}},{\"@type\":\"Person\",\"@id\":\"https:\/\/www.celttv.com.ar\/#\/schema\/person\/6d99c072dba59953809c81446e9d0ace\",\"name\":\"ulises\",\"image\":{\"@type\":\"ImageObject\",\"inLanguage\":\"es\",\"@id\":\"https:\/\/www.celttv.com.ar\/#\/schema\/person\/image\/\",\"url\":\"https:\/\/secure.gravatar.com\/avatar\/7f2c48bdc33b30088f941fb6082e555f2874c98e20cb159d7b92b50eadfce793?s=96&d=mm&r=g\",\"contentUrl\":\"https:\/\/secure.gravatar.com\/avatar\/7f2c48bdc33b30088f941fb6082e555f2874c98e20cb159d7b92b50eadfce793?s=96&d=mm&r=g\",\"caption\":\"ulises\"},\"sameAs\":[\"http:\/\/www.celttv.com.ar\"]}]}<\/script>\n<!-- \/ Yoast SEO plugin. -->","yoast_head_json":{"title":"MEDIO AMBIENTE: CHASICO SE SUMO AL PROGRAMA FORESTANDO JUNTOS - CELTTV","description":"Sitio web de noticias de la localidad de Tornquist, provincia de Buenos Aires, Rep\u00fablica Argentina. Contenido propio originado por periodistas de CELTTV, el canal de TV local de la Cooperativa El\u00e9ctrica de Tornquist. Turismo, Pol\u00edtica, Sociedad, Deporte, Cultura y todo el contenido de inter\u00e9s general que la gente del pueblo y la regi\u00f3n debe conocer.","robots":{"index":"index","follow":"follow","max-snippet":"max-snippet:-1","max-image-preview":"max-image-preview:large","max-video-preview":"max-video-preview:-1"},"canonical":"https:\/\/www.celttv.com.ar\/index.php\/2014\/07\/23\/medio-ambiente-chasico-se-sumo-al-programa-forestando-juntos\/","og_locale":"es_ES","og_type":"article","og_title":"MEDIO AMBIENTE: CHASICO SE SUMO AL PROGRAMA FORESTANDO JUNTOS - CELTTV","og_description":"Sitio web de noticias de la localidad de Tornquist, provincia de Buenos Aires, Rep\u00fablica Argentina. Contenido propio originado por periodistas de CELTTV, el canal de TV local de la Cooperativa El\u00e9ctrica de Tornquist. Turismo, Pol\u00edtica, Sociedad, Deporte, Cultura y todo el contenido de inter\u00e9s general que la gente del pueblo y la regi\u00f3n debe conocer.","og_url":"https:\/\/www.celttv.com.ar\/index.php\/2014\/07\/23\/medio-ambiente-chasico-se-sumo-al-programa-forestando-juntos\/","og_site_name":"CELTTV","article_publisher":"https:\/\/www.facebook.com\/celtTV\/","article_published_time":"2014-07-23T18:30:11+00:00","og_image":[{"url":"http:\/\/www.tvcnoticias.com.ar\/wp-content\/uploads\/2014\/07\/DSCN8928-1280x960-Medium-450x278.jpg"}],"author":"ulises","twitter_card":"summary_large_image","twitter_misc":{"Escrito por":"ulises","Tiempo de lectura":"1 minuto"},"schema":{"@context":"https:\/\/schema.org","@graph":[{"@type":"NewsArticle","@id":"https:\/\/www.celttv.com.ar\/index.php\/2014\/07\/23\/medio-ambiente-chasico-se-sumo-al-programa-forestando-juntos\/#article","isPartOf":{"@id":"https:\/\/www.celttv.com.ar\/index.php\/2014\/07\/23\/medio-ambiente-chasico-se-sumo-al-programa-forestando-juntos\/"},"author":{"name":"ulises","@id":"https:\/\/www.celttv.com.ar\/#\/schema\/person\/6d99c072dba59953809c81446e9d0ace"},"headline":"MEDIO AMBIENTE: CHASICO SE SUMO AL PROGRAMA FORESTANDO JUNTOS","datePublished":"2014-07-23T18:30:11+00:00","dateModified":"2014-07-23T18:30:11+00:00","mainEntityOfPage":{"@id":"https:\/\/www.celttv.com.ar\/index.php\/2014\/07\/23\/medio-ambiente-chasico-se-sumo-al-programa-forestando-juntos\/"},"wordCount":222,"publisher":{"@id":"https:\/\/www.celttv.com.ar\/#organization"},"articleSection":["Comunidad","Destacadas","Pol\u00edtica"],"inLanguage":"es"},{"@type":"WebPage","@id":"https:\/\/www.celttv.com.ar\/index.php\/2014\/07\/23\/medio-ambiente-chasico-se-sumo-al-programa-forestando-juntos\/","url":"https:\/\/www.celttv.com.ar\/index.php\/2014\/07\/23\/medio-ambiente-chasico-se-sumo-al-programa-forestando-juntos\/","name":"MEDIO AMBIENTE: CHASICO SE SUMO AL PROGRAMA FORESTANDO JUNTOS - CELTTV","isPartOf":{"@id":"https:\/\/www.celttv.com.ar\/#website"},"datePublished":"2014-07-23T18:30:11+00:00","dateModified":"2014-07-23T18:30:11+00:00","description":"Sitio web de noticias de la localidad de Tornquist, provincia de Buenos Aires, Rep\u00fablica Argentina. Contenido propio originado por periodistas de CELTTV, el canal de TV local de la Cooperativa El\u00e9ctrica de Tornquist. Turismo, Pol\u00edtica, Sociedad, Deporte, Cultura y todo el contenido de inter\u00e9s general que la gente del pueblo y la regi\u00f3n debe conocer.","breadcrumb":{"@id":"https:\/\/www.celttv.com.ar\/index.php\/2014\/07\/23\/medio-ambiente-chasico-se-sumo-al-programa-forestando-juntos\/#breadcrumb"},"inLanguage":"es","potentialAction":[{"@type":"ReadAction","target":["https:\/\/www.celttv.com.ar\/index.php\/2014\/07\/23\/medio-ambiente-chasico-se-sumo-al-programa-forestando-juntos\/"]}]},{"@type":"BreadcrumbList","@id":"https:\/\/www.celttv.com.ar\/index.php\/2014\/07\/23\/medio-ambiente-chasico-se-sumo-al-programa-forestando-juntos\/#breadcrumb","itemListElement":[{"@type":"ListItem","position":1,"name":"Inicio","item":"https:\/\/www.celttv.com.ar\/"},{"@type":"ListItem","position":2,"name":"MEDIO AMBIENTE: CHASICO SE SUMO AL PROGRAMA FORESTANDO JUNTOS"}]},{"@type":"WebSite","@id":"https:\/\/www.celttv.com.ar\/#website","url":"https:\/\/www.celttv.com.ar\/","name":"CELTTV","description":"Cooperativa El\u00e9ctrica de Tornquist","publisher":{"@id":"https:\/\/www.celttv.com.ar\/#organization"},"potentialAction":[{"@type":"SearchAction","target":{"@type":"EntryPoint","urlTemplate":"https:\/\/www.celttv.com.ar\/?s={search_term_string}"},"query-input":"required name=search_term_string"}],"inLanguage":"es"},{"@type":"Organization","@id":"https:\/\/www.celttv.com.ar\/#organization","name":"CELTTV","url":"https:\/\/www.celttv.com.ar\/","sameAs":["https:\/\/www.youtube.com\/channel\/UCz_oIt8Hig64Ub-EmcNPIhg","https:\/\/www.facebook.com\/celtTV\/"],"logo":{"@type":"ImageObject","inLanguage":"es","@id":"https:\/\/www.celttv.com.ar\/#\/schema\/logo\/image\/","url":"http:\/\/www.celttv.com.ar\/wp-content\/uploads\/2022\/08\/logo-1.png","contentUrl":"http:\/\/www.celttv.com.ar\/wp-content\/uploads\/2022\/08\/logo-1.png","width":461,"height":159,"caption":"CELTTV"},"image":{"@id":"https:\/\/www.celttv.com.ar\/#\/schema\/logo\/image\/"}},{"@type":"Person","@id":"https:\/\/www.celttv.com.ar\/#\/schema\/person\/6d99c072dba59953809c81446e9d0ace","name":"ulises","image":{"@type":"ImageObject","inLanguage":"es","@id":"https:\/\/www.celttv.com.ar\/#\/schema\/person\/image\/","url":"https:\/\/secure.gravatar.com\/avatar\/7f2c48bdc33b30088f941fb6082e555f2874c98e20cb159d7b92b50eadfce793?s=96&d=mm&r=g","contentUrl":"https:\/\/secure.gravatar.com\/avatar\/7f2c48bdc33b30088f941fb6082e555f2874c98e20cb159d7b92b50eadfce793?s=96&d=mm&r=g","caption":"ulises"},"sameAs":["http:\/\/www.celttv.com.ar"]}]}},"_links":{"self":[{"href":"https:\/\/www.celttv.com.ar\/index.php\/wp-json\/wp\/v2\/posts\/22163","targetHints":{"allow":["GET"]}}],"collection":[{"href":"https:\/\/www.celttv.com.ar\/index.php\/wp-json\/wp\/v2\/posts"}],"about":[{"href":"https:\/\/www.celttv.com.ar\/index.php\/wp-json\/wp\/v2\/types\/post"}],"author":[{"embeddable":true,"href":"https:\/\/www.celttv.com.ar\/index.php\/wp-json\/wp\/v2\/users\/1"}],"replies":[{"embeddable":true,"href":"https:\/\/www.celttv.com.ar\/index.php\/wp-json\/wp\/v2\/comments?post=22163"}],"version-history":[{"count":0,"href":"https:\/\/www.celttv.com.ar\/index.php\/wp-json\/wp\/v2\/posts\/22163\/revisions"}],"wp:attachment":[{"href":"https:\/\/www.celttv.com.ar\/index.php\/wp-json\/wp\/v2\/media?parent=22163"}],"wp:term":[{"taxonomy":"category","embeddable":true,"href":"https:\/\/www.celttv.com.ar\/index.php\/wp-json\/wp\/v2\/categories?post=22163"},{"taxonomy":"post_tag","embeddable":true,"href":"https:\/\/www.celttv.com.ar\/index.php\/wp-json\/wp\/v2\/tags?post=22163"}],"curies":[{"name":"wp","href":"https:\/\/api.w.org\/{rel}","templated":true}]}}