{"id":22199,"date":"2014-07-25T00:11:45","date_gmt":"2014-07-25T00:11:45","guid":{"rendered":"http:\/\/www.tvcnoticias.com.ar\/?p=22199"},"modified":"2014-07-25T00:11:45","modified_gmt":"2014-07-25T00:11:45","slug":"la-situacion-energetica-del-distrito-sigue-siendo-motivo-de-preocupacion-fotos-y-opiniones","status":"publish","type":"post","link":"https:\/\/www.celttv.com.ar\/index.php\/2014\/07\/25\/la-situacion-energetica-del-distrito-sigue-siendo-motivo-de-preocupacion-fotos-y-opiniones\/","title":{"rendered":"LA SITUACION ENERGETICA DEL DISTRITO SIGUE SIENDO MOTIVO DE PREOCUPACION (Fotos y opiniones)"},"content":{"rendered":"<p>La incorporaci\u00f3n de generaci\u00f3n el\u00e9ctrica distribuida en la estaci\u00f3n transformadora Tornquist , en el corto plazo, y la ampliaci\u00f3n de la Estaci\u00f3n Transformadora en 132\/33\/13,2 kV, perteneciente a Transba, como soluci\u00f3n definitiva; fueron las alternativas presentadas por la empresa Edes para brindar una soluci\u00f3n t\u00e9cnica a la problem\u00e1tica energ\u00e9tica en el distrito de Tornquist.<br \/>\nEn una nota enviada al Intendente Municipal, Edes explica que \u201cen funci\u00f3n de los incrementos de demanda y las restricciones operativas asociadas al sistema el\u00e9ctrico que se produjeron en el \u00faltimo verano en la localidad de Tornquist y otras localidades de la regi\u00f3n asociadas al nodo el\u00e9ctrico \u201cTornquist\u201d, la empresa ha realizado los estudios para la incorporaci\u00f3n de generaci\u00f3n el\u00e9ctrica distribuida en la estaci\u00f3n transformadora Tornquist\u201d<br \/>\nEn su diagn\u00f3stico, Edes contempla los picos de demanda que tiene el sistema y muestra el comportamiento actual de la red sin generaci\u00f3n distribuida y con el supuesto de la instalaci\u00f3n de 5 MW de generaci\u00f3n adicionales que serian inyectados en la Estaci\u00f3n Tornquist que opera y mantiene la empresa Edes S.A.\u00a0 La empresa distribuidora dej\u00f3 en claro que la alternativa de la generaci\u00f3n distribuida constituye una soluci\u00f3n provisoria al problema de abastecimiento de los nodos mencionados.<br \/>\nTanto la empresa como las cooperativas asociadas han analizado el sistema el\u00e9ctrico de la regi\u00f3n lleg\u00e1ndose a la conclusi\u00f3n que a fin de brindar una soluci\u00f3n definitiva, en el mediano plazo, es necesaria la ampliaci\u00f3n de la Estaci\u00f3n Transformadora perteneciente a la empresa Transba.\u00a0 \u00a0La ampliaci\u00f3n consistir\u00eda en la instalaci\u00f3n de un segundo transformador. Obra que requiere de una inversi\u00f3n cercana a los $ 40.000.000 y demandar\u00eda no menos de dos a\u00f1os para su concreci\u00f3n.<br \/>\nLas Cooperativas El\u00e9ctricas presentes en la reuni\u00f3n desarrollada en la sede de la Cooperativa El\u00e9ctrica de Tornquist, apoyaron el informe de la empresa Edes, con notas que acompa\u00f1ar\u00e1n \u00a0y donde demuestran la necesidad de intervenir con las obras mencionadas para lograr la soluci\u00f3n a una problem\u00e1tica que podr\u00eda agravarse en la pr\u00f3xima temporada estival y a efectos de no tener que llegar a los cortes programados, con todos los perjuicios que eso significa para la producci\u00f3n, el turismo y todas las actividades cotidianas de la comarca.<br \/>\nPresentes en la reuni\u00f3n\u00a0 \u00a0 Participaron de la reuni\u00f3n realizada en la sede de la Cooperativa El\u00e9ctrica de Tornquist, el Intendente Gustavo Trankels, representando a la empresa Interpack el Ing. Roberto Limoncelli; los ingenieros Luis Boyssede y Julio Perez (Edes SA.), Gustavo Bonotti, gerente de la Cooperativa El\u00e9ctrica de Chasic\u00f3, Ing. I. Cufr\u00e9 de la Cooperativa de Dufaur; Hector Castillo y el Ing. R Botani de la Cooperativa El\u00e9ctrica de Sierra de la Ventana, el gerente de la Cooperativa El\u00e9ctrica de Sadungaray Gustavo Perrone y en representaci\u00f3n de la Cooperativa El\u00e9ctrica de Tornquist, su presidente Elsa Kaltembach, Adriana Muscillo, vice presidente; los consejeros Gabriel Artola y Roberto Delfino y el gerente Ing. Edgar Barone.<br \/>\n\u201cSoluciones de cara al futuro\u201d<br \/>\n\u201cSiempre destaco la importancia del compromiso de las cooperativas, que trabajan en definitiva para beneficio de los usuarios, buscando encontrar soluciones de cara al futuro\u201d explic\u00f3 el intendente de Tornquist Lic. Gustavo Trankels.<br \/>\n\u201cEl desarrollo que hubo en la zona hoy requiere que el servicio energ\u00e9tico tenga que generar este tipo de obras que soy muy importantes, que est\u00e1n fuera del alcance de cualquiera de nuestras cooperativas\u201d se\u00f1al\u00f3 el jefe comunal.<br \/>\n\u201cNosotros terminamos siendo el \u201cmostrador\u201d donde ponemos la cara con la gente, pero aqu\u00ed faltaron obras que a trav\u00e9s de los tiempos no se realizaron.<br \/>\nHay una empresa (Edes) que deber\u00eda haber invertido para proveer a la cantidad de usuarios existentes y hubo gobiernos que tendr\u00edan que haber hecho inversiones progresivas para que hoy no tengamos que llegar con sobresaltos a esta instancia\u201d se\u00f1al\u00f3 Trankels.<br \/>\n\u201cHoy tenemos esta realidad y por suerte hay demanda de energ\u00eda, porque sabemos de \u00e9pocas donde las empresas estaba paradas y con dificultades econ\u00f3micas, sobraba la energ\u00eda porque no hab\u00eda quien la consuma.<br \/>\nHoy el paradigma es otro y gracias a Dios estamos pensando \u00a0en una obra que tiene que ver con el desarrollo\u201d agreg\u00f3.<br \/>\n\u201cEstamos hablando de una obra muy importante \u00a0que, de concretarse, va a duplicar la capacidad energ\u00e9tica que el distrito tiene hasta ahora en toda su historia\u201d explic\u00f3.<br \/>\nEl proyecto preve duplicar la capacidad energ\u00e9tica para el distrito, pensando, no solo en el presente, sino en el futuro, con una obra de impacto regional.\u00a0 \u00a0\u201cSi tenemos \u00e9xito en esta gesti\u00f3n, tambi\u00e9n significar\u00e1 un importante avance en el proyecto del parque industrial para lograr la llegada de emprendimientos a los que le podamos garantizar cantidad y calidad en el servicio energ\u00e9tico\u201d subray\u00f3 Trankels.<br \/>\nTrankels estim\u00f3 que la semana pr\u00f3xima mantendr\u00eda la reuni\u00f3n en el Ministerio de Planificaci\u00f3n Nacional donde presentar\u00e1 la documentaci\u00f3n t\u00e9cnica y el apoyo social de las distintas cooperativas, adem\u00e1s de plantear ante los funcionarios nacionales el escenario, actual y a futuro, de la problem\u00e1tica.\u00a0 \u201cOjal\u00e1 en los pr\u00f3ximos d\u00edas podamos estar dando buenas noticias\u201d Concluy\u00f3 Trankels.<br \/>\n&nbsp;<br \/>\nIng. Luis Boyssede (Gerente de Operaciones T\u00e9cnicas de Edes)<br \/>\n\u201cHab\u00edamos quedado en la \u00faltima reuni\u00f3n con el compromiso \u00a0de traer los informes t\u00e9cnicos con las dos alternativas. La que brinda una soluci\u00f3n a corto plazo que es solicitar una generaci\u00f3n en la zona y la de mediano plazo que es ampliar la estaci\u00f3n transformadora de Transba\u201d\u201d explic\u00f3 Boyssede<br \/>\n\u201cLa generaci\u00f3n tiene u n costo operativo alto pero que puede brindar soluci\u00f3n en el corto plazo y la ampliaci\u00f3n de la estaci\u00f3n transformador demanda una inversi\u00f3n de alrededor de $ 30.000.000 mas IVA. y estamos hablando de dos a tres a\u00f1os para su ejecuci\u00f3n\u201d se\u00f1al\u00f3.<br \/>\n\u201cLas obras de ampliaci\u00f3n corren por cuenta del usuario y en este caso los clientes directos de la estaci\u00f3n transformadora Transba son Interpack y Edes y a trav\u00e9s de Edes se hilvanan todas las cooperativas el\u00e9ctricas que est\u00e1n asociadas al nodo\u201d<br \/>\nRespecto a la falta de inversi\u00f3n de Edes, Boyssede respondi\u00f3 que \u201chay una suerte de prioridades que hay que marcar en el sistema el\u00e9ctrico y nosotros tenemos otro tipo de prioridades en otras zonas que est\u00e1n incluso en situaci\u00f3n mas cr\u00edtica que las de este nodo\u201d \u00a0explic\u00f3.\u00a0 \u00a0\u201cHay otras cooperativas que est\u00e1n teniendo cortes de energ\u00eda ya en el invierno.<br \/>\nLa situaci\u00f3n puntual que se dio en este nodo (Tornquist) es que hubo un verano at\u00edpico y a su vez el usuario final se ha ido volcando a otros sistemas de frio, lo que increment\u00f3 la demanda. Fueron dos condiciones juntas; el gran calor reinante y sumado a eso el nuevo equipamiento instalado en cada hogar\u201d\u00a0 \u201cEsto gener\u00f3 una situaci\u00f3n que no se estaba dando en esta regi\u00f3n y por eso no era considerado una prioridad total. No solamente tenemos necesidades ac\u00e1, tambi\u00e9n las hay en otros nodos de la provincia\u201d dijo Boyssede.<br \/>\n&nbsp;<br \/>\nElsa Kaltembach (Presidente de la Cooperativa El\u00e9ctrica de Tornquist)<br \/>\n\u201cEs la tercera reuni\u00f3n de la que participamos con las cooperativas hermanas, el Municipio, Edes y la empresa Interpack; continuando con nuestra preocupaci\u00f3n por la situaci\u00f3n energ\u00e9tica y tratando de evitar los cortes programados en la temporada estival, como lo han tenido que sufrir otras localidades de la regi\u00f3n\u201d explic\u00f3 la presidente de la CELT.<br \/>\n\u201cLa empresa Edes ha entregado un estudio con dos alternativas y el intendente viaja la semana pr\u00f3xima con toda la documentaci\u00f3n y el aval de las cooperativas al proyecto de Edes\u201d<br \/>\n\u201cEsperemos que en poco tiempo se resuelva porque, si bien no hemos tenido cortes, si lo han tenido Saldungaray, Sierra de la Ventana y en el corredor de Puan y Pigu\u00e9\u201d \u201cAdelantarnos a los hechos es la filosof\u00eda de nuestra cooperativa, fuimos anfitriones, hemos convocado y tenido la asistencia de todas las cooperativas y auguramos \u00e9xito a la gesti\u00f3n que pueda realizar el Intendente\u201d<br \/>\n\u201cAnte una necesidad hemos tenido la capacidad de participar, proponer, discutir, poniendo de manifiesto la ayuda mutua ante una necesidad com\u00fan; en definitiva llevamos a la pr\u00e1ctica los principios cooperativos\u201d dijo Kaltembach.<br \/>\n&nbsp;<br \/>\nIng. Roberto Limoncelli (Interpack)<br \/>\n\u201cEs importante que se est\u00e9n anticipando medidas ante alg\u00fan tipo de contingencia que pudiera surgir en algunos meses; esto es bueno\u201d dijo Limoncelli.\u00a0 \u201cHay una necesidad t\u00e9cnica y estamos muy contentos de que la autoridad pol\u00edtica nos est\u00e9 acompa\u00f1ando y apoyando. porque realmente sentimos el empuje de Gustavo (Trankels) para poder gestionar y resolver la problem\u00e1tica.<br \/>\nEs importante que con varios meses de anticipaci\u00f3n se nos est\u00e9 impulsando a tomar alg\u00fan tipo de medida que evite tener que llegar a la restricci\u00f3n o alg\u00fan tipo de corte de suministro\u201d se\u00f1al\u00f3.<br \/>\n\u201cPara nosotros es importante y necesitamos la energ\u00eda; tenemos que recordar que de nuestra producci\u00f3n est\u00e1n viviendo, no solamente mas de 200 personas y familias que pertenecen a Papelera, sino un mont\u00f3n de industrias secundarias \u00a0que dependen de nuestra producci\u00f3n y que en caso de que nosotros no le estemos entregando, van a tener que importarlo con otros costos y otros mecanismos de compra\u201d subray\u00f3.<br \/>\n&nbsp;<br \/>\nGustavo Bonotti ( Gerente de la Cooperativa El\u00e9ctrica de Chasic\u00f3)<br \/>\n\u201cEstamos todos preocupados y hemos hecho todo lo necesario para que estas reuniones se lleven a cabo y sin perder las esperanzas, confiando en la gesti\u00f3n que nuestro intendente va a realizar en La Plata y Buenos Aires\u201d<br \/>\nBonotti valor\u00f3 la posibilidad de estar compartiendo todos una misma mesa \u201ces muy valorable porque est\u00e1n todas las patas de la mesa\u201d se\u00f1al\u00f3.<br \/>\n\u201cLa obra de fondo requiere una gran inversi\u00f3n, pero para la temporada estival se plantea la posibilidad de generaci\u00f3n de energ\u00eda, que tampoco es barata, pero permitir\u00eda no sufrir sobresaltos\u201d se\u00f1al\u00f3.<br \/>\n\u201cTenemos fe que el intendente pueda gestionar y traer una buena noticia para que en el verano podamos estar todos tranquilos\u201d dijo Bonotti.<br \/>\nGustavo Perrone (Gerente de la Cooperativa El\u00e9ctrica de Saldungaray)<br \/>\n\u201cEs muy importante que hagamos estas reuniones con el suficiente tiempo mediante para poder llegar al verano y que todos tengamos energ\u00eda. Nosotros el verano pasado tuvimos cortes rotativos y, por mas que sea un d\u00eda, el usuario est\u00e1 disconforme y es muy dif\u00edcil de explicar\u201d<br \/>\n\u201cPor mas que uno les explique no te entienden, ni tampoco tienen porque entender lo que significa que a vos no te entregue energ\u00eda el distribuidor \u201c\u00a0 \u201cEst\u00e1n las dos soluciones planteadas: Por un lado buscar generaci\u00f3n para pasar el verano y por otro lado el transformador para el nodo Tornquist, que ser\u00eda la soluci\u00f3n definitiva y sabemos que para que esto se logre estamos hablando de ac\u00e1 a dos a\u00f1os\u201d explic\u00f3 Perrone.<br \/>\n&nbsp;<br \/>\nHector Castillo (Presidente de la Cooperativa El\u00e9ctrica de Sierra de la Ventana)<br \/>\n\u201cEl Intendente, la gente de la empresa Edes y las cooperativas estamos involucrados para buscar una soluci\u00f3n a la problem\u00e1tica y vamos bien encaminados\u201d se\u00f1al\u00f3 Castillo.<br \/>\n\u201cLa obra de fondo requiere mucha inversi\u00f3n y tiempo, tal vez logremos el paliativo como para que el pr\u00f3ximo verano no tengamos que sufrir los cortes programados\u201d<br \/>\n\u201cEn el caso de Sierra hemos firmado un contrato para dividir en lo que es la estaci\u00f3n transformadora Saldungaray para instalar dos transformadores.<br \/>\nHay que hacer algunas obras que estar\u00e1n a cargo de nuestra cooperativa y esperemos que nos ayude a pasar el pr\u00f3ximo verano\u201d explic\u00f3 el presidente de la Cooperativa El\u00e9ctrica de Sierra de la Ventana.<br \/>\n<a rel=\"attachment wp-att-22206\" href=\"http:\/\/www.tvcnoticias.com.ar\/?attachment_id=22206\"><img loading=\"lazy\" decoding=\"async\" class=\"aligncenter size-medium wp-image-22206\" title=\"IMG_9042 (Small)\" src=\"http:\/\/www.tvcnoticias.com.ar\/wp-content\/uploads\/2014\/07\/IMG_9042-Small-450x300.jpg\" alt=\"\" width=\"450\" height=\"300\" \/><\/a>\u201cNosotros en el verano tuvimos cortes de tres horas y generalmente al que mas le toca es al comercio, que se perjudica; especialmente aquellos que tienen c\u00e1maras de fr\u00edo, pero en ese momento no nos quedaba otra alternativa\u201d\u00a0 \u00a0\u201cYo siempre digo que la energ\u00eda se genera y se gasta, no se puede conservar\u201d concluy\u00f3 Castillo.<br \/>\n<\/p>\n","protected":false},"excerpt":{"rendered":"<p>La incorporaci\u00f3n de generaci\u00f3n el\u00e9ctrica distribuida en la estaci\u00f3n transformadora Tornquist , en el corto plazo, y la ampliaci\u00f3n de la Estaci\u00f3n Transformadora en 132\/33\/13,2 kV, perteneciente a Transba, como soluci\u00f3n definitiva; fueron las alternativas presentadas por la empresa Edes para brindar una soluci\u00f3n t\u00e9cnica a la problem\u00e1tica energ\u00e9tica en el distrito de Tornquist. En [&hellip;]<\/p>\n","protected":false},"author":1,"featured_media":0,"comment_status":"closed","ping_status":"open","sticky":false,"template":"","format":"standard","meta":{"footnotes":""},"categories":[51,52,53],"tags":[],"class_list":["post-22199","post","type-post","status-publish","format-standard","hentry","category-comunidad","category-destacadas","category-politica"],"yoast_head":"<!-- This site is optimized with the Yoast SEO plugin v19.7.1 - https:\/\/yoast.com\/wordpress\/plugins\/seo\/ -->\n<title>LA SITUACION ENERGETICA DEL DISTRITO SIGUE SIENDO MOTIVO DE PREOCUPACION (Fotos y opiniones) - CELTTV<\/title>\n<meta name=\"description\" content=\"Sitio web de noticias de la localidad de Tornquist, provincia de Buenos Aires, Rep\u00fablica Argentina. Contenido propio originado por periodistas de CELTTV, el canal de TV local de la Cooperativa El\u00e9ctrica de Tornquist. Turismo, Pol\u00edtica, Sociedad, Deporte, Cultura y todo el contenido de inter\u00e9s general que la gente del pueblo y la regi\u00f3n debe conocer.\" \/>\n<meta name=\"robots\" content=\"index, follow, max-snippet:-1, max-image-preview:large, max-video-preview:-1\" \/>\n<link rel=\"canonical\" href=\"https:\/\/www.celttv.com.ar\/index.php\/2014\/07\/25\/la-situacion-energetica-del-distrito-sigue-siendo-motivo-de-preocupacion-fotos-y-opiniones\/\" \/>\n<meta property=\"og:locale\" content=\"es_ES\" \/>\n<meta property=\"og:type\" content=\"article\" \/>\n<meta property=\"og:title\" content=\"LA SITUACION ENERGETICA DEL DISTRITO SIGUE SIENDO MOTIVO DE PREOCUPACION (Fotos y opiniones) - CELTTV\" \/>\n<meta property=\"og:description\" content=\"Sitio web de noticias de la localidad de Tornquist, provincia de Buenos Aires, Rep\u00fablica Argentina. Contenido propio originado por periodistas de CELTTV, el canal de TV local de la Cooperativa El\u00e9ctrica de Tornquist. Turismo, Pol\u00edtica, Sociedad, Deporte, Cultura y todo el contenido de inter\u00e9s general que la gente del pueblo y la regi\u00f3n debe conocer.\" \/>\n<meta property=\"og:url\" content=\"https:\/\/www.celttv.com.ar\/index.php\/2014\/07\/25\/la-situacion-energetica-del-distrito-sigue-siendo-motivo-de-preocupacion-fotos-y-opiniones\/\" \/>\n<meta property=\"og:site_name\" content=\"CELTTV\" \/>\n<meta property=\"article:publisher\" content=\"https:\/\/www.facebook.com\/celtTV\/\" \/>\n<meta property=\"article:published_time\" content=\"2014-07-25T00:11:45+00:00\" \/>\n<meta property=\"og:image\" content=\"http:\/\/www.tvcnoticias.com.ar\/wp-content\/uploads\/2014\/07\/IMG_9042-Small-450x300.jpg\" \/>\n<meta name=\"author\" content=\"ulises\" \/>\n<meta name=\"twitter:card\" content=\"summary_large_image\" \/>\n<meta name=\"twitter:label1\" content=\"Escrito por\" \/>\n\t<meta name=\"twitter:data1\" content=\"ulises\" \/>\n\t<meta name=\"twitter:label2\" content=\"Tiempo de lectura\" \/>\n\t<meta name=\"twitter:data2\" content=\"10 minutos\" \/>\n<script type=\"application\/ld+json\" class=\"yoast-schema-graph\">{\"@context\":\"https:\/\/schema.org\",\"@graph\":[{\"@type\":\"NewsArticle\",\"@id\":\"https:\/\/www.celttv.com.ar\/index.php\/2014\/07\/25\/la-situacion-energetica-del-distrito-sigue-siendo-motivo-de-preocupacion-fotos-y-opiniones\/#article\",\"isPartOf\":{\"@id\":\"https:\/\/www.celttv.com.ar\/index.php\/2014\/07\/25\/la-situacion-energetica-del-distrito-sigue-siendo-motivo-de-preocupacion-fotos-y-opiniones\/\"},\"author\":{\"name\":\"ulises\",\"@id\":\"https:\/\/www.celttv.com.ar\/#\/schema\/person\/6d99c072dba59953809c81446e9d0ace\"},\"headline\":\"LA SITUACION ENERGETICA DEL DISTRITO SIGUE SIENDO MOTIVO DE PREOCUPACION (Fotos y opiniones)\",\"datePublished\":\"2014-07-25T00:11:45+00:00\",\"dateModified\":\"2014-07-25T00:11:45+00:00\",\"mainEntityOfPage\":{\"@id\":\"https:\/\/www.celttv.com.ar\/index.php\/2014\/07\/25\/la-situacion-energetica-del-distrito-sigue-siendo-motivo-de-preocupacion-fotos-y-opiniones\/\"},\"wordCount\":2081,\"publisher\":{\"@id\":\"https:\/\/www.celttv.com.ar\/#organization\"},\"articleSection\":[\"Comunidad\",\"Destacadas\",\"Pol\u00edtica\"],\"inLanguage\":\"es\"},{\"@type\":\"WebPage\",\"@id\":\"https:\/\/www.celttv.com.ar\/index.php\/2014\/07\/25\/la-situacion-energetica-del-distrito-sigue-siendo-motivo-de-preocupacion-fotos-y-opiniones\/\",\"url\":\"https:\/\/www.celttv.com.ar\/index.php\/2014\/07\/25\/la-situacion-energetica-del-distrito-sigue-siendo-motivo-de-preocupacion-fotos-y-opiniones\/\",\"name\":\"LA SITUACION ENERGETICA DEL DISTRITO SIGUE SIENDO MOTIVO DE PREOCUPACION (Fotos y opiniones) - CELTTV\",\"isPartOf\":{\"@id\":\"https:\/\/www.celttv.com.ar\/#website\"},\"datePublished\":\"2014-07-25T00:11:45+00:00\",\"dateModified\":\"2014-07-25T00:11:45+00:00\",\"description\":\"Sitio web de noticias de la localidad de Tornquist, provincia de Buenos Aires, Rep\u00fablica Argentina. Contenido propio originado por periodistas de CELTTV, el canal de TV local de la Cooperativa El\u00e9ctrica de Tornquist. Turismo, Pol\u00edtica, Sociedad, Deporte, Cultura y todo el contenido de inter\u00e9s general que la gente del pueblo y la regi\u00f3n debe conocer.\",\"breadcrumb\":{\"@id\":\"https:\/\/www.celttv.com.ar\/index.php\/2014\/07\/25\/la-situacion-energetica-del-distrito-sigue-siendo-motivo-de-preocupacion-fotos-y-opiniones\/#breadcrumb\"},\"inLanguage\":\"es\",\"potentialAction\":[{\"@type\":\"ReadAction\",\"target\":[\"https:\/\/www.celttv.com.ar\/index.php\/2014\/07\/25\/la-situacion-energetica-del-distrito-sigue-siendo-motivo-de-preocupacion-fotos-y-opiniones\/\"]}]},{\"@type\":\"BreadcrumbList\",\"@id\":\"https:\/\/www.celttv.com.ar\/index.php\/2014\/07\/25\/la-situacion-energetica-del-distrito-sigue-siendo-motivo-de-preocupacion-fotos-y-opiniones\/#breadcrumb\",\"itemListElement\":[{\"@type\":\"ListItem\",\"position\":1,\"name\":\"Inicio\",\"item\":\"https:\/\/www.celttv.com.ar\/\"},{\"@type\":\"ListItem\",\"position\":2,\"name\":\"LA SITUACION ENERGETICA DEL DISTRITO SIGUE SIENDO MOTIVO DE PREOCUPACION (Fotos y opiniones)\"}]},{\"@type\":\"WebSite\",\"@id\":\"https:\/\/www.celttv.com.ar\/#website\",\"url\":\"https:\/\/www.celttv.com.ar\/\",\"name\":\"CELTTV\",\"description\":\"Cooperativa El\u00e9ctrica de Tornquist\",\"publisher\":{\"@id\":\"https:\/\/www.celttv.com.ar\/#organization\"},\"potentialAction\":[{\"@type\":\"SearchAction\",\"target\":{\"@type\":\"EntryPoint\",\"urlTemplate\":\"https:\/\/www.celttv.com.ar\/?s={search_term_string}\"},\"query-input\":\"required name=search_term_string\"}],\"inLanguage\":\"es\"},{\"@type\":\"Organization\",\"@id\":\"https:\/\/www.celttv.com.ar\/#organization\",\"name\":\"CELTTV\",\"url\":\"https:\/\/www.celttv.com.ar\/\",\"sameAs\":[\"https:\/\/www.youtube.com\/channel\/UCz_oIt8Hig64Ub-EmcNPIhg\",\"https:\/\/www.facebook.com\/celtTV\/\"],\"logo\":{\"@type\":\"ImageObject\",\"inLanguage\":\"es\",\"@id\":\"https:\/\/www.celttv.com.ar\/#\/schema\/logo\/image\/\",\"url\":\"http:\/\/www.celttv.com.ar\/wp-content\/uploads\/2022\/08\/logo-1.png\",\"contentUrl\":\"http:\/\/www.celttv.com.ar\/wp-content\/uploads\/2022\/08\/logo-1.png\",\"width\":461,\"height\":159,\"caption\":\"CELTTV\"},\"image\":{\"@id\":\"https:\/\/www.celttv.com.ar\/#\/schema\/logo\/image\/\"}},{\"@type\":\"Person\",\"@id\":\"https:\/\/www.celttv.com.ar\/#\/schema\/person\/6d99c072dba59953809c81446e9d0ace\",\"name\":\"ulises\",\"image\":{\"@type\":\"ImageObject\",\"inLanguage\":\"es\",\"@id\":\"https:\/\/www.celttv.com.ar\/#\/schema\/person\/image\/\",\"url\":\"https:\/\/secure.gravatar.com\/avatar\/7f2c48bdc33b30088f941fb6082e555f2874c98e20cb159d7b92b50eadfce793?s=96&d=mm&r=g\",\"contentUrl\":\"https:\/\/secure.gravatar.com\/avatar\/7f2c48bdc33b30088f941fb6082e555f2874c98e20cb159d7b92b50eadfce793?s=96&d=mm&r=g\",\"caption\":\"ulises\"},\"sameAs\":[\"http:\/\/www.celttv.com.ar\"]}]}<\/script>\n<!-- \/ Yoast SEO plugin. -->","yoast_head_json":{"title":"LA SITUACION ENERGETICA DEL DISTRITO SIGUE SIENDO MOTIVO DE PREOCUPACION (Fotos y opiniones) - CELTTV","description":"Sitio web de noticias de la localidad de Tornquist, provincia de Buenos Aires, Rep\u00fablica Argentina. Contenido propio originado por periodistas de CELTTV, el canal de TV local de la Cooperativa El\u00e9ctrica de Tornquist. Turismo, Pol\u00edtica, Sociedad, Deporte, Cultura y todo el contenido de inter\u00e9s general que la gente del pueblo y la regi\u00f3n debe conocer.","robots":{"index":"index","follow":"follow","max-snippet":"max-snippet:-1","max-image-preview":"max-image-preview:large","max-video-preview":"max-video-preview:-1"},"canonical":"https:\/\/www.celttv.com.ar\/index.php\/2014\/07\/25\/la-situacion-energetica-del-distrito-sigue-siendo-motivo-de-preocupacion-fotos-y-opiniones\/","og_locale":"es_ES","og_type":"article","og_title":"LA SITUACION ENERGETICA DEL DISTRITO SIGUE SIENDO MOTIVO DE PREOCUPACION (Fotos y opiniones) - CELTTV","og_description":"Sitio web de noticias de la localidad de Tornquist, provincia de Buenos Aires, Rep\u00fablica Argentina. Contenido propio originado por periodistas de CELTTV, el canal de TV local de la Cooperativa El\u00e9ctrica de Tornquist. Turismo, Pol\u00edtica, Sociedad, Deporte, Cultura y todo el contenido de inter\u00e9s general que la gente del pueblo y la regi\u00f3n debe conocer.","og_url":"https:\/\/www.celttv.com.ar\/index.php\/2014\/07\/25\/la-situacion-energetica-del-distrito-sigue-siendo-motivo-de-preocupacion-fotos-y-opiniones\/","og_site_name":"CELTTV","article_publisher":"https:\/\/www.facebook.com\/celtTV\/","article_published_time":"2014-07-25T00:11:45+00:00","og_image":[{"url":"http:\/\/www.tvcnoticias.com.ar\/wp-content\/uploads\/2014\/07\/IMG_9042-Small-450x300.jpg"}],"author":"ulises","twitter_card":"summary_large_image","twitter_misc":{"Escrito por":"ulises","Tiempo de lectura":"10 minutos"},"schema":{"@context":"https:\/\/schema.org","@graph":[{"@type":"NewsArticle","@id":"https:\/\/www.celttv.com.ar\/index.php\/2014\/07\/25\/la-situacion-energetica-del-distrito-sigue-siendo-motivo-de-preocupacion-fotos-y-opiniones\/#article","isPartOf":{"@id":"https:\/\/www.celttv.com.ar\/index.php\/2014\/07\/25\/la-situacion-energetica-del-distrito-sigue-siendo-motivo-de-preocupacion-fotos-y-opiniones\/"},"author":{"name":"ulises","@id":"https:\/\/www.celttv.com.ar\/#\/schema\/person\/6d99c072dba59953809c81446e9d0ace"},"headline":"LA SITUACION ENERGETICA DEL DISTRITO SIGUE SIENDO MOTIVO DE PREOCUPACION (Fotos y opiniones)","datePublished":"2014-07-25T00:11:45+00:00","dateModified":"2014-07-25T00:11:45+00:00","mainEntityOfPage":{"@id":"https:\/\/www.celttv.com.ar\/index.php\/2014\/07\/25\/la-situacion-energetica-del-distrito-sigue-siendo-motivo-de-preocupacion-fotos-y-opiniones\/"},"wordCount":2081,"publisher":{"@id":"https:\/\/www.celttv.com.ar\/#organization"},"articleSection":["Comunidad","Destacadas","Pol\u00edtica"],"inLanguage":"es"},{"@type":"WebPage","@id":"https:\/\/www.celttv.com.ar\/index.php\/2014\/07\/25\/la-situacion-energetica-del-distrito-sigue-siendo-motivo-de-preocupacion-fotos-y-opiniones\/","url":"https:\/\/www.celttv.com.ar\/index.php\/2014\/07\/25\/la-situacion-energetica-del-distrito-sigue-siendo-motivo-de-preocupacion-fotos-y-opiniones\/","name":"LA SITUACION ENERGETICA DEL DISTRITO SIGUE SIENDO MOTIVO DE PREOCUPACION (Fotos y opiniones) - CELTTV","isPartOf":{"@id":"https:\/\/www.celttv.com.ar\/#website"},"datePublished":"2014-07-25T00:11:45+00:00","dateModified":"2014-07-25T00:11:45+00:00","description":"Sitio web de noticias de la localidad de Tornquist, provincia de Buenos Aires, Rep\u00fablica Argentina. Contenido propio originado por periodistas de CELTTV, el canal de TV local de la Cooperativa El\u00e9ctrica de Tornquist. Turismo, Pol\u00edtica, Sociedad, Deporte, Cultura y todo el contenido de inter\u00e9s general que la gente del pueblo y la regi\u00f3n debe conocer.","breadcrumb":{"@id":"https:\/\/www.celttv.com.ar\/index.php\/2014\/07\/25\/la-situacion-energetica-del-distrito-sigue-siendo-motivo-de-preocupacion-fotos-y-opiniones\/#breadcrumb"},"inLanguage":"es","potentialAction":[{"@type":"ReadAction","target":["https:\/\/www.celttv.com.ar\/index.php\/2014\/07\/25\/la-situacion-energetica-del-distrito-sigue-siendo-motivo-de-preocupacion-fotos-y-opiniones\/"]}]},{"@type":"BreadcrumbList","@id":"https:\/\/www.celttv.com.ar\/index.php\/2014\/07\/25\/la-situacion-energetica-del-distrito-sigue-siendo-motivo-de-preocupacion-fotos-y-opiniones\/#breadcrumb","itemListElement":[{"@type":"ListItem","position":1,"name":"Inicio","item":"https:\/\/www.celttv.com.ar\/"},{"@type":"ListItem","position":2,"name":"LA SITUACION ENERGETICA DEL DISTRITO SIGUE SIENDO MOTIVO DE PREOCUPACION (Fotos y opiniones)"}]},{"@type":"WebSite","@id":"https:\/\/www.celttv.com.ar\/#website","url":"https:\/\/www.celttv.com.ar\/","name":"CELTTV","description":"Cooperativa El\u00e9ctrica de Tornquist","publisher":{"@id":"https:\/\/www.celttv.com.ar\/#organization"},"potentialAction":[{"@type":"SearchAction","target":{"@type":"EntryPoint","urlTemplate":"https:\/\/www.celttv.com.ar\/?s={search_term_string}"},"query-input":"required name=search_term_string"}],"inLanguage":"es"},{"@type":"Organization","@id":"https:\/\/www.celttv.com.ar\/#organization","name":"CELTTV","url":"https:\/\/www.celttv.com.ar\/","sameAs":["https:\/\/www.youtube.com\/channel\/UCz_oIt8Hig64Ub-EmcNPIhg","https:\/\/www.facebook.com\/celtTV\/"],"logo":{"@type":"ImageObject","inLanguage":"es","@id":"https:\/\/www.celttv.com.ar\/#\/schema\/logo\/image\/","url":"http:\/\/www.celttv.com.ar\/wp-content\/uploads\/2022\/08\/logo-1.png","contentUrl":"http:\/\/www.celttv.com.ar\/wp-content\/uploads\/2022\/08\/logo-1.png","width":461,"height":159,"caption":"CELTTV"},"image":{"@id":"https:\/\/www.celttv.com.ar\/#\/schema\/logo\/image\/"}},{"@type":"Person","@id":"https:\/\/www.celttv.com.ar\/#\/schema\/person\/6d99c072dba59953809c81446e9d0ace","name":"ulises","image":{"@type":"ImageObject","inLanguage":"es","@id":"https:\/\/www.celttv.com.ar\/#\/schema\/person\/image\/","url":"https:\/\/secure.gravatar.com\/avatar\/7f2c48bdc33b30088f941fb6082e555f2874c98e20cb159d7b92b50eadfce793?s=96&d=mm&r=g","contentUrl":"https:\/\/secure.gravatar.com\/avatar\/7f2c48bdc33b30088f941fb6082e555f2874c98e20cb159d7b92b50eadfce793?s=96&d=mm&r=g","caption":"ulises"},"sameAs":["http:\/\/www.celttv.com.ar"]}]}},"_links":{"self":[{"href":"https:\/\/www.celttv.com.ar\/index.php\/wp-json\/wp\/v2\/posts\/22199","targetHints":{"allow":["GET"]}}],"collection":[{"href":"https:\/\/www.celttv.com.ar\/index.php\/wp-json\/wp\/v2\/posts"}],"about":[{"href":"https:\/\/www.celttv.com.ar\/index.php\/wp-json\/wp\/v2\/types\/post"}],"author":[{"embeddable":true,"href":"https:\/\/www.celttv.com.ar\/index.php\/wp-json\/wp\/v2\/users\/1"}],"replies":[{"embeddable":true,"href":"https:\/\/www.celttv.com.ar\/index.php\/wp-json\/wp\/v2\/comments?post=22199"}],"version-history":[{"count":0,"href":"https:\/\/www.celttv.com.ar\/index.php\/wp-json\/wp\/v2\/posts\/22199\/revisions"}],"wp:attachment":[{"href":"https:\/\/www.celttv.com.ar\/index.php\/wp-json\/wp\/v2\/media?parent=22199"}],"wp:term":[{"taxonomy":"category","embeddable":true,"href":"https:\/\/www.celttv.com.ar\/index.php\/wp-json\/wp\/v2\/categories?post=22199"},{"taxonomy":"post_tag","embeddable":true,"href":"https:\/\/www.celttv.com.ar\/index.php\/wp-json\/wp\/v2\/tags?post=22199"}],"curies":[{"name":"wp","href":"https:\/\/api.w.org\/{rel}","templated":true}]}}