{"id":22322,"date":"2014-07-30T21:13:36","date_gmt":"2014-07-30T21:13:36","guid":{"rendered":"http:\/\/www.tvcnoticias.com.ar\/?p=22322"},"modified":"2014-07-30T21:13:36","modified_gmt":"2014-07-30T21:13:36","slug":"el-club-union-construira-una-cancha-sintetica-de-futbol-8-conferencia-de-prensa","status":"publish","type":"post","link":"https:\/\/www.celttv.com.ar\/index.php\/2014\/07\/30\/el-club-union-construira-una-cancha-sintetica-de-futbol-8-conferencia-de-prensa\/","title":{"rendered":"EL CLUB UNION CONSTRUIR\u00c1 UNA CANCHA SINT\u00c9TICA DE F\u00daTBOL 8 (Conferencia de prensa)"},"content":{"rendered":"<p><a href=\"https:\/\/www.youtube.com\/watch?v=unFSAR6n-mA\">httpv:\/\/www.youtube.com\/watch?v=unFSAR6n-mA<\/a><br \/>\n<a href=\"https:\/\/www.youtube.com\/watch?v=-AH5A2h8nZI\">httpv:\/\/www.youtube.com\/watch?v=-AH5A2h8nZI<\/a><br \/>\n<a href=\"https:\/\/www.youtube.com\/watch?v=D9RbJnFhqko\">httpv:\/\/www.youtube.com\/watch?v=D9RbJnFhqko<\/a><br \/>\n<a href=\"https:\/\/www.youtube.com\/watch?v=VMkk7GgcW8A\">httpv:\/\/www.youtube.com\/watch?v=VMkk7GgcW8A<\/a><br \/>\n<a href=\"https:\/\/www.youtube.com\/watch?v=LCroT8v6muQ\">httpv:\/\/www.youtube.com\/watch?v=LCroT8v6muQ<\/a><br \/>\n<a href=\"https:\/\/www.youtube.com\/watch?v=144R0594Z6U\">httpv:\/\/www.youtube.com\/watch?v=144R0594Z6U<\/a><br \/>\nSin tiempo que perder y a solo d\u00edas de haber culminado la construcci\u00f3n de la cancha de hockey de c\u00e9sped sint\u00e9tico, el Club Uni\u00f3n confirm\u00f3 otra importante obra en su Predio Deportivo \u201cErnesto Tornquist\u201d.<br \/>\nMediante una conferencia de prensa realizada esta tarde en el sal\u00f3n \u201cBajos\u201d de la Sede de la Instituci\u00f3n, con la presencia de dirigentes, medios de comunicaci\u00f3n y socios, se anunci\u00f3 oficialmente la construcci\u00f3n de una cancha de F\u00fatbol 8 de c\u00e9sped sint\u00e9tico.<br \/>\nEl campo de juego estar\u00e1 ubicado en sector comprendido entre la cancha de hockey y la auxiliar de f\u00fatbol. El plazo de la obra no est\u00e1 estipulado a\u00fan, pero los trabajos se iniciar\u00e1n en los pr\u00f3ximos d\u00edas, con una inversi\u00f3n total de m\u00e1s de un mill\u00f3n de pesos.<br \/>\n&nbsp;<\/p>\n","protected":false},"excerpt":{"rendered":"<p>httpv:\/\/www.youtube.com\/watch?v=unFSAR6n-mA httpv:\/\/www.youtube.com\/watch?v=-AH5A2h8nZI httpv:\/\/www.youtube.com\/watch?v=D9RbJnFhqko httpv:\/\/www.youtube.com\/watch?v=VMkk7GgcW8A httpv:\/\/www.youtube.com\/watch?v=LCroT8v6muQ httpv:\/\/www.youtube.com\/watch?v=144R0594Z6U Sin tiempo que perder y a solo d\u00edas de haber culminado la construcci\u00f3n de la cancha de hockey de c\u00e9sped sint\u00e9tico, el Club Uni\u00f3n confirm\u00f3 otra importante obra en su Predio Deportivo \u201cErnesto Tornquist\u201d. Mediante una conferencia de prensa realizada esta tarde en el sal\u00f3n \u201cBajos\u201d de la Sede [&hellip;]<\/p>\n","protected":false},"author":1,"featured_media":0,"comment_status":"closed","ping_status":"open","sticky":false,"template":"","format":"standard","meta":{"footnotes":""},"categories":[51,60,52,64],"tags":[],"class_list":["post-22322","post","type-post","status-publish","format-standard","hentry","category-comunidad","category-deporte","category-destacadas","category-videos-destacados"],"yoast_head":"<!-- This site is optimized with the Yoast SEO plugin v19.7.1 - https:\/\/yoast.com\/wordpress\/plugins\/seo\/ -->\n<title>EL CLUB UNION CONSTRUIR\u00c1 UNA CANCHA SINT\u00c9TICA DE F\u00daTBOL 8 (Conferencia de prensa) - CELTTV<\/title>\n<meta name=\"description\" content=\"Sitio web de noticias de la localidad de Tornquist, provincia de Buenos Aires, Rep\u00fablica Argentina. Contenido propio originado por periodistas de CELTTV, el canal de TV local de la Cooperativa El\u00e9ctrica de Tornquist. Turismo, Pol\u00edtica, Sociedad, Deporte, Cultura y todo el contenido de inter\u00e9s general que la gente del pueblo y la regi\u00f3n debe conocer.\" \/>\n<meta name=\"robots\" content=\"index, follow, max-snippet:-1, max-image-preview:large, max-video-preview:-1\" \/>\n<link rel=\"canonical\" href=\"https:\/\/www.celttv.com.ar\/index.php\/2014\/07\/30\/el-club-union-construira-una-cancha-sintetica-de-futbol-8-conferencia-de-prensa\/\" \/>\n<meta property=\"og:locale\" content=\"es_ES\" \/>\n<meta property=\"og:type\" content=\"article\" \/>\n<meta property=\"og:title\" content=\"EL CLUB UNION CONSTRUIR\u00c1 UNA CANCHA SINT\u00c9TICA DE F\u00daTBOL 8 (Conferencia de prensa) - CELTTV\" \/>\n<meta property=\"og:description\" content=\"Sitio web de noticias de la localidad de Tornquist, provincia de Buenos Aires, Rep\u00fablica Argentina. Contenido propio originado por periodistas de CELTTV, el canal de TV local de la Cooperativa El\u00e9ctrica de Tornquist. Turismo, Pol\u00edtica, Sociedad, Deporte, Cultura y todo el contenido de inter\u00e9s general que la gente del pueblo y la regi\u00f3n debe conocer.\" \/>\n<meta property=\"og:url\" content=\"https:\/\/www.celttv.com.ar\/index.php\/2014\/07\/30\/el-club-union-construira-una-cancha-sintetica-de-futbol-8-conferencia-de-prensa\/\" \/>\n<meta property=\"og:site_name\" content=\"CELTTV\" \/>\n<meta property=\"article:publisher\" content=\"https:\/\/www.facebook.com\/celtTV\/\" \/>\n<meta property=\"article:published_time\" content=\"2014-07-30T21:13:36+00:00\" \/>\n<meta name=\"author\" content=\"ulises\" \/>\n<meta name=\"twitter:card\" content=\"summary_large_image\" \/>\n<meta name=\"twitter:label1\" content=\"Escrito por\" \/>\n\t<meta name=\"twitter:data1\" content=\"ulises\" \/>\n\t<meta name=\"twitter:label2\" content=\"Tiempo de lectura\" \/>\n\t<meta name=\"twitter:data2\" content=\"1 minuto\" \/>\n<script type=\"application\/ld+json\" class=\"yoast-schema-graph\">{\"@context\":\"https:\/\/schema.org\",\"@graph\":[{\"@type\":\"NewsArticle\",\"@id\":\"https:\/\/www.celttv.com.ar\/index.php\/2014\/07\/30\/el-club-union-construira-una-cancha-sintetica-de-futbol-8-conferencia-de-prensa\/#article\",\"isPartOf\":{\"@id\":\"https:\/\/www.celttv.com.ar\/index.php\/2014\/07\/30\/el-club-union-construira-una-cancha-sintetica-de-futbol-8-conferencia-de-prensa\/\"},\"author\":{\"name\":\"ulises\",\"@id\":\"https:\/\/www.celttv.com.ar\/#\/schema\/person\/6d99c072dba59953809c81446e9d0ace\"},\"headline\":\"EL CLUB UNION CONSTRUIR\u00c1 UNA CANCHA SINT\u00c9TICA DE F\u00daTBOL 8 (Conferencia de prensa)\",\"datePublished\":\"2014-07-30T21:13:36+00:00\",\"dateModified\":\"2014-07-30T21:13:36+00:00\",\"mainEntityOfPage\":{\"@id\":\"https:\/\/www.celttv.com.ar\/index.php\/2014\/07\/30\/el-club-union-construira-una-cancha-sintetica-de-futbol-8-conferencia-de-prensa\/\"},\"wordCount\":211,\"publisher\":{\"@id\":\"https:\/\/www.celttv.com.ar\/#organization\"},\"articleSection\":[\"Comunidad\",\"Deporte\",\"Destacadas\",\"Videos Destacados\"],\"inLanguage\":\"es\"},{\"@type\":\"WebPage\",\"@id\":\"https:\/\/www.celttv.com.ar\/index.php\/2014\/07\/30\/el-club-union-construira-una-cancha-sintetica-de-futbol-8-conferencia-de-prensa\/\",\"url\":\"https:\/\/www.celttv.com.ar\/index.php\/2014\/07\/30\/el-club-union-construira-una-cancha-sintetica-de-futbol-8-conferencia-de-prensa\/\",\"name\":\"EL CLUB UNION CONSTRUIR\u00c1 UNA CANCHA SINT\u00c9TICA DE F\u00daTBOL 8 (Conferencia de prensa) - CELTTV\",\"isPartOf\":{\"@id\":\"https:\/\/www.celttv.com.ar\/#website\"},\"datePublished\":\"2014-07-30T21:13:36+00:00\",\"dateModified\":\"2014-07-30T21:13:36+00:00\",\"description\":\"Sitio web de noticias de la localidad de Tornquist, provincia de Buenos Aires, Rep\u00fablica Argentina. Contenido propio originado por periodistas de CELTTV, el canal de TV local de la Cooperativa El\u00e9ctrica de Tornquist. Turismo, Pol\u00edtica, Sociedad, Deporte, Cultura y todo el contenido de inter\u00e9s general que la gente del pueblo y la regi\u00f3n debe conocer.\",\"breadcrumb\":{\"@id\":\"https:\/\/www.celttv.com.ar\/index.php\/2014\/07\/30\/el-club-union-construira-una-cancha-sintetica-de-futbol-8-conferencia-de-prensa\/#breadcrumb\"},\"inLanguage\":\"es\",\"potentialAction\":[{\"@type\":\"ReadAction\",\"target\":[\"https:\/\/www.celttv.com.ar\/index.php\/2014\/07\/30\/el-club-union-construira-una-cancha-sintetica-de-futbol-8-conferencia-de-prensa\/\"]}]},{\"@type\":\"BreadcrumbList\",\"@id\":\"https:\/\/www.celttv.com.ar\/index.php\/2014\/07\/30\/el-club-union-construira-una-cancha-sintetica-de-futbol-8-conferencia-de-prensa\/#breadcrumb\",\"itemListElement\":[{\"@type\":\"ListItem\",\"position\":1,\"name\":\"Inicio\",\"item\":\"https:\/\/www.celttv.com.ar\/\"},{\"@type\":\"ListItem\",\"position\":2,\"name\":\"EL CLUB UNION CONSTRUIR\u00c1 UNA CANCHA SINT\u00c9TICA DE F\u00daTBOL 8 (Conferencia de prensa)\"}]},{\"@type\":\"WebSite\",\"@id\":\"https:\/\/www.celttv.com.ar\/#website\",\"url\":\"https:\/\/www.celttv.com.ar\/\",\"name\":\"CELTTV\",\"description\":\"Cooperativa El\u00e9ctrica de Tornquist\",\"publisher\":{\"@id\":\"https:\/\/www.celttv.com.ar\/#organization\"},\"potentialAction\":[{\"@type\":\"SearchAction\",\"target\":{\"@type\":\"EntryPoint\",\"urlTemplate\":\"https:\/\/www.celttv.com.ar\/?s={search_term_string}\"},\"query-input\":\"required name=search_term_string\"}],\"inLanguage\":\"es\"},{\"@type\":\"Organization\",\"@id\":\"https:\/\/www.celttv.com.ar\/#organization\",\"name\":\"CELTTV\",\"url\":\"https:\/\/www.celttv.com.ar\/\",\"sameAs\":[\"https:\/\/www.youtube.com\/channel\/UCz_oIt8Hig64Ub-EmcNPIhg\",\"https:\/\/www.facebook.com\/celtTV\/\"],\"logo\":{\"@type\":\"ImageObject\",\"inLanguage\":\"es\",\"@id\":\"https:\/\/www.celttv.com.ar\/#\/schema\/logo\/image\/\",\"url\":\"http:\/\/www.celttv.com.ar\/wp-content\/uploads\/2022\/08\/logo-1.png\",\"contentUrl\":\"http:\/\/www.celttv.com.ar\/wp-content\/uploads\/2022\/08\/logo-1.png\",\"width\":461,\"height\":159,\"caption\":\"CELTTV\"},\"image\":{\"@id\":\"https:\/\/www.celttv.com.ar\/#\/schema\/logo\/image\/\"}},{\"@type\":\"Person\",\"@id\":\"https:\/\/www.celttv.com.ar\/#\/schema\/person\/6d99c072dba59953809c81446e9d0ace\",\"name\":\"ulises\",\"image\":{\"@type\":\"ImageObject\",\"inLanguage\":\"es\",\"@id\":\"https:\/\/www.celttv.com.ar\/#\/schema\/person\/image\/\",\"url\":\"https:\/\/secure.gravatar.com\/avatar\/7f2c48bdc33b30088f941fb6082e555f2874c98e20cb159d7b92b50eadfce793?s=96&d=mm&r=g\",\"contentUrl\":\"https:\/\/secure.gravatar.com\/avatar\/7f2c48bdc33b30088f941fb6082e555f2874c98e20cb159d7b92b50eadfce793?s=96&d=mm&r=g\",\"caption\":\"ulises\"},\"sameAs\":[\"http:\/\/www.celttv.com.ar\"]}]}<\/script>\n<!-- \/ Yoast SEO plugin. -->","yoast_head_json":{"title":"EL CLUB UNION CONSTRUIR\u00c1 UNA CANCHA SINT\u00c9TICA DE F\u00daTBOL 8 (Conferencia de prensa) - CELTTV","description":"Sitio web de noticias de la localidad de Tornquist, provincia de Buenos Aires, Rep\u00fablica Argentina. Contenido propio originado por periodistas de CELTTV, el canal de TV local de la Cooperativa El\u00e9ctrica de Tornquist. Turismo, Pol\u00edtica, Sociedad, Deporte, Cultura y todo el contenido de inter\u00e9s general que la gente del pueblo y la regi\u00f3n debe conocer.","robots":{"index":"index","follow":"follow","max-snippet":"max-snippet:-1","max-image-preview":"max-image-preview:large","max-video-preview":"max-video-preview:-1"},"canonical":"https:\/\/www.celttv.com.ar\/index.php\/2014\/07\/30\/el-club-union-construira-una-cancha-sintetica-de-futbol-8-conferencia-de-prensa\/","og_locale":"es_ES","og_type":"article","og_title":"EL CLUB UNION CONSTRUIR\u00c1 UNA CANCHA SINT\u00c9TICA DE F\u00daTBOL 8 (Conferencia de prensa) - CELTTV","og_description":"Sitio web de noticias de la localidad de Tornquist, provincia de Buenos Aires, Rep\u00fablica Argentina. Contenido propio originado por periodistas de CELTTV, el canal de TV local de la Cooperativa El\u00e9ctrica de Tornquist. Turismo, Pol\u00edtica, Sociedad, Deporte, Cultura y todo el contenido de inter\u00e9s general que la gente del pueblo y la regi\u00f3n debe conocer.","og_url":"https:\/\/www.celttv.com.ar\/index.php\/2014\/07\/30\/el-club-union-construira-una-cancha-sintetica-de-futbol-8-conferencia-de-prensa\/","og_site_name":"CELTTV","article_publisher":"https:\/\/www.facebook.com\/celtTV\/","article_published_time":"2014-07-30T21:13:36+00:00","author":"ulises","twitter_card":"summary_large_image","twitter_misc":{"Escrito por":"ulises","Tiempo de lectura":"1 minuto"},"schema":{"@context":"https:\/\/schema.org","@graph":[{"@type":"NewsArticle","@id":"https:\/\/www.celttv.com.ar\/index.php\/2014\/07\/30\/el-club-union-construira-una-cancha-sintetica-de-futbol-8-conferencia-de-prensa\/#article","isPartOf":{"@id":"https:\/\/www.celttv.com.ar\/index.php\/2014\/07\/30\/el-club-union-construira-una-cancha-sintetica-de-futbol-8-conferencia-de-prensa\/"},"author":{"name":"ulises","@id":"https:\/\/www.celttv.com.ar\/#\/schema\/person\/6d99c072dba59953809c81446e9d0ace"},"headline":"EL CLUB UNION CONSTRUIR\u00c1 UNA CANCHA SINT\u00c9TICA DE F\u00daTBOL 8 (Conferencia de prensa)","datePublished":"2014-07-30T21:13:36+00:00","dateModified":"2014-07-30T21:13:36+00:00","mainEntityOfPage":{"@id":"https:\/\/www.celttv.com.ar\/index.php\/2014\/07\/30\/el-club-union-construira-una-cancha-sintetica-de-futbol-8-conferencia-de-prensa\/"},"wordCount":211,"publisher":{"@id":"https:\/\/www.celttv.com.ar\/#organization"},"articleSection":["Comunidad","Deporte","Destacadas","Videos Destacados"],"inLanguage":"es"},{"@type":"WebPage","@id":"https:\/\/www.celttv.com.ar\/index.php\/2014\/07\/30\/el-club-union-construira-una-cancha-sintetica-de-futbol-8-conferencia-de-prensa\/","url":"https:\/\/www.celttv.com.ar\/index.php\/2014\/07\/30\/el-club-union-construira-una-cancha-sintetica-de-futbol-8-conferencia-de-prensa\/","name":"EL CLUB UNION CONSTRUIR\u00c1 UNA CANCHA SINT\u00c9TICA DE F\u00daTBOL 8 (Conferencia de prensa) - CELTTV","isPartOf":{"@id":"https:\/\/www.celttv.com.ar\/#website"},"datePublished":"2014-07-30T21:13:36+00:00","dateModified":"2014-07-30T21:13:36+00:00","description":"Sitio web de noticias de la localidad de Tornquist, provincia de Buenos Aires, Rep\u00fablica Argentina. Contenido propio originado por periodistas de CELTTV, el canal de TV local de la Cooperativa El\u00e9ctrica de Tornquist. Turismo, Pol\u00edtica, Sociedad, Deporte, Cultura y todo el contenido de inter\u00e9s general que la gente del pueblo y la regi\u00f3n debe conocer.","breadcrumb":{"@id":"https:\/\/www.celttv.com.ar\/index.php\/2014\/07\/30\/el-club-union-construira-una-cancha-sintetica-de-futbol-8-conferencia-de-prensa\/#breadcrumb"},"inLanguage":"es","potentialAction":[{"@type":"ReadAction","target":["https:\/\/www.celttv.com.ar\/index.php\/2014\/07\/30\/el-club-union-construira-una-cancha-sintetica-de-futbol-8-conferencia-de-prensa\/"]}]},{"@type":"BreadcrumbList","@id":"https:\/\/www.celttv.com.ar\/index.php\/2014\/07\/30\/el-club-union-construira-una-cancha-sintetica-de-futbol-8-conferencia-de-prensa\/#breadcrumb","itemListElement":[{"@type":"ListItem","position":1,"name":"Inicio","item":"https:\/\/www.celttv.com.ar\/"},{"@type":"ListItem","position":2,"name":"EL CLUB UNION CONSTRUIR\u00c1 UNA CANCHA SINT\u00c9TICA DE F\u00daTBOL 8 (Conferencia de prensa)"}]},{"@type":"WebSite","@id":"https:\/\/www.celttv.com.ar\/#website","url":"https:\/\/www.celttv.com.ar\/","name":"CELTTV","description":"Cooperativa El\u00e9ctrica de Tornquist","publisher":{"@id":"https:\/\/www.celttv.com.ar\/#organization"},"potentialAction":[{"@type":"SearchAction","target":{"@type":"EntryPoint","urlTemplate":"https:\/\/www.celttv.com.ar\/?s={search_term_string}"},"query-input":"required name=search_term_string"}],"inLanguage":"es"},{"@type":"Organization","@id":"https:\/\/www.celttv.com.ar\/#organization","name":"CELTTV","url":"https:\/\/www.celttv.com.ar\/","sameAs":["https:\/\/www.youtube.com\/channel\/UCz_oIt8Hig64Ub-EmcNPIhg","https:\/\/www.facebook.com\/celtTV\/"],"logo":{"@type":"ImageObject","inLanguage":"es","@id":"https:\/\/www.celttv.com.ar\/#\/schema\/logo\/image\/","url":"http:\/\/www.celttv.com.ar\/wp-content\/uploads\/2022\/08\/logo-1.png","contentUrl":"http:\/\/www.celttv.com.ar\/wp-content\/uploads\/2022\/08\/logo-1.png","width":461,"height":159,"caption":"CELTTV"},"image":{"@id":"https:\/\/www.celttv.com.ar\/#\/schema\/logo\/image\/"}},{"@type":"Person","@id":"https:\/\/www.celttv.com.ar\/#\/schema\/person\/6d99c072dba59953809c81446e9d0ace","name":"ulises","image":{"@type":"ImageObject","inLanguage":"es","@id":"https:\/\/www.celttv.com.ar\/#\/schema\/person\/image\/","url":"https:\/\/secure.gravatar.com\/avatar\/7f2c48bdc33b30088f941fb6082e555f2874c98e20cb159d7b92b50eadfce793?s=96&d=mm&r=g","contentUrl":"https:\/\/secure.gravatar.com\/avatar\/7f2c48bdc33b30088f941fb6082e555f2874c98e20cb159d7b92b50eadfce793?s=96&d=mm&r=g","caption":"ulises"},"sameAs":["http:\/\/www.celttv.com.ar"]}]}},"_links":{"self":[{"href":"https:\/\/www.celttv.com.ar\/index.php\/wp-json\/wp\/v2\/posts\/22322","targetHints":{"allow":["GET"]}}],"collection":[{"href":"https:\/\/www.celttv.com.ar\/index.php\/wp-json\/wp\/v2\/posts"}],"about":[{"href":"https:\/\/www.celttv.com.ar\/index.php\/wp-json\/wp\/v2\/types\/post"}],"author":[{"embeddable":true,"href":"https:\/\/www.celttv.com.ar\/index.php\/wp-json\/wp\/v2\/users\/1"}],"replies":[{"embeddable":true,"href":"https:\/\/www.celttv.com.ar\/index.php\/wp-json\/wp\/v2\/comments?post=22322"}],"version-history":[{"count":0,"href":"https:\/\/www.celttv.com.ar\/index.php\/wp-json\/wp\/v2\/posts\/22322\/revisions"}],"wp:attachment":[{"href":"https:\/\/www.celttv.com.ar\/index.php\/wp-json\/wp\/v2\/media?parent=22322"}],"wp:term":[{"taxonomy":"category","embeddable":true,"href":"https:\/\/www.celttv.com.ar\/index.php\/wp-json\/wp\/v2\/categories?post=22322"},{"taxonomy":"post_tag","embeddable":true,"href":"https:\/\/www.celttv.com.ar\/index.php\/wp-json\/wp\/v2\/tags?post=22322"}],"curies":[{"name":"wp","href":"https:\/\/api.w.org\/{rel}","templated":true}]}}