{"id":22325,"date":"2014-07-30T22:53:19","date_gmt":"2014-07-30T22:53:19","guid":{"rendered":"http:\/\/www.tvcnoticias.com.ar\/?p=22325"},"modified":"2014-07-30T22:53:19","modified_gmt":"2014-07-30T22:53:19","slug":"hcd-informe-de-la-reunion-sobre-la-ordenanza-de-agroquimicos","status":"publish","type":"post","link":"https:\/\/www.celttv.com.ar\/index.php\/2014\/07\/30\/hcd-informe-de-la-reunion-sobre-la-ordenanza-de-agroquimicos\/","title":{"rendered":"HCD.:INFORME DE LA REUNION SOBRE LA ORDENANZA DE AGROQUIMICOS"},"content":{"rendered":"<p><a rel=\"attachment wp-att-22326\" href=\"http:\/\/www.tvcnoticias.com.ar\/?attachment_id=22326\"><img loading=\"lazy\" decoding=\"async\" class=\"aligncenter size-medium wp-image-22326\" title=\"28-07-14 003arreg (Medium)\" src=\"http:\/\/www.tvcnoticias.com.ar\/wp-content\/uploads\/2014\/07\/28-07-14-003arreg-Medium-450x327.jpg\" alt=\"\" width=\"450\" height=\"327\" \/><\/a><br \/>\nEl pasado lunes 28 de julio\u00a0 se dieron cita en el Honorable Concejo Deliberante el Jefe de la  Agencia de Extensi\u00f3n Rural del INTA\u00a0 Ingeniero\u00a0 Agr\u00f3nomo Federico Labarthe, el Presidente de la Asociaci\u00f3n Rural de Tornquist Sr. Alfredo Belardinelli acompa\u00f1ado por Lu\u00eds Tordini, el Ingeniero Agr\u00f3nomo Cristian Kleine, el Secretario de Producci\u00f3n y Medio Ambiente Sr. Ricardo Valentini, el Director de Producci\u00f3n y Medio Ambiente Sr. Walter Taylor, la Secretaria de Salud y Bromatolog\u00eda Sra. Mirta \u00c1vila, el Inspector Municipal Sr. Alberto Gonz\u00e1lvez, y\u00a0 Concejales pertenecientes a los distintos Bloques partidarios, para analizar el proyecto presentado en Sesi\u00f3n Ordinaria de fecha 1 de julio, que diera origen al Expediente N\u00ba 6634\/14 caratulado \u201cBloques Frente para la  Victoria y Frente Renovador- Proyecto de Ordenanza: Ref. Correcto Manejo de Agroqu\u00edmicos\u201d.<br \/>\n&nbsp;<br \/>\nLa reuni\u00f3n fue organizada seg\u00fan dictamen de las Comisiones de Ecolog\u00eda y Medio Ambiente; Interpretaci\u00f3n y\u00a0 Reglamento; Producci\u00f3n, Comercio e Industria; Salud P\u00fablica; Asuntos Municipales; y Presupuesto y Hacienda, aprobado por unanimidad en la Sesi\u00f3n Ordinaria de fecha 15 de julio del presente a\u00f1o.<br \/>\n&nbsp;<br \/>\nAnte la ausencia del Presidente del Concejo Deliberante Concejal Sergio Bordoni coordina la reuni\u00f3n el Vicepresidente Primero Concejal Gustavo Moroncini.<br \/>\n&nbsp;<br \/>\nAl comienzo, el Ing. Labarthe dej\u00f3 en claro su malestar ante la presentaci\u00f3n de este proyecto por parte de algunos de los \u00a0Bloques del Concejo, aduciendo que se cre\u00f3 una Mesa Distrital que estaba trabajando en esta ordenanza, con distintos actores involucrados en la tem\u00e1tica. Entre otros dichos expres\u00f3 no estar de acuerdo con que se \u201cpolitice la utilizaci\u00f3n de la figura de la instituci\u00f3n\u201d refiri\u00e9ndose al organismo que \u00e9l representa. Reclam\u00f3 que falt\u00f3 una reuni\u00f3n de la Mesa antes de la presentaci\u00f3n oficial del proyecto. Postura parecida fue planteada por el Sr. Belardinelli desde al Sociedad Rural, quien manifest\u00f3 entre otros comentarios \u201c\u2026porqu\u00e9 se sac\u00f3 de la mesa y se present\u00f3 el proyecto\u2026\u201d. Por su parte, desde los Bloques autores del mismo, la Concejal Graciela Musso dijo que en gran parte era responsabilidad suya, que \u201cla idea era plantar la ordenanza\u201d como tema para analizar, el Concejal V\u00edctor Ant\u00f3n pidi\u00f3 disculpas aclarando que no hubo por parte de su Bloque \u00a0mala intenci\u00f3n al presentar el proyecto, al igual que la Concejal Mar\u00eda Ofelia Skolak que adhiri\u00f3 a los comentarios de sus pares. Por su parte, la Concejal Noel\u00ed Kloster agreg\u00f3 que este proyecto es perfectible, se le pueden hacer todas las modificaciones necesarias, es m\u00e1s, la  Concejal\u00a0 Skolak manifest\u00f3 que de ser necesario, se puede modificar la ordenanza en su totalidad.<br \/>\n&nbsp;<br \/>\nPasadas estas aclaraciones, se comenz\u00f3 a analizar el proyecto art\u00edculo por art\u00edculo, tratando de tener en cuenta las diferentes variables. Se ley\u00f3 una \u00a0nota enviada por el Ing. Agr\u00f3nomo Ponciano D. C\u00e1rdenas, Agente del Ministerio de Asuntos Agrarios de la Pcia. de Buenos Aires, quien\u00a0 al no poder asistir a la reuni\u00f3n argument\u00f3 en detalle\u00a0 su opini\u00f3n respecto a distintos art\u00edculos del proyecto.<br \/>\n&nbsp;<br \/>\nEl Sr. Belardinelli inform\u00f3 a los presentes que el d\u00eda 12 de agosto se realizar\u00e1 una reuni\u00f3n en la Ciudad de Coronel Su\u00e1rez con una muestra del uso de agroqu\u00edmicos, \u00a0a la que acordaron\u00a0 asistir de ser posible, \u00a0para continuar interioriz\u00e1ndose en el tema, y seguir con el an\u00e1lisis del proyecto.<br \/>\n&nbsp;<br \/>\n&nbsp;<\/p>\n","protected":false},"excerpt":{"rendered":"<p>El pasado lunes 28 de julio\u00a0 se dieron cita en el Honorable Concejo Deliberante el Jefe de la Agencia de Extensi\u00f3n Rural del INTA\u00a0 Ingeniero\u00a0 Agr\u00f3nomo Federico Labarthe, el Presidente de la Asociaci\u00f3n Rural de Tornquist Sr. Alfredo Belardinelli acompa\u00f1ado por Lu\u00eds Tordini, el Ingeniero Agr\u00f3nomo Cristian Kleine, el Secretario de Producci\u00f3n y Medio Ambiente [&hellip;]<\/p>\n","protected":false},"author":1,"featured_media":0,"comment_status":"closed","ping_status":"open","sticky":false,"template":"","format":"standard","meta":{"footnotes":""},"categories":[51,52,53],"tags":[],"class_list":["post-22325","post","type-post","status-publish","format-standard","hentry","category-comunidad","category-destacadas","category-politica"],"yoast_head":"<!-- This site is optimized with the Yoast SEO plugin v19.7.1 - https:\/\/yoast.com\/wordpress\/plugins\/seo\/ -->\n<title>HCD.:INFORME DE LA REUNION SOBRE LA ORDENANZA DE AGROQUIMICOS - CELTTV<\/title>\n<meta name=\"description\" content=\"Sitio web de noticias de la localidad de Tornquist, provincia de Buenos Aires, Rep\u00fablica Argentina. Contenido propio originado por periodistas de CELTTV, el canal de TV local de la Cooperativa El\u00e9ctrica de Tornquist. Turismo, Pol\u00edtica, Sociedad, Deporte, Cultura y todo el contenido de inter\u00e9s general que la gente del pueblo y la regi\u00f3n debe conocer.\" \/>\n<meta name=\"robots\" content=\"index, follow, max-snippet:-1, max-image-preview:large, max-video-preview:-1\" \/>\n<link rel=\"canonical\" href=\"https:\/\/www.celttv.com.ar\/index.php\/2014\/07\/30\/hcd-informe-de-la-reunion-sobre-la-ordenanza-de-agroquimicos\/\" \/>\n<meta property=\"og:locale\" content=\"es_ES\" \/>\n<meta property=\"og:type\" content=\"article\" \/>\n<meta property=\"og:title\" content=\"HCD.:INFORME DE LA REUNION SOBRE LA ORDENANZA DE AGROQUIMICOS - CELTTV\" \/>\n<meta property=\"og:description\" content=\"Sitio web de noticias de la localidad de Tornquist, provincia de Buenos Aires, Rep\u00fablica Argentina. Contenido propio originado por periodistas de CELTTV, el canal de TV local de la Cooperativa El\u00e9ctrica de Tornquist. Turismo, Pol\u00edtica, Sociedad, Deporte, Cultura y todo el contenido de inter\u00e9s general que la gente del pueblo y la regi\u00f3n debe conocer.\" \/>\n<meta property=\"og:url\" content=\"https:\/\/www.celttv.com.ar\/index.php\/2014\/07\/30\/hcd-informe-de-la-reunion-sobre-la-ordenanza-de-agroquimicos\/\" \/>\n<meta property=\"og:site_name\" content=\"CELTTV\" \/>\n<meta property=\"article:publisher\" content=\"https:\/\/www.facebook.com\/celtTV\/\" \/>\n<meta property=\"article:published_time\" content=\"2014-07-30T22:53:19+00:00\" \/>\n<meta property=\"og:image\" content=\"http:\/\/www.tvcnoticias.com.ar\/wp-content\/uploads\/2014\/07\/28-07-14-003arreg-Medium-450x327.jpg\" \/>\n<meta name=\"author\" content=\"ulises\" \/>\n<meta name=\"twitter:card\" content=\"summary_large_image\" \/>\n<meta name=\"twitter:label1\" content=\"Escrito por\" \/>\n\t<meta name=\"twitter:data1\" content=\"ulises\" \/>\n\t<meta name=\"twitter:label2\" content=\"Tiempo de lectura\" \/>\n\t<meta name=\"twitter:data2\" content=\"3 minutos\" \/>\n<script type=\"application\/ld+json\" class=\"yoast-schema-graph\">{\"@context\":\"https:\/\/schema.org\",\"@graph\":[{\"@type\":\"NewsArticle\",\"@id\":\"https:\/\/www.celttv.com.ar\/index.php\/2014\/07\/30\/hcd-informe-de-la-reunion-sobre-la-ordenanza-de-agroquimicos\/#article\",\"isPartOf\":{\"@id\":\"https:\/\/www.celttv.com.ar\/index.php\/2014\/07\/30\/hcd-informe-de-la-reunion-sobre-la-ordenanza-de-agroquimicos\/\"},\"author\":{\"name\":\"ulises\",\"@id\":\"https:\/\/www.celttv.com.ar\/#\/schema\/person\/6d99c072dba59953809c81446e9d0ace\"},\"headline\":\"HCD.:INFORME DE LA REUNION SOBRE LA ORDENANZA DE AGROQUIMICOS\",\"datePublished\":\"2014-07-30T22:53:19+00:00\",\"dateModified\":\"2014-07-30T22:53:19+00:00\",\"mainEntityOfPage\":{\"@id\":\"https:\/\/www.celttv.com.ar\/index.php\/2014\/07\/30\/hcd-informe-de-la-reunion-sobre-la-ordenanza-de-agroquimicos\/\"},\"wordCount\":590,\"publisher\":{\"@id\":\"https:\/\/www.celttv.com.ar\/#organization\"},\"articleSection\":[\"Comunidad\",\"Destacadas\",\"Pol\u00edtica\"],\"inLanguage\":\"es\"},{\"@type\":\"WebPage\",\"@id\":\"https:\/\/www.celttv.com.ar\/index.php\/2014\/07\/30\/hcd-informe-de-la-reunion-sobre-la-ordenanza-de-agroquimicos\/\",\"url\":\"https:\/\/www.celttv.com.ar\/index.php\/2014\/07\/30\/hcd-informe-de-la-reunion-sobre-la-ordenanza-de-agroquimicos\/\",\"name\":\"HCD.:INFORME DE LA REUNION SOBRE LA ORDENANZA DE AGROQUIMICOS - CELTTV\",\"isPartOf\":{\"@id\":\"https:\/\/www.celttv.com.ar\/#website\"},\"datePublished\":\"2014-07-30T22:53:19+00:00\",\"dateModified\":\"2014-07-30T22:53:19+00:00\",\"description\":\"Sitio web de noticias de la localidad de Tornquist, provincia de Buenos Aires, Rep\u00fablica Argentina. Contenido propio originado por periodistas de CELTTV, el canal de TV local de la Cooperativa El\u00e9ctrica de Tornquist. Turismo, Pol\u00edtica, Sociedad, Deporte, Cultura y todo el contenido de inter\u00e9s general que la gente del pueblo y la regi\u00f3n debe conocer.\",\"breadcrumb\":{\"@id\":\"https:\/\/www.celttv.com.ar\/index.php\/2014\/07\/30\/hcd-informe-de-la-reunion-sobre-la-ordenanza-de-agroquimicos\/#breadcrumb\"},\"inLanguage\":\"es\",\"potentialAction\":[{\"@type\":\"ReadAction\",\"target\":[\"https:\/\/www.celttv.com.ar\/index.php\/2014\/07\/30\/hcd-informe-de-la-reunion-sobre-la-ordenanza-de-agroquimicos\/\"]}]},{\"@type\":\"BreadcrumbList\",\"@id\":\"https:\/\/www.celttv.com.ar\/index.php\/2014\/07\/30\/hcd-informe-de-la-reunion-sobre-la-ordenanza-de-agroquimicos\/#breadcrumb\",\"itemListElement\":[{\"@type\":\"ListItem\",\"position\":1,\"name\":\"Inicio\",\"item\":\"https:\/\/www.celttv.com.ar\/\"},{\"@type\":\"ListItem\",\"position\":2,\"name\":\"HCD.:INFORME DE LA REUNION SOBRE LA ORDENANZA DE AGROQUIMICOS\"}]},{\"@type\":\"WebSite\",\"@id\":\"https:\/\/www.celttv.com.ar\/#website\",\"url\":\"https:\/\/www.celttv.com.ar\/\",\"name\":\"CELTTV\",\"description\":\"Cooperativa El\u00e9ctrica de Tornquist\",\"publisher\":{\"@id\":\"https:\/\/www.celttv.com.ar\/#organization\"},\"potentialAction\":[{\"@type\":\"SearchAction\",\"target\":{\"@type\":\"EntryPoint\",\"urlTemplate\":\"https:\/\/www.celttv.com.ar\/?s={search_term_string}\"},\"query-input\":\"required name=search_term_string\"}],\"inLanguage\":\"es\"},{\"@type\":\"Organization\",\"@id\":\"https:\/\/www.celttv.com.ar\/#organization\",\"name\":\"CELTTV\",\"url\":\"https:\/\/www.celttv.com.ar\/\",\"sameAs\":[\"https:\/\/www.youtube.com\/channel\/UCz_oIt8Hig64Ub-EmcNPIhg\",\"https:\/\/www.facebook.com\/celtTV\/\"],\"logo\":{\"@type\":\"ImageObject\",\"inLanguage\":\"es\",\"@id\":\"https:\/\/www.celttv.com.ar\/#\/schema\/logo\/image\/\",\"url\":\"http:\/\/www.celttv.com.ar\/wp-content\/uploads\/2022\/08\/logo-1.png\",\"contentUrl\":\"http:\/\/www.celttv.com.ar\/wp-content\/uploads\/2022\/08\/logo-1.png\",\"width\":461,\"height\":159,\"caption\":\"CELTTV\"},\"image\":{\"@id\":\"https:\/\/www.celttv.com.ar\/#\/schema\/logo\/image\/\"}},{\"@type\":\"Person\",\"@id\":\"https:\/\/www.celttv.com.ar\/#\/schema\/person\/6d99c072dba59953809c81446e9d0ace\",\"name\":\"ulises\",\"image\":{\"@type\":\"ImageObject\",\"inLanguage\":\"es\",\"@id\":\"https:\/\/www.celttv.com.ar\/#\/schema\/person\/image\/\",\"url\":\"https:\/\/secure.gravatar.com\/avatar\/7f2c48bdc33b30088f941fb6082e555f2874c98e20cb159d7b92b50eadfce793?s=96&d=mm&r=g\",\"contentUrl\":\"https:\/\/secure.gravatar.com\/avatar\/7f2c48bdc33b30088f941fb6082e555f2874c98e20cb159d7b92b50eadfce793?s=96&d=mm&r=g\",\"caption\":\"ulises\"},\"sameAs\":[\"http:\/\/www.celttv.com.ar\"]}]}<\/script>\n<!-- \/ Yoast SEO plugin. -->","yoast_head_json":{"title":"HCD.:INFORME DE LA REUNION SOBRE LA ORDENANZA DE AGROQUIMICOS - CELTTV","description":"Sitio web de noticias de la localidad de Tornquist, provincia de Buenos Aires, Rep\u00fablica Argentina. Contenido propio originado por periodistas de CELTTV, el canal de TV local de la Cooperativa El\u00e9ctrica de Tornquist. Turismo, Pol\u00edtica, Sociedad, Deporte, Cultura y todo el contenido de inter\u00e9s general que la gente del pueblo y la regi\u00f3n debe conocer.","robots":{"index":"index","follow":"follow","max-snippet":"max-snippet:-1","max-image-preview":"max-image-preview:large","max-video-preview":"max-video-preview:-1"},"canonical":"https:\/\/www.celttv.com.ar\/index.php\/2014\/07\/30\/hcd-informe-de-la-reunion-sobre-la-ordenanza-de-agroquimicos\/","og_locale":"es_ES","og_type":"article","og_title":"HCD.:INFORME DE LA REUNION SOBRE LA ORDENANZA DE AGROQUIMICOS - CELTTV","og_description":"Sitio web de noticias de la localidad de Tornquist, provincia de Buenos Aires, Rep\u00fablica Argentina. Contenido propio originado por periodistas de CELTTV, el canal de TV local de la Cooperativa El\u00e9ctrica de Tornquist. Turismo, Pol\u00edtica, Sociedad, Deporte, Cultura y todo el contenido de inter\u00e9s general que la gente del pueblo y la regi\u00f3n debe conocer.","og_url":"https:\/\/www.celttv.com.ar\/index.php\/2014\/07\/30\/hcd-informe-de-la-reunion-sobre-la-ordenanza-de-agroquimicos\/","og_site_name":"CELTTV","article_publisher":"https:\/\/www.facebook.com\/celtTV\/","article_published_time":"2014-07-30T22:53:19+00:00","og_image":[{"url":"http:\/\/www.tvcnoticias.com.ar\/wp-content\/uploads\/2014\/07\/28-07-14-003arreg-Medium-450x327.jpg"}],"author":"ulises","twitter_card":"summary_large_image","twitter_misc":{"Escrito por":"ulises","Tiempo de lectura":"3 minutos"},"schema":{"@context":"https:\/\/schema.org","@graph":[{"@type":"NewsArticle","@id":"https:\/\/www.celttv.com.ar\/index.php\/2014\/07\/30\/hcd-informe-de-la-reunion-sobre-la-ordenanza-de-agroquimicos\/#article","isPartOf":{"@id":"https:\/\/www.celttv.com.ar\/index.php\/2014\/07\/30\/hcd-informe-de-la-reunion-sobre-la-ordenanza-de-agroquimicos\/"},"author":{"name":"ulises","@id":"https:\/\/www.celttv.com.ar\/#\/schema\/person\/6d99c072dba59953809c81446e9d0ace"},"headline":"HCD.:INFORME DE LA REUNION SOBRE LA ORDENANZA DE AGROQUIMICOS","datePublished":"2014-07-30T22:53:19+00:00","dateModified":"2014-07-30T22:53:19+00:00","mainEntityOfPage":{"@id":"https:\/\/www.celttv.com.ar\/index.php\/2014\/07\/30\/hcd-informe-de-la-reunion-sobre-la-ordenanza-de-agroquimicos\/"},"wordCount":590,"publisher":{"@id":"https:\/\/www.celttv.com.ar\/#organization"},"articleSection":["Comunidad","Destacadas","Pol\u00edtica"],"inLanguage":"es"},{"@type":"WebPage","@id":"https:\/\/www.celttv.com.ar\/index.php\/2014\/07\/30\/hcd-informe-de-la-reunion-sobre-la-ordenanza-de-agroquimicos\/","url":"https:\/\/www.celttv.com.ar\/index.php\/2014\/07\/30\/hcd-informe-de-la-reunion-sobre-la-ordenanza-de-agroquimicos\/","name":"HCD.:INFORME DE LA REUNION SOBRE LA ORDENANZA DE AGROQUIMICOS - CELTTV","isPartOf":{"@id":"https:\/\/www.celttv.com.ar\/#website"},"datePublished":"2014-07-30T22:53:19+00:00","dateModified":"2014-07-30T22:53:19+00:00","description":"Sitio web de noticias de la localidad de Tornquist, provincia de Buenos Aires, Rep\u00fablica Argentina. Contenido propio originado por periodistas de CELTTV, el canal de TV local de la Cooperativa El\u00e9ctrica de Tornquist. Turismo, Pol\u00edtica, Sociedad, Deporte, Cultura y todo el contenido de inter\u00e9s general que la gente del pueblo y la regi\u00f3n debe conocer.","breadcrumb":{"@id":"https:\/\/www.celttv.com.ar\/index.php\/2014\/07\/30\/hcd-informe-de-la-reunion-sobre-la-ordenanza-de-agroquimicos\/#breadcrumb"},"inLanguage":"es","potentialAction":[{"@type":"ReadAction","target":["https:\/\/www.celttv.com.ar\/index.php\/2014\/07\/30\/hcd-informe-de-la-reunion-sobre-la-ordenanza-de-agroquimicos\/"]}]},{"@type":"BreadcrumbList","@id":"https:\/\/www.celttv.com.ar\/index.php\/2014\/07\/30\/hcd-informe-de-la-reunion-sobre-la-ordenanza-de-agroquimicos\/#breadcrumb","itemListElement":[{"@type":"ListItem","position":1,"name":"Inicio","item":"https:\/\/www.celttv.com.ar\/"},{"@type":"ListItem","position":2,"name":"HCD.:INFORME DE LA REUNION SOBRE LA ORDENANZA DE AGROQUIMICOS"}]},{"@type":"WebSite","@id":"https:\/\/www.celttv.com.ar\/#website","url":"https:\/\/www.celttv.com.ar\/","name":"CELTTV","description":"Cooperativa El\u00e9ctrica de Tornquist","publisher":{"@id":"https:\/\/www.celttv.com.ar\/#organization"},"potentialAction":[{"@type":"SearchAction","target":{"@type":"EntryPoint","urlTemplate":"https:\/\/www.celttv.com.ar\/?s={search_term_string}"},"query-input":"required name=search_term_string"}],"inLanguage":"es"},{"@type":"Organization","@id":"https:\/\/www.celttv.com.ar\/#organization","name":"CELTTV","url":"https:\/\/www.celttv.com.ar\/","sameAs":["https:\/\/www.youtube.com\/channel\/UCz_oIt8Hig64Ub-EmcNPIhg","https:\/\/www.facebook.com\/celtTV\/"],"logo":{"@type":"ImageObject","inLanguage":"es","@id":"https:\/\/www.celttv.com.ar\/#\/schema\/logo\/image\/","url":"http:\/\/www.celttv.com.ar\/wp-content\/uploads\/2022\/08\/logo-1.png","contentUrl":"http:\/\/www.celttv.com.ar\/wp-content\/uploads\/2022\/08\/logo-1.png","width":461,"height":159,"caption":"CELTTV"},"image":{"@id":"https:\/\/www.celttv.com.ar\/#\/schema\/logo\/image\/"}},{"@type":"Person","@id":"https:\/\/www.celttv.com.ar\/#\/schema\/person\/6d99c072dba59953809c81446e9d0ace","name":"ulises","image":{"@type":"ImageObject","inLanguage":"es","@id":"https:\/\/www.celttv.com.ar\/#\/schema\/person\/image\/","url":"https:\/\/secure.gravatar.com\/avatar\/7f2c48bdc33b30088f941fb6082e555f2874c98e20cb159d7b92b50eadfce793?s=96&d=mm&r=g","contentUrl":"https:\/\/secure.gravatar.com\/avatar\/7f2c48bdc33b30088f941fb6082e555f2874c98e20cb159d7b92b50eadfce793?s=96&d=mm&r=g","caption":"ulises"},"sameAs":["http:\/\/www.celttv.com.ar"]}]}},"_links":{"self":[{"href":"https:\/\/www.celttv.com.ar\/index.php\/wp-json\/wp\/v2\/posts\/22325","targetHints":{"allow":["GET"]}}],"collection":[{"href":"https:\/\/www.celttv.com.ar\/index.php\/wp-json\/wp\/v2\/posts"}],"about":[{"href":"https:\/\/www.celttv.com.ar\/index.php\/wp-json\/wp\/v2\/types\/post"}],"author":[{"embeddable":true,"href":"https:\/\/www.celttv.com.ar\/index.php\/wp-json\/wp\/v2\/users\/1"}],"replies":[{"embeddable":true,"href":"https:\/\/www.celttv.com.ar\/index.php\/wp-json\/wp\/v2\/comments?post=22325"}],"version-history":[{"count":0,"href":"https:\/\/www.celttv.com.ar\/index.php\/wp-json\/wp\/v2\/posts\/22325\/revisions"}],"wp:attachment":[{"href":"https:\/\/www.celttv.com.ar\/index.php\/wp-json\/wp\/v2\/media?parent=22325"}],"wp:term":[{"taxonomy":"category","embeddable":true,"href":"https:\/\/www.celttv.com.ar\/index.php\/wp-json\/wp\/v2\/categories?post=22325"},{"taxonomy":"post_tag","embeddable":true,"href":"https:\/\/www.celttv.com.ar\/index.php\/wp-json\/wp\/v2\/tags?post=22325"}],"curies":[{"name":"wp","href":"https:\/\/api.w.org\/{rel}","templated":true}]}}