{"id":22343,"date":"2014-07-31T23:54:46","date_gmt":"2014-07-31T23:54:46","guid":{"rendered":"http:\/\/www.tvcnoticias.com.ar\/?p=22343"},"modified":"2014-07-31T23:54:46","modified_gmt":"2014-07-31T23:54:46","slug":"homenaje-al-futbol-en-el-cafe-literario-musical-de-la-biblioteca-popular","status":"publish","type":"post","link":"https:\/\/www.celttv.com.ar\/index.php\/2014\/07\/31\/homenaje-al-futbol-en-el-cafe-literario-musical-de-la-biblioteca-popular\/","title":{"rendered":"HOMENAJE AL &#8220;FUTBOL&#8221; EN EL CAFE LITERARIO MUSICAL DE LA BIBLIOTECA POPULAR"},"content":{"rendered":"<p><a href=\"https:\/\/www.youtube.com\/watch?v=hnt2LTdcijI\">httpv:\/\/www.youtube.com\/watch?v=hnt2LTdcijI<\/a><br \/>\n<a href=\"https:\/\/www.youtube.com\/watch?v=cazL84piOoU\">httpv:\/\/www.youtube.com\/watch?v=cazL84piOoU<\/a><br \/>\n<a href=\"https:\/\/www.youtube.com\/watch?v=FLkr4yZfE28\">httpv\/\/www.youtube.com\/watch?v=FLkr4yZfE28<\/a><br \/>\n<a href=\"https:\/\/www.youtube.com\/watch?v=lODgVKD7llE\">httpv:\/\/www.youtube.com\/watch?v=lODgVKD7llE<\/a><br \/>\n<a href=\"https:\/\/www.youtube.com\/watch?v=gkl-sEwofvw\">httpv:\/\/www.youtube.com\/watch?v=gkl-sEwofvw<\/a><br \/>\n<a href=\"https:\/\/www.youtube.com\/watch?v=8ulQK3Ja434\">httpv:\/\/www.youtube.com\/watch?v=8ulQK3Ja434<\/a><br \/>\n<a href=\"https:\/\/www.youtube.com\/watch?v=hdAeqRUJoWY\">httpv:\/\/www.youtube.com\/watch?v=hdAeqRUJoWY<\/a><br \/>\n<a href=\"https:\/\/www.youtube.com\/watch?v=QCT5sQvIxVA\">httpv:\/\/www.youtube.com\/watch?v=QCT5sQvIxVA<\/a><br \/>\n<a href=\"https:\/\/www.youtube.com\/watch?v=uNOD5mddUr8\">httpv:\/\/www.youtube.com\/watch?v=uNOD5mddUr8<\/a><br \/>\n<a href=\"https:\/\/www.youtube.com\/watch?v=7D1kHZR0AGg\">httpv:\/\/www.youtube.com\/watch?v=7D1kHZR0AGg<\/a><br \/>\n<a href=\"https:\/\/www.youtube.com\/watch?v=dRsNcCBtkos\">httpv:\/\/www.youtube.com\/watch?v=dRsNcCBtkos<\/a><br \/>\n<a href=\"https:\/\/www.youtube.com\/watch?v=QYBuGlKawoA\">httpv:\/\/www.youtube.com\/watch?v=QYBuGlKawoA<\/a><br \/>\nEn una calidad &#8220;velada&#8221;, periodistas deportivos de la ciudad con la &#8220;batuta&#8221; de Roberto Mutti, el aporte musical de Carlos Polak y German Scharff y la prof. Julia Mora, brindaron su homenaje al f\u00fatbol, en el marco de un nuevo caf\u00e9 literario musical realizado en la Biblioteca Popular &#8220;Ernesto Tornquist&#8221;.<\/p>\n","protected":false},"excerpt":{"rendered":"<p>httpv:\/\/www.youtube.com\/watch?v=hnt2LTdcijI httpv:\/\/www.youtube.com\/watch?v=cazL84piOoU httpv\/\/www.youtube.com\/watch?v=FLkr4yZfE28 httpv:\/\/www.youtube.com\/watch?v=lODgVKD7llE httpv:\/\/www.youtube.com\/watch?v=gkl-sEwofvw httpv:\/\/www.youtube.com\/watch?v=8ulQK3Ja434 httpv:\/\/www.youtube.com\/watch?v=hdAeqRUJoWY httpv:\/\/www.youtube.com\/watch?v=QCT5sQvIxVA httpv:\/\/www.youtube.com\/watch?v=uNOD5mddUr8 httpv:\/\/www.youtube.com\/watch?v=7D1kHZR0AGg httpv:\/\/www.youtube.com\/watch?v=dRsNcCBtkos httpv:\/\/www.youtube.com\/watch?v=QYBuGlKawoA En una calidad &#8220;velada&#8221;, periodistas deportivos de la ciudad con la &#8220;batuta&#8221; de Roberto Mutti, el aporte musical de Carlos Polak y German Scharff y la prof. Julia Mora, brindaron su homenaje al f\u00fatbol, en el marco de un nuevo caf\u00e9 literario musical [&hellip;]<\/p>\n","protected":false},"author":1,"featured_media":0,"comment_status":"closed","ping_status":"open","sticky":false,"template":"","format":"standard","meta":{"footnotes":""},"categories":[51,60,52,64],"tags":[],"class_list":["post-22343","post","type-post","status-publish","format-standard","hentry","category-comunidad","category-deporte","category-destacadas","category-videos-destacados"],"yoast_head":"<!-- This site is optimized with the Yoast SEO plugin v19.7.1 - https:\/\/yoast.com\/wordpress\/plugins\/seo\/ -->\n<title>HOMENAJE AL &quot;FUTBOL&quot; EN EL CAFE LITERARIO MUSICAL DE LA BIBLIOTECA POPULAR - CELTTV<\/title>\n<meta name=\"description\" content=\"Sitio web de noticias de la localidad de Tornquist, provincia de Buenos Aires, Rep\u00fablica Argentina. Contenido propio originado por periodistas de CELTTV, el canal de TV local de la Cooperativa El\u00e9ctrica de Tornquist. Turismo, Pol\u00edtica, Sociedad, Deporte, Cultura y todo el contenido de inter\u00e9s general que la gente del pueblo y la regi\u00f3n debe conocer.\" \/>\n<meta name=\"robots\" content=\"index, follow, max-snippet:-1, max-image-preview:large, max-video-preview:-1\" \/>\n<link rel=\"canonical\" href=\"https:\/\/www.celttv.com.ar\/index.php\/2014\/07\/31\/homenaje-al-futbol-en-el-cafe-literario-musical-de-la-biblioteca-popular\/\" \/>\n<meta property=\"og:locale\" content=\"es_ES\" \/>\n<meta property=\"og:type\" content=\"article\" \/>\n<meta property=\"og:title\" content=\"HOMENAJE AL &quot;FUTBOL&quot; EN EL CAFE LITERARIO MUSICAL DE LA BIBLIOTECA POPULAR - CELTTV\" \/>\n<meta property=\"og:description\" content=\"Sitio web de noticias de la localidad de Tornquist, provincia de Buenos Aires, Rep\u00fablica Argentina. Contenido propio originado por periodistas de CELTTV, el canal de TV local de la Cooperativa El\u00e9ctrica de Tornquist. Turismo, Pol\u00edtica, Sociedad, Deporte, Cultura y todo el contenido de inter\u00e9s general que la gente del pueblo y la regi\u00f3n debe conocer.\" \/>\n<meta property=\"og:url\" content=\"https:\/\/www.celttv.com.ar\/index.php\/2014\/07\/31\/homenaje-al-futbol-en-el-cafe-literario-musical-de-la-biblioteca-popular\/\" \/>\n<meta property=\"og:site_name\" content=\"CELTTV\" \/>\n<meta property=\"article:publisher\" content=\"https:\/\/www.facebook.com\/celtTV\/\" \/>\n<meta property=\"article:published_time\" content=\"2014-07-31T23:54:46+00:00\" \/>\n<meta name=\"author\" content=\"ulises\" \/>\n<meta name=\"twitter:card\" content=\"summary_large_image\" \/>\n<meta name=\"twitter:label1\" content=\"Escrito por\" \/>\n\t<meta name=\"twitter:data1\" content=\"ulises\" \/>\n\t<meta name=\"twitter:label2\" content=\"Tiempo de lectura\" \/>\n\t<meta name=\"twitter:data2\" content=\"1 minuto\" \/>\n<script type=\"application\/ld+json\" class=\"yoast-schema-graph\">{\"@context\":\"https:\/\/schema.org\",\"@graph\":[{\"@type\":\"NewsArticle\",\"@id\":\"https:\/\/www.celttv.com.ar\/index.php\/2014\/07\/31\/homenaje-al-futbol-en-el-cafe-literario-musical-de-la-biblioteca-popular\/#article\",\"isPartOf\":{\"@id\":\"https:\/\/www.celttv.com.ar\/index.php\/2014\/07\/31\/homenaje-al-futbol-en-el-cafe-literario-musical-de-la-biblioteca-popular\/\"},\"author\":{\"name\":\"ulises\",\"@id\":\"https:\/\/www.celttv.com.ar\/#\/schema\/person\/6d99c072dba59953809c81446e9d0ace\"},\"headline\":\"HOMENAJE AL &#8220;FUTBOL&#8221; EN EL CAFE LITERARIO MUSICAL DE LA BIBLIOTECA POPULAR\",\"datePublished\":\"2014-07-31T23:54:46+00:00\",\"dateModified\":\"2014-07-31T23:54:46+00:00\",\"mainEntityOfPage\":{\"@id\":\"https:\/\/www.celttv.com.ar\/index.php\/2014\/07\/31\/homenaje-al-futbol-en-el-cafe-literario-musical-de-la-biblioteca-popular\/\"},\"wordCount\":156,\"publisher\":{\"@id\":\"https:\/\/www.celttv.com.ar\/#organization\"},\"articleSection\":[\"Comunidad\",\"Deporte\",\"Destacadas\",\"Videos Destacados\"],\"inLanguage\":\"es\"},{\"@type\":\"WebPage\",\"@id\":\"https:\/\/www.celttv.com.ar\/index.php\/2014\/07\/31\/homenaje-al-futbol-en-el-cafe-literario-musical-de-la-biblioteca-popular\/\",\"url\":\"https:\/\/www.celttv.com.ar\/index.php\/2014\/07\/31\/homenaje-al-futbol-en-el-cafe-literario-musical-de-la-biblioteca-popular\/\",\"name\":\"HOMENAJE AL \\\"FUTBOL\\\" EN EL CAFE LITERARIO MUSICAL DE LA BIBLIOTECA POPULAR - CELTTV\",\"isPartOf\":{\"@id\":\"https:\/\/www.celttv.com.ar\/#website\"},\"datePublished\":\"2014-07-31T23:54:46+00:00\",\"dateModified\":\"2014-07-31T23:54:46+00:00\",\"description\":\"Sitio web de noticias de la localidad de Tornquist, provincia de Buenos Aires, Rep\u00fablica Argentina. Contenido propio originado por periodistas de CELTTV, el canal de TV local de la Cooperativa El\u00e9ctrica de Tornquist. Turismo, Pol\u00edtica, Sociedad, Deporte, Cultura y todo el contenido de inter\u00e9s general que la gente del pueblo y la regi\u00f3n debe conocer.\",\"breadcrumb\":{\"@id\":\"https:\/\/www.celttv.com.ar\/index.php\/2014\/07\/31\/homenaje-al-futbol-en-el-cafe-literario-musical-de-la-biblioteca-popular\/#breadcrumb\"},\"inLanguage\":\"es\",\"potentialAction\":[{\"@type\":\"ReadAction\",\"target\":[\"https:\/\/www.celttv.com.ar\/index.php\/2014\/07\/31\/homenaje-al-futbol-en-el-cafe-literario-musical-de-la-biblioteca-popular\/\"]}]},{\"@type\":\"BreadcrumbList\",\"@id\":\"https:\/\/www.celttv.com.ar\/index.php\/2014\/07\/31\/homenaje-al-futbol-en-el-cafe-literario-musical-de-la-biblioteca-popular\/#breadcrumb\",\"itemListElement\":[{\"@type\":\"ListItem\",\"position\":1,\"name\":\"Inicio\",\"item\":\"https:\/\/www.celttv.com.ar\/\"},{\"@type\":\"ListItem\",\"position\":2,\"name\":\"HOMENAJE AL &#8220;FUTBOL&#8221; EN EL CAFE LITERARIO MUSICAL DE LA BIBLIOTECA POPULAR\"}]},{\"@type\":\"WebSite\",\"@id\":\"https:\/\/www.celttv.com.ar\/#website\",\"url\":\"https:\/\/www.celttv.com.ar\/\",\"name\":\"CELTTV\",\"description\":\"Cooperativa El\u00e9ctrica de Tornquist\",\"publisher\":{\"@id\":\"https:\/\/www.celttv.com.ar\/#organization\"},\"potentialAction\":[{\"@type\":\"SearchAction\",\"target\":{\"@type\":\"EntryPoint\",\"urlTemplate\":\"https:\/\/www.celttv.com.ar\/?s={search_term_string}\"},\"query-input\":\"required name=search_term_string\"}],\"inLanguage\":\"es\"},{\"@type\":\"Organization\",\"@id\":\"https:\/\/www.celttv.com.ar\/#organization\",\"name\":\"CELTTV\",\"url\":\"https:\/\/www.celttv.com.ar\/\",\"sameAs\":[\"https:\/\/www.youtube.com\/channel\/UCz_oIt8Hig64Ub-EmcNPIhg\",\"https:\/\/www.facebook.com\/celtTV\/\"],\"logo\":{\"@type\":\"ImageObject\",\"inLanguage\":\"es\",\"@id\":\"https:\/\/www.celttv.com.ar\/#\/schema\/logo\/image\/\",\"url\":\"http:\/\/www.celttv.com.ar\/wp-content\/uploads\/2022\/08\/logo-1.png\",\"contentUrl\":\"http:\/\/www.celttv.com.ar\/wp-content\/uploads\/2022\/08\/logo-1.png\",\"width\":461,\"height\":159,\"caption\":\"CELTTV\"},\"image\":{\"@id\":\"https:\/\/www.celttv.com.ar\/#\/schema\/logo\/image\/\"}},{\"@type\":\"Person\",\"@id\":\"https:\/\/www.celttv.com.ar\/#\/schema\/person\/6d99c072dba59953809c81446e9d0ace\",\"name\":\"ulises\",\"image\":{\"@type\":\"ImageObject\",\"inLanguage\":\"es\",\"@id\":\"https:\/\/www.celttv.com.ar\/#\/schema\/person\/image\/\",\"url\":\"https:\/\/secure.gravatar.com\/avatar\/7f2c48bdc33b30088f941fb6082e555f2874c98e20cb159d7b92b50eadfce793?s=96&d=mm&r=g\",\"contentUrl\":\"https:\/\/secure.gravatar.com\/avatar\/7f2c48bdc33b30088f941fb6082e555f2874c98e20cb159d7b92b50eadfce793?s=96&d=mm&r=g\",\"caption\":\"ulises\"},\"sameAs\":[\"http:\/\/www.celttv.com.ar\"]}]}<\/script>\n<!-- \/ Yoast SEO plugin. -->","yoast_head_json":{"title":"HOMENAJE AL \"FUTBOL\" EN EL CAFE LITERARIO MUSICAL DE LA BIBLIOTECA POPULAR - CELTTV","description":"Sitio web de noticias de la localidad de Tornquist, provincia de Buenos Aires, Rep\u00fablica Argentina. Contenido propio originado por periodistas de CELTTV, el canal de TV local de la Cooperativa El\u00e9ctrica de Tornquist. Turismo, Pol\u00edtica, Sociedad, Deporte, Cultura y todo el contenido de inter\u00e9s general que la gente del pueblo y la regi\u00f3n debe conocer.","robots":{"index":"index","follow":"follow","max-snippet":"max-snippet:-1","max-image-preview":"max-image-preview:large","max-video-preview":"max-video-preview:-1"},"canonical":"https:\/\/www.celttv.com.ar\/index.php\/2014\/07\/31\/homenaje-al-futbol-en-el-cafe-literario-musical-de-la-biblioteca-popular\/","og_locale":"es_ES","og_type":"article","og_title":"HOMENAJE AL \"FUTBOL\" EN EL CAFE LITERARIO MUSICAL DE LA BIBLIOTECA POPULAR - CELTTV","og_description":"Sitio web de noticias de la localidad de Tornquist, provincia de Buenos Aires, Rep\u00fablica Argentina. Contenido propio originado por periodistas de CELTTV, el canal de TV local de la Cooperativa El\u00e9ctrica de Tornquist. Turismo, Pol\u00edtica, Sociedad, Deporte, Cultura y todo el contenido de inter\u00e9s general que la gente del pueblo y la regi\u00f3n debe conocer.","og_url":"https:\/\/www.celttv.com.ar\/index.php\/2014\/07\/31\/homenaje-al-futbol-en-el-cafe-literario-musical-de-la-biblioteca-popular\/","og_site_name":"CELTTV","article_publisher":"https:\/\/www.facebook.com\/celtTV\/","article_published_time":"2014-07-31T23:54:46+00:00","author":"ulises","twitter_card":"summary_large_image","twitter_misc":{"Escrito por":"ulises","Tiempo de lectura":"1 minuto"},"schema":{"@context":"https:\/\/schema.org","@graph":[{"@type":"NewsArticle","@id":"https:\/\/www.celttv.com.ar\/index.php\/2014\/07\/31\/homenaje-al-futbol-en-el-cafe-literario-musical-de-la-biblioteca-popular\/#article","isPartOf":{"@id":"https:\/\/www.celttv.com.ar\/index.php\/2014\/07\/31\/homenaje-al-futbol-en-el-cafe-literario-musical-de-la-biblioteca-popular\/"},"author":{"name":"ulises","@id":"https:\/\/www.celttv.com.ar\/#\/schema\/person\/6d99c072dba59953809c81446e9d0ace"},"headline":"HOMENAJE AL &#8220;FUTBOL&#8221; EN EL CAFE LITERARIO MUSICAL DE LA BIBLIOTECA POPULAR","datePublished":"2014-07-31T23:54:46+00:00","dateModified":"2014-07-31T23:54:46+00:00","mainEntityOfPage":{"@id":"https:\/\/www.celttv.com.ar\/index.php\/2014\/07\/31\/homenaje-al-futbol-en-el-cafe-literario-musical-de-la-biblioteca-popular\/"},"wordCount":156,"publisher":{"@id":"https:\/\/www.celttv.com.ar\/#organization"},"articleSection":["Comunidad","Deporte","Destacadas","Videos Destacados"],"inLanguage":"es"},{"@type":"WebPage","@id":"https:\/\/www.celttv.com.ar\/index.php\/2014\/07\/31\/homenaje-al-futbol-en-el-cafe-literario-musical-de-la-biblioteca-popular\/","url":"https:\/\/www.celttv.com.ar\/index.php\/2014\/07\/31\/homenaje-al-futbol-en-el-cafe-literario-musical-de-la-biblioteca-popular\/","name":"HOMENAJE AL \"FUTBOL\" EN EL CAFE LITERARIO MUSICAL DE LA BIBLIOTECA POPULAR - CELTTV","isPartOf":{"@id":"https:\/\/www.celttv.com.ar\/#website"},"datePublished":"2014-07-31T23:54:46+00:00","dateModified":"2014-07-31T23:54:46+00:00","description":"Sitio web de noticias de la localidad de Tornquist, provincia de Buenos Aires, Rep\u00fablica Argentina. Contenido propio originado por periodistas de CELTTV, el canal de TV local de la Cooperativa El\u00e9ctrica de Tornquist. Turismo, Pol\u00edtica, Sociedad, Deporte, Cultura y todo el contenido de inter\u00e9s general que la gente del pueblo y la regi\u00f3n debe conocer.","breadcrumb":{"@id":"https:\/\/www.celttv.com.ar\/index.php\/2014\/07\/31\/homenaje-al-futbol-en-el-cafe-literario-musical-de-la-biblioteca-popular\/#breadcrumb"},"inLanguage":"es","potentialAction":[{"@type":"ReadAction","target":["https:\/\/www.celttv.com.ar\/index.php\/2014\/07\/31\/homenaje-al-futbol-en-el-cafe-literario-musical-de-la-biblioteca-popular\/"]}]},{"@type":"BreadcrumbList","@id":"https:\/\/www.celttv.com.ar\/index.php\/2014\/07\/31\/homenaje-al-futbol-en-el-cafe-literario-musical-de-la-biblioteca-popular\/#breadcrumb","itemListElement":[{"@type":"ListItem","position":1,"name":"Inicio","item":"https:\/\/www.celttv.com.ar\/"},{"@type":"ListItem","position":2,"name":"HOMENAJE AL &#8220;FUTBOL&#8221; EN EL CAFE LITERARIO MUSICAL DE LA BIBLIOTECA POPULAR"}]},{"@type":"WebSite","@id":"https:\/\/www.celttv.com.ar\/#website","url":"https:\/\/www.celttv.com.ar\/","name":"CELTTV","description":"Cooperativa El\u00e9ctrica de Tornquist","publisher":{"@id":"https:\/\/www.celttv.com.ar\/#organization"},"potentialAction":[{"@type":"SearchAction","target":{"@type":"EntryPoint","urlTemplate":"https:\/\/www.celttv.com.ar\/?s={search_term_string}"},"query-input":"required name=search_term_string"}],"inLanguage":"es"},{"@type":"Organization","@id":"https:\/\/www.celttv.com.ar\/#organization","name":"CELTTV","url":"https:\/\/www.celttv.com.ar\/","sameAs":["https:\/\/www.youtube.com\/channel\/UCz_oIt8Hig64Ub-EmcNPIhg","https:\/\/www.facebook.com\/celtTV\/"],"logo":{"@type":"ImageObject","inLanguage":"es","@id":"https:\/\/www.celttv.com.ar\/#\/schema\/logo\/image\/","url":"http:\/\/www.celttv.com.ar\/wp-content\/uploads\/2022\/08\/logo-1.png","contentUrl":"http:\/\/www.celttv.com.ar\/wp-content\/uploads\/2022\/08\/logo-1.png","width":461,"height":159,"caption":"CELTTV"},"image":{"@id":"https:\/\/www.celttv.com.ar\/#\/schema\/logo\/image\/"}},{"@type":"Person","@id":"https:\/\/www.celttv.com.ar\/#\/schema\/person\/6d99c072dba59953809c81446e9d0ace","name":"ulises","image":{"@type":"ImageObject","inLanguage":"es","@id":"https:\/\/www.celttv.com.ar\/#\/schema\/person\/image\/","url":"https:\/\/secure.gravatar.com\/avatar\/7f2c48bdc33b30088f941fb6082e555f2874c98e20cb159d7b92b50eadfce793?s=96&d=mm&r=g","contentUrl":"https:\/\/secure.gravatar.com\/avatar\/7f2c48bdc33b30088f941fb6082e555f2874c98e20cb159d7b92b50eadfce793?s=96&d=mm&r=g","caption":"ulises"},"sameAs":["http:\/\/www.celttv.com.ar"]}]}},"_links":{"self":[{"href":"https:\/\/www.celttv.com.ar\/index.php\/wp-json\/wp\/v2\/posts\/22343","targetHints":{"allow":["GET"]}}],"collection":[{"href":"https:\/\/www.celttv.com.ar\/index.php\/wp-json\/wp\/v2\/posts"}],"about":[{"href":"https:\/\/www.celttv.com.ar\/index.php\/wp-json\/wp\/v2\/types\/post"}],"author":[{"embeddable":true,"href":"https:\/\/www.celttv.com.ar\/index.php\/wp-json\/wp\/v2\/users\/1"}],"replies":[{"embeddable":true,"href":"https:\/\/www.celttv.com.ar\/index.php\/wp-json\/wp\/v2\/comments?post=22343"}],"version-history":[{"count":0,"href":"https:\/\/www.celttv.com.ar\/index.php\/wp-json\/wp\/v2\/posts\/22343\/revisions"}],"wp:attachment":[{"href":"https:\/\/www.celttv.com.ar\/index.php\/wp-json\/wp\/v2\/media?parent=22343"}],"wp:term":[{"taxonomy":"category","embeddable":true,"href":"https:\/\/www.celttv.com.ar\/index.php\/wp-json\/wp\/v2\/categories?post=22343"},{"taxonomy":"post_tag","embeddable":true,"href":"https:\/\/www.celttv.com.ar\/index.php\/wp-json\/wp\/v2\/tags?post=22343"}],"curies":[{"name":"wp","href":"https:\/\/api.w.org\/{rel}","templated":true}]}}