{"id":22346,"date":"2014-08-01T00:00:21","date_gmt":"2014-08-01T00:00:21","guid":{"rendered":"http:\/\/www.tvcnoticias.com.ar\/?p=22346"},"modified":"2014-08-01T00:00:21","modified_gmt":"2014-08-01T00:00:21","slug":"los-bomberos-voluntarios-de-tornquist-incorporaron-una-nueva-unidad-notas","status":"publish","type":"post","link":"https:\/\/www.celttv.com.ar\/index.php\/2014\/08\/01\/los-bomberos-voluntarios-de-tornquist-incorporaron-una-nueva-unidad-notas\/","title":{"rendered":"LOS BOMBEROS VOLUNTARIOS DE TORNQUIST INCORPORARON UNA NUEVA UNIDAD (notas)"},"content":{"rendered":"<p><a href=\"https:\/\/www.youtube.com\/watch?v=GgjCaGrulzQ\">httpv:\/\/www.youtube.com\/watch?v=GgjCaGrulzQ<\/a><br \/>\n<span style=\"font-size: x-small;\"><span style=\"font-family: Verdana, Arial, Helvetica, sans-serif;\">La Comisi\u00f3n Directiva\u00a0de\u00a0la Asociaci\u00f3n Cuerpo\u00a0de Bomberos Voluntarios de Tornquist, ha entregado al Cuerpo Activo de\u00a0la Instituci\u00f3n, una nueva unidad de transporte de personal, la misma se trata de una camioneta Toyota Hilux 2.4 4&#215;4, modelo 2010, adquirida recientemente.<\/span><\/span><br \/>\n<span style=\"font-size: x-small;\"><span style=\"font-family: Verdana, Arial, Helvetica, sans-serif;\">Dicha unidad designada como M\u00f3vil 09, que a partir del 25 de julio de 2014, paso a integrar el parque automotor de la entidad.<\/span><\/span><br \/>\n<span style=\"font-size: x-small;\"><span style=\"font-family: Verdana, Arial, Helvetica, sans-serif;\">El Presidente H\u00e9ctor Di Nunzio, se refiri\u00f3 al tema diciendo, \u201cIncorporamos una nueva unidad, de acuerdo a la necesidades expuestas por nuestra Jefatura y Oficiales.\u00a0Este nuevo veh\u00edculo se adquiere a ra\u00edz de la venta de dos m\u00f3viles y algo de dinero que ten\u00edamos destinado para esta compra. En los \u00faltimos cinco a\u00f1os, hemos trabajado constantemente para cubrir las necesidades de nuestro Cuerpo Activo, y en este trabajo hemos logrado renovar cinco unidades, seg\u00fan las caracter\u00edsticas solicitadas por nuestros bomberos.\u00a0Es un orgullo para toda\u00a0la Comisi\u00f3n Directiva, poder cumplir con los objetivos propuestos y seguir sumando las unidades y equipos, para que nuestros bomberos puedan cumplir con su funci\u00f3n.\u201d<\/span><\/span><br \/>\n<span style=\"font-size: x-small;\"><span style=\"font-family: Verdana, Arial, Helvetica, sans-serif;\">Al recibir la nueva unidad el Jefe de Cuerpos Comandante Mayor Mart\u00edn Haag, expres\u00f3, \u201cFelicito a toda\u00a0la Comisi\u00f3n Directiva\u00a0por el trabajo que vienen realizando constantemente para cubrir nuestras necesidades.Hace cinco a\u00f1os le elevamos a nuestra Comisi\u00f3n Directiva un listado de renovaci\u00f3n de unidades y que estas est\u00e9n acordes a las emergencias que nos toca cubrir en la actualidad, hoy hemos terminado de lograr esa renovaci\u00f3n y esto es merito del trabajo de todos, pero sobre todo, de la decisi\u00f3n de esta Comisi\u00f3n en tomar nuestras propuestas y plantearlas como objetivos a cumplir. Muchas gracias a todos los que integran esta Comisi\u00f3n y a seguir trabajando para cumplir nuevos objetivos\u201d.<\/span><\/span><br \/>\n<span style=\"font-size: x-small;\"><span style=\"font-family: Verdana, Arial, Helvetica, sans-serif;\">Prensa Bomberos<\/span><\/span><br \/>\n&nbsp;<\/p>\n","protected":false},"excerpt":{"rendered":"<p>httpv:\/\/www.youtube.com\/watch?v=GgjCaGrulzQ La Comisi\u00f3n Directiva\u00a0de\u00a0la Asociaci\u00f3n Cuerpo\u00a0de Bomberos Voluntarios de Tornquist, ha entregado al Cuerpo Activo de\u00a0la Instituci\u00f3n, una nueva unidad de transporte de personal, la misma se trata de una camioneta Toyota Hilux 2.4 4&#215;4, modelo 2010, adquirida recientemente. Dicha unidad designada como M\u00f3vil 09, que a partir del 25 de julio de 2014, paso [&hellip;]<\/p>\n","protected":false},"author":1,"featured_media":0,"comment_status":"closed","ping_status":"open","sticky":false,"template":"","format":"standard","meta":{"footnotes":""},"categories":[51,52,64],"tags":[],"class_list":["post-22346","post","type-post","status-publish","format-standard","hentry","category-comunidad","category-destacadas","category-videos-destacados"],"yoast_head":"<!-- This site is optimized with the Yoast SEO plugin v19.7.1 - https:\/\/yoast.com\/wordpress\/plugins\/seo\/ -->\n<title>LOS BOMBEROS VOLUNTARIOS DE TORNQUIST INCORPORARON UNA NUEVA UNIDAD (notas) - CELTTV<\/title>\n<meta name=\"description\" content=\"Sitio web de noticias de la localidad de Tornquist, provincia de Buenos Aires, Rep\u00fablica Argentina. Contenido propio originado por periodistas de CELTTV, el canal de TV local de la Cooperativa El\u00e9ctrica de Tornquist. Turismo, Pol\u00edtica, Sociedad, Deporte, Cultura y todo el contenido de inter\u00e9s general que la gente del pueblo y la regi\u00f3n debe conocer.\" \/>\n<meta name=\"robots\" content=\"index, follow, max-snippet:-1, max-image-preview:large, max-video-preview:-1\" \/>\n<link rel=\"canonical\" href=\"https:\/\/www.celttv.com.ar\/index.php\/2014\/08\/01\/los-bomberos-voluntarios-de-tornquist-incorporaron-una-nueva-unidad-notas\/\" \/>\n<meta property=\"og:locale\" content=\"es_ES\" \/>\n<meta property=\"og:type\" content=\"article\" \/>\n<meta property=\"og:title\" content=\"LOS BOMBEROS VOLUNTARIOS DE TORNQUIST INCORPORARON UNA NUEVA UNIDAD (notas) - CELTTV\" \/>\n<meta property=\"og:description\" content=\"Sitio web de noticias de la localidad de Tornquist, provincia de Buenos Aires, Rep\u00fablica Argentina. Contenido propio originado por periodistas de CELTTV, el canal de TV local de la Cooperativa El\u00e9ctrica de Tornquist. Turismo, Pol\u00edtica, Sociedad, Deporte, Cultura y todo el contenido de inter\u00e9s general que la gente del pueblo y la regi\u00f3n debe conocer.\" \/>\n<meta property=\"og:url\" content=\"https:\/\/www.celttv.com.ar\/index.php\/2014\/08\/01\/los-bomberos-voluntarios-de-tornquist-incorporaron-una-nueva-unidad-notas\/\" \/>\n<meta property=\"og:site_name\" content=\"CELTTV\" \/>\n<meta property=\"article:publisher\" content=\"https:\/\/www.facebook.com\/celtTV\/\" \/>\n<meta property=\"article:published_time\" content=\"2014-08-01T00:00:21+00:00\" \/>\n<meta name=\"author\" content=\"ulises\" \/>\n<meta name=\"twitter:card\" content=\"summary_large_image\" \/>\n<meta name=\"twitter:label1\" content=\"Escrito por\" \/>\n\t<meta name=\"twitter:data1\" content=\"ulises\" \/>\n\t<meta name=\"twitter:label2\" content=\"Tiempo de lectura\" \/>\n\t<meta name=\"twitter:data2\" content=\"2 minutos\" \/>\n<script type=\"application\/ld+json\" class=\"yoast-schema-graph\">{\"@context\":\"https:\/\/schema.org\",\"@graph\":[{\"@type\":\"NewsArticle\",\"@id\":\"https:\/\/www.celttv.com.ar\/index.php\/2014\/08\/01\/los-bomberos-voluntarios-de-tornquist-incorporaron-una-nueva-unidad-notas\/#article\",\"isPartOf\":{\"@id\":\"https:\/\/www.celttv.com.ar\/index.php\/2014\/08\/01\/los-bomberos-voluntarios-de-tornquist-incorporaron-una-nueva-unidad-notas\/\"},\"author\":{\"name\":\"ulises\",\"@id\":\"https:\/\/www.celttv.com.ar\/#\/schema\/person\/6d99c072dba59953809c81446e9d0ace\"},\"headline\":\"LOS BOMBEROS VOLUNTARIOS DE TORNQUIST INCORPORARON UNA NUEVA UNIDAD (notas)\",\"datePublished\":\"2014-08-01T00:00:21+00:00\",\"dateModified\":\"2014-08-01T00:00:21+00:00\",\"mainEntityOfPage\":{\"@id\":\"https:\/\/www.celttv.com.ar\/index.php\/2014\/08\/01\/los-bomberos-voluntarios-de-tornquist-incorporaron-una-nueva-unidad-notas\/\"},\"wordCount\":327,\"publisher\":{\"@id\":\"https:\/\/www.celttv.com.ar\/#organization\"},\"articleSection\":[\"Comunidad\",\"Destacadas\",\"Videos Destacados\"],\"inLanguage\":\"es\"},{\"@type\":\"WebPage\",\"@id\":\"https:\/\/www.celttv.com.ar\/index.php\/2014\/08\/01\/los-bomberos-voluntarios-de-tornquist-incorporaron-una-nueva-unidad-notas\/\",\"url\":\"https:\/\/www.celttv.com.ar\/index.php\/2014\/08\/01\/los-bomberos-voluntarios-de-tornquist-incorporaron-una-nueva-unidad-notas\/\",\"name\":\"LOS BOMBEROS VOLUNTARIOS DE TORNQUIST INCORPORARON UNA NUEVA UNIDAD (notas) - CELTTV\",\"isPartOf\":{\"@id\":\"https:\/\/www.celttv.com.ar\/#website\"},\"datePublished\":\"2014-08-01T00:00:21+00:00\",\"dateModified\":\"2014-08-01T00:00:21+00:00\",\"description\":\"Sitio web de noticias de la localidad de Tornquist, provincia de Buenos Aires, Rep\u00fablica Argentina. Contenido propio originado por periodistas de CELTTV, el canal de TV local de la Cooperativa El\u00e9ctrica de Tornquist. Turismo, Pol\u00edtica, Sociedad, Deporte, Cultura y todo el contenido de inter\u00e9s general que la gente del pueblo y la regi\u00f3n debe conocer.\",\"breadcrumb\":{\"@id\":\"https:\/\/www.celttv.com.ar\/index.php\/2014\/08\/01\/los-bomberos-voluntarios-de-tornquist-incorporaron-una-nueva-unidad-notas\/#breadcrumb\"},\"inLanguage\":\"es\",\"potentialAction\":[{\"@type\":\"ReadAction\",\"target\":[\"https:\/\/www.celttv.com.ar\/index.php\/2014\/08\/01\/los-bomberos-voluntarios-de-tornquist-incorporaron-una-nueva-unidad-notas\/\"]}]},{\"@type\":\"BreadcrumbList\",\"@id\":\"https:\/\/www.celttv.com.ar\/index.php\/2014\/08\/01\/los-bomberos-voluntarios-de-tornquist-incorporaron-una-nueva-unidad-notas\/#breadcrumb\",\"itemListElement\":[{\"@type\":\"ListItem\",\"position\":1,\"name\":\"Inicio\",\"item\":\"https:\/\/www.celttv.com.ar\/\"},{\"@type\":\"ListItem\",\"position\":2,\"name\":\"LOS BOMBEROS VOLUNTARIOS DE TORNQUIST INCORPORARON UNA NUEVA UNIDAD (notas)\"}]},{\"@type\":\"WebSite\",\"@id\":\"https:\/\/www.celttv.com.ar\/#website\",\"url\":\"https:\/\/www.celttv.com.ar\/\",\"name\":\"CELTTV\",\"description\":\"Cooperativa El\u00e9ctrica de Tornquist\",\"publisher\":{\"@id\":\"https:\/\/www.celttv.com.ar\/#organization\"},\"potentialAction\":[{\"@type\":\"SearchAction\",\"target\":{\"@type\":\"EntryPoint\",\"urlTemplate\":\"https:\/\/www.celttv.com.ar\/?s={search_term_string}\"},\"query-input\":\"required name=search_term_string\"}],\"inLanguage\":\"es\"},{\"@type\":\"Organization\",\"@id\":\"https:\/\/www.celttv.com.ar\/#organization\",\"name\":\"CELTTV\",\"url\":\"https:\/\/www.celttv.com.ar\/\",\"sameAs\":[\"https:\/\/www.youtube.com\/channel\/UCz_oIt8Hig64Ub-EmcNPIhg\",\"https:\/\/www.facebook.com\/celtTV\/\"],\"logo\":{\"@type\":\"ImageObject\",\"inLanguage\":\"es\",\"@id\":\"https:\/\/www.celttv.com.ar\/#\/schema\/logo\/image\/\",\"url\":\"http:\/\/www.celttv.com.ar\/wp-content\/uploads\/2022\/08\/logo-1.png\",\"contentUrl\":\"http:\/\/www.celttv.com.ar\/wp-content\/uploads\/2022\/08\/logo-1.png\",\"width\":461,\"height\":159,\"caption\":\"CELTTV\"},\"image\":{\"@id\":\"https:\/\/www.celttv.com.ar\/#\/schema\/logo\/image\/\"}},{\"@type\":\"Person\",\"@id\":\"https:\/\/www.celttv.com.ar\/#\/schema\/person\/6d99c072dba59953809c81446e9d0ace\",\"name\":\"ulises\",\"image\":{\"@type\":\"ImageObject\",\"inLanguage\":\"es\",\"@id\":\"https:\/\/www.celttv.com.ar\/#\/schema\/person\/image\/\",\"url\":\"https:\/\/secure.gravatar.com\/avatar\/7f2c48bdc33b30088f941fb6082e555f2874c98e20cb159d7b92b50eadfce793?s=96&d=mm&r=g\",\"contentUrl\":\"https:\/\/secure.gravatar.com\/avatar\/7f2c48bdc33b30088f941fb6082e555f2874c98e20cb159d7b92b50eadfce793?s=96&d=mm&r=g\",\"caption\":\"ulises\"},\"sameAs\":[\"http:\/\/www.celttv.com.ar\"]}]}<\/script>\n<!-- \/ Yoast SEO plugin. -->","yoast_head_json":{"title":"LOS BOMBEROS VOLUNTARIOS DE TORNQUIST INCORPORARON UNA NUEVA UNIDAD (notas) - CELTTV","description":"Sitio web de noticias de la localidad de Tornquist, provincia de Buenos Aires, Rep\u00fablica Argentina. Contenido propio originado por periodistas de CELTTV, el canal de TV local de la Cooperativa El\u00e9ctrica de Tornquist. Turismo, Pol\u00edtica, Sociedad, Deporte, Cultura y todo el contenido de inter\u00e9s general que la gente del pueblo y la regi\u00f3n debe conocer.","robots":{"index":"index","follow":"follow","max-snippet":"max-snippet:-1","max-image-preview":"max-image-preview:large","max-video-preview":"max-video-preview:-1"},"canonical":"https:\/\/www.celttv.com.ar\/index.php\/2014\/08\/01\/los-bomberos-voluntarios-de-tornquist-incorporaron-una-nueva-unidad-notas\/","og_locale":"es_ES","og_type":"article","og_title":"LOS BOMBEROS VOLUNTARIOS DE TORNQUIST INCORPORARON UNA NUEVA UNIDAD (notas) - CELTTV","og_description":"Sitio web de noticias de la localidad de Tornquist, provincia de Buenos Aires, Rep\u00fablica Argentina. Contenido propio originado por periodistas de CELTTV, el canal de TV local de la Cooperativa El\u00e9ctrica de Tornquist. Turismo, Pol\u00edtica, Sociedad, Deporte, Cultura y todo el contenido de inter\u00e9s general que la gente del pueblo y la regi\u00f3n debe conocer.","og_url":"https:\/\/www.celttv.com.ar\/index.php\/2014\/08\/01\/los-bomberos-voluntarios-de-tornquist-incorporaron-una-nueva-unidad-notas\/","og_site_name":"CELTTV","article_publisher":"https:\/\/www.facebook.com\/celtTV\/","article_published_time":"2014-08-01T00:00:21+00:00","author":"ulises","twitter_card":"summary_large_image","twitter_misc":{"Escrito por":"ulises","Tiempo de lectura":"2 minutos"},"schema":{"@context":"https:\/\/schema.org","@graph":[{"@type":"NewsArticle","@id":"https:\/\/www.celttv.com.ar\/index.php\/2014\/08\/01\/los-bomberos-voluntarios-de-tornquist-incorporaron-una-nueva-unidad-notas\/#article","isPartOf":{"@id":"https:\/\/www.celttv.com.ar\/index.php\/2014\/08\/01\/los-bomberos-voluntarios-de-tornquist-incorporaron-una-nueva-unidad-notas\/"},"author":{"name":"ulises","@id":"https:\/\/www.celttv.com.ar\/#\/schema\/person\/6d99c072dba59953809c81446e9d0ace"},"headline":"LOS BOMBEROS VOLUNTARIOS DE TORNQUIST INCORPORARON UNA NUEVA UNIDAD (notas)","datePublished":"2014-08-01T00:00:21+00:00","dateModified":"2014-08-01T00:00:21+00:00","mainEntityOfPage":{"@id":"https:\/\/www.celttv.com.ar\/index.php\/2014\/08\/01\/los-bomberos-voluntarios-de-tornquist-incorporaron-una-nueva-unidad-notas\/"},"wordCount":327,"publisher":{"@id":"https:\/\/www.celttv.com.ar\/#organization"},"articleSection":["Comunidad","Destacadas","Videos Destacados"],"inLanguage":"es"},{"@type":"WebPage","@id":"https:\/\/www.celttv.com.ar\/index.php\/2014\/08\/01\/los-bomberos-voluntarios-de-tornquist-incorporaron-una-nueva-unidad-notas\/","url":"https:\/\/www.celttv.com.ar\/index.php\/2014\/08\/01\/los-bomberos-voluntarios-de-tornquist-incorporaron-una-nueva-unidad-notas\/","name":"LOS BOMBEROS VOLUNTARIOS DE TORNQUIST INCORPORARON UNA NUEVA UNIDAD (notas) - CELTTV","isPartOf":{"@id":"https:\/\/www.celttv.com.ar\/#website"},"datePublished":"2014-08-01T00:00:21+00:00","dateModified":"2014-08-01T00:00:21+00:00","description":"Sitio web de noticias de la localidad de Tornquist, provincia de Buenos Aires, Rep\u00fablica Argentina. Contenido propio originado por periodistas de CELTTV, el canal de TV local de la Cooperativa El\u00e9ctrica de Tornquist. Turismo, Pol\u00edtica, Sociedad, Deporte, Cultura y todo el contenido de inter\u00e9s general que la gente del pueblo y la regi\u00f3n debe conocer.","breadcrumb":{"@id":"https:\/\/www.celttv.com.ar\/index.php\/2014\/08\/01\/los-bomberos-voluntarios-de-tornquist-incorporaron-una-nueva-unidad-notas\/#breadcrumb"},"inLanguage":"es","potentialAction":[{"@type":"ReadAction","target":["https:\/\/www.celttv.com.ar\/index.php\/2014\/08\/01\/los-bomberos-voluntarios-de-tornquist-incorporaron-una-nueva-unidad-notas\/"]}]},{"@type":"BreadcrumbList","@id":"https:\/\/www.celttv.com.ar\/index.php\/2014\/08\/01\/los-bomberos-voluntarios-de-tornquist-incorporaron-una-nueva-unidad-notas\/#breadcrumb","itemListElement":[{"@type":"ListItem","position":1,"name":"Inicio","item":"https:\/\/www.celttv.com.ar\/"},{"@type":"ListItem","position":2,"name":"LOS BOMBEROS VOLUNTARIOS DE TORNQUIST INCORPORARON UNA NUEVA UNIDAD (notas)"}]},{"@type":"WebSite","@id":"https:\/\/www.celttv.com.ar\/#website","url":"https:\/\/www.celttv.com.ar\/","name":"CELTTV","description":"Cooperativa El\u00e9ctrica de Tornquist","publisher":{"@id":"https:\/\/www.celttv.com.ar\/#organization"},"potentialAction":[{"@type":"SearchAction","target":{"@type":"EntryPoint","urlTemplate":"https:\/\/www.celttv.com.ar\/?s={search_term_string}"},"query-input":"required name=search_term_string"}],"inLanguage":"es"},{"@type":"Organization","@id":"https:\/\/www.celttv.com.ar\/#organization","name":"CELTTV","url":"https:\/\/www.celttv.com.ar\/","sameAs":["https:\/\/www.youtube.com\/channel\/UCz_oIt8Hig64Ub-EmcNPIhg","https:\/\/www.facebook.com\/celtTV\/"],"logo":{"@type":"ImageObject","inLanguage":"es","@id":"https:\/\/www.celttv.com.ar\/#\/schema\/logo\/image\/","url":"http:\/\/www.celttv.com.ar\/wp-content\/uploads\/2022\/08\/logo-1.png","contentUrl":"http:\/\/www.celttv.com.ar\/wp-content\/uploads\/2022\/08\/logo-1.png","width":461,"height":159,"caption":"CELTTV"},"image":{"@id":"https:\/\/www.celttv.com.ar\/#\/schema\/logo\/image\/"}},{"@type":"Person","@id":"https:\/\/www.celttv.com.ar\/#\/schema\/person\/6d99c072dba59953809c81446e9d0ace","name":"ulises","image":{"@type":"ImageObject","inLanguage":"es","@id":"https:\/\/www.celttv.com.ar\/#\/schema\/person\/image\/","url":"https:\/\/secure.gravatar.com\/avatar\/7f2c48bdc33b30088f941fb6082e555f2874c98e20cb159d7b92b50eadfce793?s=96&d=mm&r=g","contentUrl":"https:\/\/secure.gravatar.com\/avatar\/7f2c48bdc33b30088f941fb6082e555f2874c98e20cb159d7b92b50eadfce793?s=96&d=mm&r=g","caption":"ulises"},"sameAs":["http:\/\/www.celttv.com.ar"]}]}},"_links":{"self":[{"href":"https:\/\/www.celttv.com.ar\/index.php\/wp-json\/wp\/v2\/posts\/22346","targetHints":{"allow":["GET"]}}],"collection":[{"href":"https:\/\/www.celttv.com.ar\/index.php\/wp-json\/wp\/v2\/posts"}],"about":[{"href":"https:\/\/www.celttv.com.ar\/index.php\/wp-json\/wp\/v2\/types\/post"}],"author":[{"embeddable":true,"href":"https:\/\/www.celttv.com.ar\/index.php\/wp-json\/wp\/v2\/users\/1"}],"replies":[{"embeddable":true,"href":"https:\/\/www.celttv.com.ar\/index.php\/wp-json\/wp\/v2\/comments?post=22346"}],"version-history":[{"count":0,"href":"https:\/\/www.celttv.com.ar\/index.php\/wp-json\/wp\/v2\/posts\/22346\/revisions"}],"wp:attachment":[{"href":"https:\/\/www.celttv.com.ar\/index.php\/wp-json\/wp\/v2\/media?parent=22346"}],"wp:term":[{"taxonomy":"category","embeddable":true,"href":"https:\/\/www.celttv.com.ar\/index.php\/wp-json\/wp\/v2\/categories?post=22346"},{"taxonomy":"post_tag","embeddable":true,"href":"https:\/\/www.celttv.com.ar\/index.php\/wp-json\/wp\/v2\/tags?post=22346"}],"curies":[{"name":"wp","href":"https:\/\/api.w.org\/{rel}","templated":true}]}}