{"id":22490,"date":"2014-08-09T00:23:39","date_gmt":"2014-08-09T00:23:39","guid":{"rendered":"http:\/\/www.tvcnoticias.com.ar\/?p=22490"},"modified":"2014-08-09T00:23:39","modified_gmt":"2014-08-09T00:23:39","slug":"informe-sesion-ordinaria-del-dia-5-de-agosto","status":"publish","type":"post","link":"https:\/\/www.celttv.com.ar\/index.php\/2014\/08\/09\/informe-sesion-ordinaria-del-dia-5-de-agosto\/","title":{"rendered":"INFORME SESI\u00d3N ORDINARIA DEL D\u00cdA 5 DE AGOSTO"},"content":{"rendered":"<p><span style=\"text-decoration: underline;\"> <\/span><br \/>\n<a href=\"https:\/\/www.youtube.com\/watch?v=THt7g9otvAY\">httpv:\/\/www.youtube.com\/watch?v=THt7g9otvAY<\/a><br \/>\n<a href=\"https:\/\/www.youtube.com\/watch?v=ZbIFZQ5g0Ik\">httpv:\/\/www.youtube.com\/watch?v=ZbIFZQ5g0Ik<\/a><br \/>\n<a href=\"https:\/\/www.youtube.com\/watch?v=b0nzxM-F_So\">httpv:\/\/www.youtube.com\/watch?v=b0nzxM-F_So<\/a><br \/>\n<a href=\"https:\/\/www.youtube.com\/watch?v=DGJcM_8T7X0\">httpv:\/\/www.youtube.com\/watch?v=DGJcM_8T7X0<\/a><br \/>\n<a href=\"https:\/\/www.youtube.com\/watch?v=eHJbHBjuPhU\">httpv:\/\/www.youtube.com\/watch?v=eHJbHBjuPhU<\/a><br \/>\n<a href=\"https:\/\/www.youtube.com\/watch?v=GJ7XoTjNbXk\">httpv:\/\/www.youtube.com\/watch?v=GJ7XoTjNbXk<\/a><br \/>\n<a href=\"https:\/\/www.youtube.com\/watch?v=nDFWoptk6jE\">httpv:\/\/www.youtube.com\/watch?v=nDFWoptk6jE<\/a><br \/>\n<a href=\"https:\/\/www.youtube.com\/watch?v=K-aY7H35YYo\">httpv:\/\/www.youtube.com\/watch?v=K-aY7H35YYo<\/a><br \/>\n<a href=\"https:\/\/www.youtube.com\/watch?v=fnZAorTsMS0\">httpv:\/\/www.youtube.com\/watch?v=fnZAorTsMS0<\/a><br \/>\n<a href=\"https:\/\/www.youtube.com\/watch?v=8cBTX8FD3H8\">httpv:\/\/www.youtube.com\/watch?v=8cBTX8FD3H8<\/a><br \/>\n<strong><span style=\"text-decoration: underline;\">Comunicaciones Oficiales y Dict\u00e1menes de las Comisiones:<\/span><\/strong><br \/>\n<strong> <\/strong><br \/>\n<strong><span style=\"text-decoration: underline;\">Expte. <\/span><\/strong><strong><span style=\"text-decoration: underline;\">N\u00ba 252\/14:<\/span><\/strong> \u201cD.E.- Convalida la firma del Convenio de Pr\u00e9stamo de Uso por dos camionetas celebrado entre la D.V.B.A. y el Municipio de Tornquist\u201d.<br \/>\nPasa a las Comisiones de Interpretaci\u00f3n y Reglamento, Obras P\u00fablicas y Asuntos Municipales.<br \/>\n&nbsp;<br \/>\n<strong><span style=\"text-decoration: underline;\">Expte. <\/span><\/strong><strong><span style=\"text-decoration: underline;\">N\u00ba 253\/14:<\/span><\/strong> \u201cD.E. \u2013 Convalida la firma del Convenio de Pr\u00e9stamo de Uso por un cami\u00f3n celebrado entre la D.V.B.A. y el Municipio de Tornquist\u201d.<br \/>\nPasa a las Comisiones de Interpretaci\u00f3n y Reglamento, Obras P\u00fablicas y Asuntos Municipales.<br \/>\n&nbsp;<br \/>\n<strong><span style=\"text-decoration: underline;\">Expte. <\/span><\/strong><strong><span style=\"text-decoration: underline;\">N\u00ba 255\/14:<\/span><\/strong> \u201cD.E. \u2013 Convalida la firma del Convenio con la Municipalidad de Saavedra por pr\u00e1cticas cl\u00ednicas y quir\u00fargicas en Hospital Pig\u00fc\u00e9\u201d.<br \/>\nPasa a las Comisiones de Salud P\u00fablica; Interpretaci\u00f3n y Reglamento; y Presupuesto y Hacienda.<br \/>\n&nbsp;<br \/>\n<strong><span style=\"text-decoration: underline;\">Expte. <\/span><\/strong><strong><span style=\"text-decoration: underline;\">N\u00ba 6624\/14:<\/span><\/strong> \u201cN.P. \u2013 Vecino de Tornquist: Solicitan la continuidad del Dr. Pablo Rusconi en el Hospital Municipal\u201d.<br \/>\nPasa a las Comisiones de Salud P\u00fablica y Asuntos Municipales.<br \/>\n&nbsp;<br \/>\n<strong><span style=\"text-decoration: underline;\">Expte. <\/span><\/strong><strong><span style=\"text-decoration: underline;\">N\u00ba 6633\/14:<\/span><\/strong><strong> <\/strong>\u201cBloque F.P.V. \u2013 Proyecto de Ordenanza: Declarar el \u00faltimo domingo del mes de septiembre de cada a\u00f1o como \u201cD\u00eda del Pastor Evang\u00e9lico\u201d\u201d.<br \/>\nPasa a la Comisi\u00f3n de Asuntos Municipales.<br \/>\n&nbsp;<br \/>\n<strong><span style=\"text-decoration: underline;\">Expte. <\/span><\/strong><strong><span style=\"text-decoration: underline;\">N\u00ba 6561\/13:<\/span><\/strong> \u201cBloques U.C.R., UDESO y Coalici\u00f3n C\u00edvica \u2013 Proyecto de Ordenanza: Ref. creaci\u00f3n del \u201cConcejo Deliberante Estudiantil\u201d en el \u00e1mbito del Concejo Deliberante de Tornquist\u201d.<br \/>\nSe aprueba por unanimidad el dictamen de las Comisiones de INTERPRETACI\u00d3N Y REGLAMENTO y ASUNTOS MUNICIPALES que aconseja convocar a una reuni\u00f3n con las siguientes autoridades: Inspector \u00c1rea Secundaria DIPREGEP Jorge Farinella; Inspectora Jefe DIPREGEP, Lic. Susana Vargnes; Inspectora Jefe Distrital, Patricia Larrainzar e Inspectora de Secundaria Vilma Miranda a los fines de analizar la viabilidad del citado Proyecto. Adem\u00e1s se resuelve que el Expte. N\u00ba 6515\/13 se anexe al citado N\u00ba 6561\/13 por tratar id\u00e9ntica tem\u00e1tica.<br \/>\n&nbsp;<br \/>\n<strong><span style=\"text-decoration: underline;\">Expte. <\/span><\/strong><strong><span style=\"text-decoration: underline;\">N\u00ba 6630\/14:<\/span><\/strong> \u201cONG Ambiente Comarca: Ref. basurero a cielo abierto de Tornquist\u201d.<br \/>\nSe aprueba por unanimidad el dictamen de\u00a0 la Comisi\u00f3n de ECOLOG\u00cdA Y MEDIO AMBIENTE que aconseja enviar el mismo al Archivo y por Secretar\u00eda enviar a la ONG Ambiente Comarca copia del Acta de Inspecci\u00f3n realizada por el personal t\u00e9cnico del OPDS.<br \/>\n&nbsp;<br \/>\n<strong><span style=\"text-decoration: underline;\">Expte. <\/span><\/strong><strong><span style=\"text-decoration: underline;\">N\u00ba 6636\/14:<\/span><\/strong> \u201cBloques U.C.R., C.C. y F.P.C. y S. \u2013 Proyecto de Ordenanza: Ref. C\u00f3digo de \u00c9tica para los Funcionarios P\u00fablicos Municipales\u201d.<br \/>\nEste Expediente tiene dos dict\u00e1menes:<br \/>\nEl primero dice:<br \/>\nLas Comisiones de INTERPRETACI\u00d3N Y REGLAMENTO (en minor\u00eda) Y ASUNTOS MUNICIPALES (en mayor\u00eda), habiendo analizado el Expte. N\u00ba 6636\/14, aconsejan aprobar el Proyecto de \u00a0Ordenanza.<br \/>\nEl segundo dice:<br \/>\nLas Comisiones de INTERPRETACI\u00d3N Y REGLAMENTO (en mayor\u00eda) Y ASUNTOS MUNICIPALES (en minor\u00eda), habiendo analizado el Expte. N\u00ba 6636\/14, aconsejan analizar el mismo teniendo en cuenta que ya est\u00e1 reglamentado por el Decreto N\u00ba 9624\/80 y su modificatorio N\u00ba 3233\/90.<br \/>\nSe aprueba por mayor\u00eda (6 a 6, define el voto del Presidente) el primer dictamen. Como consecuencia queda aprobada la Ordenanza bajo el N\u00ba \u00a02682\/14 por la cual se dispone dictar en el \u00e1mbito de la  Municipalidad de Tornquist un \u201cC\u00f3digo de \u00c9tica para los Funcionarios P\u00fablicos Municipales\u201d, el cual se anexa a la presente Ordenanza.\u00a0 Se establece en el \u00e1mbito de la Municipalidad de Tornquist un r\u00e9gimen de obligatoriedad de presentaci\u00f3n de Declaraciones Juradas patrimoniales a los funcionarios especificados. Crear en el \u00e1mbito del Concejo Deliberante del Distrito de Tornquist la \u201cComisi\u00f3n Municipal de \u00c9tica P\u00fablica\u201d, integrada por ciudadanos de reconocidos antecedentes y prestigio p\u00fablico, que no podr\u00e1n pertenecer al \u00f3rgano que los designe y que durar\u00e1n cuatro a\u00f1os en su funci\u00f3n pudiendo ser reelegidos por un per\u00edodo. Se designar\u00e1n de la siguiente manera:<\/p>\n<ul>\n<li>Uno por      el Departamento Ejecutivo.<\/li>\n<li>Uno por      cada bancada con representaci\u00f3n en el Honorable Concejo Deliberante.<\/li>\n<li>Cuatro      ciudadanos que ser\u00e1n designados por el Honorable Concejo Deliberante, a      propuesta de cualquiera de sus integrantes y se decidir\u00e1 con el voto de      dos tercios de sus miembros, debiendo tener al menos dos de ellos,      domicilio en una localidad del Distrito distinta de la ciudad cabecera.<\/li>\n<\/ul>\n<p>&nbsp;<br \/>\n<strong><span style=\"text-decoration: underline;\">Expte. <\/span><\/strong><strong><span style=\"text-decoration: underline;\">N\u00ba 6637\/14:<\/span><\/strong> \u201cBloques U.C.R., C.C. y F.P.C. y S. \u2013 Pedido de Informe: Remoci\u00f3n de algunos tramos de la bicisenda de acceso a la ciudad de Tornquist desde la Ruta Provincial N\u00ba 76\u201d.<br \/>\nSe aprueba por mayor\u00eda (7 a 5) el dictamen de la Comisi\u00f3n de OBRAS P\u00daBLICAS (en mayor\u00eda) que aconseja enviar el mismo al Departamento Ejecutivo para que la Secretar\u00eda que considere apropiada de respuesta al\u00a0 mismo.<br \/>\n&nbsp;<br \/>\n<strong><span style=\"text-decoration: underline;\">Expte. <\/span><\/strong><strong><span style=\"text-decoration: underline;\">N\u00ba 6638\/14:<\/span><\/strong> \u201cN.P. \u2013 Leguizam\u00f3n, Nelson Eduardo \u2013 Proyecto: Actividades acu\u00e1ticas y recreativas destinadas a personas de la 3\u00ba edad de los pueblos aleda\u00f1os a Sierra de la Ventana y de la ciudad de Tornquist, a llevar a cabo en el Centro Recreativo \u201cCo-Hue\u201d Piletas Municipales ubicada en Diego Meyer s\/n de Sierra de la Ventana\u201d.<br \/>\nSe aprueba por unanimidad el dictamen de las Comisiones de ASUNTOS MUNICIPALES, SALUD P\u00daBLICA Y PRESUPUESTO y HACIENDA que aconseja enviar el mismo a la  Secretar\u00eda de Gobierno y Hacienda para que se informe sobre la existencia de convenios con PAMI referidos a la tem\u00e1tica.-<br \/>\n&nbsp;<br \/>\n<strong><span style=\"text-decoration: underline;\">Expte. <\/span><\/strong><strong><span style=\"text-decoration: underline;\">N\u00ba 6640\/14:<\/span><\/strong> \u201cN.P. \u2013 Vecinos de Villa Ventana: Regulaci\u00f3n de la Ordenanza N\u00ba 2662\/14 de venta ambulante en la localidad\u201d.<br \/>\nSe aprueba por unanimidad el dictamen de la Comisi\u00f3n de ASUNTOS MUNICIPALES que aconseja enviar invitaci\u00f3n a las Instituciones que remitieron la nota sobre la Ordenanza  N\u00ba 2662\/14 para reunirse con este Cuerpo a la mayor brevedad posible.-<br \/>\n&nbsp;<br \/>\n<strong><span style=\"text-decoration: underline;\">Expte. <\/span><\/strong><strong><span style=\"text-decoration: underline;\">N\u00ba 6641\/14:<\/span><\/strong> \u201cN.P. \u2013 Jard\u00edn N\u00ba 901: Solicita fondos para la compra de juegos de patio para la Instituci\u00f3n\u201d.<br \/>\nSe aprueba por unanimidad el dictamen de las Comisiones de PRESUPUESTO Y HACIENDA Y ASUNTOS MUNICIPALES que aconseja enviar el mismo a la Secretar\u00eda de Gobierno y Hacienda para que analice y emita la respuesta correspondiente.-<br \/>\n&nbsp;<br \/>\n<strong><span style=\"text-decoration: underline;\">Proyectos Presentados<\/span><\/strong><br \/>\n&nbsp;<br \/>\n<strong><span style=\"text-decoration: underline;\">Bloque Frente Renovador- Proyecto de Ordenanza:<\/span><\/strong> Dictar Cursos de capacitaci\u00f3n en maniobras de RCP (Reanimaci\u00f3n Cardiopulmonar), para todo el personal municipal, en <strong>todas las escuelas, jardines, destacamentos policiales, entidades bancarias y clubes del distrito de Tornquist.<\/strong> Facultar al Departamento Ejecutivo Municipal, por intermedio del \u00e1rea que corresponda, para que arbitre los medios necesarios para el asesoramiento y dictado del curso. Invitar a participar del mismo a toda la comunidad. A efectos de consolidar los conocimientos, se\u00a0 entregar\u00e1n a todos los participantes folletos sobre primeros auxilios b\u00e1sicos y constancia de asistencia. Realizar una fuerte campa\u00f1a de concientizaci\u00f3n masiva de forma conjunta con el curso, a trav\u00e9s de medios, folleter\u00eda informativa, etc., acerca de las ventajas de adquirir los conocimientos b\u00e1sicos, para efectuar las pr\u00e1cticas de resucitaci\u00f3n cardiopulmonar.<br \/>\nSe solicita formaci\u00f3n de Expediente y pase a Comisi\u00f3n.<br \/>\n&nbsp;<br \/>\n<strong><span style=\"text-decoration: underline;\">Asuntos Particulares<\/span><\/strong><br \/>\n&nbsp;<br \/>\n<strong><span style=\"text-decoration: underline;\">N.P. Alejandra Garc\u00eda- Villa Ventana<\/span><\/strong>: En referencia al Expediente N\u00ba 6621\/14-\u201cN.P. \u2013 Vecinas de Villa Ventana plantean problem\u00e1tica ref. a utilizaci\u00f3n del predio donde se encuentra la cisterna de agua\u201d. Reitera el pedido realizado anteriormente, de volver las cosas a su estado anterior, colocar candados en el predio y reponer el cartel de prohibido pasar que ya exist\u00eda en el sitio. <span style=\"text-decoration: underline;\"> Firma:<\/span> Alejandra Garc\u00eda. D.N.I. 14.518.192<br \/>\nSe aprueba por unanimidad enviar copia al Departamento Ejecutivo para que sea respondida por el \u00e1rea que corresponda.<br \/>\n&nbsp;<br \/>\n<strong><span style=\"text-decoration: underline;\">N.P. Asociaci\u00f3n de Fomento y comunidad de Chasic\u00f3:<\/span><\/strong> Manifiestan preocupaci\u00f3n por algunos hechos de inseguridad que se han dado en su localidad. Dejan en claro que el accionar de los agentes de Chasic\u00f3 es impecable, dando atenci\u00f3n a los llamados, rastrillando y recorriendo el pueblo y la zona, atendiendo a los pedidos de esta comisi\u00f3n, estando presentes en eventos y momentos claves (entrada y salida de los alumnos a las escuelas), siempre bien predispuestos y con buenos modos, pero creen que una de las problem\u00e1ticas ya reclamada y que consideran acuciante resolver es el estado del patrullero. <span style=\"text-decoration: underline;\">Firman:<\/span> 13 vecinos de la localidad.<br \/>\nSe aprueba por unanimidad la formaci\u00f3n de Expediente y el pase a Comisi\u00f3n.<br \/>\n&nbsp;<br \/>\n<strong><span style=\"text-decoration: underline;\">N.P. Coopersive- Sierra de la Ventana<\/span><\/strong>: Comunica que el d\u00eda Martes 15 de julio del corriente, en reuni\u00f3n mantenida con el Sr. Intendente Municipal Lic. Gustavo Trankels, Sr. Guillermo L\u00f6ffler y Dr. Carlos Carriquiry en la ciudad de Tornquist, fue tratado nuevamente el tema del predio para la construcci\u00f3n de una Subestaci\u00f3n Transformadora de 33\/13.2 Kv en nuestra localidad. Solicita se informe a la instituci\u00f3n \u00a0la existencia o no de una Ordenanza, Resoluci\u00f3n o Decreto relacionado a este predio por parte de v\/Concejo, y en caso de ser afirmativo \u00a0remita copia del mismo para poder seguir dando curso y concretar el proyecto tan indispensable para el desarrollo de su localidad. <span style=\"text-decoration: underline;\">Firma:<\/span> H\u00e9ctor Castillo, Presidente. Julio D\u00edaz: Secretario.<br \/>\n&nbsp;<br \/>\nPresidente del Honorable Concejo Deliberante Bordoni Sergio:<br \/>\n\u201cEn cuanto a esto, yo habl\u00e9 personalmente con el Presidente, el Sr. Castillo, y despu\u00e9s con la Escribana Yanela Domini. Yo creo que, la carta viene dirigida al Concejo pero no tiene nada que ver ni el Ejecutivo ni el Concejo Deliberante en cuanto a esto. Yo creo que hay \u00a0un error de interpretaci\u00f3n. De todas maneras se puede armar un expediente, mandar al ejecutivo, habl\u00e9 con Guillermo L\u00f6ffler tambi\u00e9n por el mismo tema, y lo que le est\u00e1n exigiendo a esta gente es, del predio, se acuerdan cuando aprobamos lo de Boitano, que hay una parcela para hacer una subestaci\u00f3n en Sierra de la Ventana, lo que est\u00e1 pidiendo la Escribana Yanela Domini es que un agrimensor tome las medidas para poder escriturar el terreno a nombre de la Cooperativa, es eso lo que le est\u00e1 pidiendo. Yo viaj\u00e9 pero la Escribana Domini se iba a comunicar con ellos para explicarle que era lo que necesitaba, que era que un agrimensor hiciera la senda catastral y se tomaran las dimensiones del terreno para poder escriturarlo, es lo \u00fanico que est\u00e1 faltando. Yo creo que, me parece que es lo que tambi\u00e9n estar\u00e1n solicitando al ejecutivo, en el Concejo no hay nada, estoy seguro que no hay nada, lo \u00fanico que nosotros aprobamos fue la excepci\u00f3n a Boitano para que en la negociaci\u00f3n ese predio fuera a parar a la\u00a0 Cooperativa El\u00e9ctrica, y as\u00ed poder construir la subestaci\u00f3n de energ\u00eda el\u00e9ctrica. Que vital, que tienen\u00a0 raz\u00f3n, que est\u00e1n re contra apurad\u00edsimos para hacerlo porque la necesitan, pero creo que ni el ejecutivo ni el Concejo Deliberante tienen que ver, de todas maneras, si les parece bien armemos un Expediente para que quede constancia, lo charlamos con el ejecutivo, pero no pude hablar de vuelta con esta persona, tengo el tel\u00e9fono, ma\u00f1ana voy a hablar para explicarle a ver si pudieron hablar con la Escribana y se pusieron de acuerdo en cuanto a los detalles de la Escribana, as\u00ed que si les parece bien hacemos la moci\u00f3n, armamos un Expediente, lo pasamos a comisi\u00f3n. Lo pongo a consideraci\u00f3n del Cuerpo. Aprobado por unanimidad\u201d.<br \/>\n&nbsp;<br \/>\nConcejal Nielsen Adriana:<br \/>\n\u201cCon respecto al tema este que estamos exponiendo ahora, en realidad el Sr. Castillo interpret\u00f3 que lo que nosotros hab\u00edamos tomado y hab\u00edamos considerado dentro del Recinto que fue la parte de Boitano de la Excepci\u00f3n al C\u00f3digo, eso ten\u00eda que ver, o nosotros se lo podr\u00edamos alcanzar a ellos como para que pudieran escriturar. En realidad despu\u00e9s esto pasa a ser una relaci\u00f3n entre privados, no deber\u00edamos nosotros tener injerencia en eso. Pero bueno, esa fue la respuesta que se dio en su momento\u201d.<br \/>\n&nbsp;<br \/>\nPresidente del Honorable Concejo Deliberante Bordoni Sergio:<br \/>\n\u201cS\u00ed, eso es lo que le expliqu\u00e9 yo a Castillo. De todas maneras armemos el Expediente para que vea que se le dio trascendencia, pero creo que ni en el Concejo Deliberante ni en el Ejecutivo se va \u00a0a poder hacer algo\u00a0 m\u00e1s que el acompa\u00f1amiento que vienen haciendo hace ya desde ambos lados, no?<br \/>\n&nbsp;<br \/>\n<strong><span style=\"text-decoration: underline;\">N.P. Biblioteca Popular Mariano Moreno- Sierra de la  Ventana<\/span><\/strong>: Solicita al Honorable Concejo Deliberante el uso de la \u201cBanca 13\u201d, para exponer problem\u00e1ticas que la instituci\u00f3n est\u00e1 \u00a0atravesando, entre ellas, \u00a0\u00a0una asignaci\u00f3n mensual prevista por el presupuesto del \u00e1rea de Cultura, ayudas para el funcionamiento y pago del salario de la bibliotecaria, su desempe\u00f1o como motor cultural de la localidad, etc.\u00a0 <span style=\"text-decoration: underline;\">Firman:<\/span> Stella Maris Campos, Tesorera; Carolina Mizrahi, Secretaria.<br \/>\nSe aprueba por unanimidad la formaci\u00f3n de Expediente y el pase a Comisi\u00f3n.<br \/>\n&nbsp;<br \/>\nHacen uso de la palabra los Sres. Concejales:<br \/>\n&nbsp;<br \/>\nConcejal De Larena Sonia:<br \/>\n\u201cYo quer\u00eda hacer referencia al Expediente 6630\/14, la nota de ONG Ambiente Comarca, que se refiere al basurero a cielo abierto en la ciudad cabecera de Tornquist. Nosotros acompa\u00f1amos el dictamen de enviarle una copia del acta de inspecci\u00f3n, de la inspecci\u00f3n efectuada por el OPDS, que dice que no se perciben olores, y que el terreno se encuentra limpio, y con el pasto cortado. Quer\u00eda manifestar que siempre lo estamos viendo humear, al igual que el de Saldungaray. Nosotros acompa\u00f1amos la nota del OPDS como para mandarles una respuesta, no es que estamos de acuerdo con que eso est\u00e1 siempre en las condiciones que dice el acta. Nada m\u00e1s Sr. Presidente\u201d.<br \/>\n&nbsp;<br \/>\nConcejal Gabella Ezequiel:<br \/>\n\u201cQuer\u00eda hacer referencia al Expediente, al Proyecto de Ordenanza que se aprob\u00f3, lamentablemente por mayor\u00eda el d\u00eda de hoy, con respecto a la instrumentaci\u00f3n en el Municipio de Tornquist de un C\u00f3digo de \u00c9tica Publica. Digo lamentablemente por mayor\u00eda porque dado el objetivo real que tiene esta ordenanza, considero que lo m\u00e1s adecuado hubiera sido un acompa\u00f1amiento generalizado de todas las fuerzas pol\u00edticas, sin distinci\u00f3n de partidos, obviamente, porque considero que la b\u00fasqueda de la mayor transparencia y perseguir que sea solamente utilizando la \u00e9tica los funcionarios p\u00fablicos lleven adelante su funci\u00f3n. El argumento que dan quienes firman el dictamen contrario al de la aprobaci\u00f3n, indicaba que ya exist\u00eda instrumentaci\u00f3n al respecto tomando en cuenta los decretos 9624\/80 y 3233\/90, Decretos provinciales, que s\u00ed, es cierto, instrumentan la creaci\u00f3n de un C\u00f3digo de \u00c9tica y la obligatoriedad de presentaci\u00f3n de declaraciones juradas por parte de los funcionarios p\u00fablicos, pero esto no est\u00e1 instrumentado en la provincia. Adem\u00e1s, uno de los propios decretos que dan como fuente de su negativa a la aprobaci\u00f3n de la\u00a0 ordenanza en su art\u00edculo 6 dice: cada poder de las municipalidades reglamentar\u00e1 las acciones a aplicar en caso de no darse cumplimiento a lo determinado en el art\u00edculo 1 de la presente ley y los requisitos que deber\u00e1n reunir las declaraciones juradas. Es decir, a pesar de lo que reglamenta deja un margen para que sean las municipalidades con sus criterios que instrumenten esta ordenanza.\u00a0 Y quienes pertenecemos a los bloques autores del proyecto, o mejor dicho, impulsores, porque esto en verdad es nada m\u00e1s que adherir a algo que ya existe a nivel nacional y provincial, es darle una mirada local, o una interpretaci\u00f3n local a lo que se exige a nivel provincial y nacional. Es decir, si no est\u00e1 instrumentado tenemos la oportunidad de instrumentarlo a nuestra manera. Esto me hace acordar mucho al Proyecto de Ordenanza presentado en su momento por la Uni\u00f3n C\u00edvica Radical referente a la creaci\u00f3n del banco de tierras municipal, que el principal fundamento del veto municipal, del veto del Intendente fue que lo que nosotros quer\u00edamos que se aplicara de determinada manera en la Municipalidad de Tornquist ya exist\u00eda en el Plan de Ordenamiento Territorial, entonces que no ten\u00eda sentido. Pero salta a la vista que no tenemos la instrumentaci\u00f3n ni de \u00a0lo que estaba, ni de lo nuevo, no me queda otra que pensar que existe una clara intenci\u00f3n por parte del Departamento Ejecutivo para que no entre en vigencia algo que regule el uso de las tierras en el municipio de Tornquist. Con respecto al C\u00f3digo de \u00c9tica, no solamente ven\u00edamos a nivel nacional y provincial con algo ya legislado, sino que ten\u00edamos la oportunidad de crear un organismo municipal formado por vecinos de nuestras localidades, quienes iban a ser quien iba a administrar la informaci\u00f3n de esas declaraciones juradas, es decir, quienes hoy ocupamos cargos pol\u00edticos desde hace bastante tiempo y hasta ahora, hay sobrados motivos lamentablemente, existe una gran desconfianza por parte de la sociedad hacia\u00a0 quienes ejercen cargos p\u00fablicos. Muchos, y lamentablemente\u00a0 sin distinci\u00f3n de partidos pol\u00edticos han contribuido a que exista esa desconfianza hacia la clase pol\u00edtica. M\u00e1s all\u00e1 de legislar, y de controlar la gesti\u00f3n del ejecutivo, creo que existe tambi\u00e9n en nosotros como Concejales la obligaci\u00f3n de brindar\u00a0 herramientas para ser cada vez m\u00e1s transparentes. \u00bfPor qu\u00e9?, porque la falta de transparencia es hermana melliza de la corrupci\u00f3n. La Declarac\u00edon Jurada es una herramienta que nos permite de una manera objetiva y tangible, ya que cuando hablamos de \u00e9tica hablamos de algo intangible, algo subjetivo, la Declarac\u00edon Jurada nos permite ver los movimientos de patrimonio de un funcionario p\u00fablico, la gente quiere saber cu\u00e1l es el patrimonio actual del Intendente Municipal, cual\u00a0 variaci\u00f3n tuvo durante su mandato, y con qu\u00e9 patrimonio se va a ir del municipio si es que se va, y as\u00ed de cada uno de estos funcionarios, no soy capcioso de decir\u00a0 Intendente sino que utilizo el cargo m\u00e1s alto, y as\u00ed hasta el \u00faltimo director. Si no tenemos nada que ocultar, \u00bfqu\u00e9 problema tenemos de publicarlo? Y que esta publicaci\u00f3n sea oficial, que est\u00e9 en la p\u00e1gina web del municipio, que cualquier vecino diga: \u201ca ver, con qu\u00e9 patrimonio ingres\u00f3 el Concejal P\u00e9rez\u201d, y que se sepa, y que para tener la oportunidad personalmente de comparar cuando se va el Concejal P\u00e9rez qu\u00e9 variaci\u00f3n de patrimonio tuvo. Y si tuvo una variaci\u00f3n de patrimonio que explique c\u00f3mo la obtuvo, nada m\u00e1s. Es transparencia, entonces, perfecto, el dictamen dice que\u00a0 ya est\u00e1 instrumentado, ten\u00edamos la oportunidad de instrumentarlo, se aprob\u00f3 por mayor\u00eda, lamentablemente se aprob\u00f3 por mayor\u00eda, quienes somos autores del proyecto vamos a ser los principales interesados para que cuanto antes esto se instrumente y se reglamente porque creo que la sociedad toda y en este caso la Municipalidad de Tornquist, y el pueblo de Tornquist merece saber cu\u00e1l es el patrimonio de los funcionarios y nosotros brindamos esa herramienta. Nada m\u00e1s Sr. Presidente\u201d.<br \/>\n&nbsp;<br \/>\nConcejal Kloster Noel\u00ed:<br \/>\n\u201cDesde el Frente Renovador, nosotros unos de los ejes de campa\u00f1a que hemos tenido ha sido el de la transparencia del ejecutivo y de controlar el accionar del ejecutivo. Estamos totalmente de acuerdo con una parte de este Proyecto de Ordenanza, que es el de presentar las declaraciones juradas. Lo que nosotros tratamos de evitar, \u00a0no es que al Frente Renovador no le interese el patrimonio con el cual han ingresado y van a egresar los distintos funcionarios de este municipio, nada que ver. Lo que s\u00ed nosotros estamos propiciando que se haga algo m\u00e1s simple, como est\u00e1 especificado en el Decreto Ley 9624\/80 y su modificatoria 3233\/90. Y cuando decimos esto\u00a0 lo que estamos diciendo, hag\u00e1moslo, pero de una manera m\u00e1s simple, menos burocr\u00e1tica de manera tal que no nos lleve tanto tiempo poder realizarla. Que cada Declarac\u00edon Jurada est\u00e9 realizada frente a un Escribano P\u00fablico, que quede esa constancia ah\u00ed, como lo dice el decreto, y adem\u00e1s, el Decreto Ley, y adem\u00e1s, que haya una copia en cada direcci\u00f3n de personal. Que tenga acceso el ciudadano, frente a una determinada circunstancia, no nos oponemos a que sea publicado en la p\u00e1gina web, porque como dice el Concejal Gabella, cuando no hay nada que ocultar, se puede mostrar todo. Lo que s\u00ed nos resulta un poco complicado es esto de la \u00e9tica, \u00e9tica es un tema, es un t\u00e9rmino perd\u00f3n sumamente subjetivo, \u00e9tica no tiene el mismo significado para todos. Y ah\u00ed radica nuestra diversidad, dir\u00edamos. F\u00edjense que adem\u00e1s, hay que formar, de acuerdo a este proyecto de ordenanza, una Comisi\u00f3n Municipal de \u00c9tica P\u00fablica. Y la pregunta que yo me hago desde el Bloque que represento es qui\u00e9n est\u00e1 tan capacitado para determinar la \u00e9tica del otro, y adem\u00e1s invitarlo a que forme parte de esa comisi\u00f3n? Quiz\u00e1 deber\u00edamos tener muchos ciudadanos ilustres e invitarlos a que formen parte de esta Comisi\u00f3n, pero vuelvo a reiterar es un tema sumamente subjetivo por eso es que nos inclinamos a que se presenten las declaraciones juradas ante un Escribano P\u00fabico que est\u00e9n al alcance de los ciudadanos, a los vecinos, y no mucho m\u00e1s que eso. Y con esto quiero decirles el Frente Renovador est\u00e1 de acuerdo con este Proyecto de Ordenanza pero simplemente lo que quiere es simplificar las cosas y evitar la burocracia. Gracias Sr. Presidente.\u201d<br \/>\n&nbsp;<br \/>\nConcejal Cardoso Dar\u00edo:<br \/>\n\u201cSi, hoy como en otras oportunidades hemos vuelto a presentar un Pedido de Informe que aunque suena reiterativo porque no hemos tenido contestaci\u00f3n al respecto sobre los terrenos municipales en las distintas localidades, creo que son muchas las localidades que est\u00e1n necesitando terrenos municipales o que por lo menos nosotros queremos saber cu\u00e1les son, porque la gente de los distintos pueblos nos preguntan realmente si desde la Municipalidades todos sabemos que el poder adquisitivo de la gente que vive en las distintas localidades, no es lo mismo de alguien que quiere instalarse en la Comarca, que ellos no tendr\u00edan problema de comprar un terreno arriba de los 150, 160 mil pesos porque hay gente que tiene ese poder adquisitivo. Pero el problema es la gente que es habitante de las distintas localidades que realmente no tiene forma de llegar a esos importes, entonces lo que se est\u00e1 buscando con este relevamiento de terrenos, es realmente hacer un banco para saber entre las distintas localidades cu\u00e1ntos terrenos tenemos y qu\u00e9 facilidades o qu\u00e9 se puede hacer de la Municipalidad para que el habitante de las distintas localidades, o que ya hace mucho tiempo que est\u00e1 viviendo realmente pueda hacerse de las tierras para construir su vivienda. Esperemos que esta vez realmente este relevamiento se pueda llevar a cabo y se le pueda dar la respuesta a la gente. Nada m\u00e1s.\u201d<br \/>\n&nbsp;<br \/>\nConcejal Gabella Ezequiel:<br \/>\n\u201cSe le dio lectura a un dictamen de referencia a una nota presentada por una Directora de un Jard\u00edn de Infantes de la ciudad de Tornquist, que la verdad que no deja de sorprender que los docentes, que los directivos de los distintos establecimientos educativos tengan que hacer tantos malabares para obtener recursos indispensables para mantener los establecimientos educativos, para mantener las escuelas en las cuales les toca dirigir. Es vergonzoso y hasta humillante tener que estar rogando a cuanto estamento p\u00fablico hay, pidiendo dinero para solventar gastos a veces b\u00e1sicos, en \u00e9ste caso para la compra de juegos de patio. Pareciera reiterativo y la verdad que escuchar a Dar\u00edo, perd\u00f3n al Concejal Cardoso, hacer referencia del reiterativo que a veces nos toca hacer de los Bloques de la oposici\u00f3n para solicitar informaci\u00f3n que nos es sospechosamente negada en cuanto a los terrenos p\u00fablicos de las tierras p\u00fablicas en el Municipio y en este caso, a que un Club de Madres venga trabajando fuertemente y sacando a la venta Ecobolsas para hacerse de recursos para mejorar la calidad de infraestructura y de herramientas necesarias para impartir la educaci\u00f3n p\u00fablica en la Provincia de Buenos Aires, momento en el que estamos cerrando un nuevo paro de docentes porque no est\u00e1n dadas las condiciones o no se cumpli\u00f3 con lo prometido con respecto al paro anterior que sufrimos en inicio de clases. Escuchando a la poblaci\u00f3n de Chasic\u00f3 pidiendo que le mejoren el patrullero, porque tenemos una camioneta en estado deficiente para casi la mitad del Partido, para 200.000 hect\u00e1reas, que si bien se entreg\u00f3, aplauso, medalla y beso y foto mediante, una camioneta nueva para la Patrulla Rural, pero es una camioneta que se viene a acoplar a material obsoleto que tiene en este momento la Polic\u00eda de la Provincia de Buenos Aires; y todo esto ante un Fondo Educativo con mucha plata, que la plata del Fondo Educativo se la disfrace bajo el supuesto Programa de Apoyo y Fortalecimiento de las Entidades Intermedias y Educativas, tal cual se utiliza esta palabra en las variadas y bastantes fotos que se deben sacar las autoridades educativas con el Intendente Municipal cuando hace entrega de un cheque o de un subsidio que no es m\u00e1s ni menos, en la gran mayor\u00eda de sus casos, que dinero que proviene del Fondo Educativo. Que sin ning\u00fan tipo de gesti\u00f3n por parte del Intendente sino un mero \u00edndice de porcentaje recibe mensualmente, diariamente la Municipalidad que viene destinado precisamente a mejorar la calidad de infraestructura de los establecimientos educativos, y ante todo esto, ante esta situaci\u00f3n que se ve tanto en el plano municipal como en el plano provincial, tenemos a un Gobernador totalmente avocado ya una lanzada campa\u00f1a presidencial, y que por lo visto \u00e9stas cosas no s\u00e9, no las ve. Hace un tiempo mandamos un Pedido de Informe que nos contesten con respecto a la situaci\u00f3n vivida por los malos olores en cercan\u00eda y casi en todo el pueblo emanado por la planta de tratamiento cloacal, consta que existi\u00f3 una reuni\u00f3n con funcionarios y de que se ha estado trabajando y de que quienes est\u00e1n a cargo de esa planta vienen trabaj\u00e1ndolo pero con recursos m\u00ednimos, escasos. En la Sesi\u00f3n pasada hablaba de que a veces nosotros de nuestro humilde rol de Concejales mucho no podemos hacer en lo que es Pol\u00edtica Provincial y Pol\u00edtica Nacional, pero creo que tenemos la obligaci\u00f3n por lo menos de dejar manifiesto de la situaci\u00f3n que se vive. Y con respecto a lo del Fondo Educativo, seguimos insistiendo los reclamos para mejora del aspecto educativo, hay una Instituci\u00f3n que tiene m\u00e1s de 100 a\u00f1os de creaci\u00f3n, que es el Consejo Escolar, para eso est\u00e1 el Consejo Escolar, no puede ser que los Directivos de los Establecimientos Educativos tengan que andar de rodillas pidi\u00e9ndole al Intendente Municipal para comprar juegos, para hacer una pared, el Consejo Escolar est\u00e1 para canalizar eso, de hecho se viene haciendo un trabajo, hay una lista de prioridades, un plan con esa lista de prioridades y solamente hasta que est\u00e9 invertido el \u00faltimo peso necesario para mejorar los establecimientos educativos de Tornquist, usemos la plata del Fondo Educativo para otra cosa. Nada m\u00e1s Sr. Presidente.\u201d<br \/>\n&nbsp;<br \/>\nConcejal Nielsen Adriana:<br \/>\n\u201cBueno, en realidad escuchando al Sr Gabella, me llama la atenci\u00f3n porque se habla de un lugar se asepsia pol\u00edtica total y como si nunca hubiesen sido Gobierno, y como si nunca se hubiesen dedicado a gobernar este Pa\u00eds y haber bastardeado a la educaci\u00f3n y haber, digamos desguazado al sistema educativo. Si tenemos un poco de memoria en la \u00e9poca de De La R\u00faa, su receta fue justamente un paquete de ajustes donde se le baj\u00f3 el salario a todos los empleados p\u00fablicos, se pretend\u00eda achicar el Estado, se paralizaron todas las obras de infraestructura en las escuelas, se eliminaron varios programas sociales, en el verano del 2001 renunci\u00f3 Machinea, y cuando asumi\u00f3 L\u00f3pez Murfi la primer medida que tom\u00f3 justamente fue reducir el fondo que estaba destinado a educaci\u00f3n en m\u00e1s de 2.000 millones de pesos. Entonces, la educaci\u00f3n p\u00fablica en ese momento era un gasto p\u00fablico, hoy se habla de inversi\u00f3n en educaci\u00f3n, no hablamos de un gasto p\u00fablico. Entonces cuando hablamos est\u00e1 todo bien, yo entiendo porque siendo parte de este sistema educativo entiendo que hay much\u00edsimas cosas que est\u00e1n por hacerse, pero si estamos hablando de un Fondo Educativo con mucha plata como dice el Concejal Gabella quiere decir que este Gobierno destina mucha plata a educaci\u00f3n, entonces creo que estamos hablando de \u00e9tica, estamos hablando de un mont\u00f3n de cuestiones que tienen que ver con la funci\u00f3n p\u00fablica. Cuando hablamos de \u00e9tica, justamente estamos hablando de esto, de no falsear la verdad, podemos estar de acuerdo o no cuando se bajan los fondos, c\u00f3mo se implementan los fondos, qu\u00e9 es lo que hay que mejorar, que siempre van a haber cosas perfectibles para mejorar, pero le aseguro Sr. Gabella que este Gobierno porque a m\u00ed no me lo contaron porque yo soy parte del sistema educativo, ha hecho mucho por la educaci\u00f3n. Tenemos chicos dentro del sistema desde los 4 a\u00f1os hasta los 18 a\u00f1os en una educaci\u00f3n p\u00fablica donde es obligaci\u00f3n que el chico concurra al menos de los 4 a los 18 a\u00f1os, y este Estado se est\u00e1 tratando de hacer cargo de todo esto, de una estructura que fue desguazada, en la d\u00e9cada del \u00b490 se pretend\u00eda que la educaci\u00f3n fuera privada, entonces nos estamos haciendo cargo de muchas cosas que fueron bastardeadas en su momento y que obviamente de un d\u00eda para ma\u00f1ana, de la noche a la ma\u00f1ana no se pueden solucionar todos los baches que hay y que existen en la educaci\u00f3n, es cierto. Los Directivos no nos ponemos de rodillas ante nadie para pedir, exigimos lo que nos corresponde y si hay una Cooperadora o un grupo de padres que trabajan para una Instituci\u00f3n, justamente lo hacen porque la Instituci\u00f3n les pertenece, las Instituciones Educativas son del pueblo, y todos tenemos obligaci\u00f3n de estar en las escuelas porque es nuestro espacio, es el espacio de la comunidad por eso hablamos de comunidad educativa. El Estado tiene una obligaci\u00f3n que es indelegable, que es hacerse cargo de brindar las mejores condiciones para trabajar, tanto a los estudiantes para poder estudiar como al profesor para poder dar clase, es cierto y lo comparto y lo voy a defender a muerte porque en realidad es el deber del Estado brindarnos esa capacidad y ese lugar acorde para que nosotros podamos ense\u00f1ar, pero tambi\u00e9n es cierto que la calidad educativa no depende de un banco o de un pizarr\u00f3n, la calidad educativa depende de la formaci\u00f3n de los docentes, depende de c\u00f3mo participa la comunidad, depende de lo que nosotros proyectamos como sociedad, de lo que pretendemos de nuestro Pa\u00eds y la educaci\u00f3n tiene que ir de la mano del desarrollo de lo que uno pretende, no s\u00f3lo del lugar donde vive sino de la Naci\u00f3n a la que pertenece. Entonces hay much\u00edsimas Leyes, hay much\u00edsimo sustento para decir que este Gobierno se ha ocupado de la educaci\u00f3n, ha creado Universidades para que cualquier hijo de buen vecino pueda cumplir estudiar. O sea estamos hablando de que hoy se invierte en educaci\u00f3n, puede que falte pero no podemos criticar todo desde una asepsia pol\u00edtica que no existe, que todos en alg\u00fan momento nos hemos hecho cargo de este sistema y nos tenemos que seguir haciendo cargo para qu\u00e9, para que haya mejor y m\u00e1s escuelas es cierto, peo yo no creo que todo est\u00e9 color negro. Me parece que ac\u00e1 tambi\u00e9n hay grises, pero hay much\u00edsimos blancos que tenemos que valorizar y lo tenemos que rescatar. Lo digo porque soy parte del sistema eh, y a m\u00ed no me lo contaron, yo lo viv\u00ed, lo hemos vivido muchos docentes que hemos puesto las tizas, que hemos ido a trabajar sin saber si \u00edbamos a cobrar, un mont\u00f3n de cosas que es cierto que se dan y se han dado eternamente porque si uno va a la historia de la educaci\u00f3n siempre hemos tenido mucho vaivenes, pero convengamos que si estamos hablando de que falta transportes escolares, es porque justamente este Gobierno implementa el transporte escolar para brindarle mayor oportunidad al chico que no tiene, para que pueda acceder a la escuela. Si estamos hablando de comedores escolares y que hacen falta, y bueno s\u00ed est\u00e1 bien, la remesa para comedores escolares tiene que aumentar, est\u00e1 bien, y s\u00ed habr\u00e1 que optimizar los recursos, habr\u00e1 que hacer un mejor, pero no quiere decir que se est\u00e9 mirando para otro costado, nos estamos ocupando de esas cosas. Entonces, a veces est\u00e1 bueno, me gusta rescatar de su alocuci\u00f3n, cuando usted dice el Fondo Educativo tiene mucha plata es cierto, porque en realidad este Gobierno con esa Ley de Financiamiento Educativo lo que pretende es que lleguen los fondos a las escuelas. Entonces bueno, hoy he escuchado tanto, tanto ese verso, como que todo est\u00e1 tan mal que hoy me parece poco \u00e9tico mezclar por ah\u00ed las condiciones cuando uno es docente, en este momento estoy en un rol de Concejal, pero tampoco es justo tener que escuchar que siempre todo est\u00e1 mal, est\u00e1 muy bueno hacer un ejercicio de ver cu\u00e1ntas cosas podemos rescatar como positivos y cu\u00e1ntas cosas son perfectibles. Adhiero a que hay muchas cosas que son perfectibles y que tenemos que ir por m\u00e1s, siempre hay que ir por m\u00e1s. Nada m\u00e1s Sr. Presidente\u201d.<br \/>\n&nbsp;<br \/>\nConcejal Gabella Ezequiel:<br \/>\n\u201cLa verdad que me llama mucho la atenci\u00f3n la memoria selectiva que tienen todos los funcionarios del Partido Justicialista porque del a\u00f1o 1983 con el retorno de la Democracia hasta ahora, pasados 31 a\u00f1os, 8 a\u00f1os gobern\u00f3 el Radicalismo y 23 a\u00f1os el Justicialismo, y la culpa del estado de la educaci\u00f3n actual la tiene De La R\u00faa con sus 2 a\u00f1os de paso por el Gobierno fallidos. Cuando se vend\u00edan 100.000 kilos de soja al a\u00f1o, vend\u00eda el Pa\u00eds, cuando los ingresos del Pa\u00eds eran reducidos por el contexto econ\u00f3mico que viv\u00eda la Argentina en ese momento, y que hoy en d\u00eda nunca se vio un Gobierno que tenga tanto dinero y que lo use tan mal, esa es la diferencia que existe entre los Gobiernos anteriores. Que el Justicialismo se haga cargo de esa diferencia de a\u00f1os, porque el Sr. Carlos Menem fue Presidente del Justicialismo y todos sabemos qu\u00e9 pas\u00f3 en la educaci\u00f3n durante el Menemismo. Hoy qu\u00e9, qu\u00e9 cambi\u00f3, y con respecto al Fondo Educativo sigo resaltando, s\u00ed hay mucha plata, hay mucha plata porque se tom\u00f3 la decisi\u00f3n pol\u00edtica en el plano nacional, por la Ley de Financiamiento Educativo del a\u00f1o 2010 en la cual paulatinamente se iba a lograr que el 6% del P.B.I. del Estado del Producto Bruto Interno sea invertido en educaci\u00f3n, a lo que voy es que el Fondo Educativo es una herramienta que tiene el Intendente Municipal para que en el pago chico, en el plano local haga el uso m\u00e1s coherente con esos fondos, entonces para una persona que\u00a0 viene de afuera y ve que se utiliza plata del Fondo Educativo para la obra de Salamone, para\u00a0 la senda peatonal, como m\u00ednimo va a pretender que absolutamente ning\u00fan establecimiento educativo tenga un problema edilicio, o de falta de instrumentos, que a pesar de lo que dec\u00eda la Concejal Nielsen es cierto, no aseguran la calidad educativa, eso es algo que merece un debate totalmente aparte, pero con respecto a lo que es infraestructura solamente, y con eso hab\u00eda cerrado mi alocuci\u00f3n, estoy totalmente de acuerdo con lo que dice la Concejal Nielsen con respecto\u00a0 a las victorias que se han logrado y a los avances que se han obtenido en la educaci\u00f3n, no es para nada necesario hacer una comparaci\u00f3n en la \u00e9poca de De La R\u00faa porque tenemos que terminar con el revisionismo, con la comparaci\u00f3n, con lo peor porque siempre vamos a quedar mejor parados, quiero compararme con lo que viene y con\u00a0 lo que nos merecemos y si en este momento un establecimiento educativo est\u00e1 pidiendo por todos lados dinero para comprar juegos para los chicos, que son necesarios e indispensables, ser\u00e1 porque no est\u00e1n cubiertas todas las necesidades, ser\u00e1 porque el Fondo Educativo se est\u00e1 yendo para otras Instituciones, para otros fines y no para lo cual fue creado. Nada m\u00e1s Sr. Presidente\u201d.<br \/>\n&nbsp;<br \/>\nConcejal Nielsen Adriana:<br \/>\n\u201cNo estoy de acuerdo con que haya que terminarse con el revisionismo hist\u00f3rico, porque cuando uno hace una revisi\u00f3n hist\u00f3rica puede determinar y diagnosticar qu\u00e9 nos pas\u00f3 y ad\u00f3nde no queremos volver. Entiendo que dentro del Justicialismo tenemos cosas que nos duelen y que uno no ha compartido, pero tambi\u00e9n es cierto que cuando hablamos de Justicia Social y cuando hablamos de derechos, ha sido justamente \u00e9ste movimiento el que le ha otorgado a la sociedad justamente eso. Estamos hoy acrecentando todos los derechos del ciudadano, y entre esos el derecho a la educaci\u00f3n. Y por qu\u00e9 digo que no est\u00e1 bien decir que tenemos que dejar de lado el revisionismo hist\u00f3rico, justamente porque no queremos cometer los mismos errores, y compararnos con algo que no tenemos es medio extra\u00f1o, compararnos con lo que vendr\u00e1. En realidad uno deber\u00eda saber hacia d\u00f3nde va pero si tiene un proyecto, nosotros tenemos un proyecto y sabemos a d\u00f3nde vamos y eso est\u00e1 bueno, porque uno apuesta a ese proyecto, no queremos volver para atr\u00e1s, s\u00ed queremos seguir adelante con el proyecto, que es un proyecto que nos ha dado mucho y que seguramente tendr\u00e1 cosas para modificar como todos los proyectos pero hay que revisarlos, hay que evaluarlos, hay que diagnosticar hacia d\u00f3nde queremos ir. Pero no comparto con el Concejal en que no tenemos que mirar hacia atr\u00e1s o hacer una revisi\u00f3n hist\u00f3rica, siempre se ha crecido cuando se ha tenido desde d\u00f3nde, y se sabe desde d\u00f3nde se viene y sobre todo hacia d\u00f3nde se va, y nosotros tenemos muy claro hacia d\u00f3nde vamos. Nada m\u00e1s Sr. Presidente\u201d.<br \/>\n&nbsp;<br \/>\nConcejal Skolak Mar\u00eda Ofelia:<br \/>\n\u201cSi Sr. Presidente yo escuchando atentamente al Concejal Gabella, realmente lo escucho y\u00a0 da esa sensaci\u00f3n como que est\u00e1 todo mal. Estoy totalmente de acuerdo con las palabras vertidas por mi compa\u00f1era Adriana Nielsen, la Concejal Adriana Nielsen, totalmente de acuerdo, y no estoy de acuerdo con las palabras del Concejal Gabella, porque muestra una realidad totalmente oscura. Y yo me voy a referir simplemente a la zona del oeste, a las localidades queridas del oeste del Distrito que son la localidad de Chasic\u00f3, voy a mencionar tambi\u00e9n la localidad de Pelicur\u00e1, y me pongo a pensar en lo \u00faltimo que se hizo, en lo que se hizo en la gesti\u00f3n de \u00e9ste Gobierno, llevado a cabo por nuestro Intendente Municipal Gustavo Trankels, el cual siempre afirm\u00f3 que para \u00e9l no hay localidad peque\u00f1a. No s\u00e9, hace pocos d\u00edas en la localidad de Pelicur\u00e1 se ilumin\u00f3 una canchita de f\u00fatbol que era so\u00f1ada por los ni\u00f1os de esa localidad, 14 nenes estaban jugando ese d\u00eda, con una temperatura muy baja porque hac\u00eda mucho fr\u00edo, pero cuando se encendieron las luces, los nenes se olvidaron del fr\u00edo y se pusieron a disfrutar de ese lugar. Patrulleros en la gesti\u00f3n de \u00e9ste Intendente ahora \u00faltimos, creo que se incorporaron 3, incluido el que mencion\u00f3 el Concejal Gabella, por no decir 4 porque tengo la duda. Sigo con la localidad de Chasic\u00f3, se hizo cord\u00f3n cuneta que fue criticado por la oposici\u00f3n, antes se reclamaba, en Gobiernos anteriores se ped\u00eda el cord\u00f3n cuneta, cuando se hace el cord\u00f3n cuneta por supuesto se critica. Se arregl\u00f3 muy linda la plaza de la localidad de Chasic\u00f3, se le dio a la Delegaci\u00f3n de la localidad de Chasic\u00f3 una camioneta en buenas condiciones. En Pelicur\u00e1 y Nueva Roma se est\u00e1 haciendo la red de agua potable, en Nueva Roma tambi\u00e9n se est\u00e1 haciendo una sala de primeros auxilios, y bueno me vino al recuerdo todo esto que uno va viviendo y que va escuchando y que tal vez la comunidad no lo sabe porque generalmente se dice que constantemente se est\u00e1 mostrando lo que hacen, yo no s\u00e9 si estaban sabiendo que se ilumin\u00f3 una canchita en la localidad de Pelicur\u00e1, por supuesto con el acompa\u00f1amiento de la Cooperativa El\u00e9ctrica de Chasic\u00f3 y son decisiones peque\u00f1as tal vez para muchos pero para otros muy valiosas y que lindo ser\u00eda poder escuchar al Concejal Gabella que es de esa zona tambi\u00e9n tener en cuenta esto, porque s\u00f3lo escuchamos machaque, machaque y machaque. Como dije hace algunas sesiones, escuchamos los machaques en un Distrito que d\u00eda a d\u00eda est\u00e1 creciendo. Nada m\u00e1s Sr. Presidente\u201d.<br \/>\n&nbsp;<br \/>\nConcejal Moroncini Gustavo:<br \/>\n\u201cSi, lo m\u00edo es cortito porque se ha hecho extensa hoy la conversaci\u00f3n. Evidentemente vivimos en dos pa\u00edses distintos, en dos localidades distintas y en eso se va a hacer mucho m\u00e1s larga la discusi\u00f3n porque nunca nos vamos a poner de acuerdo, cada uno cree que tiene su verdad. Yo voy a decir que se nombr\u00f3 la d\u00e9cada del \u00b490 donde nosotros no estuvimos, despu\u00e9s estuvimos 2 a\u00f1os nefastos, nadie lo puede negar, a consecuencia de qu\u00e9, porque tambi\u00e9n hay que decirlo, con lo que ven\u00edamos, macanudo. Hab\u00eda plata? No, no hab\u00eda un sope ni partido por la mitad, ahora hay plata para tirar para arriba, entonces yo quiero saber, con qu\u00e9 se hacen las cosas, me gustar\u00eda saber, que no sab\u00eda que hab\u00edan hecho una iluminaci\u00f3n en una canchita en Pelicur\u00e1 con qu\u00e9 fondos se hizo, no sea cosas que se haya hecho con el Fondo Educativo tambi\u00e9n. Nada m\u00e1s Sr. Presidente\u201d.<br \/>\n&nbsp;<br \/>\n&nbsp;<br \/>\n&nbsp;<br \/>\n&nbsp;<\/p>\n","protected":false},"excerpt":{"rendered":"<p>httpv:\/\/www.youtube.com\/watch?v=THt7g9otvAY httpv:\/\/www.youtube.com\/watch?v=ZbIFZQ5g0Ik httpv:\/\/www.youtube.com\/watch?v=b0nzxM-F_So httpv:\/\/www.youtube.com\/watch?v=DGJcM_8T7X0 httpv:\/\/www.youtube.com\/watch?v=eHJbHBjuPhU httpv:\/\/www.youtube.com\/watch?v=GJ7XoTjNbXk httpv:\/\/www.youtube.com\/watch?v=nDFWoptk6jE httpv:\/\/www.youtube.com\/watch?v=K-aY7H35YYo httpv:\/\/www.youtube.com\/watch?v=fnZAorTsMS0 httpv:\/\/www.youtube.com\/watch?v=8cBTX8FD3H8 Comunicaciones Oficiales y Dict\u00e1menes de las Comisiones: Expte. N\u00ba 252\/14: \u201cD.E.- Convalida la firma del Convenio de Pr\u00e9stamo de Uso por dos camionetas celebrado entre la D.V.B.A. y el Municipio de Tornquist\u201d. Pasa a las Comisiones de Interpretaci\u00f3n y Reglamento, Obras P\u00fablicas y Asuntos Municipales. [&hellip;]<\/p>\n","protected":false},"author":1,"featured_media":0,"comment_status":"closed","ping_status":"open","sticky":false,"template":"","format":"standard","meta":{"footnotes":""},"categories":[51,52,53,64],"tags":[],"class_list":["post-22490","post","type-post","status-publish","format-standard","hentry","category-comunidad","category-destacadas","category-politica","category-videos-destacados"],"yoast_head":"<!-- This site is optimized with the Yoast SEO plugin v19.7.1 - https:\/\/yoast.com\/wordpress\/plugins\/seo\/ -->\n<title>INFORME SESI\u00d3N ORDINARIA DEL D\u00cdA 5 DE AGOSTO - CELTTV<\/title>\n<meta name=\"description\" content=\"Sitio web de noticias de la localidad de Tornquist, provincia de Buenos Aires, Rep\u00fablica Argentina. Contenido propio originado por periodistas de CELTTV, el canal de TV local de la Cooperativa El\u00e9ctrica de Tornquist. Turismo, Pol\u00edtica, Sociedad, Deporte, Cultura y todo el contenido de inter\u00e9s general que la gente del pueblo y la regi\u00f3n debe conocer.\" \/>\n<meta name=\"robots\" content=\"index, follow, max-snippet:-1, max-image-preview:large, max-video-preview:-1\" \/>\n<link rel=\"canonical\" href=\"https:\/\/www.celttv.com.ar\/index.php\/2014\/08\/09\/informe-sesion-ordinaria-del-dia-5-de-agosto\/\" \/>\n<meta property=\"og:locale\" content=\"es_ES\" \/>\n<meta property=\"og:type\" content=\"article\" \/>\n<meta property=\"og:title\" content=\"INFORME SESI\u00d3N ORDINARIA DEL D\u00cdA 5 DE AGOSTO - CELTTV\" \/>\n<meta property=\"og:description\" content=\"Sitio web de noticias de la localidad de Tornquist, provincia de Buenos Aires, Rep\u00fablica Argentina. Contenido propio originado por periodistas de CELTTV, el canal de TV local de la Cooperativa El\u00e9ctrica de Tornquist. Turismo, Pol\u00edtica, Sociedad, Deporte, Cultura y todo el contenido de inter\u00e9s general que la gente del pueblo y la regi\u00f3n debe conocer.\" \/>\n<meta property=\"og:url\" content=\"https:\/\/www.celttv.com.ar\/index.php\/2014\/08\/09\/informe-sesion-ordinaria-del-dia-5-de-agosto\/\" \/>\n<meta property=\"og:site_name\" content=\"CELTTV\" \/>\n<meta property=\"article:publisher\" content=\"https:\/\/www.facebook.com\/celtTV\/\" \/>\n<meta property=\"article:published_time\" content=\"2014-08-09T00:23:39+00:00\" \/>\n<meta name=\"author\" content=\"ulises\" \/>\n<meta name=\"twitter:card\" content=\"summary_large_image\" \/>\n<meta name=\"twitter:label1\" content=\"Escrito por\" \/>\n\t<meta name=\"twitter:data1\" content=\"ulises\" \/>\n\t<meta name=\"twitter:label2\" content=\"Tiempo de lectura\" \/>\n\t<meta name=\"twitter:data2\" content=\"36 minutos\" \/>\n<script type=\"application\/ld+json\" class=\"yoast-schema-graph\">{\"@context\":\"https:\/\/schema.org\",\"@graph\":[{\"@type\":\"NewsArticle\",\"@id\":\"https:\/\/www.celttv.com.ar\/index.php\/2014\/08\/09\/informe-sesion-ordinaria-del-dia-5-de-agosto\/#article\",\"isPartOf\":{\"@id\":\"https:\/\/www.celttv.com.ar\/index.php\/2014\/08\/09\/informe-sesion-ordinaria-del-dia-5-de-agosto\/\"},\"author\":{\"name\":\"ulises\",\"@id\":\"https:\/\/www.celttv.com.ar\/#\/schema\/person\/6d99c072dba59953809c81446e9d0ace\"},\"headline\":\"INFORME SESI\u00d3N ORDINARIA DEL D\u00cdA 5 DE AGOSTO\",\"datePublished\":\"2014-08-09T00:23:39+00:00\",\"dateModified\":\"2014-08-09T00:23:39+00:00\",\"mainEntityOfPage\":{\"@id\":\"https:\/\/www.celttv.com.ar\/index.php\/2014\/08\/09\/informe-sesion-ordinaria-del-dia-5-de-agosto\/\"},\"wordCount\":7211,\"publisher\":{\"@id\":\"https:\/\/www.celttv.com.ar\/#organization\"},\"articleSection\":[\"Comunidad\",\"Destacadas\",\"Pol\u00edtica\",\"Videos Destacados\"],\"inLanguage\":\"es\"},{\"@type\":\"WebPage\",\"@id\":\"https:\/\/www.celttv.com.ar\/index.php\/2014\/08\/09\/informe-sesion-ordinaria-del-dia-5-de-agosto\/\",\"url\":\"https:\/\/www.celttv.com.ar\/index.php\/2014\/08\/09\/informe-sesion-ordinaria-del-dia-5-de-agosto\/\",\"name\":\"INFORME SESI\u00d3N ORDINARIA DEL D\u00cdA 5 DE AGOSTO - CELTTV\",\"isPartOf\":{\"@id\":\"https:\/\/www.celttv.com.ar\/#website\"},\"datePublished\":\"2014-08-09T00:23:39+00:00\",\"dateModified\":\"2014-08-09T00:23:39+00:00\",\"description\":\"Sitio web de noticias de la localidad de Tornquist, provincia de Buenos Aires, Rep\u00fablica Argentina. Contenido propio originado por periodistas de CELTTV, el canal de TV local de la Cooperativa El\u00e9ctrica de Tornquist. Turismo, Pol\u00edtica, Sociedad, Deporte, Cultura y todo el contenido de inter\u00e9s general que la gente del pueblo y la regi\u00f3n debe conocer.\",\"breadcrumb\":{\"@id\":\"https:\/\/www.celttv.com.ar\/index.php\/2014\/08\/09\/informe-sesion-ordinaria-del-dia-5-de-agosto\/#breadcrumb\"},\"inLanguage\":\"es\",\"potentialAction\":[{\"@type\":\"ReadAction\",\"target\":[\"https:\/\/www.celttv.com.ar\/index.php\/2014\/08\/09\/informe-sesion-ordinaria-del-dia-5-de-agosto\/\"]}]},{\"@type\":\"BreadcrumbList\",\"@id\":\"https:\/\/www.celttv.com.ar\/index.php\/2014\/08\/09\/informe-sesion-ordinaria-del-dia-5-de-agosto\/#breadcrumb\",\"itemListElement\":[{\"@type\":\"ListItem\",\"position\":1,\"name\":\"Inicio\",\"item\":\"https:\/\/www.celttv.com.ar\/\"},{\"@type\":\"ListItem\",\"position\":2,\"name\":\"INFORME SESI\u00d3N ORDINARIA DEL D\u00cdA 5 DE AGOSTO\"}]},{\"@type\":\"WebSite\",\"@id\":\"https:\/\/www.celttv.com.ar\/#website\",\"url\":\"https:\/\/www.celttv.com.ar\/\",\"name\":\"CELTTV\",\"description\":\"Cooperativa El\u00e9ctrica de Tornquist\",\"publisher\":{\"@id\":\"https:\/\/www.celttv.com.ar\/#organization\"},\"potentialAction\":[{\"@type\":\"SearchAction\",\"target\":{\"@type\":\"EntryPoint\",\"urlTemplate\":\"https:\/\/www.celttv.com.ar\/?s={search_term_string}\"},\"query-input\":\"required name=search_term_string\"}],\"inLanguage\":\"es\"},{\"@type\":\"Organization\",\"@id\":\"https:\/\/www.celttv.com.ar\/#organization\",\"name\":\"CELTTV\",\"url\":\"https:\/\/www.celttv.com.ar\/\",\"sameAs\":[\"https:\/\/www.youtube.com\/channel\/UCz_oIt8Hig64Ub-EmcNPIhg\",\"https:\/\/www.facebook.com\/celtTV\/\"],\"logo\":{\"@type\":\"ImageObject\",\"inLanguage\":\"es\",\"@id\":\"https:\/\/www.celttv.com.ar\/#\/schema\/logo\/image\/\",\"url\":\"http:\/\/www.celttv.com.ar\/wp-content\/uploads\/2022\/08\/logo-1.png\",\"contentUrl\":\"http:\/\/www.celttv.com.ar\/wp-content\/uploads\/2022\/08\/logo-1.png\",\"width\":461,\"height\":159,\"caption\":\"CELTTV\"},\"image\":{\"@id\":\"https:\/\/www.celttv.com.ar\/#\/schema\/logo\/image\/\"}},{\"@type\":\"Person\",\"@id\":\"https:\/\/www.celttv.com.ar\/#\/schema\/person\/6d99c072dba59953809c81446e9d0ace\",\"name\":\"ulises\",\"image\":{\"@type\":\"ImageObject\",\"inLanguage\":\"es\",\"@id\":\"https:\/\/www.celttv.com.ar\/#\/schema\/person\/image\/\",\"url\":\"https:\/\/secure.gravatar.com\/avatar\/7f2c48bdc33b30088f941fb6082e555f2874c98e20cb159d7b92b50eadfce793?s=96&d=mm&r=g\",\"contentUrl\":\"https:\/\/secure.gravatar.com\/avatar\/7f2c48bdc33b30088f941fb6082e555f2874c98e20cb159d7b92b50eadfce793?s=96&d=mm&r=g\",\"caption\":\"ulises\"},\"sameAs\":[\"http:\/\/www.celttv.com.ar\"]}]}<\/script>\n<!-- \/ Yoast SEO plugin. -->","yoast_head_json":{"title":"INFORME SESI\u00d3N ORDINARIA DEL D\u00cdA 5 DE AGOSTO - CELTTV","description":"Sitio web de noticias de la localidad de Tornquist, provincia de Buenos Aires, Rep\u00fablica Argentina. Contenido propio originado por periodistas de CELTTV, el canal de TV local de la Cooperativa El\u00e9ctrica de Tornquist. Turismo, Pol\u00edtica, Sociedad, Deporte, Cultura y todo el contenido de inter\u00e9s general que la gente del pueblo y la regi\u00f3n debe conocer.","robots":{"index":"index","follow":"follow","max-snippet":"max-snippet:-1","max-image-preview":"max-image-preview:large","max-video-preview":"max-video-preview:-1"},"canonical":"https:\/\/www.celttv.com.ar\/index.php\/2014\/08\/09\/informe-sesion-ordinaria-del-dia-5-de-agosto\/","og_locale":"es_ES","og_type":"article","og_title":"INFORME SESI\u00d3N ORDINARIA DEL D\u00cdA 5 DE AGOSTO - CELTTV","og_description":"Sitio web de noticias de la localidad de Tornquist, provincia de Buenos Aires, Rep\u00fablica Argentina. Contenido propio originado por periodistas de CELTTV, el canal de TV local de la Cooperativa El\u00e9ctrica de Tornquist. Turismo, Pol\u00edtica, Sociedad, Deporte, Cultura y todo el contenido de inter\u00e9s general que la gente del pueblo y la regi\u00f3n debe conocer.","og_url":"https:\/\/www.celttv.com.ar\/index.php\/2014\/08\/09\/informe-sesion-ordinaria-del-dia-5-de-agosto\/","og_site_name":"CELTTV","article_publisher":"https:\/\/www.facebook.com\/celtTV\/","article_published_time":"2014-08-09T00:23:39+00:00","author":"ulises","twitter_card":"summary_large_image","twitter_misc":{"Escrito por":"ulises","Tiempo de lectura":"36 minutos"},"schema":{"@context":"https:\/\/schema.org","@graph":[{"@type":"NewsArticle","@id":"https:\/\/www.celttv.com.ar\/index.php\/2014\/08\/09\/informe-sesion-ordinaria-del-dia-5-de-agosto\/#article","isPartOf":{"@id":"https:\/\/www.celttv.com.ar\/index.php\/2014\/08\/09\/informe-sesion-ordinaria-del-dia-5-de-agosto\/"},"author":{"name":"ulises","@id":"https:\/\/www.celttv.com.ar\/#\/schema\/person\/6d99c072dba59953809c81446e9d0ace"},"headline":"INFORME SESI\u00d3N ORDINARIA DEL D\u00cdA 5 DE AGOSTO","datePublished":"2014-08-09T00:23:39+00:00","dateModified":"2014-08-09T00:23:39+00:00","mainEntityOfPage":{"@id":"https:\/\/www.celttv.com.ar\/index.php\/2014\/08\/09\/informe-sesion-ordinaria-del-dia-5-de-agosto\/"},"wordCount":7211,"publisher":{"@id":"https:\/\/www.celttv.com.ar\/#organization"},"articleSection":["Comunidad","Destacadas","Pol\u00edtica","Videos Destacados"],"inLanguage":"es"},{"@type":"WebPage","@id":"https:\/\/www.celttv.com.ar\/index.php\/2014\/08\/09\/informe-sesion-ordinaria-del-dia-5-de-agosto\/","url":"https:\/\/www.celttv.com.ar\/index.php\/2014\/08\/09\/informe-sesion-ordinaria-del-dia-5-de-agosto\/","name":"INFORME SESI\u00d3N ORDINARIA DEL D\u00cdA 5 DE AGOSTO - CELTTV","isPartOf":{"@id":"https:\/\/www.celttv.com.ar\/#website"},"datePublished":"2014-08-09T00:23:39+00:00","dateModified":"2014-08-09T00:23:39+00:00","description":"Sitio web de noticias de la localidad de Tornquist, provincia de Buenos Aires, Rep\u00fablica Argentina. Contenido propio originado por periodistas de CELTTV, el canal de TV local de la Cooperativa El\u00e9ctrica de Tornquist. Turismo, Pol\u00edtica, Sociedad, Deporte, Cultura y todo el contenido de inter\u00e9s general que la gente del pueblo y la regi\u00f3n debe conocer.","breadcrumb":{"@id":"https:\/\/www.celttv.com.ar\/index.php\/2014\/08\/09\/informe-sesion-ordinaria-del-dia-5-de-agosto\/#breadcrumb"},"inLanguage":"es","potentialAction":[{"@type":"ReadAction","target":["https:\/\/www.celttv.com.ar\/index.php\/2014\/08\/09\/informe-sesion-ordinaria-del-dia-5-de-agosto\/"]}]},{"@type":"BreadcrumbList","@id":"https:\/\/www.celttv.com.ar\/index.php\/2014\/08\/09\/informe-sesion-ordinaria-del-dia-5-de-agosto\/#breadcrumb","itemListElement":[{"@type":"ListItem","position":1,"name":"Inicio","item":"https:\/\/www.celttv.com.ar\/"},{"@type":"ListItem","position":2,"name":"INFORME SESI\u00d3N ORDINARIA DEL D\u00cdA 5 DE AGOSTO"}]},{"@type":"WebSite","@id":"https:\/\/www.celttv.com.ar\/#website","url":"https:\/\/www.celttv.com.ar\/","name":"CELTTV","description":"Cooperativa El\u00e9ctrica de Tornquist","publisher":{"@id":"https:\/\/www.celttv.com.ar\/#organization"},"potentialAction":[{"@type":"SearchAction","target":{"@type":"EntryPoint","urlTemplate":"https:\/\/www.celttv.com.ar\/?s={search_term_string}"},"query-input":"required name=search_term_string"}],"inLanguage":"es"},{"@type":"Organization","@id":"https:\/\/www.celttv.com.ar\/#organization","name":"CELTTV","url":"https:\/\/www.celttv.com.ar\/","sameAs":["https:\/\/www.youtube.com\/channel\/UCz_oIt8Hig64Ub-EmcNPIhg","https:\/\/www.facebook.com\/celtTV\/"],"logo":{"@type":"ImageObject","inLanguage":"es","@id":"https:\/\/www.celttv.com.ar\/#\/schema\/logo\/image\/","url":"http:\/\/www.celttv.com.ar\/wp-content\/uploads\/2022\/08\/logo-1.png","contentUrl":"http:\/\/www.celttv.com.ar\/wp-content\/uploads\/2022\/08\/logo-1.png","width":461,"height":159,"caption":"CELTTV"},"image":{"@id":"https:\/\/www.celttv.com.ar\/#\/schema\/logo\/image\/"}},{"@type":"Person","@id":"https:\/\/www.celttv.com.ar\/#\/schema\/person\/6d99c072dba59953809c81446e9d0ace","name":"ulises","image":{"@type":"ImageObject","inLanguage":"es","@id":"https:\/\/www.celttv.com.ar\/#\/schema\/person\/image\/","url":"https:\/\/secure.gravatar.com\/avatar\/7f2c48bdc33b30088f941fb6082e555f2874c98e20cb159d7b92b50eadfce793?s=96&d=mm&r=g","contentUrl":"https:\/\/secure.gravatar.com\/avatar\/7f2c48bdc33b30088f941fb6082e555f2874c98e20cb159d7b92b50eadfce793?s=96&d=mm&r=g","caption":"ulises"},"sameAs":["http:\/\/www.celttv.com.ar"]}]}},"_links":{"self":[{"href":"https:\/\/www.celttv.com.ar\/index.php\/wp-json\/wp\/v2\/posts\/22490","targetHints":{"allow":["GET"]}}],"collection":[{"href":"https:\/\/www.celttv.com.ar\/index.php\/wp-json\/wp\/v2\/posts"}],"about":[{"href":"https:\/\/www.celttv.com.ar\/index.php\/wp-json\/wp\/v2\/types\/post"}],"author":[{"embeddable":true,"href":"https:\/\/www.celttv.com.ar\/index.php\/wp-json\/wp\/v2\/users\/1"}],"replies":[{"embeddable":true,"href":"https:\/\/www.celttv.com.ar\/index.php\/wp-json\/wp\/v2\/comments?post=22490"}],"version-history":[{"count":0,"href":"https:\/\/www.celttv.com.ar\/index.php\/wp-json\/wp\/v2\/posts\/22490\/revisions"}],"wp:attachment":[{"href":"https:\/\/www.celttv.com.ar\/index.php\/wp-json\/wp\/v2\/media?parent=22490"}],"wp:term":[{"taxonomy":"category","embeddable":true,"href":"https:\/\/www.celttv.com.ar\/index.php\/wp-json\/wp\/v2\/categories?post=22490"},{"taxonomy":"post_tag","embeddable":true,"href":"https:\/\/www.celttv.com.ar\/index.php\/wp-json\/wp\/v2\/tags?post=22490"}],"curies":[{"name":"wp","href":"https:\/\/api.w.org\/{rel}","templated":true}]}}