{"id":22524,"date":"2014-08-11T21:25:16","date_gmt":"2014-08-11T21:25:16","guid":{"rendered":"http:\/\/www.tvcnoticias.com.ar\/?p=22524"},"modified":"2014-08-11T21:25:16","modified_gmt":"2014-08-11T21:25:16","slug":"hcd-los-concejales-se-reunieron-con-instituciones-y-vecinos-en-chasico","status":"publish","type":"post","link":"https:\/\/www.celttv.com.ar\/index.php\/2014\/08\/11\/hcd-los-concejales-se-reunieron-con-instituciones-y-vecinos-en-chasico\/","title":{"rendered":"HCD.: LOS CONCEJALES SE REUNIERON CON INSTITUCIONES Y VECINOS EN CHASICO"},"content":{"rendered":"<p><a rel=\"attachment wp-att-22526\" href=\"http:\/\/www.tvcnoticias.com.ar\/?attachment_id=22526\"><img loading=\"lazy\" decoding=\"async\" class=\"aligncenter size-medium wp-image-22526\" title=\"DSCF4101 (Small)\" src=\"http:\/\/www.tvcnoticias.com.ar\/wp-content\/uploads\/2014\/08\/DSCF4101-Small-450x337.jpg\" alt=\"\" width=\"450\" height=\"337\" \/><\/a><br \/>\nEl pasado mi\u00e9rcoles 6 de Agosto, a partir de las 20 hs. aproximadamente, se hicieron presente en instalaciones de la Cooperativa El\u00e9ctrica de Chasic\u00f3 representantes de la Asociaci\u00f3n de Fomento, de la Biblioteca, vecinos de la localidad y el delegado de Chasic\u00f3 Luciano Cardelli, junto a los ediles del Cuerpo, por el Bloque Frente para la Victoria: Ma. Ofelia Skolak y Ma. Graciela Musso, por el Bloque Coalici\u00f3n C\u00edvica: Dar\u00edo Cardoso, por el Bloque Frente Progresista C\u00edvico y Social: Sergio Bordoni, Sonia De Larena y Ezequiel Gabella.<br \/>\n&nbsp;<br \/>\nLa reuni\u00f3n hab\u00eda sido solicitada por nota de fecha 9 de Junio del presente, se hab\u00eda pautado para el d\u00eda 16 de Julio y fue suspendida por factores clim\u00e1ticos.<br \/>\n&nbsp;<br \/>\nEn la misma, los vecinos de la localidad plantearon distintos temas. Uno de los de mayor importancia, fue el estado del patrullero con el que cuenta actualmente la Polic\u00eda de Chasic\u00f3. Cabe aclarar, que en la Sesi\u00f3n Ordinaria del d\u00eda 5 de Agosto del corriente, se dio lectura a una nota firmada por distintos vecinos de la localidad en referencia al mismo tema, con la que se origin\u00f3 el Expediente N\u00ba 6644\/14 caratulado: \u201cNP-Asociaci\u00f3n de Fomento y comunidad de Chasic\u00f3: solicitan un patrullero en condiciones para la localidad\u201d. Despu\u00e9s del planteo, hizo uso de la palabra el delegado de la localidad, quien hizo referencia a que se encontraban comprados los repuestos para reparar el patrullero y que se realizar\u00eda la VTV al mismo, s\u00f3lo restaba que llegue a la localidad un patrullero que reemplace al existente mientras se hacen los arreglos.<br \/>\n&nbsp;<br \/>\nLos vecinos comentaron a los Concejales presentes el estado de los caminos de acceso a la localidad y de la calle Cacique Catriel (calle principal de acceso). En referencia a \u00e9ste tema ya hab\u00edan enviado al Presidente del Concejo, una copia de la nota dirigida al Intendente Municipal sobre el estado de los caminos, con la que se form\u00f3 en Sesi\u00f3n Ordinaria del 15 de Julio el Expediente N\u00ba 6639\/14 caratulado: \u201cNP-Vecinos de Chasic\u00f3: copia de la nota enviada al Intendente ref. reclamo por el estado de la calle principal de la localidad, el acceso a la Ruta Nacional n\u00ba 35 y los caminos de tierra a la cabecera del distrito\u201d. Sugirieron que se actualicen los Informes de la Comisi\u00f3n Vial, que eran publicados en una p\u00e1gina web, para poder tener acceso a dicha informaci\u00f3n. Preguntaron qu\u00e9 gestiones eran posible realizar para reparar o hacer totalmente nueva la calle principal de acceso a la localidad, para lo cual es necesario saber adem\u00e1s si dicha calle pertenece a una Ruta Provincial o Nacional.<br \/>\n&nbsp;<br \/>\nOtro tema de relevancia y prioritario para la localidad, es el hecho de contar con una ambulancia m\u00e1s equipada y en mejores condiciones en que las que se encuentran las que est\u00e1n en la actualidad. El pedido es fundamentado en que en la localidad no se cuenta con m\u00e9dico permanente y la distancia al Centro de Atenci\u00f3n m\u00e1s cercano por ruta asfaltada es de 70 km.<br \/>\n&nbsp;<br \/>\nSe habl\u00f3 tambi\u00e9n, sobre la posibilidad de contar con una fuente de trabajo alternativo Un vecino coment\u00f3 sobre la posibilidad de adquirir una m\u00e1quina de ladrillos tipo block, y baldosas, proyecto que se presentar\u00e1 a la Secretar\u00eda de Producci\u00f3n y Medio Ambiente.<br \/>\n&nbsp;<br \/>\nEn cuanto a los hechos de inseguridad acontecidos, relacionado con el Expediente N\u00ba 6644\/14, los vecinos platearon la colocaci\u00f3n de sem\u00e1foro intermitentes en el acceso a la localidad, reductores de velocidad y c\u00e1maras de seguridad.<br \/>\n&nbsp;<br \/>\nLos integrantes de la Biblioteca comentaron a los ediles las actividades que se vienen realizando desde la instituci\u00f3n, los problemas que tienen para conseguir la personer\u00eda jur\u00eddica, entre otros.<br \/>\n&nbsp;<br \/>\nEn cu\u00e1nto a los festejos por el Aniversario del pueblo el pr\u00f3ximo 12 de Octubre, los concejales consultaron al respecto sobre qu\u00e9 actividades estaban previstas para esa fecha.<br \/>\n&nbsp;<br \/>\nLa reuni\u00f3n finaliz\u00f3, quedando los concejales a disposici\u00f3n de la poblaci\u00f3n y con el compromiso de poder dar respuesta a los temas planteados.<br \/>\n&nbsp;<br \/>\n&nbsp;<br \/>\nHONORABLE CONCEJO DELIBERANTE<br \/>\n&nbsp;<br \/>\n&nbsp;<br \/>\n&nbsp;<br \/>\n&nbsp;<\/p>\n","protected":false},"excerpt":{"rendered":"<p>El pasado mi\u00e9rcoles 6 de Agosto, a partir de las 20 hs. aproximadamente, se hicieron presente en instalaciones de la Cooperativa El\u00e9ctrica de Chasic\u00f3 representantes de la Asociaci\u00f3n de Fomento, de la Biblioteca, vecinos de la localidad y el delegado de Chasic\u00f3 Luciano Cardelli, junto a los ediles del Cuerpo, por el Bloque Frente para [&hellip;]<\/p>\n","protected":false},"author":1,"featured_media":0,"comment_status":"closed","ping_status":"open","sticky":false,"template":"","format":"standard","meta":{"footnotes":""},"categories":[51,52,53],"tags":[],"class_list":["post-22524","post","type-post","status-publish","format-standard","hentry","category-comunidad","category-destacadas","category-politica"],"yoast_head":"<!-- This site is optimized with the Yoast SEO plugin v19.7.1 - https:\/\/yoast.com\/wordpress\/plugins\/seo\/ -->\n<title>HCD.: LOS CONCEJALES SE REUNIERON CON INSTITUCIONES Y VECINOS EN CHASICO - CELTTV<\/title>\n<meta name=\"description\" content=\"Sitio web de noticias de la localidad de Tornquist, provincia de Buenos Aires, Rep\u00fablica Argentina. Contenido propio originado por periodistas de CELTTV, el canal de TV local de la Cooperativa El\u00e9ctrica de Tornquist. Turismo, Pol\u00edtica, Sociedad, Deporte, Cultura y todo el contenido de inter\u00e9s general que la gente del pueblo y la regi\u00f3n debe conocer.\" \/>\n<meta name=\"robots\" content=\"index, follow, max-snippet:-1, max-image-preview:large, max-video-preview:-1\" \/>\n<link rel=\"canonical\" href=\"https:\/\/www.celttv.com.ar\/index.php\/2014\/08\/11\/hcd-los-concejales-se-reunieron-con-instituciones-y-vecinos-en-chasico\/\" \/>\n<meta property=\"og:locale\" content=\"es_ES\" \/>\n<meta property=\"og:type\" content=\"article\" \/>\n<meta property=\"og:title\" content=\"HCD.: LOS CONCEJALES SE REUNIERON CON INSTITUCIONES Y VECINOS EN CHASICO - CELTTV\" \/>\n<meta property=\"og:description\" content=\"Sitio web de noticias de la localidad de Tornquist, provincia de Buenos Aires, Rep\u00fablica Argentina. Contenido propio originado por periodistas de CELTTV, el canal de TV local de la Cooperativa El\u00e9ctrica de Tornquist. Turismo, Pol\u00edtica, Sociedad, Deporte, Cultura y todo el contenido de inter\u00e9s general que la gente del pueblo y la regi\u00f3n debe conocer.\" \/>\n<meta property=\"og:url\" content=\"https:\/\/www.celttv.com.ar\/index.php\/2014\/08\/11\/hcd-los-concejales-se-reunieron-con-instituciones-y-vecinos-en-chasico\/\" \/>\n<meta property=\"og:site_name\" content=\"CELTTV\" \/>\n<meta property=\"article:publisher\" content=\"https:\/\/www.facebook.com\/celtTV\/\" \/>\n<meta property=\"article:published_time\" content=\"2014-08-11T21:25:16+00:00\" \/>\n<meta property=\"og:image\" content=\"http:\/\/www.tvcnoticias.com.ar\/wp-content\/uploads\/2014\/08\/DSCF4101-Small-450x337.jpg\" \/>\n<meta name=\"author\" content=\"ulises\" \/>\n<meta name=\"twitter:card\" content=\"summary_large_image\" \/>\n<meta name=\"twitter:label1\" content=\"Escrito por\" \/>\n\t<meta name=\"twitter:data1\" content=\"ulises\" \/>\n\t<meta name=\"twitter:label2\" content=\"Tiempo de lectura\" \/>\n\t<meta name=\"twitter:data2\" content=\"4 minutos\" \/>\n<script type=\"application\/ld+json\" class=\"yoast-schema-graph\">{\"@context\":\"https:\/\/schema.org\",\"@graph\":[{\"@type\":\"NewsArticle\",\"@id\":\"https:\/\/www.celttv.com.ar\/index.php\/2014\/08\/11\/hcd-los-concejales-se-reunieron-con-instituciones-y-vecinos-en-chasico\/#article\",\"isPartOf\":{\"@id\":\"https:\/\/www.celttv.com.ar\/index.php\/2014\/08\/11\/hcd-los-concejales-se-reunieron-con-instituciones-y-vecinos-en-chasico\/\"},\"author\":{\"name\":\"ulises\",\"@id\":\"https:\/\/www.celttv.com.ar\/#\/schema\/person\/6d99c072dba59953809c81446e9d0ace\"},\"headline\":\"HCD.: LOS CONCEJALES SE REUNIERON CON INSTITUCIONES Y VECINOS EN CHASICO\",\"datePublished\":\"2014-08-11T21:25:16+00:00\",\"dateModified\":\"2014-08-11T21:25:16+00:00\",\"mainEntityOfPage\":{\"@id\":\"https:\/\/www.celttv.com.ar\/index.php\/2014\/08\/11\/hcd-los-concejales-se-reunieron-con-instituciones-y-vecinos-en-chasico\/\"},\"wordCount\":718,\"publisher\":{\"@id\":\"https:\/\/www.celttv.com.ar\/#organization\"},\"articleSection\":[\"Comunidad\",\"Destacadas\",\"Pol\u00edtica\"],\"inLanguage\":\"es\"},{\"@type\":\"WebPage\",\"@id\":\"https:\/\/www.celttv.com.ar\/index.php\/2014\/08\/11\/hcd-los-concejales-se-reunieron-con-instituciones-y-vecinos-en-chasico\/\",\"url\":\"https:\/\/www.celttv.com.ar\/index.php\/2014\/08\/11\/hcd-los-concejales-se-reunieron-con-instituciones-y-vecinos-en-chasico\/\",\"name\":\"HCD.: LOS CONCEJALES SE REUNIERON CON INSTITUCIONES Y VECINOS EN CHASICO - CELTTV\",\"isPartOf\":{\"@id\":\"https:\/\/www.celttv.com.ar\/#website\"},\"datePublished\":\"2014-08-11T21:25:16+00:00\",\"dateModified\":\"2014-08-11T21:25:16+00:00\",\"description\":\"Sitio web de noticias de la localidad de Tornquist, provincia de Buenos Aires, Rep\u00fablica Argentina. Contenido propio originado por periodistas de CELTTV, el canal de TV local de la Cooperativa El\u00e9ctrica de Tornquist. Turismo, Pol\u00edtica, Sociedad, Deporte, Cultura y todo el contenido de inter\u00e9s general que la gente del pueblo y la regi\u00f3n debe conocer.\",\"breadcrumb\":{\"@id\":\"https:\/\/www.celttv.com.ar\/index.php\/2014\/08\/11\/hcd-los-concejales-se-reunieron-con-instituciones-y-vecinos-en-chasico\/#breadcrumb\"},\"inLanguage\":\"es\",\"potentialAction\":[{\"@type\":\"ReadAction\",\"target\":[\"https:\/\/www.celttv.com.ar\/index.php\/2014\/08\/11\/hcd-los-concejales-se-reunieron-con-instituciones-y-vecinos-en-chasico\/\"]}]},{\"@type\":\"BreadcrumbList\",\"@id\":\"https:\/\/www.celttv.com.ar\/index.php\/2014\/08\/11\/hcd-los-concejales-se-reunieron-con-instituciones-y-vecinos-en-chasico\/#breadcrumb\",\"itemListElement\":[{\"@type\":\"ListItem\",\"position\":1,\"name\":\"Inicio\",\"item\":\"https:\/\/www.celttv.com.ar\/\"},{\"@type\":\"ListItem\",\"position\":2,\"name\":\"HCD.: LOS CONCEJALES SE REUNIERON CON INSTITUCIONES Y VECINOS EN CHASICO\"}]},{\"@type\":\"WebSite\",\"@id\":\"https:\/\/www.celttv.com.ar\/#website\",\"url\":\"https:\/\/www.celttv.com.ar\/\",\"name\":\"CELTTV\",\"description\":\"Cooperativa El\u00e9ctrica de Tornquist\",\"publisher\":{\"@id\":\"https:\/\/www.celttv.com.ar\/#organization\"},\"potentialAction\":[{\"@type\":\"SearchAction\",\"target\":{\"@type\":\"EntryPoint\",\"urlTemplate\":\"https:\/\/www.celttv.com.ar\/?s={search_term_string}\"},\"query-input\":\"required name=search_term_string\"}],\"inLanguage\":\"es\"},{\"@type\":\"Organization\",\"@id\":\"https:\/\/www.celttv.com.ar\/#organization\",\"name\":\"CELTTV\",\"url\":\"https:\/\/www.celttv.com.ar\/\",\"sameAs\":[\"https:\/\/www.youtube.com\/channel\/UCz_oIt8Hig64Ub-EmcNPIhg\",\"https:\/\/www.facebook.com\/celtTV\/\"],\"logo\":{\"@type\":\"ImageObject\",\"inLanguage\":\"es\",\"@id\":\"https:\/\/www.celttv.com.ar\/#\/schema\/logo\/image\/\",\"url\":\"http:\/\/www.celttv.com.ar\/wp-content\/uploads\/2022\/08\/logo-1.png\",\"contentUrl\":\"http:\/\/www.celttv.com.ar\/wp-content\/uploads\/2022\/08\/logo-1.png\",\"width\":461,\"height\":159,\"caption\":\"CELTTV\"},\"image\":{\"@id\":\"https:\/\/www.celttv.com.ar\/#\/schema\/logo\/image\/\"}},{\"@type\":\"Person\",\"@id\":\"https:\/\/www.celttv.com.ar\/#\/schema\/person\/6d99c072dba59953809c81446e9d0ace\",\"name\":\"ulises\",\"image\":{\"@type\":\"ImageObject\",\"inLanguage\":\"es\",\"@id\":\"https:\/\/www.celttv.com.ar\/#\/schema\/person\/image\/\",\"url\":\"https:\/\/secure.gravatar.com\/avatar\/7f2c48bdc33b30088f941fb6082e555f2874c98e20cb159d7b92b50eadfce793?s=96&d=mm&r=g\",\"contentUrl\":\"https:\/\/secure.gravatar.com\/avatar\/7f2c48bdc33b30088f941fb6082e555f2874c98e20cb159d7b92b50eadfce793?s=96&d=mm&r=g\",\"caption\":\"ulises\"},\"sameAs\":[\"http:\/\/www.celttv.com.ar\"]}]}<\/script>\n<!-- \/ Yoast SEO plugin. -->","yoast_head_json":{"title":"HCD.: LOS CONCEJALES SE REUNIERON CON INSTITUCIONES Y VECINOS EN CHASICO - CELTTV","description":"Sitio web de noticias de la localidad de Tornquist, provincia de Buenos Aires, Rep\u00fablica Argentina. Contenido propio originado por periodistas de CELTTV, el canal de TV local de la Cooperativa El\u00e9ctrica de Tornquist. Turismo, Pol\u00edtica, Sociedad, Deporte, Cultura y todo el contenido de inter\u00e9s general que la gente del pueblo y la regi\u00f3n debe conocer.","robots":{"index":"index","follow":"follow","max-snippet":"max-snippet:-1","max-image-preview":"max-image-preview:large","max-video-preview":"max-video-preview:-1"},"canonical":"https:\/\/www.celttv.com.ar\/index.php\/2014\/08\/11\/hcd-los-concejales-se-reunieron-con-instituciones-y-vecinos-en-chasico\/","og_locale":"es_ES","og_type":"article","og_title":"HCD.: LOS CONCEJALES SE REUNIERON CON INSTITUCIONES Y VECINOS EN CHASICO - CELTTV","og_description":"Sitio web de noticias de la localidad de Tornquist, provincia de Buenos Aires, Rep\u00fablica Argentina. Contenido propio originado por periodistas de CELTTV, el canal de TV local de la Cooperativa El\u00e9ctrica de Tornquist. Turismo, Pol\u00edtica, Sociedad, Deporte, Cultura y todo el contenido de inter\u00e9s general que la gente del pueblo y la regi\u00f3n debe conocer.","og_url":"https:\/\/www.celttv.com.ar\/index.php\/2014\/08\/11\/hcd-los-concejales-se-reunieron-con-instituciones-y-vecinos-en-chasico\/","og_site_name":"CELTTV","article_publisher":"https:\/\/www.facebook.com\/celtTV\/","article_published_time":"2014-08-11T21:25:16+00:00","og_image":[{"url":"http:\/\/www.tvcnoticias.com.ar\/wp-content\/uploads\/2014\/08\/DSCF4101-Small-450x337.jpg"}],"author":"ulises","twitter_card":"summary_large_image","twitter_misc":{"Escrito por":"ulises","Tiempo de lectura":"4 minutos"},"schema":{"@context":"https:\/\/schema.org","@graph":[{"@type":"NewsArticle","@id":"https:\/\/www.celttv.com.ar\/index.php\/2014\/08\/11\/hcd-los-concejales-se-reunieron-con-instituciones-y-vecinos-en-chasico\/#article","isPartOf":{"@id":"https:\/\/www.celttv.com.ar\/index.php\/2014\/08\/11\/hcd-los-concejales-se-reunieron-con-instituciones-y-vecinos-en-chasico\/"},"author":{"name":"ulises","@id":"https:\/\/www.celttv.com.ar\/#\/schema\/person\/6d99c072dba59953809c81446e9d0ace"},"headline":"HCD.: LOS CONCEJALES SE REUNIERON CON INSTITUCIONES Y VECINOS EN CHASICO","datePublished":"2014-08-11T21:25:16+00:00","dateModified":"2014-08-11T21:25:16+00:00","mainEntityOfPage":{"@id":"https:\/\/www.celttv.com.ar\/index.php\/2014\/08\/11\/hcd-los-concejales-se-reunieron-con-instituciones-y-vecinos-en-chasico\/"},"wordCount":718,"publisher":{"@id":"https:\/\/www.celttv.com.ar\/#organization"},"articleSection":["Comunidad","Destacadas","Pol\u00edtica"],"inLanguage":"es"},{"@type":"WebPage","@id":"https:\/\/www.celttv.com.ar\/index.php\/2014\/08\/11\/hcd-los-concejales-se-reunieron-con-instituciones-y-vecinos-en-chasico\/","url":"https:\/\/www.celttv.com.ar\/index.php\/2014\/08\/11\/hcd-los-concejales-se-reunieron-con-instituciones-y-vecinos-en-chasico\/","name":"HCD.: LOS CONCEJALES SE REUNIERON CON INSTITUCIONES Y VECINOS EN CHASICO - CELTTV","isPartOf":{"@id":"https:\/\/www.celttv.com.ar\/#website"},"datePublished":"2014-08-11T21:25:16+00:00","dateModified":"2014-08-11T21:25:16+00:00","description":"Sitio web de noticias de la localidad de Tornquist, provincia de Buenos Aires, Rep\u00fablica Argentina. Contenido propio originado por periodistas de CELTTV, el canal de TV local de la Cooperativa El\u00e9ctrica de Tornquist. Turismo, Pol\u00edtica, Sociedad, Deporte, Cultura y todo el contenido de inter\u00e9s general que la gente del pueblo y la regi\u00f3n debe conocer.","breadcrumb":{"@id":"https:\/\/www.celttv.com.ar\/index.php\/2014\/08\/11\/hcd-los-concejales-se-reunieron-con-instituciones-y-vecinos-en-chasico\/#breadcrumb"},"inLanguage":"es","potentialAction":[{"@type":"ReadAction","target":["https:\/\/www.celttv.com.ar\/index.php\/2014\/08\/11\/hcd-los-concejales-se-reunieron-con-instituciones-y-vecinos-en-chasico\/"]}]},{"@type":"BreadcrumbList","@id":"https:\/\/www.celttv.com.ar\/index.php\/2014\/08\/11\/hcd-los-concejales-se-reunieron-con-instituciones-y-vecinos-en-chasico\/#breadcrumb","itemListElement":[{"@type":"ListItem","position":1,"name":"Inicio","item":"https:\/\/www.celttv.com.ar\/"},{"@type":"ListItem","position":2,"name":"HCD.: LOS CONCEJALES SE REUNIERON CON INSTITUCIONES Y VECINOS EN CHASICO"}]},{"@type":"WebSite","@id":"https:\/\/www.celttv.com.ar\/#website","url":"https:\/\/www.celttv.com.ar\/","name":"CELTTV","description":"Cooperativa El\u00e9ctrica de Tornquist","publisher":{"@id":"https:\/\/www.celttv.com.ar\/#organization"},"potentialAction":[{"@type":"SearchAction","target":{"@type":"EntryPoint","urlTemplate":"https:\/\/www.celttv.com.ar\/?s={search_term_string}"},"query-input":"required name=search_term_string"}],"inLanguage":"es"},{"@type":"Organization","@id":"https:\/\/www.celttv.com.ar\/#organization","name":"CELTTV","url":"https:\/\/www.celttv.com.ar\/","sameAs":["https:\/\/www.youtube.com\/channel\/UCz_oIt8Hig64Ub-EmcNPIhg","https:\/\/www.facebook.com\/celtTV\/"],"logo":{"@type":"ImageObject","inLanguage":"es","@id":"https:\/\/www.celttv.com.ar\/#\/schema\/logo\/image\/","url":"http:\/\/www.celttv.com.ar\/wp-content\/uploads\/2022\/08\/logo-1.png","contentUrl":"http:\/\/www.celttv.com.ar\/wp-content\/uploads\/2022\/08\/logo-1.png","width":461,"height":159,"caption":"CELTTV"},"image":{"@id":"https:\/\/www.celttv.com.ar\/#\/schema\/logo\/image\/"}},{"@type":"Person","@id":"https:\/\/www.celttv.com.ar\/#\/schema\/person\/6d99c072dba59953809c81446e9d0ace","name":"ulises","image":{"@type":"ImageObject","inLanguage":"es","@id":"https:\/\/www.celttv.com.ar\/#\/schema\/person\/image\/","url":"https:\/\/secure.gravatar.com\/avatar\/7f2c48bdc33b30088f941fb6082e555f2874c98e20cb159d7b92b50eadfce793?s=96&d=mm&r=g","contentUrl":"https:\/\/secure.gravatar.com\/avatar\/7f2c48bdc33b30088f941fb6082e555f2874c98e20cb159d7b92b50eadfce793?s=96&d=mm&r=g","caption":"ulises"},"sameAs":["http:\/\/www.celttv.com.ar"]}]}},"_links":{"self":[{"href":"https:\/\/www.celttv.com.ar\/index.php\/wp-json\/wp\/v2\/posts\/22524","targetHints":{"allow":["GET"]}}],"collection":[{"href":"https:\/\/www.celttv.com.ar\/index.php\/wp-json\/wp\/v2\/posts"}],"about":[{"href":"https:\/\/www.celttv.com.ar\/index.php\/wp-json\/wp\/v2\/types\/post"}],"author":[{"embeddable":true,"href":"https:\/\/www.celttv.com.ar\/index.php\/wp-json\/wp\/v2\/users\/1"}],"replies":[{"embeddable":true,"href":"https:\/\/www.celttv.com.ar\/index.php\/wp-json\/wp\/v2\/comments?post=22524"}],"version-history":[{"count":0,"href":"https:\/\/www.celttv.com.ar\/index.php\/wp-json\/wp\/v2\/posts\/22524\/revisions"}],"wp:attachment":[{"href":"https:\/\/www.celttv.com.ar\/index.php\/wp-json\/wp\/v2\/media?parent=22524"}],"wp:term":[{"taxonomy":"category","embeddable":true,"href":"https:\/\/www.celttv.com.ar\/index.php\/wp-json\/wp\/v2\/categories?post=22524"},{"taxonomy":"post_tag","embeddable":true,"href":"https:\/\/www.celttv.com.ar\/index.php\/wp-json\/wp\/v2\/tags?post=22524"}],"curies":[{"name":"wp","href":"https:\/\/api.w.org\/{rel}","templated":true}]}}