{"id":22535,"date":"2014-08-12T15:19:38","date_gmt":"2014-08-12T15:19:38","guid":{"rendered":"http:\/\/www.tvcnoticias.com.ar\/?p=22535"},"modified":"2014-08-12T15:19:38","modified_gmt":"2014-08-12T15:19:38","slug":"futbol-el-clausura-con-los-mismos-horarios","status":"publish","type":"post","link":"https:\/\/www.celttv.com.ar\/index.php\/2014\/08\/12\/futbol-el-clausura-con-los-mismos-horarios\/","title":{"rendered":"FUTBOL. EL CLAUSURA CON LOS MISMOS HORARIOS"},"content":{"rendered":"<p>El domingo que viene, cuando se inicie el segundo torneo de la temporada, el comienzo de los partidos ser\u00e1 a las 15:00 en Primera y a las 13:00 en Reserva<a rel=\"attachment wp-att-22536\" href=\"http:\/\/www.tvcnoticias.com.ar\/?attachment_id=22536\"><img loading=\"lazy\" decoding=\"async\" class=\"aligncenter size-medium wp-image-22536\" title=\"1430 - ARCO Y PELOTA (Medium)\" src=\"http:\/\/www.tvcnoticias.com.ar\/wp-content\/uploads\/2014\/08\/1430-ARCO-Y-PELOTA-Medium1-450x261.jpg\" alt=\"\" width=\"450\" height=\"261\" \/><\/a><br \/>\n&nbsp;<br \/>\nEl consejo directivo de la Liga Regional de F\u00fatbol de Coronel Su\u00e1rez, que preside Ernesto Palenzona, dispuso mantener a las 13:00 y a las 15:00 el horario de comienzo de los partidos de Reserva y de Primera divisi\u00f3n para el arranque del torneo Clausura el pr\u00f3ximo domingo.<br \/>\nLa fecha inaugural presente el siguiente programa:<br \/>\nZona \u201cA\u201d: Tiro Federal de Coronel Su\u00e1rez vs. San Mart\u00edn de Carhu\u00e9, Automoto vs. El Progreso e Independiente vs. Atl\u00e9tico Huanguel\u00e9n. Libre: Club Sarmiento.<br \/>\nZona \u201cB\u201d: Tiro Federal de Puan vs. Uni\u00f3n de Tornquist, Pe\u00f1arol de Guamin\u00ed vs. Puan F. Club y Pe\u00f1arol de Pig\u00fc\u00e9 vs. Boca Juniors. Libre: Blanco y Negro.<br \/>\nZona \u201cC\u201d: Uni\u00f3n Pig\u00fc\u00e9 vs. Empleados de Comercio; Racing Club vs. Deportivo Argentino y Deportivo Sarmiento vs. San Mart\u00edn de Saavedra. Libre: San Mart\u00edn de Santa Trinidad.<br \/>\nEl certamen, al igual que el Apertura, se jugar\u00e1 a dos ruedas con los equipos divididos en tres zonas de 7, mezclados de acuerdo a la ubicaci\u00f3n en el primer torneo de la temporada.<br \/>\nLos cinco primeros de cada zona y el mejor sexto se clasificar\u00e1n para los octavos de final, donde chocar\u00e1n el 1\u00b0 de la zona A vs. mejor 6\u00b0 (partido 1); 1\u00b0 zona B vs. 5\u00b0 zona A (partido 2); 1\u00b0 zona C vs. 5\u00b0 zona B (partido 3); 2\u00b0 zona A vs. 5\u00b0 zona C (partido 4); 2\u00b0 zona C vs. 4\u00b0 zona A (partido 5); 2\u00b0 zona B vs. 3\u00b0 zona A (partido 6); 3\u00b0 zona B vs. 4\u00b0 zona C (partido 7) y 3\u00b0 zona C vs. 4\u00b0 zona B (partido 8).<br \/>\nLos mejores ubicados ser\u00e1n locales y tendr\u00e1n ventaja deportiva, lo que significa con el empate avanzar\u00e1n a la instancia de cuartos de final, donde los cruces ser\u00e1n as\u00ed: ganador partido 1 vs. ganador partido 8 (cotejo A); ganador partido 2 vs. ganador partido 7 (B); ganador partido 3 vs. ganador partido 6 (C) y ganador partido 4 vs. ganador partido 5 (D).<br \/>\nEn semifinales se cruzan los vencedores de los partidos A y D y los triunfadores de los encuentros B y C. Posteriormente los ganadores jugar\u00e1n el partido definitorio. Tanto en cuartos como en semifinales y final los cotejos se juegan en cancha neutral y en caso de empate se define por penales.<br \/>\nEn caso de ser diferentes los ganadores de los torneos Apertura y Clausura, se jugar\u00e1 una serie final al mejor de tres partidos para resolver el campe\u00f3n 2014.<br \/>\n&nbsp;<br \/>\nCedi\u00f3 jurisdicci\u00f3n<br \/>\n&nbsp;<br \/>\nAnte un pedido realizado por la Liga Cultural de Santa Rosa, provincia de La Pampa, canalizado por medio de una nota del Consejo Federal de la Asociaci\u00f3n del F\u00fatbol Argentino, la Liga Regional de F\u00fatbol de Coronel Su\u00e1rez resolvi\u00f3 autorizar el traslado a la instituci\u00f3n hermana de la jurisdicci\u00f3n deportiva sobre las localidades de Azopardo, Bordenave y Felipe Sol\u00e1, todas del partido de Puan.<br \/>\n&nbsp;<br \/>\nPases<br \/>\n&nbsp;<br \/>\nSe encuentran en tr\u00e1mite en la Liga los pases de Mat\u00edas Ben\u00edtez, de Deportivo Sarmiento para San Mart\u00edn de Santa Trinidad, y de Leonardo Iv\u00e1n Vander Tuin, de San Mart\u00edn de Santa Trinidad a Tiro Federal de Coronel Su\u00e1rez, ambos por el art\u00edculo 179 (libertad de acci\u00f3n).<br \/>\n&nbsp;<\/p>\n","protected":false},"excerpt":{"rendered":"<p>El domingo que viene, cuando se inicie el segundo torneo de la temporada, el comienzo de los partidos ser\u00e1 a las 15:00 en Primera y a las 13:00 en Reserva &nbsp; El consejo directivo de la Liga Regional de F\u00fatbol de Coronel Su\u00e1rez, que preside Ernesto Palenzona, dispuso mantener a las 13:00 y a las [&hellip;]<\/p>\n","protected":false},"author":1,"featured_media":0,"comment_status":"closed","ping_status":"open","sticky":false,"template":"","format":"standard","meta":{"footnotes":""},"categories":[60,52],"tags":[],"class_list":["post-22535","post","type-post","status-publish","format-standard","hentry","category-deporte","category-destacadas"],"yoast_head":"<!-- This site is optimized with the Yoast SEO plugin v19.7.1 - https:\/\/yoast.com\/wordpress\/plugins\/seo\/ -->\n<title>FUTBOL. EL CLAUSURA CON LOS MISMOS HORARIOS - CELTTV<\/title>\n<meta name=\"description\" content=\"Sitio web de noticias de la localidad de Tornquist, provincia de Buenos Aires, Rep\u00fablica Argentina. Contenido propio originado por periodistas de CELTTV, el canal de TV local de la Cooperativa El\u00e9ctrica de Tornquist. Turismo, Pol\u00edtica, Sociedad, Deporte, Cultura y todo el contenido de inter\u00e9s general que la gente del pueblo y la regi\u00f3n debe conocer.\" \/>\n<meta name=\"robots\" content=\"index, follow, max-snippet:-1, max-image-preview:large, max-video-preview:-1\" \/>\n<link rel=\"canonical\" href=\"https:\/\/www.celttv.com.ar\/index.php\/2014\/08\/12\/futbol-el-clausura-con-los-mismos-horarios\/\" \/>\n<meta property=\"og:locale\" content=\"es_ES\" \/>\n<meta property=\"og:type\" content=\"article\" \/>\n<meta property=\"og:title\" content=\"FUTBOL. EL CLAUSURA CON LOS MISMOS HORARIOS - CELTTV\" \/>\n<meta property=\"og:description\" content=\"Sitio web de noticias de la localidad de Tornquist, provincia de Buenos Aires, Rep\u00fablica Argentina. Contenido propio originado por periodistas de CELTTV, el canal de TV local de la Cooperativa El\u00e9ctrica de Tornquist. Turismo, Pol\u00edtica, Sociedad, Deporte, Cultura y todo el contenido de inter\u00e9s general que la gente del pueblo y la regi\u00f3n debe conocer.\" \/>\n<meta property=\"og:url\" content=\"https:\/\/www.celttv.com.ar\/index.php\/2014\/08\/12\/futbol-el-clausura-con-los-mismos-horarios\/\" \/>\n<meta property=\"og:site_name\" content=\"CELTTV\" \/>\n<meta property=\"article:publisher\" content=\"https:\/\/www.facebook.com\/celtTV\/\" \/>\n<meta property=\"article:published_time\" content=\"2014-08-12T15:19:38+00:00\" \/>\n<meta property=\"og:image\" content=\"http:\/\/www.tvcnoticias.com.ar\/wp-content\/uploads\/2014\/08\/1430-ARCO-Y-PELOTA-Medium1-450x261.jpg\" \/>\n<meta name=\"author\" content=\"ulises\" \/>\n<meta name=\"twitter:card\" content=\"summary_large_image\" \/>\n<meta name=\"twitter:label1\" content=\"Escrito por\" \/>\n\t<meta name=\"twitter:data1\" content=\"ulises\" \/>\n\t<meta name=\"twitter:label2\" content=\"Tiempo de lectura\" \/>\n\t<meta name=\"twitter:data2\" content=\"3 minutos\" \/>\n<script type=\"application\/ld+json\" class=\"yoast-schema-graph\">{\"@context\":\"https:\/\/schema.org\",\"@graph\":[{\"@type\":\"NewsArticle\",\"@id\":\"https:\/\/www.celttv.com.ar\/index.php\/2014\/08\/12\/futbol-el-clausura-con-los-mismos-horarios\/#article\",\"isPartOf\":{\"@id\":\"https:\/\/www.celttv.com.ar\/index.php\/2014\/08\/12\/futbol-el-clausura-con-los-mismos-horarios\/\"},\"author\":{\"name\":\"ulises\",\"@id\":\"https:\/\/www.celttv.com.ar\/#\/schema\/person\/6d99c072dba59953809c81446e9d0ace\"},\"headline\":\"FUTBOL. EL CLAUSURA CON LOS MISMOS HORARIOS\",\"datePublished\":\"2014-08-12T15:19:38+00:00\",\"dateModified\":\"2014-08-12T15:19:38+00:00\",\"mainEntityOfPage\":{\"@id\":\"https:\/\/www.celttv.com.ar\/index.php\/2014\/08\/12\/futbol-el-clausura-con-los-mismos-horarios\/\"},\"wordCount\":560,\"publisher\":{\"@id\":\"https:\/\/www.celttv.com.ar\/#organization\"},\"articleSection\":[\"Deporte\",\"Destacadas\"],\"inLanguage\":\"es\"},{\"@type\":\"WebPage\",\"@id\":\"https:\/\/www.celttv.com.ar\/index.php\/2014\/08\/12\/futbol-el-clausura-con-los-mismos-horarios\/\",\"url\":\"https:\/\/www.celttv.com.ar\/index.php\/2014\/08\/12\/futbol-el-clausura-con-los-mismos-horarios\/\",\"name\":\"FUTBOL. EL CLAUSURA CON LOS MISMOS HORARIOS - CELTTV\",\"isPartOf\":{\"@id\":\"https:\/\/www.celttv.com.ar\/#website\"},\"datePublished\":\"2014-08-12T15:19:38+00:00\",\"dateModified\":\"2014-08-12T15:19:38+00:00\",\"description\":\"Sitio web de noticias de la localidad de Tornquist, provincia de Buenos Aires, Rep\u00fablica Argentina. Contenido propio originado por periodistas de CELTTV, el canal de TV local de la Cooperativa El\u00e9ctrica de Tornquist. Turismo, Pol\u00edtica, Sociedad, Deporte, Cultura y todo el contenido de inter\u00e9s general que la gente del pueblo y la regi\u00f3n debe conocer.\",\"breadcrumb\":{\"@id\":\"https:\/\/www.celttv.com.ar\/index.php\/2014\/08\/12\/futbol-el-clausura-con-los-mismos-horarios\/#breadcrumb\"},\"inLanguage\":\"es\",\"potentialAction\":[{\"@type\":\"ReadAction\",\"target\":[\"https:\/\/www.celttv.com.ar\/index.php\/2014\/08\/12\/futbol-el-clausura-con-los-mismos-horarios\/\"]}]},{\"@type\":\"BreadcrumbList\",\"@id\":\"https:\/\/www.celttv.com.ar\/index.php\/2014\/08\/12\/futbol-el-clausura-con-los-mismos-horarios\/#breadcrumb\",\"itemListElement\":[{\"@type\":\"ListItem\",\"position\":1,\"name\":\"Inicio\",\"item\":\"https:\/\/www.celttv.com.ar\/\"},{\"@type\":\"ListItem\",\"position\":2,\"name\":\"FUTBOL. EL CLAUSURA CON LOS MISMOS HORARIOS\"}]},{\"@type\":\"WebSite\",\"@id\":\"https:\/\/www.celttv.com.ar\/#website\",\"url\":\"https:\/\/www.celttv.com.ar\/\",\"name\":\"CELTTV\",\"description\":\"Cooperativa El\u00e9ctrica de Tornquist\",\"publisher\":{\"@id\":\"https:\/\/www.celttv.com.ar\/#organization\"},\"potentialAction\":[{\"@type\":\"SearchAction\",\"target\":{\"@type\":\"EntryPoint\",\"urlTemplate\":\"https:\/\/www.celttv.com.ar\/?s={search_term_string}\"},\"query-input\":\"required name=search_term_string\"}],\"inLanguage\":\"es\"},{\"@type\":\"Organization\",\"@id\":\"https:\/\/www.celttv.com.ar\/#organization\",\"name\":\"CELTTV\",\"url\":\"https:\/\/www.celttv.com.ar\/\",\"sameAs\":[\"https:\/\/www.youtube.com\/channel\/UCz_oIt8Hig64Ub-EmcNPIhg\",\"https:\/\/www.facebook.com\/celtTV\/\"],\"logo\":{\"@type\":\"ImageObject\",\"inLanguage\":\"es\",\"@id\":\"https:\/\/www.celttv.com.ar\/#\/schema\/logo\/image\/\",\"url\":\"http:\/\/www.celttv.com.ar\/wp-content\/uploads\/2022\/08\/logo-1.png\",\"contentUrl\":\"http:\/\/www.celttv.com.ar\/wp-content\/uploads\/2022\/08\/logo-1.png\",\"width\":461,\"height\":159,\"caption\":\"CELTTV\"},\"image\":{\"@id\":\"https:\/\/www.celttv.com.ar\/#\/schema\/logo\/image\/\"}},{\"@type\":\"Person\",\"@id\":\"https:\/\/www.celttv.com.ar\/#\/schema\/person\/6d99c072dba59953809c81446e9d0ace\",\"name\":\"ulises\",\"image\":{\"@type\":\"ImageObject\",\"inLanguage\":\"es\",\"@id\":\"https:\/\/www.celttv.com.ar\/#\/schema\/person\/image\/\",\"url\":\"https:\/\/secure.gravatar.com\/avatar\/7f2c48bdc33b30088f941fb6082e555f2874c98e20cb159d7b92b50eadfce793?s=96&d=mm&r=g\",\"contentUrl\":\"https:\/\/secure.gravatar.com\/avatar\/7f2c48bdc33b30088f941fb6082e555f2874c98e20cb159d7b92b50eadfce793?s=96&d=mm&r=g\",\"caption\":\"ulises\"},\"sameAs\":[\"http:\/\/www.celttv.com.ar\"]}]}<\/script>\n<!-- \/ Yoast SEO plugin. -->","yoast_head_json":{"title":"FUTBOL. EL CLAUSURA CON LOS MISMOS HORARIOS - CELTTV","description":"Sitio web de noticias de la localidad de Tornquist, provincia de Buenos Aires, Rep\u00fablica Argentina. Contenido propio originado por periodistas de CELTTV, el canal de TV local de la Cooperativa El\u00e9ctrica de Tornquist. Turismo, Pol\u00edtica, Sociedad, Deporte, Cultura y todo el contenido de inter\u00e9s general que la gente del pueblo y la regi\u00f3n debe conocer.","robots":{"index":"index","follow":"follow","max-snippet":"max-snippet:-1","max-image-preview":"max-image-preview:large","max-video-preview":"max-video-preview:-1"},"canonical":"https:\/\/www.celttv.com.ar\/index.php\/2014\/08\/12\/futbol-el-clausura-con-los-mismos-horarios\/","og_locale":"es_ES","og_type":"article","og_title":"FUTBOL. EL CLAUSURA CON LOS MISMOS HORARIOS - CELTTV","og_description":"Sitio web de noticias de la localidad de Tornquist, provincia de Buenos Aires, Rep\u00fablica Argentina. Contenido propio originado por periodistas de CELTTV, el canal de TV local de la Cooperativa El\u00e9ctrica de Tornquist. Turismo, Pol\u00edtica, Sociedad, Deporte, Cultura y todo el contenido de inter\u00e9s general que la gente del pueblo y la regi\u00f3n debe conocer.","og_url":"https:\/\/www.celttv.com.ar\/index.php\/2014\/08\/12\/futbol-el-clausura-con-los-mismos-horarios\/","og_site_name":"CELTTV","article_publisher":"https:\/\/www.facebook.com\/celtTV\/","article_published_time":"2014-08-12T15:19:38+00:00","og_image":[{"url":"http:\/\/www.tvcnoticias.com.ar\/wp-content\/uploads\/2014\/08\/1430-ARCO-Y-PELOTA-Medium1-450x261.jpg"}],"author":"ulises","twitter_card":"summary_large_image","twitter_misc":{"Escrito por":"ulises","Tiempo de lectura":"3 minutos"},"schema":{"@context":"https:\/\/schema.org","@graph":[{"@type":"NewsArticle","@id":"https:\/\/www.celttv.com.ar\/index.php\/2014\/08\/12\/futbol-el-clausura-con-los-mismos-horarios\/#article","isPartOf":{"@id":"https:\/\/www.celttv.com.ar\/index.php\/2014\/08\/12\/futbol-el-clausura-con-los-mismos-horarios\/"},"author":{"name":"ulises","@id":"https:\/\/www.celttv.com.ar\/#\/schema\/person\/6d99c072dba59953809c81446e9d0ace"},"headline":"FUTBOL. EL CLAUSURA CON LOS MISMOS HORARIOS","datePublished":"2014-08-12T15:19:38+00:00","dateModified":"2014-08-12T15:19:38+00:00","mainEntityOfPage":{"@id":"https:\/\/www.celttv.com.ar\/index.php\/2014\/08\/12\/futbol-el-clausura-con-los-mismos-horarios\/"},"wordCount":560,"publisher":{"@id":"https:\/\/www.celttv.com.ar\/#organization"},"articleSection":["Deporte","Destacadas"],"inLanguage":"es"},{"@type":"WebPage","@id":"https:\/\/www.celttv.com.ar\/index.php\/2014\/08\/12\/futbol-el-clausura-con-los-mismos-horarios\/","url":"https:\/\/www.celttv.com.ar\/index.php\/2014\/08\/12\/futbol-el-clausura-con-los-mismos-horarios\/","name":"FUTBOL. EL CLAUSURA CON LOS MISMOS HORARIOS - CELTTV","isPartOf":{"@id":"https:\/\/www.celttv.com.ar\/#website"},"datePublished":"2014-08-12T15:19:38+00:00","dateModified":"2014-08-12T15:19:38+00:00","description":"Sitio web de noticias de la localidad de Tornquist, provincia de Buenos Aires, Rep\u00fablica Argentina. Contenido propio originado por periodistas de CELTTV, el canal de TV local de la Cooperativa El\u00e9ctrica de Tornquist. Turismo, Pol\u00edtica, Sociedad, Deporte, Cultura y todo el contenido de inter\u00e9s general que la gente del pueblo y la regi\u00f3n debe conocer.","breadcrumb":{"@id":"https:\/\/www.celttv.com.ar\/index.php\/2014\/08\/12\/futbol-el-clausura-con-los-mismos-horarios\/#breadcrumb"},"inLanguage":"es","potentialAction":[{"@type":"ReadAction","target":["https:\/\/www.celttv.com.ar\/index.php\/2014\/08\/12\/futbol-el-clausura-con-los-mismos-horarios\/"]}]},{"@type":"BreadcrumbList","@id":"https:\/\/www.celttv.com.ar\/index.php\/2014\/08\/12\/futbol-el-clausura-con-los-mismos-horarios\/#breadcrumb","itemListElement":[{"@type":"ListItem","position":1,"name":"Inicio","item":"https:\/\/www.celttv.com.ar\/"},{"@type":"ListItem","position":2,"name":"FUTBOL. EL CLAUSURA CON LOS MISMOS HORARIOS"}]},{"@type":"WebSite","@id":"https:\/\/www.celttv.com.ar\/#website","url":"https:\/\/www.celttv.com.ar\/","name":"CELTTV","description":"Cooperativa El\u00e9ctrica de Tornquist","publisher":{"@id":"https:\/\/www.celttv.com.ar\/#organization"},"potentialAction":[{"@type":"SearchAction","target":{"@type":"EntryPoint","urlTemplate":"https:\/\/www.celttv.com.ar\/?s={search_term_string}"},"query-input":"required name=search_term_string"}],"inLanguage":"es"},{"@type":"Organization","@id":"https:\/\/www.celttv.com.ar\/#organization","name":"CELTTV","url":"https:\/\/www.celttv.com.ar\/","sameAs":["https:\/\/www.youtube.com\/channel\/UCz_oIt8Hig64Ub-EmcNPIhg","https:\/\/www.facebook.com\/celtTV\/"],"logo":{"@type":"ImageObject","inLanguage":"es","@id":"https:\/\/www.celttv.com.ar\/#\/schema\/logo\/image\/","url":"http:\/\/www.celttv.com.ar\/wp-content\/uploads\/2022\/08\/logo-1.png","contentUrl":"http:\/\/www.celttv.com.ar\/wp-content\/uploads\/2022\/08\/logo-1.png","width":461,"height":159,"caption":"CELTTV"},"image":{"@id":"https:\/\/www.celttv.com.ar\/#\/schema\/logo\/image\/"}},{"@type":"Person","@id":"https:\/\/www.celttv.com.ar\/#\/schema\/person\/6d99c072dba59953809c81446e9d0ace","name":"ulises","image":{"@type":"ImageObject","inLanguage":"es","@id":"https:\/\/www.celttv.com.ar\/#\/schema\/person\/image\/","url":"https:\/\/secure.gravatar.com\/avatar\/7f2c48bdc33b30088f941fb6082e555f2874c98e20cb159d7b92b50eadfce793?s=96&d=mm&r=g","contentUrl":"https:\/\/secure.gravatar.com\/avatar\/7f2c48bdc33b30088f941fb6082e555f2874c98e20cb159d7b92b50eadfce793?s=96&d=mm&r=g","caption":"ulises"},"sameAs":["http:\/\/www.celttv.com.ar"]}]}},"_links":{"self":[{"href":"https:\/\/www.celttv.com.ar\/index.php\/wp-json\/wp\/v2\/posts\/22535","targetHints":{"allow":["GET"]}}],"collection":[{"href":"https:\/\/www.celttv.com.ar\/index.php\/wp-json\/wp\/v2\/posts"}],"about":[{"href":"https:\/\/www.celttv.com.ar\/index.php\/wp-json\/wp\/v2\/types\/post"}],"author":[{"embeddable":true,"href":"https:\/\/www.celttv.com.ar\/index.php\/wp-json\/wp\/v2\/users\/1"}],"replies":[{"embeddable":true,"href":"https:\/\/www.celttv.com.ar\/index.php\/wp-json\/wp\/v2\/comments?post=22535"}],"version-history":[{"count":0,"href":"https:\/\/www.celttv.com.ar\/index.php\/wp-json\/wp\/v2\/posts\/22535\/revisions"}],"wp:attachment":[{"href":"https:\/\/www.celttv.com.ar\/index.php\/wp-json\/wp\/v2\/media?parent=22535"}],"wp:term":[{"taxonomy":"category","embeddable":true,"href":"https:\/\/www.celttv.com.ar\/index.php\/wp-json\/wp\/v2\/categories?post=22535"},{"taxonomy":"post_tag","embeddable":true,"href":"https:\/\/www.celttv.com.ar\/index.php\/wp-json\/wp\/v2\/tags?post=22535"}],"curies":[{"name":"wp","href":"https:\/\/api.w.org\/{rel}","templated":true}]}}