{"id":22564,"date":"2014-08-12T22:14:39","date_gmt":"2014-08-12T22:14:39","guid":{"rendered":"http:\/\/www.tvcnoticias.com.ar\/?p=22564"},"modified":"2014-08-12T22:14:39","modified_gmt":"2014-08-12T22:14:39","slug":"el-administrador-del-instituto-de-la-vivienda-recorrio-el-barrio-de-tornquist","status":"publish","type":"post","link":"https:\/\/www.celttv.com.ar\/index.php\/2014\/08\/12\/el-administrador-del-instituto-de-la-vivienda-recorrio-el-barrio-de-tornquist\/","title":{"rendered":"EL ADMINISTRADOR DEL INSTITUTO DE LA VIVIENDA RECORRIO EL BARRIO DE TORNQUIST"},"content":{"rendered":"<p><a rel=\"attachment wp-att-22569\" href=\"http:\/\/www.tvcnoticias.com.ar\/?attachment_id=22569\"><img loading=\"lazy\" decoding=\"async\" class=\"aligncenter size-medium wp-image-22569\" title=\"DSCN6255 (1280x960) (Small)\" src=\"http:\/\/www.tvcnoticias.com.ar\/wp-content\/uploads\/2014\/08\/DSCN6255-1280x960-Small-450x337.jpg\" alt=\"\" width=\"450\" height=\"337\" \/><\/a><br \/>\nLa firma de tres adendas que permitir\u00e1n ampliar los presupuestos de los planes de viviendas Plurianual Reconvertido, Compartir y Compartir Polic\u00eda, firm\u00f3 en la presente jornada el intendente municipal, licenciado Gustavo Trankels, con el administrador general del Instituto de la Vivienda de la Provincia de Buenos Aires, escribano Pablo Sarlo.<br \/>\nLa r\u00fabrica se efectu\u00f3 en el despacho del jefe comunal, ante la presencia de la secretaria de Obras y Servicios P\u00fablicos comunal, arquitecta Anabella Madue\u00f1a; el subsecretario de Legal y T\u00e9cnica, doctor Ignacio Bechthold; y el director de Ejecuci\u00f3n del organismo bonaerense, ingeniero Pablo V\u00e1zquez.<br \/>\nAdem\u00e1s de suscribir los documentos respectivos, que permitir\u00e1n continuar con la ejecuci\u00f3n de los mencionados programas de viviendas, los funcionarios recorrieron el barrio de 30 casas que se est\u00e1 ejecutando en la ciudad cabecera (presenta un 90 por ciento de avance) y algunas que se encuentran en construcci\u00f3n del Plan Compartir, Subprograma Polic\u00eda Comunal.<br \/>\n\u201cAcabamos de firmar las adendas que nos habilitar\u00e1n los desembolsos econ\u00f3micos y financieros, que permiten que toda la gente que est\u00e1 trabajando en la obra pueda cobrar y avancemos con el sue\u00f1o de muchos tornquistenses de tener la casa propia\u201d, resalt\u00f3 el intendente Trankels.<br \/>\n\u201cEstamos en obra en las 50 viviendas del Plan Plurianual Reconvertido, 30 de las cuales se encuentran en Tornquist y 20 en Saldungaray, con diferentes rubros en pleno trabajo. El avance es importante, gracias al acompa\u00f1amiento del Instituto de la Vivienda, la Provincia y el gobernador Daniel Scioli\u201d, destac\u00f3.<br \/>\nLa ampliaci\u00f3n presupuestaria tambi\u00e9n incluye las 10 viviendas del Plan Compartir Polic\u00eda y las correspondientes al Plan Compartir.<br \/>\n\u201cEste \u00faltimo programa nos permiti\u00f3 hacer realidad el sue\u00f1o de familias de Chasic\u00f3, Tres Picos, Tornquist, Villa Ventana, Saldungaray y Sierra de la Ventana. Del total, que son 28, ya se encuentran habitadas 22\u201d, explic\u00f3.<br \/>\nTrankels agradeci\u00f3 a Pablo Sarlo y su equipo, con quienes permanentemente interact\u00faan desde la Secretar\u00eda de Obras y Servicios P\u00fablicos municipal, al ministro Alejandro Arl\u00eda (Infraestructura), al gobernador Daniel Scioli y al gobierno nacional, que financia la obra de 50 viviendas por intermedio del ANSES. En este sentido, extendi\u00f3 su agradecimiento a la presidenta Cristina Fern\u00e1ndez y al titular de ANSES, Diego Bossio.<br \/>\n\u201cDesde la \u00faltima visita que realizamos a Tornquist, se avanz\u00f3 much\u00edsimo. En ese momento estaban paralizadas las obras en el barrio, pero a partir de algunas adecuaciones que firmamos con Gustavo en su oportunidad y el aporte que hizo el Municipio m\u00e1s all\u00e1 de los pagos que ven\u00edan saliendo de la Provincia, se est\u00e1 trabajando a muy buen ritmo\u201d, consider\u00f3 Sarlo.<br \/>\n\u201cLa semana pasada enviamos un equipo de arquitectos y recibimos un informe que nos habl\u00f3 muy bien del avance. Hoy vinimos a realizar un refuerzo m\u00e1s, porque nadie desconoce los aumentos que se registraron en los materiales de construcci\u00f3n y en las paritarias de la UOCRA. Y nosotros tenemos la orden del gobernador de acompa\u00f1ar cada una de las obras que se est\u00e1n realizando en la Provincia. El Instituto de la Vivienda est\u00e1 abierto a la implementaci\u00f3n de sus programas y con la buena relaci\u00f3n existente entre Gustavo y la Provincia, todo es mucho m\u00e1s f\u00e1cil\u201d, resalt\u00f3.<br \/>\n&nbsp;<\/p>\n","protected":false},"excerpt":{"rendered":"<p>La firma de tres adendas que permitir\u00e1n ampliar los presupuestos de los planes de viviendas Plurianual Reconvertido, Compartir y Compartir Polic\u00eda, firm\u00f3 en la presente jornada el intendente municipal, licenciado Gustavo Trankels, con el administrador general del Instituto de la Vivienda de la Provincia de Buenos Aires, escribano Pablo Sarlo. La r\u00fabrica se efectu\u00f3 en [&hellip;]<\/p>\n","protected":false},"author":1,"featured_media":0,"comment_status":"closed","ping_status":"open","sticky":false,"template":"","format":"standard","meta":{"footnotes":""},"categories":[51,52,53],"tags":[],"class_list":["post-22564","post","type-post","status-publish","format-standard","hentry","category-comunidad","category-destacadas","category-politica"],"yoast_head":"<!-- This site is optimized with the Yoast SEO plugin v19.7.1 - https:\/\/yoast.com\/wordpress\/plugins\/seo\/ -->\n<title>EL ADMINISTRADOR DEL INSTITUTO DE LA VIVIENDA RECORRIO EL BARRIO DE TORNQUIST - CELTTV<\/title>\n<meta name=\"description\" content=\"Sitio web de noticias de la localidad de Tornquist, provincia de Buenos Aires, Rep\u00fablica Argentina. Contenido propio originado por periodistas de CELTTV, el canal de TV local de la Cooperativa El\u00e9ctrica de Tornquist. Turismo, Pol\u00edtica, Sociedad, Deporte, Cultura y todo el contenido de inter\u00e9s general que la gente del pueblo y la regi\u00f3n debe conocer.\" \/>\n<meta name=\"robots\" content=\"index, follow, max-snippet:-1, max-image-preview:large, max-video-preview:-1\" \/>\n<link rel=\"canonical\" href=\"https:\/\/www.celttv.com.ar\/index.php\/2014\/08\/12\/el-administrador-del-instituto-de-la-vivienda-recorrio-el-barrio-de-tornquist\/\" \/>\n<meta property=\"og:locale\" content=\"es_ES\" \/>\n<meta property=\"og:type\" content=\"article\" \/>\n<meta property=\"og:title\" content=\"EL ADMINISTRADOR DEL INSTITUTO DE LA VIVIENDA RECORRIO EL BARRIO DE TORNQUIST - CELTTV\" \/>\n<meta property=\"og:description\" content=\"Sitio web de noticias de la localidad de Tornquist, provincia de Buenos Aires, Rep\u00fablica Argentina. Contenido propio originado por periodistas de CELTTV, el canal de TV local de la Cooperativa El\u00e9ctrica de Tornquist. Turismo, Pol\u00edtica, Sociedad, Deporte, Cultura y todo el contenido de inter\u00e9s general que la gente del pueblo y la regi\u00f3n debe conocer.\" \/>\n<meta property=\"og:url\" content=\"https:\/\/www.celttv.com.ar\/index.php\/2014\/08\/12\/el-administrador-del-instituto-de-la-vivienda-recorrio-el-barrio-de-tornquist\/\" \/>\n<meta property=\"og:site_name\" content=\"CELTTV\" \/>\n<meta property=\"article:publisher\" content=\"https:\/\/www.facebook.com\/celtTV\/\" \/>\n<meta property=\"article:published_time\" content=\"2014-08-12T22:14:39+00:00\" \/>\n<meta property=\"og:image\" content=\"http:\/\/www.tvcnoticias.com.ar\/wp-content\/uploads\/2014\/08\/DSCN6255-1280x960-Small-450x337.jpg\" \/>\n<meta name=\"author\" content=\"ulises\" \/>\n<meta name=\"twitter:card\" content=\"summary_large_image\" \/>\n<meta name=\"twitter:label1\" content=\"Escrito por\" \/>\n\t<meta name=\"twitter:data1\" content=\"ulises\" \/>\n\t<meta name=\"twitter:label2\" content=\"Tiempo de lectura\" \/>\n\t<meta name=\"twitter:data2\" content=\"3 minutos\" \/>\n<script type=\"application\/ld+json\" class=\"yoast-schema-graph\">{\"@context\":\"https:\/\/schema.org\",\"@graph\":[{\"@type\":\"NewsArticle\",\"@id\":\"https:\/\/www.celttv.com.ar\/index.php\/2014\/08\/12\/el-administrador-del-instituto-de-la-vivienda-recorrio-el-barrio-de-tornquist\/#article\",\"isPartOf\":{\"@id\":\"https:\/\/www.celttv.com.ar\/index.php\/2014\/08\/12\/el-administrador-del-instituto-de-la-vivienda-recorrio-el-barrio-de-tornquist\/\"},\"author\":{\"name\":\"ulises\",\"@id\":\"https:\/\/www.celttv.com.ar\/#\/schema\/person\/6d99c072dba59953809c81446e9d0ace\"},\"headline\":\"EL ADMINISTRADOR DEL INSTITUTO DE LA VIVIENDA RECORRIO EL BARRIO DE TORNQUIST\",\"datePublished\":\"2014-08-12T22:14:39+00:00\",\"dateModified\":\"2014-08-12T22:14:39+00:00\",\"mainEntityOfPage\":{\"@id\":\"https:\/\/www.celttv.com.ar\/index.php\/2014\/08\/12\/el-administrador-del-instituto-de-la-vivienda-recorrio-el-barrio-de-tornquist\/\"},\"wordCount\":561,\"publisher\":{\"@id\":\"https:\/\/www.celttv.com.ar\/#organization\"},\"articleSection\":[\"Comunidad\",\"Destacadas\",\"Pol\u00edtica\"],\"inLanguage\":\"es\"},{\"@type\":\"WebPage\",\"@id\":\"https:\/\/www.celttv.com.ar\/index.php\/2014\/08\/12\/el-administrador-del-instituto-de-la-vivienda-recorrio-el-barrio-de-tornquist\/\",\"url\":\"https:\/\/www.celttv.com.ar\/index.php\/2014\/08\/12\/el-administrador-del-instituto-de-la-vivienda-recorrio-el-barrio-de-tornquist\/\",\"name\":\"EL ADMINISTRADOR DEL INSTITUTO DE LA VIVIENDA RECORRIO EL BARRIO DE TORNQUIST - CELTTV\",\"isPartOf\":{\"@id\":\"https:\/\/www.celttv.com.ar\/#website\"},\"datePublished\":\"2014-08-12T22:14:39+00:00\",\"dateModified\":\"2014-08-12T22:14:39+00:00\",\"description\":\"Sitio web de noticias de la localidad de Tornquist, provincia de Buenos Aires, Rep\u00fablica Argentina. Contenido propio originado por periodistas de CELTTV, el canal de TV local de la Cooperativa El\u00e9ctrica de Tornquist. Turismo, Pol\u00edtica, Sociedad, Deporte, Cultura y todo el contenido de inter\u00e9s general que la gente del pueblo y la regi\u00f3n debe conocer.\",\"breadcrumb\":{\"@id\":\"https:\/\/www.celttv.com.ar\/index.php\/2014\/08\/12\/el-administrador-del-instituto-de-la-vivienda-recorrio-el-barrio-de-tornquist\/#breadcrumb\"},\"inLanguage\":\"es\",\"potentialAction\":[{\"@type\":\"ReadAction\",\"target\":[\"https:\/\/www.celttv.com.ar\/index.php\/2014\/08\/12\/el-administrador-del-instituto-de-la-vivienda-recorrio-el-barrio-de-tornquist\/\"]}]},{\"@type\":\"BreadcrumbList\",\"@id\":\"https:\/\/www.celttv.com.ar\/index.php\/2014\/08\/12\/el-administrador-del-instituto-de-la-vivienda-recorrio-el-barrio-de-tornquist\/#breadcrumb\",\"itemListElement\":[{\"@type\":\"ListItem\",\"position\":1,\"name\":\"Inicio\",\"item\":\"https:\/\/www.celttv.com.ar\/\"},{\"@type\":\"ListItem\",\"position\":2,\"name\":\"EL ADMINISTRADOR DEL INSTITUTO DE LA VIVIENDA RECORRIO EL BARRIO DE TORNQUIST\"}]},{\"@type\":\"WebSite\",\"@id\":\"https:\/\/www.celttv.com.ar\/#website\",\"url\":\"https:\/\/www.celttv.com.ar\/\",\"name\":\"CELTTV\",\"description\":\"Cooperativa El\u00e9ctrica de Tornquist\",\"publisher\":{\"@id\":\"https:\/\/www.celttv.com.ar\/#organization\"},\"potentialAction\":[{\"@type\":\"SearchAction\",\"target\":{\"@type\":\"EntryPoint\",\"urlTemplate\":\"https:\/\/www.celttv.com.ar\/?s={search_term_string}\"},\"query-input\":\"required name=search_term_string\"}],\"inLanguage\":\"es\"},{\"@type\":\"Organization\",\"@id\":\"https:\/\/www.celttv.com.ar\/#organization\",\"name\":\"CELTTV\",\"url\":\"https:\/\/www.celttv.com.ar\/\",\"sameAs\":[\"https:\/\/www.youtube.com\/channel\/UCz_oIt8Hig64Ub-EmcNPIhg\",\"https:\/\/www.facebook.com\/celtTV\/\"],\"logo\":{\"@type\":\"ImageObject\",\"inLanguage\":\"es\",\"@id\":\"https:\/\/www.celttv.com.ar\/#\/schema\/logo\/image\/\",\"url\":\"http:\/\/www.celttv.com.ar\/wp-content\/uploads\/2022\/08\/logo-1.png\",\"contentUrl\":\"http:\/\/www.celttv.com.ar\/wp-content\/uploads\/2022\/08\/logo-1.png\",\"width\":461,\"height\":159,\"caption\":\"CELTTV\"},\"image\":{\"@id\":\"https:\/\/www.celttv.com.ar\/#\/schema\/logo\/image\/\"}},{\"@type\":\"Person\",\"@id\":\"https:\/\/www.celttv.com.ar\/#\/schema\/person\/6d99c072dba59953809c81446e9d0ace\",\"name\":\"ulises\",\"image\":{\"@type\":\"ImageObject\",\"inLanguage\":\"es\",\"@id\":\"https:\/\/www.celttv.com.ar\/#\/schema\/person\/image\/\",\"url\":\"https:\/\/secure.gravatar.com\/avatar\/7f2c48bdc33b30088f941fb6082e555f2874c98e20cb159d7b92b50eadfce793?s=96&d=mm&r=g\",\"contentUrl\":\"https:\/\/secure.gravatar.com\/avatar\/7f2c48bdc33b30088f941fb6082e555f2874c98e20cb159d7b92b50eadfce793?s=96&d=mm&r=g\",\"caption\":\"ulises\"},\"sameAs\":[\"http:\/\/www.celttv.com.ar\"]}]}<\/script>\n<!-- \/ Yoast SEO plugin. -->","yoast_head_json":{"title":"EL ADMINISTRADOR DEL INSTITUTO DE LA VIVIENDA RECORRIO EL BARRIO DE TORNQUIST - CELTTV","description":"Sitio web de noticias de la localidad de Tornquist, provincia de Buenos Aires, Rep\u00fablica Argentina. Contenido propio originado por periodistas de CELTTV, el canal de TV local de la Cooperativa El\u00e9ctrica de Tornquist. Turismo, Pol\u00edtica, Sociedad, Deporte, Cultura y todo el contenido de inter\u00e9s general que la gente del pueblo y la regi\u00f3n debe conocer.","robots":{"index":"index","follow":"follow","max-snippet":"max-snippet:-1","max-image-preview":"max-image-preview:large","max-video-preview":"max-video-preview:-1"},"canonical":"https:\/\/www.celttv.com.ar\/index.php\/2014\/08\/12\/el-administrador-del-instituto-de-la-vivienda-recorrio-el-barrio-de-tornquist\/","og_locale":"es_ES","og_type":"article","og_title":"EL ADMINISTRADOR DEL INSTITUTO DE LA VIVIENDA RECORRIO EL BARRIO DE TORNQUIST - CELTTV","og_description":"Sitio web de noticias de la localidad de Tornquist, provincia de Buenos Aires, Rep\u00fablica Argentina. Contenido propio originado por periodistas de CELTTV, el canal de TV local de la Cooperativa El\u00e9ctrica de Tornquist. Turismo, Pol\u00edtica, Sociedad, Deporte, Cultura y todo el contenido de inter\u00e9s general que la gente del pueblo y la regi\u00f3n debe conocer.","og_url":"https:\/\/www.celttv.com.ar\/index.php\/2014\/08\/12\/el-administrador-del-instituto-de-la-vivienda-recorrio-el-barrio-de-tornquist\/","og_site_name":"CELTTV","article_publisher":"https:\/\/www.facebook.com\/celtTV\/","article_published_time":"2014-08-12T22:14:39+00:00","og_image":[{"url":"http:\/\/www.tvcnoticias.com.ar\/wp-content\/uploads\/2014\/08\/DSCN6255-1280x960-Small-450x337.jpg"}],"author":"ulises","twitter_card":"summary_large_image","twitter_misc":{"Escrito por":"ulises","Tiempo de lectura":"3 minutos"},"schema":{"@context":"https:\/\/schema.org","@graph":[{"@type":"NewsArticle","@id":"https:\/\/www.celttv.com.ar\/index.php\/2014\/08\/12\/el-administrador-del-instituto-de-la-vivienda-recorrio-el-barrio-de-tornquist\/#article","isPartOf":{"@id":"https:\/\/www.celttv.com.ar\/index.php\/2014\/08\/12\/el-administrador-del-instituto-de-la-vivienda-recorrio-el-barrio-de-tornquist\/"},"author":{"name":"ulises","@id":"https:\/\/www.celttv.com.ar\/#\/schema\/person\/6d99c072dba59953809c81446e9d0ace"},"headline":"EL ADMINISTRADOR DEL INSTITUTO DE LA VIVIENDA RECORRIO EL BARRIO DE TORNQUIST","datePublished":"2014-08-12T22:14:39+00:00","dateModified":"2014-08-12T22:14:39+00:00","mainEntityOfPage":{"@id":"https:\/\/www.celttv.com.ar\/index.php\/2014\/08\/12\/el-administrador-del-instituto-de-la-vivienda-recorrio-el-barrio-de-tornquist\/"},"wordCount":561,"publisher":{"@id":"https:\/\/www.celttv.com.ar\/#organization"},"articleSection":["Comunidad","Destacadas","Pol\u00edtica"],"inLanguage":"es"},{"@type":"WebPage","@id":"https:\/\/www.celttv.com.ar\/index.php\/2014\/08\/12\/el-administrador-del-instituto-de-la-vivienda-recorrio-el-barrio-de-tornquist\/","url":"https:\/\/www.celttv.com.ar\/index.php\/2014\/08\/12\/el-administrador-del-instituto-de-la-vivienda-recorrio-el-barrio-de-tornquist\/","name":"EL ADMINISTRADOR DEL INSTITUTO DE LA VIVIENDA RECORRIO EL BARRIO DE TORNQUIST - CELTTV","isPartOf":{"@id":"https:\/\/www.celttv.com.ar\/#website"},"datePublished":"2014-08-12T22:14:39+00:00","dateModified":"2014-08-12T22:14:39+00:00","description":"Sitio web de noticias de la localidad de Tornquist, provincia de Buenos Aires, Rep\u00fablica Argentina. Contenido propio originado por periodistas de CELTTV, el canal de TV local de la Cooperativa El\u00e9ctrica de Tornquist. Turismo, Pol\u00edtica, Sociedad, Deporte, Cultura y todo el contenido de inter\u00e9s general que la gente del pueblo y la regi\u00f3n debe conocer.","breadcrumb":{"@id":"https:\/\/www.celttv.com.ar\/index.php\/2014\/08\/12\/el-administrador-del-instituto-de-la-vivienda-recorrio-el-barrio-de-tornquist\/#breadcrumb"},"inLanguage":"es","potentialAction":[{"@type":"ReadAction","target":["https:\/\/www.celttv.com.ar\/index.php\/2014\/08\/12\/el-administrador-del-instituto-de-la-vivienda-recorrio-el-barrio-de-tornquist\/"]}]},{"@type":"BreadcrumbList","@id":"https:\/\/www.celttv.com.ar\/index.php\/2014\/08\/12\/el-administrador-del-instituto-de-la-vivienda-recorrio-el-barrio-de-tornquist\/#breadcrumb","itemListElement":[{"@type":"ListItem","position":1,"name":"Inicio","item":"https:\/\/www.celttv.com.ar\/"},{"@type":"ListItem","position":2,"name":"EL ADMINISTRADOR DEL INSTITUTO DE LA VIVIENDA RECORRIO EL BARRIO DE TORNQUIST"}]},{"@type":"WebSite","@id":"https:\/\/www.celttv.com.ar\/#website","url":"https:\/\/www.celttv.com.ar\/","name":"CELTTV","description":"Cooperativa El\u00e9ctrica de Tornquist","publisher":{"@id":"https:\/\/www.celttv.com.ar\/#organization"},"potentialAction":[{"@type":"SearchAction","target":{"@type":"EntryPoint","urlTemplate":"https:\/\/www.celttv.com.ar\/?s={search_term_string}"},"query-input":"required name=search_term_string"}],"inLanguage":"es"},{"@type":"Organization","@id":"https:\/\/www.celttv.com.ar\/#organization","name":"CELTTV","url":"https:\/\/www.celttv.com.ar\/","sameAs":["https:\/\/www.youtube.com\/channel\/UCz_oIt8Hig64Ub-EmcNPIhg","https:\/\/www.facebook.com\/celtTV\/"],"logo":{"@type":"ImageObject","inLanguage":"es","@id":"https:\/\/www.celttv.com.ar\/#\/schema\/logo\/image\/","url":"http:\/\/www.celttv.com.ar\/wp-content\/uploads\/2022\/08\/logo-1.png","contentUrl":"http:\/\/www.celttv.com.ar\/wp-content\/uploads\/2022\/08\/logo-1.png","width":461,"height":159,"caption":"CELTTV"},"image":{"@id":"https:\/\/www.celttv.com.ar\/#\/schema\/logo\/image\/"}},{"@type":"Person","@id":"https:\/\/www.celttv.com.ar\/#\/schema\/person\/6d99c072dba59953809c81446e9d0ace","name":"ulises","image":{"@type":"ImageObject","inLanguage":"es","@id":"https:\/\/www.celttv.com.ar\/#\/schema\/person\/image\/","url":"https:\/\/secure.gravatar.com\/avatar\/7f2c48bdc33b30088f941fb6082e555f2874c98e20cb159d7b92b50eadfce793?s=96&d=mm&r=g","contentUrl":"https:\/\/secure.gravatar.com\/avatar\/7f2c48bdc33b30088f941fb6082e555f2874c98e20cb159d7b92b50eadfce793?s=96&d=mm&r=g","caption":"ulises"},"sameAs":["http:\/\/www.celttv.com.ar"]}]}},"_links":{"self":[{"href":"https:\/\/www.celttv.com.ar\/index.php\/wp-json\/wp\/v2\/posts\/22564","targetHints":{"allow":["GET"]}}],"collection":[{"href":"https:\/\/www.celttv.com.ar\/index.php\/wp-json\/wp\/v2\/posts"}],"about":[{"href":"https:\/\/www.celttv.com.ar\/index.php\/wp-json\/wp\/v2\/types\/post"}],"author":[{"embeddable":true,"href":"https:\/\/www.celttv.com.ar\/index.php\/wp-json\/wp\/v2\/users\/1"}],"replies":[{"embeddable":true,"href":"https:\/\/www.celttv.com.ar\/index.php\/wp-json\/wp\/v2\/comments?post=22564"}],"version-history":[{"count":0,"href":"https:\/\/www.celttv.com.ar\/index.php\/wp-json\/wp\/v2\/posts\/22564\/revisions"}],"wp:attachment":[{"href":"https:\/\/www.celttv.com.ar\/index.php\/wp-json\/wp\/v2\/media?parent=22564"}],"wp:term":[{"taxonomy":"category","embeddable":true,"href":"https:\/\/www.celttv.com.ar\/index.php\/wp-json\/wp\/v2\/categories?post=22564"},{"taxonomy":"post_tag","embeddable":true,"href":"https:\/\/www.celttv.com.ar\/index.php\/wp-json\/wp\/v2\/tags?post=22564"}],"curies":[{"name":"wp","href":"https:\/\/api.w.org\/{rel}","templated":true}]}}