{"id":22578,"date":"2014-08-12T23:45:33","date_gmt":"2014-08-12T23:45:33","guid":{"rendered":"http:\/\/www.tvcnoticias.com.ar\/?p=22578"},"modified":"2014-08-12T23:45:33","modified_gmt":"2014-08-12T23:45:33","slug":"este-miercoles-comienza-la-acreditacion-de-delegaciones-para-participar-del-provincial-de-hockey-notas-con-jorge-marcolini-y-german-pettinari","status":"publish","type":"post","link":"https:\/\/www.celttv.com.ar\/index.php\/2014\/08\/12\/este-miercoles-comienza-la-acreditacion-de-delegaciones-para-participar-del-provincial-de-hockey-notas-con-jorge-marcolini-y-german-pettinari\/","title":{"rendered":"ESTE MIERCOLES COMIENZA LA ACREDITACION DE DELEGACIONES PARA PARTICIPAR DEL PROVINCIAL DE HOCKEY (Notas con Jorge Marcolini y German Pettinari)"},"content":{"rendered":"<p><a href=\"https:\/\/www.youtube.com\/watch?v=XQwmLsTkjRI\">httpv:\/\/www.youtube.com\/watch?v=XQwmLsTkjRI<\/a><br \/>\n<a href=\"https:\/\/www.youtube.com\/watch?v=UhB9XDs9ass\">httpv:\/\/www.youtube.com\/watch?v=UhB9XDs9ass<\/a><br \/>\n<span style=\"font-family: Verdana, Arial, Helvetica, sans-serif; font-size: x-small;\">Nuestra Ciudad albergar\u00e1 entre el jueves 14 y el domingo 17 de Agosto a 15 delegaciones que viajar\u00e1n a nuestra ciudad para participar en la cancha sint\u00e9tica de Hockey del Club Uni\u00f3n del Torneo Provincial Sub 16.<\/span><br \/>\n<span style=\"font-family: Verdana, Arial, Helvetica, sans-serif; font-size: x-small;\">La posibilidad de disputar el importante certamen surgi\u00f3 luego de que la Federaci\u00f3n Bonaerense decidiera darle la prioridad\u00a0de jugar a Las Lobas, jugadoras locales por ser las anfitrionas del torneo.<\/span><br \/>\n<span style=\"font-family: Verdana, Arial, Helvetica, sans-serif; font-size: x-small;\">Habitualmente, en dichas competencias ingresan el primero y el segundo de cada\u00a0Asociaci\u00f3n de la Provincia de Buenos Aires, pero reviendo la gran cantidad de solicitudes\u00a0para participar, la organizaci\u00f3n no dud\u00f3 en elevarle la invitaci\u00f3n al Verde.<\/span><br \/>\n<span style=\"font-family: Verdana, Arial, Helvetica, sans-serif; font-size: x-small;\">El mi\u00e9rcoles habr\u00e1 una reuni\u00f3n de delegados\u00a0\u00a0y acreditaci\u00f3n. En tannto el jueves a las 8 de la ma\u00f1ana comenzar\u00e1 la actividad con 12 Cotejos al igual que el viernes. Disput\u00e1ndose los d\u00edas s\u00e1bado y Domingo las instancias finales.<\/span><br \/>\n<span style=\"font-family: Verdana, Arial, Helvetica, sans-serif; font-size: x-small;\">Habr\u00e1 cuatro zonas de cuatro equipos conformadas por<\/span><br \/>\n<span style=\"font-family: Verdana, Arial, Helvetica, sans-serif; font-size: x-small;\">Zona A: Monte Hermoso-Huracan de Carlos Tejedor-Lobos-Mar del Plata Club<\/span><br \/>\n<span style=\"font-family: Verdana, Arial, Helvetica, sans-serif; font-size: x-small;\">ZonaB: Estudiantes Olavarria-Union Tornquist-Barrio Alegre Trenque Lauquen y River Mar del Plata<\/span><br \/>\n<span style=\"font-family: Verdana, Arial, Helvetica, sans-serif; font-size: x-small;\">Zona C: Instituto Albert Estein Mar del Plata-Argentino Bahia Blanca-Social Junin-Argentino Trenque Lauquen<\/span><br \/>\n<span style=\"font-family: Verdana, Arial, Helvetica, sans-serif; font-size: x-small;\">Zona D:Unca de Tandil-Saladillo-Deportivo Sarmiento de C.Suarez-Independiente de Mones Caz\u00f3n<\/span><br \/>\n<span style=\"font-family: Verdana, Arial, Helvetica, sans-serif; font-size: x-small;\">El club ha dispuesto el alquiler de carpas para utilizarlas como vestuario y otras que se destinar\u00e1n a servicio de cantina.<\/span><br \/>\n&nbsp;<br \/>\n<span style=\"font-family: Verdana;\"><span style=\"font-family: Verdana, Arial, Helvetica, sans-serif; font-size: x-small;\">La capacidad hotelera esta colmada para esa fecha y hasta existen equipos que se alojaran en salones y tambi\u00e9n en Villa Ventana.<\/span><\/span><br \/>\n<span style=\"font-family: Verdana;\"><span style=\"font-family: Verdana, Arial, Helvetica, sans-serif; font-size: x-small;\"><br \/>\n<\/span><\/span><br \/>\n&nbsp;<\/p>\n","protected":false},"excerpt":{"rendered":"<p>httpv:\/\/www.youtube.com\/watch?v=XQwmLsTkjRI httpv:\/\/www.youtube.com\/watch?v=UhB9XDs9ass Nuestra Ciudad albergar\u00e1 entre el jueves 14 y el domingo 17 de Agosto a 15 delegaciones que viajar\u00e1n a nuestra ciudad para participar en la cancha sint\u00e9tica de Hockey del Club Uni\u00f3n del Torneo Provincial Sub 16. La posibilidad de disputar el importante certamen surgi\u00f3 luego de que la Federaci\u00f3n Bonaerense decidiera darle [&hellip;]<\/p>\n","protected":false},"author":1,"featured_media":0,"comment_status":"closed","ping_status":"open","sticky":false,"template":"","format":"standard","meta":{"footnotes":""},"categories":[60,52,64],"tags":[],"class_list":["post-22578","post","type-post","status-publish","format-standard","hentry","category-deporte","category-destacadas","category-videos-destacados"],"yoast_head":"<!-- This site is optimized with the Yoast SEO plugin v19.7.1 - https:\/\/yoast.com\/wordpress\/plugins\/seo\/ -->\n<title>ESTE MIERCOLES COMIENZA LA ACREDITACION DE DELEGACIONES PARA PARTICIPAR DEL PROVINCIAL DE HOCKEY (Notas con Jorge Marcolini y German Pettinari) - CELTTV<\/title>\n<meta name=\"description\" content=\"Sitio web de noticias de la localidad de Tornquist, provincia de Buenos Aires, Rep\u00fablica Argentina. Contenido propio originado por periodistas de CELTTV, el canal de TV local de la Cooperativa El\u00e9ctrica de Tornquist. Turismo, Pol\u00edtica, Sociedad, Deporte, Cultura y todo el contenido de inter\u00e9s general que la gente del pueblo y la regi\u00f3n debe conocer.\" \/>\n<meta name=\"robots\" content=\"index, follow, max-snippet:-1, max-image-preview:large, max-video-preview:-1\" \/>\n<link rel=\"canonical\" href=\"https:\/\/www.celttv.com.ar\/index.php\/2014\/08\/12\/este-miercoles-comienza-la-acreditacion-de-delegaciones-para-participar-del-provincial-de-hockey-notas-con-jorge-marcolini-y-german-pettinari\/\" \/>\n<meta property=\"og:locale\" content=\"es_ES\" \/>\n<meta property=\"og:type\" content=\"article\" \/>\n<meta property=\"og:title\" content=\"ESTE MIERCOLES COMIENZA LA ACREDITACION DE DELEGACIONES PARA PARTICIPAR DEL PROVINCIAL DE HOCKEY (Notas con Jorge Marcolini y German Pettinari) - CELTTV\" \/>\n<meta property=\"og:description\" content=\"Sitio web de noticias de la localidad de Tornquist, provincia de Buenos Aires, Rep\u00fablica Argentina. Contenido propio originado por periodistas de CELTTV, el canal de TV local de la Cooperativa El\u00e9ctrica de Tornquist. Turismo, Pol\u00edtica, Sociedad, Deporte, Cultura y todo el contenido de inter\u00e9s general que la gente del pueblo y la regi\u00f3n debe conocer.\" \/>\n<meta property=\"og:url\" content=\"https:\/\/www.celttv.com.ar\/index.php\/2014\/08\/12\/este-miercoles-comienza-la-acreditacion-de-delegaciones-para-participar-del-provincial-de-hockey-notas-con-jorge-marcolini-y-german-pettinari\/\" \/>\n<meta property=\"og:site_name\" content=\"CELTTV\" \/>\n<meta property=\"article:publisher\" content=\"https:\/\/www.facebook.com\/celtTV\/\" \/>\n<meta property=\"article:published_time\" content=\"2014-08-12T23:45:33+00:00\" \/>\n<meta name=\"author\" content=\"ulises\" \/>\n<meta name=\"twitter:card\" content=\"summary_large_image\" \/>\n<meta name=\"twitter:label1\" content=\"Escrito por\" \/>\n\t<meta name=\"twitter:data1\" content=\"ulises\" \/>\n\t<meta name=\"twitter:label2\" content=\"Tiempo de lectura\" \/>\n\t<meta name=\"twitter:data2\" content=\"1 minuto\" \/>\n<script type=\"application\/ld+json\" class=\"yoast-schema-graph\">{\"@context\":\"https:\/\/schema.org\",\"@graph\":[{\"@type\":\"NewsArticle\",\"@id\":\"https:\/\/www.celttv.com.ar\/index.php\/2014\/08\/12\/este-miercoles-comienza-la-acreditacion-de-delegaciones-para-participar-del-provincial-de-hockey-notas-con-jorge-marcolini-y-german-pettinari\/#article\",\"isPartOf\":{\"@id\":\"https:\/\/www.celttv.com.ar\/index.php\/2014\/08\/12\/este-miercoles-comienza-la-acreditacion-de-delegaciones-para-participar-del-provincial-de-hockey-notas-con-jorge-marcolini-y-german-pettinari\/\"},\"author\":{\"name\":\"ulises\",\"@id\":\"https:\/\/www.celttv.com.ar\/#\/schema\/person\/6d99c072dba59953809c81446e9d0ace\"},\"headline\":\"ESTE MIERCOLES COMIENZA LA ACREDITACION DE DELEGACIONES PARA PARTICIPAR DEL PROVINCIAL DE HOCKEY (Notas con Jorge Marcolini y German Pettinari)\",\"datePublished\":\"2014-08-12T23:45:33+00:00\",\"dateModified\":\"2014-08-12T23:45:33+00:00\",\"mainEntityOfPage\":{\"@id\":\"https:\/\/www.celttv.com.ar\/index.php\/2014\/08\/12\/este-miercoles-comienza-la-acreditacion-de-delegaciones-para-participar-del-provincial-de-hockey-notas-con-jorge-marcolini-y-german-pettinari\/\"},\"wordCount\":292,\"publisher\":{\"@id\":\"https:\/\/www.celttv.com.ar\/#organization\"},\"articleSection\":[\"Deporte\",\"Destacadas\",\"Videos Destacados\"],\"inLanguage\":\"es\"},{\"@type\":\"WebPage\",\"@id\":\"https:\/\/www.celttv.com.ar\/index.php\/2014\/08\/12\/este-miercoles-comienza-la-acreditacion-de-delegaciones-para-participar-del-provincial-de-hockey-notas-con-jorge-marcolini-y-german-pettinari\/\",\"url\":\"https:\/\/www.celttv.com.ar\/index.php\/2014\/08\/12\/este-miercoles-comienza-la-acreditacion-de-delegaciones-para-participar-del-provincial-de-hockey-notas-con-jorge-marcolini-y-german-pettinari\/\",\"name\":\"ESTE MIERCOLES COMIENZA LA ACREDITACION DE DELEGACIONES PARA PARTICIPAR DEL PROVINCIAL DE HOCKEY (Notas con Jorge Marcolini y German Pettinari) - CELTTV\",\"isPartOf\":{\"@id\":\"https:\/\/www.celttv.com.ar\/#website\"},\"datePublished\":\"2014-08-12T23:45:33+00:00\",\"dateModified\":\"2014-08-12T23:45:33+00:00\",\"description\":\"Sitio web de noticias de la localidad de Tornquist, provincia de Buenos Aires, Rep\u00fablica Argentina. Contenido propio originado por periodistas de CELTTV, el canal de TV local de la Cooperativa El\u00e9ctrica de Tornquist. Turismo, Pol\u00edtica, Sociedad, Deporte, Cultura y todo el contenido de inter\u00e9s general que la gente del pueblo y la regi\u00f3n debe conocer.\",\"breadcrumb\":{\"@id\":\"https:\/\/www.celttv.com.ar\/index.php\/2014\/08\/12\/este-miercoles-comienza-la-acreditacion-de-delegaciones-para-participar-del-provincial-de-hockey-notas-con-jorge-marcolini-y-german-pettinari\/#breadcrumb\"},\"inLanguage\":\"es\",\"potentialAction\":[{\"@type\":\"ReadAction\",\"target\":[\"https:\/\/www.celttv.com.ar\/index.php\/2014\/08\/12\/este-miercoles-comienza-la-acreditacion-de-delegaciones-para-participar-del-provincial-de-hockey-notas-con-jorge-marcolini-y-german-pettinari\/\"]}]},{\"@type\":\"BreadcrumbList\",\"@id\":\"https:\/\/www.celttv.com.ar\/index.php\/2014\/08\/12\/este-miercoles-comienza-la-acreditacion-de-delegaciones-para-participar-del-provincial-de-hockey-notas-con-jorge-marcolini-y-german-pettinari\/#breadcrumb\",\"itemListElement\":[{\"@type\":\"ListItem\",\"position\":1,\"name\":\"Inicio\",\"item\":\"https:\/\/www.celttv.com.ar\/\"},{\"@type\":\"ListItem\",\"position\":2,\"name\":\"ESTE MIERCOLES COMIENZA LA ACREDITACION DE DELEGACIONES PARA PARTICIPAR DEL PROVINCIAL DE HOCKEY (Notas con Jorge Marcolini y German Pettinari)\"}]},{\"@type\":\"WebSite\",\"@id\":\"https:\/\/www.celttv.com.ar\/#website\",\"url\":\"https:\/\/www.celttv.com.ar\/\",\"name\":\"CELTTV\",\"description\":\"Cooperativa El\u00e9ctrica de Tornquist\",\"publisher\":{\"@id\":\"https:\/\/www.celttv.com.ar\/#organization\"},\"potentialAction\":[{\"@type\":\"SearchAction\",\"target\":{\"@type\":\"EntryPoint\",\"urlTemplate\":\"https:\/\/www.celttv.com.ar\/?s={search_term_string}\"},\"query-input\":\"required name=search_term_string\"}],\"inLanguage\":\"es\"},{\"@type\":\"Organization\",\"@id\":\"https:\/\/www.celttv.com.ar\/#organization\",\"name\":\"CELTTV\",\"url\":\"https:\/\/www.celttv.com.ar\/\",\"sameAs\":[\"https:\/\/www.youtube.com\/channel\/UCz_oIt8Hig64Ub-EmcNPIhg\",\"https:\/\/www.facebook.com\/celtTV\/\"],\"logo\":{\"@type\":\"ImageObject\",\"inLanguage\":\"es\",\"@id\":\"https:\/\/www.celttv.com.ar\/#\/schema\/logo\/image\/\",\"url\":\"http:\/\/www.celttv.com.ar\/wp-content\/uploads\/2022\/08\/logo-1.png\",\"contentUrl\":\"http:\/\/www.celttv.com.ar\/wp-content\/uploads\/2022\/08\/logo-1.png\",\"width\":461,\"height\":159,\"caption\":\"CELTTV\"},\"image\":{\"@id\":\"https:\/\/www.celttv.com.ar\/#\/schema\/logo\/image\/\"}},{\"@type\":\"Person\",\"@id\":\"https:\/\/www.celttv.com.ar\/#\/schema\/person\/6d99c072dba59953809c81446e9d0ace\",\"name\":\"ulises\",\"image\":{\"@type\":\"ImageObject\",\"inLanguage\":\"es\",\"@id\":\"https:\/\/www.celttv.com.ar\/#\/schema\/person\/image\/\",\"url\":\"https:\/\/secure.gravatar.com\/avatar\/7f2c48bdc33b30088f941fb6082e555f2874c98e20cb159d7b92b50eadfce793?s=96&d=mm&r=g\",\"contentUrl\":\"https:\/\/secure.gravatar.com\/avatar\/7f2c48bdc33b30088f941fb6082e555f2874c98e20cb159d7b92b50eadfce793?s=96&d=mm&r=g\",\"caption\":\"ulises\"},\"sameAs\":[\"http:\/\/www.celttv.com.ar\"]}]}<\/script>\n<!-- \/ Yoast SEO plugin. -->","yoast_head_json":{"title":"ESTE MIERCOLES COMIENZA LA ACREDITACION DE DELEGACIONES PARA PARTICIPAR DEL PROVINCIAL DE HOCKEY (Notas con Jorge Marcolini y German Pettinari) - CELTTV","description":"Sitio web de noticias de la localidad de Tornquist, provincia de Buenos Aires, Rep\u00fablica Argentina. Contenido propio originado por periodistas de CELTTV, el canal de TV local de la Cooperativa El\u00e9ctrica de Tornquist. Turismo, Pol\u00edtica, Sociedad, Deporte, Cultura y todo el contenido de inter\u00e9s general que la gente del pueblo y la regi\u00f3n debe conocer.","robots":{"index":"index","follow":"follow","max-snippet":"max-snippet:-1","max-image-preview":"max-image-preview:large","max-video-preview":"max-video-preview:-1"},"canonical":"https:\/\/www.celttv.com.ar\/index.php\/2014\/08\/12\/este-miercoles-comienza-la-acreditacion-de-delegaciones-para-participar-del-provincial-de-hockey-notas-con-jorge-marcolini-y-german-pettinari\/","og_locale":"es_ES","og_type":"article","og_title":"ESTE MIERCOLES COMIENZA LA ACREDITACION DE DELEGACIONES PARA PARTICIPAR DEL PROVINCIAL DE HOCKEY (Notas con Jorge Marcolini y German Pettinari) - CELTTV","og_description":"Sitio web de noticias de la localidad de Tornquist, provincia de Buenos Aires, Rep\u00fablica Argentina. Contenido propio originado por periodistas de CELTTV, el canal de TV local de la Cooperativa El\u00e9ctrica de Tornquist. Turismo, Pol\u00edtica, Sociedad, Deporte, Cultura y todo el contenido de inter\u00e9s general que la gente del pueblo y la regi\u00f3n debe conocer.","og_url":"https:\/\/www.celttv.com.ar\/index.php\/2014\/08\/12\/este-miercoles-comienza-la-acreditacion-de-delegaciones-para-participar-del-provincial-de-hockey-notas-con-jorge-marcolini-y-german-pettinari\/","og_site_name":"CELTTV","article_publisher":"https:\/\/www.facebook.com\/celtTV\/","article_published_time":"2014-08-12T23:45:33+00:00","author":"ulises","twitter_card":"summary_large_image","twitter_misc":{"Escrito por":"ulises","Tiempo de lectura":"1 minuto"},"schema":{"@context":"https:\/\/schema.org","@graph":[{"@type":"NewsArticle","@id":"https:\/\/www.celttv.com.ar\/index.php\/2014\/08\/12\/este-miercoles-comienza-la-acreditacion-de-delegaciones-para-participar-del-provincial-de-hockey-notas-con-jorge-marcolini-y-german-pettinari\/#article","isPartOf":{"@id":"https:\/\/www.celttv.com.ar\/index.php\/2014\/08\/12\/este-miercoles-comienza-la-acreditacion-de-delegaciones-para-participar-del-provincial-de-hockey-notas-con-jorge-marcolini-y-german-pettinari\/"},"author":{"name":"ulises","@id":"https:\/\/www.celttv.com.ar\/#\/schema\/person\/6d99c072dba59953809c81446e9d0ace"},"headline":"ESTE MIERCOLES COMIENZA LA ACREDITACION DE DELEGACIONES PARA PARTICIPAR DEL PROVINCIAL DE HOCKEY (Notas con Jorge Marcolini y German Pettinari)","datePublished":"2014-08-12T23:45:33+00:00","dateModified":"2014-08-12T23:45:33+00:00","mainEntityOfPage":{"@id":"https:\/\/www.celttv.com.ar\/index.php\/2014\/08\/12\/este-miercoles-comienza-la-acreditacion-de-delegaciones-para-participar-del-provincial-de-hockey-notas-con-jorge-marcolini-y-german-pettinari\/"},"wordCount":292,"publisher":{"@id":"https:\/\/www.celttv.com.ar\/#organization"},"articleSection":["Deporte","Destacadas","Videos Destacados"],"inLanguage":"es"},{"@type":"WebPage","@id":"https:\/\/www.celttv.com.ar\/index.php\/2014\/08\/12\/este-miercoles-comienza-la-acreditacion-de-delegaciones-para-participar-del-provincial-de-hockey-notas-con-jorge-marcolini-y-german-pettinari\/","url":"https:\/\/www.celttv.com.ar\/index.php\/2014\/08\/12\/este-miercoles-comienza-la-acreditacion-de-delegaciones-para-participar-del-provincial-de-hockey-notas-con-jorge-marcolini-y-german-pettinari\/","name":"ESTE MIERCOLES COMIENZA LA ACREDITACION DE DELEGACIONES PARA PARTICIPAR DEL PROVINCIAL DE HOCKEY (Notas con Jorge Marcolini y German Pettinari) - CELTTV","isPartOf":{"@id":"https:\/\/www.celttv.com.ar\/#website"},"datePublished":"2014-08-12T23:45:33+00:00","dateModified":"2014-08-12T23:45:33+00:00","description":"Sitio web de noticias de la localidad de Tornquist, provincia de Buenos Aires, Rep\u00fablica Argentina. Contenido propio originado por periodistas de CELTTV, el canal de TV local de la Cooperativa El\u00e9ctrica de Tornquist. Turismo, Pol\u00edtica, Sociedad, Deporte, Cultura y todo el contenido de inter\u00e9s general que la gente del pueblo y la regi\u00f3n debe conocer.","breadcrumb":{"@id":"https:\/\/www.celttv.com.ar\/index.php\/2014\/08\/12\/este-miercoles-comienza-la-acreditacion-de-delegaciones-para-participar-del-provincial-de-hockey-notas-con-jorge-marcolini-y-german-pettinari\/#breadcrumb"},"inLanguage":"es","potentialAction":[{"@type":"ReadAction","target":["https:\/\/www.celttv.com.ar\/index.php\/2014\/08\/12\/este-miercoles-comienza-la-acreditacion-de-delegaciones-para-participar-del-provincial-de-hockey-notas-con-jorge-marcolini-y-german-pettinari\/"]}]},{"@type":"BreadcrumbList","@id":"https:\/\/www.celttv.com.ar\/index.php\/2014\/08\/12\/este-miercoles-comienza-la-acreditacion-de-delegaciones-para-participar-del-provincial-de-hockey-notas-con-jorge-marcolini-y-german-pettinari\/#breadcrumb","itemListElement":[{"@type":"ListItem","position":1,"name":"Inicio","item":"https:\/\/www.celttv.com.ar\/"},{"@type":"ListItem","position":2,"name":"ESTE MIERCOLES COMIENZA LA ACREDITACION DE DELEGACIONES PARA PARTICIPAR DEL PROVINCIAL DE HOCKEY (Notas con Jorge Marcolini y German Pettinari)"}]},{"@type":"WebSite","@id":"https:\/\/www.celttv.com.ar\/#website","url":"https:\/\/www.celttv.com.ar\/","name":"CELTTV","description":"Cooperativa El\u00e9ctrica de Tornquist","publisher":{"@id":"https:\/\/www.celttv.com.ar\/#organization"},"potentialAction":[{"@type":"SearchAction","target":{"@type":"EntryPoint","urlTemplate":"https:\/\/www.celttv.com.ar\/?s={search_term_string}"},"query-input":"required name=search_term_string"}],"inLanguage":"es"},{"@type":"Organization","@id":"https:\/\/www.celttv.com.ar\/#organization","name":"CELTTV","url":"https:\/\/www.celttv.com.ar\/","sameAs":["https:\/\/www.youtube.com\/channel\/UCz_oIt8Hig64Ub-EmcNPIhg","https:\/\/www.facebook.com\/celtTV\/"],"logo":{"@type":"ImageObject","inLanguage":"es","@id":"https:\/\/www.celttv.com.ar\/#\/schema\/logo\/image\/","url":"http:\/\/www.celttv.com.ar\/wp-content\/uploads\/2022\/08\/logo-1.png","contentUrl":"http:\/\/www.celttv.com.ar\/wp-content\/uploads\/2022\/08\/logo-1.png","width":461,"height":159,"caption":"CELTTV"},"image":{"@id":"https:\/\/www.celttv.com.ar\/#\/schema\/logo\/image\/"}},{"@type":"Person","@id":"https:\/\/www.celttv.com.ar\/#\/schema\/person\/6d99c072dba59953809c81446e9d0ace","name":"ulises","image":{"@type":"ImageObject","inLanguage":"es","@id":"https:\/\/www.celttv.com.ar\/#\/schema\/person\/image\/","url":"https:\/\/secure.gravatar.com\/avatar\/7f2c48bdc33b30088f941fb6082e555f2874c98e20cb159d7b92b50eadfce793?s=96&d=mm&r=g","contentUrl":"https:\/\/secure.gravatar.com\/avatar\/7f2c48bdc33b30088f941fb6082e555f2874c98e20cb159d7b92b50eadfce793?s=96&d=mm&r=g","caption":"ulises"},"sameAs":["http:\/\/www.celttv.com.ar"]}]}},"_links":{"self":[{"href":"https:\/\/www.celttv.com.ar\/index.php\/wp-json\/wp\/v2\/posts\/22578","targetHints":{"allow":["GET"]}}],"collection":[{"href":"https:\/\/www.celttv.com.ar\/index.php\/wp-json\/wp\/v2\/posts"}],"about":[{"href":"https:\/\/www.celttv.com.ar\/index.php\/wp-json\/wp\/v2\/types\/post"}],"author":[{"embeddable":true,"href":"https:\/\/www.celttv.com.ar\/index.php\/wp-json\/wp\/v2\/users\/1"}],"replies":[{"embeddable":true,"href":"https:\/\/www.celttv.com.ar\/index.php\/wp-json\/wp\/v2\/comments?post=22578"}],"version-history":[{"count":0,"href":"https:\/\/www.celttv.com.ar\/index.php\/wp-json\/wp\/v2\/posts\/22578\/revisions"}],"wp:attachment":[{"href":"https:\/\/www.celttv.com.ar\/index.php\/wp-json\/wp\/v2\/media?parent=22578"}],"wp:term":[{"taxonomy":"category","embeddable":true,"href":"https:\/\/www.celttv.com.ar\/index.php\/wp-json\/wp\/v2\/categories?post=22578"},{"taxonomy":"post_tag","embeddable":true,"href":"https:\/\/www.celttv.com.ar\/index.php\/wp-json\/wp\/v2\/tags?post=22578"}],"curies":[{"name":"wp","href":"https:\/\/api.w.org\/{rel}","templated":true}]}}