{"id":22588,"date":"2014-08-13T20:22:43","date_gmt":"2014-08-13T20:22:43","guid":{"rendered":"http:\/\/www.tvcnoticias.com.ar\/?p=22588"},"modified":"2014-08-13T20:22:43","modified_gmt":"2014-08-13T20:22:43","slug":"idoeta-analizo-el-presente-de-union-t-y-marco-sus-objetivos-para-el-inicio-del-clausura","status":"publish","type":"post","link":"https:\/\/www.celttv.com.ar\/index.php\/2014\/08\/13\/idoeta-analizo-el-presente-de-union-t-y-marco-sus-objetivos-para-el-inicio-del-clausura\/","title":{"rendered":"IDOETA ANALIZ\u00d3 EL PRESENTE DE UNI\u00d3N (T) Y MARC\u00d3 SUS OBJETIVOS PARA EL INICIO DEL CLAUSURA"},"content":{"rendered":"<p><a href=\"https:\/\/www.youtube.com\/watch?v=egW4jpgmtiE\">httpv:\/\/www.youtube.com\/watch?v=egW4jpgmtiE<\/a><\/p>\n<div><strong>MAGAZINE SPORT<\/strong> &#8212; Tras una importante mini-pretemporada desarrollada con vistas al inicio del torneo clausura de de f\u00fatbol de la liga suarense, el director t\u00e9cnico del Club Uni\u00f3n (T),\u00a0<strong>Miguel Idoeta<\/strong>, charl\u00f3 con\u00a0<strong>MAGAZINE SPORT<\/strong> sobre los trabajos realizados durante las \u00faltimas semanas.<\/div>\n<div>Partidos amistosos, intenso trabajo f\u00edsico y objetivos claros marcados para el segundo semestre del a\u00f1o, Idoeta se refiri\u00f3 a su equipo, antes del debut del &#8220;verde&#8221; ante Tiro Federal (P) este domingo, a partir de las 13 hs. en reserva y las 15, en primera divisi\u00f3n, en la vecina localidad de Pu\u00e1n.<\/div>\n","protected":false},"excerpt":{"rendered":"<p>httpv:\/\/www.youtube.com\/watch?v=egW4jpgmtiE MAGAZINE SPORT &#8212; Tras una importante mini-pretemporada desarrollada con vistas al inicio del torneo clausura de de f\u00fatbol de la liga suarense, el director t\u00e9cnico del Club Uni\u00f3n (T),\u00a0Miguel Idoeta, charl\u00f3 con\u00a0MAGAZINE SPORT sobre los trabajos realizados durante las \u00faltimas semanas. Partidos amistosos, intenso trabajo f\u00edsico y objetivos claros marcados para el segundo semestre [&hellip;]<\/p>\n","protected":false},"author":1,"featured_media":0,"comment_status":"closed","ping_status":"open","sticky":false,"template":"","format":"standard","meta":{"footnotes":""},"categories":[60,52,64],"tags":[],"class_list":["post-22588","post","type-post","status-publish","format-standard","hentry","category-deporte","category-destacadas","category-videos-destacados"],"yoast_head":"<!-- This site is optimized with the Yoast SEO plugin v19.7.1 - https:\/\/yoast.com\/wordpress\/plugins\/seo\/ -->\n<title>IDOETA ANALIZ\u00d3 EL PRESENTE DE UNI\u00d3N (T) Y MARC\u00d3 SUS OBJETIVOS PARA EL INICIO DEL CLAUSURA - CELTTV<\/title>\n<meta name=\"description\" content=\"Sitio web de noticias de la localidad de Tornquist, provincia de Buenos Aires, Rep\u00fablica Argentina. Contenido propio originado por periodistas de CELTTV, el canal de TV local de la Cooperativa El\u00e9ctrica de Tornquist. Turismo, Pol\u00edtica, Sociedad, Deporte, Cultura y todo el contenido de inter\u00e9s general que la gente del pueblo y la regi\u00f3n debe conocer.\" \/>\n<meta name=\"robots\" content=\"index, follow, max-snippet:-1, max-image-preview:large, max-video-preview:-1\" \/>\n<link rel=\"canonical\" href=\"https:\/\/www.celttv.com.ar\/index.php\/2014\/08\/13\/idoeta-analizo-el-presente-de-union-t-y-marco-sus-objetivos-para-el-inicio-del-clausura\/\" \/>\n<meta property=\"og:locale\" content=\"es_ES\" \/>\n<meta property=\"og:type\" content=\"article\" \/>\n<meta property=\"og:title\" content=\"IDOETA ANALIZ\u00d3 EL PRESENTE DE UNI\u00d3N (T) Y MARC\u00d3 SUS OBJETIVOS PARA EL INICIO DEL CLAUSURA - CELTTV\" \/>\n<meta property=\"og:description\" content=\"Sitio web de noticias de la localidad de Tornquist, provincia de Buenos Aires, Rep\u00fablica Argentina. Contenido propio originado por periodistas de CELTTV, el canal de TV local de la Cooperativa El\u00e9ctrica de Tornquist. Turismo, Pol\u00edtica, Sociedad, Deporte, Cultura y todo el contenido de inter\u00e9s general que la gente del pueblo y la regi\u00f3n debe conocer.\" \/>\n<meta property=\"og:url\" content=\"https:\/\/www.celttv.com.ar\/index.php\/2014\/08\/13\/idoeta-analizo-el-presente-de-union-t-y-marco-sus-objetivos-para-el-inicio-del-clausura\/\" \/>\n<meta property=\"og:site_name\" content=\"CELTTV\" \/>\n<meta property=\"article:publisher\" content=\"https:\/\/www.facebook.com\/celtTV\/\" \/>\n<meta property=\"article:published_time\" content=\"2014-08-13T20:22:43+00:00\" \/>\n<meta name=\"author\" content=\"ulises\" \/>\n<meta name=\"twitter:card\" content=\"summary_large_image\" \/>\n<meta name=\"twitter:label1\" content=\"Escrito por\" \/>\n\t<meta name=\"twitter:data1\" content=\"ulises\" \/>\n\t<meta name=\"twitter:label2\" content=\"Tiempo de lectura\" \/>\n\t<meta name=\"twitter:data2\" content=\"1 minuto\" \/>\n<script type=\"application\/ld+json\" class=\"yoast-schema-graph\">{\"@context\":\"https:\/\/schema.org\",\"@graph\":[{\"@type\":\"NewsArticle\",\"@id\":\"https:\/\/www.celttv.com.ar\/index.php\/2014\/08\/13\/idoeta-analizo-el-presente-de-union-t-y-marco-sus-objetivos-para-el-inicio-del-clausura\/#article\",\"isPartOf\":{\"@id\":\"https:\/\/www.celttv.com.ar\/index.php\/2014\/08\/13\/idoeta-analizo-el-presente-de-union-t-y-marco-sus-objetivos-para-el-inicio-del-clausura\/\"},\"author\":{\"name\":\"ulises\",\"@id\":\"https:\/\/www.celttv.com.ar\/#\/schema\/person\/6d99c072dba59953809c81446e9d0ace\"},\"headline\":\"IDOETA ANALIZ\u00d3 EL PRESENTE DE UNI\u00d3N (T) Y MARC\u00d3 SUS OBJETIVOS PARA EL INICIO DEL CLAUSURA\",\"datePublished\":\"2014-08-13T20:22:43+00:00\",\"dateModified\":\"2014-08-13T20:22:43+00:00\",\"mainEntityOfPage\":{\"@id\":\"https:\/\/www.celttv.com.ar\/index.php\/2014\/08\/13\/idoeta-analizo-el-presente-de-union-t-y-marco-sus-objetivos-para-el-inicio-del-clausura\/\"},\"wordCount\":125,\"publisher\":{\"@id\":\"https:\/\/www.celttv.com.ar\/#organization\"},\"articleSection\":[\"Deporte\",\"Destacadas\",\"Videos Destacados\"],\"inLanguage\":\"es\"},{\"@type\":\"WebPage\",\"@id\":\"https:\/\/www.celttv.com.ar\/index.php\/2014\/08\/13\/idoeta-analizo-el-presente-de-union-t-y-marco-sus-objetivos-para-el-inicio-del-clausura\/\",\"url\":\"https:\/\/www.celttv.com.ar\/index.php\/2014\/08\/13\/idoeta-analizo-el-presente-de-union-t-y-marco-sus-objetivos-para-el-inicio-del-clausura\/\",\"name\":\"IDOETA ANALIZ\u00d3 EL PRESENTE DE UNI\u00d3N (T) Y MARC\u00d3 SUS OBJETIVOS PARA EL INICIO DEL CLAUSURA - CELTTV\",\"isPartOf\":{\"@id\":\"https:\/\/www.celttv.com.ar\/#website\"},\"datePublished\":\"2014-08-13T20:22:43+00:00\",\"dateModified\":\"2014-08-13T20:22:43+00:00\",\"description\":\"Sitio web de noticias de la localidad de Tornquist, provincia de Buenos Aires, Rep\u00fablica Argentina. Contenido propio originado por periodistas de CELTTV, el canal de TV local de la Cooperativa El\u00e9ctrica de Tornquist. Turismo, Pol\u00edtica, Sociedad, Deporte, Cultura y todo el contenido de inter\u00e9s general que la gente del pueblo y la regi\u00f3n debe conocer.\",\"breadcrumb\":{\"@id\":\"https:\/\/www.celttv.com.ar\/index.php\/2014\/08\/13\/idoeta-analizo-el-presente-de-union-t-y-marco-sus-objetivos-para-el-inicio-del-clausura\/#breadcrumb\"},\"inLanguage\":\"es\",\"potentialAction\":[{\"@type\":\"ReadAction\",\"target\":[\"https:\/\/www.celttv.com.ar\/index.php\/2014\/08\/13\/idoeta-analizo-el-presente-de-union-t-y-marco-sus-objetivos-para-el-inicio-del-clausura\/\"]}]},{\"@type\":\"BreadcrumbList\",\"@id\":\"https:\/\/www.celttv.com.ar\/index.php\/2014\/08\/13\/idoeta-analizo-el-presente-de-union-t-y-marco-sus-objetivos-para-el-inicio-del-clausura\/#breadcrumb\",\"itemListElement\":[{\"@type\":\"ListItem\",\"position\":1,\"name\":\"Inicio\",\"item\":\"https:\/\/www.celttv.com.ar\/\"},{\"@type\":\"ListItem\",\"position\":2,\"name\":\"IDOETA ANALIZ\u00d3 EL PRESENTE DE UNI\u00d3N (T) Y MARC\u00d3 SUS OBJETIVOS PARA EL INICIO DEL CLAUSURA\"}]},{\"@type\":\"WebSite\",\"@id\":\"https:\/\/www.celttv.com.ar\/#website\",\"url\":\"https:\/\/www.celttv.com.ar\/\",\"name\":\"CELTTV\",\"description\":\"Cooperativa El\u00e9ctrica de Tornquist\",\"publisher\":{\"@id\":\"https:\/\/www.celttv.com.ar\/#organization\"},\"potentialAction\":[{\"@type\":\"SearchAction\",\"target\":{\"@type\":\"EntryPoint\",\"urlTemplate\":\"https:\/\/www.celttv.com.ar\/?s={search_term_string}\"},\"query-input\":\"required name=search_term_string\"}],\"inLanguage\":\"es\"},{\"@type\":\"Organization\",\"@id\":\"https:\/\/www.celttv.com.ar\/#organization\",\"name\":\"CELTTV\",\"url\":\"https:\/\/www.celttv.com.ar\/\",\"sameAs\":[\"https:\/\/www.youtube.com\/channel\/UCz_oIt8Hig64Ub-EmcNPIhg\",\"https:\/\/www.facebook.com\/celtTV\/\"],\"logo\":{\"@type\":\"ImageObject\",\"inLanguage\":\"es\",\"@id\":\"https:\/\/www.celttv.com.ar\/#\/schema\/logo\/image\/\",\"url\":\"http:\/\/www.celttv.com.ar\/wp-content\/uploads\/2022\/08\/logo-1.png\",\"contentUrl\":\"http:\/\/www.celttv.com.ar\/wp-content\/uploads\/2022\/08\/logo-1.png\",\"width\":461,\"height\":159,\"caption\":\"CELTTV\"},\"image\":{\"@id\":\"https:\/\/www.celttv.com.ar\/#\/schema\/logo\/image\/\"}},{\"@type\":\"Person\",\"@id\":\"https:\/\/www.celttv.com.ar\/#\/schema\/person\/6d99c072dba59953809c81446e9d0ace\",\"name\":\"ulises\",\"image\":{\"@type\":\"ImageObject\",\"inLanguage\":\"es\",\"@id\":\"https:\/\/www.celttv.com.ar\/#\/schema\/person\/image\/\",\"url\":\"https:\/\/secure.gravatar.com\/avatar\/7f2c48bdc33b30088f941fb6082e555f2874c98e20cb159d7b92b50eadfce793?s=96&d=mm&r=g\",\"contentUrl\":\"https:\/\/secure.gravatar.com\/avatar\/7f2c48bdc33b30088f941fb6082e555f2874c98e20cb159d7b92b50eadfce793?s=96&d=mm&r=g\",\"caption\":\"ulises\"},\"sameAs\":[\"http:\/\/www.celttv.com.ar\"]}]}<\/script>\n<!-- \/ Yoast SEO plugin. -->","yoast_head_json":{"title":"IDOETA ANALIZ\u00d3 EL PRESENTE DE UNI\u00d3N (T) Y MARC\u00d3 SUS OBJETIVOS PARA EL INICIO DEL CLAUSURA - CELTTV","description":"Sitio web de noticias de la localidad de Tornquist, provincia de Buenos Aires, Rep\u00fablica Argentina. Contenido propio originado por periodistas de CELTTV, el canal de TV local de la Cooperativa El\u00e9ctrica de Tornquist. Turismo, Pol\u00edtica, Sociedad, Deporte, Cultura y todo el contenido de inter\u00e9s general que la gente del pueblo y la regi\u00f3n debe conocer.","robots":{"index":"index","follow":"follow","max-snippet":"max-snippet:-1","max-image-preview":"max-image-preview:large","max-video-preview":"max-video-preview:-1"},"canonical":"https:\/\/www.celttv.com.ar\/index.php\/2014\/08\/13\/idoeta-analizo-el-presente-de-union-t-y-marco-sus-objetivos-para-el-inicio-del-clausura\/","og_locale":"es_ES","og_type":"article","og_title":"IDOETA ANALIZ\u00d3 EL PRESENTE DE UNI\u00d3N (T) Y MARC\u00d3 SUS OBJETIVOS PARA EL INICIO DEL CLAUSURA - CELTTV","og_description":"Sitio web de noticias de la localidad de Tornquist, provincia de Buenos Aires, Rep\u00fablica Argentina. Contenido propio originado por periodistas de CELTTV, el canal de TV local de la Cooperativa El\u00e9ctrica de Tornquist. Turismo, Pol\u00edtica, Sociedad, Deporte, Cultura y todo el contenido de inter\u00e9s general que la gente del pueblo y la regi\u00f3n debe conocer.","og_url":"https:\/\/www.celttv.com.ar\/index.php\/2014\/08\/13\/idoeta-analizo-el-presente-de-union-t-y-marco-sus-objetivos-para-el-inicio-del-clausura\/","og_site_name":"CELTTV","article_publisher":"https:\/\/www.facebook.com\/celtTV\/","article_published_time":"2014-08-13T20:22:43+00:00","author":"ulises","twitter_card":"summary_large_image","twitter_misc":{"Escrito por":"ulises","Tiempo de lectura":"1 minuto"},"schema":{"@context":"https:\/\/schema.org","@graph":[{"@type":"NewsArticle","@id":"https:\/\/www.celttv.com.ar\/index.php\/2014\/08\/13\/idoeta-analizo-el-presente-de-union-t-y-marco-sus-objetivos-para-el-inicio-del-clausura\/#article","isPartOf":{"@id":"https:\/\/www.celttv.com.ar\/index.php\/2014\/08\/13\/idoeta-analizo-el-presente-de-union-t-y-marco-sus-objetivos-para-el-inicio-del-clausura\/"},"author":{"name":"ulises","@id":"https:\/\/www.celttv.com.ar\/#\/schema\/person\/6d99c072dba59953809c81446e9d0ace"},"headline":"IDOETA ANALIZ\u00d3 EL PRESENTE DE UNI\u00d3N (T) Y MARC\u00d3 SUS OBJETIVOS PARA EL INICIO DEL CLAUSURA","datePublished":"2014-08-13T20:22:43+00:00","dateModified":"2014-08-13T20:22:43+00:00","mainEntityOfPage":{"@id":"https:\/\/www.celttv.com.ar\/index.php\/2014\/08\/13\/idoeta-analizo-el-presente-de-union-t-y-marco-sus-objetivos-para-el-inicio-del-clausura\/"},"wordCount":125,"publisher":{"@id":"https:\/\/www.celttv.com.ar\/#organization"},"articleSection":["Deporte","Destacadas","Videos Destacados"],"inLanguage":"es"},{"@type":"WebPage","@id":"https:\/\/www.celttv.com.ar\/index.php\/2014\/08\/13\/idoeta-analizo-el-presente-de-union-t-y-marco-sus-objetivos-para-el-inicio-del-clausura\/","url":"https:\/\/www.celttv.com.ar\/index.php\/2014\/08\/13\/idoeta-analizo-el-presente-de-union-t-y-marco-sus-objetivos-para-el-inicio-del-clausura\/","name":"IDOETA ANALIZ\u00d3 EL PRESENTE DE UNI\u00d3N (T) Y MARC\u00d3 SUS OBJETIVOS PARA EL INICIO DEL CLAUSURA - CELTTV","isPartOf":{"@id":"https:\/\/www.celttv.com.ar\/#website"},"datePublished":"2014-08-13T20:22:43+00:00","dateModified":"2014-08-13T20:22:43+00:00","description":"Sitio web de noticias de la localidad de Tornquist, provincia de Buenos Aires, Rep\u00fablica Argentina. Contenido propio originado por periodistas de CELTTV, el canal de TV local de la Cooperativa El\u00e9ctrica de Tornquist. Turismo, Pol\u00edtica, Sociedad, Deporte, Cultura y todo el contenido de inter\u00e9s general que la gente del pueblo y la regi\u00f3n debe conocer.","breadcrumb":{"@id":"https:\/\/www.celttv.com.ar\/index.php\/2014\/08\/13\/idoeta-analizo-el-presente-de-union-t-y-marco-sus-objetivos-para-el-inicio-del-clausura\/#breadcrumb"},"inLanguage":"es","potentialAction":[{"@type":"ReadAction","target":["https:\/\/www.celttv.com.ar\/index.php\/2014\/08\/13\/idoeta-analizo-el-presente-de-union-t-y-marco-sus-objetivos-para-el-inicio-del-clausura\/"]}]},{"@type":"BreadcrumbList","@id":"https:\/\/www.celttv.com.ar\/index.php\/2014\/08\/13\/idoeta-analizo-el-presente-de-union-t-y-marco-sus-objetivos-para-el-inicio-del-clausura\/#breadcrumb","itemListElement":[{"@type":"ListItem","position":1,"name":"Inicio","item":"https:\/\/www.celttv.com.ar\/"},{"@type":"ListItem","position":2,"name":"IDOETA ANALIZ\u00d3 EL PRESENTE DE UNI\u00d3N (T) Y MARC\u00d3 SUS OBJETIVOS PARA EL INICIO DEL CLAUSURA"}]},{"@type":"WebSite","@id":"https:\/\/www.celttv.com.ar\/#website","url":"https:\/\/www.celttv.com.ar\/","name":"CELTTV","description":"Cooperativa El\u00e9ctrica de Tornquist","publisher":{"@id":"https:\/\/www.celttv.com.ar\/#organization"},"potentialAction":[{"@type":"SearchAction","target":{"@type":"EntryPoint","urlTemplate":"https:\/\/www.celttv.com.ar\/?s={search_term_string}"},"query-input":"required name=search_term_string"}],"inLanguage":"es"},{"@type":"Organization","@id":"https:\/\/www.celttv.com.ar\/#organization","name":"CELTTV","url":"https:\/\/www.celttv.com.ar\/","sameAs":["https:\/\/www.youtube.com\/channel\/UCz_oIt8Hig64Ub-EmcNPIhg","https:\/\/www.facebook.com\/celtTV\/"],"logo":{"@type":"ImageObject","inLanguage":"es","@id":"https:\/\/www.celttv.com.ar\/#\/schema\/logo\/image\/","url":"http:\/\/www.celttv.com.ar\/wp-content\/uploads\/2022\/08\/logo-1.png","contentUrl":"http:\/\/www.celttv.com.ar\/wp-content\/uploads\/2022\/08\/logo-1.png","width":461,"height":159,"caption":"CELTTV"},"image":{"@id":"https:\/\/www.celttv.com.ar\/#\/schema\/logo\/image\/"}},{"@type":"Person","@id":"https:\/\/www.celttv.com.ar\/#\/schema\/person\/6d99c072dba59953809c81446e9d0ace","name":"ulises","image":{"@type":"ImageObject","inLanguage":"es","@id":"https:\/\/www.celttv.com.ar\/#\/schema\/person\/image\/","url":"https:\/\/secure.gravatar.com\/avatar\/7f2c48bdc33b30088f941fb6082e555f2874c98e20cb159d7b92b50eadfce793?s=96&d=mm&r=g","contentUrl":"https:\/\/secure.gravatar.com\/avatar\/7f2c48bdc33b30088f941fb6082e555f2874c98e20cb159d7b92b50eadfce793?s=96&d=mm&r=g","caption":"ulises"},"sameAs":["http:\/\/www.celttv.com.ar"]}]}},"_links":{"self":[{"href":"https:\/\/www.celttv.com.ar\/index.php\/wp-json\/wp\/v2\/posts\/22588","targetHints":{"allow":["GET"]}}],"collection":[{"href":"https:\/\/www.celttv.com.ar\/index.php\/wp-json\/wp\/v2\/posts"}],"about":[{"href":"https:\/\/www.celttv.com.ar\/index.php\/wp-json\/wp\/v2\/types\/post"}],"author":[{"embeddable":true,"href":"https:\/\/www.celttv.com.ar\/index.php\/wp-json\/wp\/v2\/users\/1"}],"replies":[{"embeddable":true,"href":"https:\/\/www.celttv.com.ar\/index.php\/wp-json\/wp\/v2\/comments?post=22588"}],"version-history":[{"count":0,"href":"https:\/\/www.celttv.com.ar\/index.php\/wp-json\/wp\/v2\/posts\/22588\/revisions"}],"wp:attachment":[{"href":"https:\/\/www.celttv.com.ar\/index.php\/wp-json\/wp\/v2\/media?parent=22588"}],"wp:term":[{"taxonomy":"category","embeddable":true,"href":"https:\/\/www.celttv.com.ar\/index.php\/wp-json\/wp\/v2\/categories?post=22588"},{"taxonomy":"post_tag","embeddable":true,"href":"https:\/\/www.celttv.com.ar\/index.php\/wp-json\/wp\/v2\/tags?post=22588"}],"curies":[{"name":"wp","href":"https:\/\/api.w.org\/{rel}","templated":true}]}}