{"id":22747,"date":"2014-08-20T19:46:12","date_gmt":"2014-08-20T19:46:12","guid":{"rendered":"http:\/\/www.tvcnoticias.com.ar\/?p=22747"},"modified":"2014-08-20T19:46:12","modified_gmt":"2014-08-20T19:46:12","slug":"se-realizo-la-tradicional-tallarinada-de-amor-por-la-vida","status":"publish","type":"post","link":"https:\/\/www.celttv.com.ar\/index.php\/2014\/08\/20\/se-realizo-la-tradicional-tallarinada-de-amor-por-la-vida\/","title":{"rendered":"SE REALIZO LA TRADICIONAL TALLARINADA DE &#8220;AMOR POR LA VIDA&#8221;"},"content":{"rendered":"<p><a href=\"https:\/\/www.youtube.com\/watch?v=kx61vWG-U_M\">httpv:\/\/www.youtube.com\/watch?v=kx61vWG-U_M<\/a><br \/>\n<a href=\"https:\/\/www.youtube.com\/watch?v=J6xc4g6Hk0k\">httpv:\/\/www.youtube.com\/watch?v=J6xc4g6Hk0k<\/a><br \/>\n<a href=\"https:\/\/www.youtube.com\/watch?v=MYN3vatrhGs\">httpv:\/\/www.youtube.com\/watch?v=MYN3vatrhGs<\/a><br \/>\n<a href=\"https:\/\/www.youtube.com\/watch?v=B4_uaFKEUpg\">httpv:\/\/www.youtube.com\/watch?v=B4_uaFKEUpg<\/a><br \/>\n<a href=\"https:\/\/www.youtube.com\/watch?v=njuM98pfdM0\">httpv:\/\/www.youtube.com\/watch?v=njuM98pfdM0<\/a><br \/>\nEl homenaje a Don Miguel \u00a0Larrainzar, fundador de la instituci\u00f3n recientemente desaparecido, \u00a0fue el momento m\u00e1s emotivo de la tradicional tallarinada de Amor por la Vida.\u00a0 Don Miguel Larrainzar fue el principal impulsor, a partir del a\u00f1o 1996, para la creaci\u00f3n de esta instituci\u00f3n, la cual presidi\u00f3 y form\u00f3 parte durante varios a\u00f1os.<br \/>\nEn aquel entonces acompa\u00f1aron \u00a0a \u201cDon Miguel \u201c en la instituci\u00f3n Alejo Flores, Esther P. de Rodriguez, Oscar Lanaro, Guillermo Gomba, Justino Quiroz, Horacio Urriaga, Beatriz Pelta, Maria Ester Caporicci, Mar\u00eda Elena Grossoni, Silvia Pessolani, Nestor Llanos, Mirta de Blanco y Susana Catani.<br \/>\nAl homenaje realizado por la instituci\u00f3n a Don Miguel, se sum\u00f3 la poes\u00eda recitada por Esther Lacasta donde resalta la personalidad del fundador de Amor por la Vida y su participaci\u00f3n en no pocas instituciones de la comunidad.<br \/>\nEn di\u00e1logo con este medio la actual presidente Felisa Janyistabro, tambi\u00e9n resalt\u00f3 la figura de Larrainzar y se refiri\u00f3 a la actualidad institucional.\u00a0\u201cEstamos en una instituci\u00f3n equilibrada, con buena participaci\u00f3n de la gente, nuevos socios que brindan su desinteresado aporte y realizamos prestaciones a gente que debe afrontar situaciones en su salud o de alg\u00fan familiar \u00a0y necesita recurrir a Amor por la Vida\u201d<br \/>\n\u201cPor otro lado estamos logrando recuperar buena parte de prestaciones realizadas hace tiempo y logramos, gracias a nuestro cobrador, ir regularizando algunos casos y apelando a la solidaridad y la conciencia de las familias que asistimos en su momento\u201d afirm\u00f3 Felisa Janyistabro.<br \/>\nLA TRADICIONAL TALLARINADA<br \/>\nY lleg\u00f3 al momento de la \u201ctallarinada\u201d, recibiendo la aprobaci\u00f3n, como siempre, de los asistentes que degustaron de un verdadero \u201cmanjar\u201d .\u00a0 El aporte musical estuvo a cargo, como en a\u00f1os anteriores, de Carlos Porcel, recorriendo en su repertorio distintas \u00e9pocas.<br \/>\nESTA VEZ FUERON DOS LOS COROS<br \/>\nComo en a\u00f1os anteriores, no falt\u00f3 el coro \u201cdisf\u00f3nico\u201d y esta vez fueron dos. Constituidos por asistentes a la tallarinada que se vieron sorprendidos por la convocatoria a participar de manera totalmente inesperada de un grupo de \u201cimprovisados\u201d cantantes que intentaban seguir el ritmo leyendo la letra de las canciones en el monitor de una compu.\u00a0 La buena onda de los integrantes de cada grupo permiti\u00f3 compartir otro grato momento.<br \/>\nE<\/p>\n","protected":false},"excerpt":{"rendered":"<p>httpv:\/\/www.youtube.com\/watch?v=kx61vWG-U_M httpv:\/\/www.youtube.com\/watch?v=J6xc4g6Hk0k httpv:\/\/www.youtube.com\/watch?v=MYN3vatrhGs httpv:\/\/www.youtube.com\/watch?v=B4_uaFKEUpg httpv:\/\/www.youtube.com\/watch?v=njuM98pfdM0 El homenaje a Don Miguel \u00a0Larrainzar, fundador de la instituci\u00f3n recientemente desaparecido, \u00a0fue el momento m\u00e1s emotivo de la tradicional tallarinada de Amor por la Vida.\u00a0 Don Miguel Larrainzar fue el principal impulsor, a partir del a\u00f1o 1996, para la creaci\u00f3n de esta instituci\u00f3n, la cual presidi\u00f3 y form\u00f3 parte [&hellip;]<\/p>\n","protected":false},"author":1,"featured_media":0,"comment_status":"closed","ping_status":"open","sticky":false,"template":"","format":"standard","meta":{"footnotes":""},"categories":[51,52,56,64],"tags":[],"class_list":["post-22747","post","type-post","status-publish","format-standard","hentry","category-comunidad","category-destacadas","category-espectaculos","category-videos-destacados"],"yoast_head":"<!-- This site is optimized with the Yoast SEO plugin v19.7.1 - https:\/\/yoast.com\/wordpress\/plugins\/seo\/ -->\n<title>SE REALIZO LA TRADICIONAL TALLARINADA DE &quot;AMOR POR LA VIDA&quot; - CELTTV<\/title>\n<meta name=\"description\" content=\"Sitio web de noticias de la localidad de Tornquist, provincia de Buenos Aires, Rep\u00fablica Argentina. Contenido propio originado por periodistas de CELTTV, el canal de TV local de la Cooperativa El\u00e9ctrica de Tornquist. Turismo, Pol\u00edtica, Sociedad, Deporte, Cultura y todo el contenido de inter\u00e9s general que la gente del pueblo y la regi\u00f3n debe conocer.\" \/>\n<meta name=\"robots\" content=\"index, follow, max-snippet:-1, max-image-preview:large, max-video-preview:-1\" \/>\n<link rel=\"canonical\" href=\"https:\/\/www.celttv.com.ar\/index.php\/2014\/08\/20\/se-realizo-la-tradicional-tallarinada-de-amor-por-la-vida\/\" \/>\n<meta property=\"og:locale\" content=\"es_ES\" \/>\n<meta property=\"og:type\" content=\"article\" \/>\n<meta property=\"og:title\" content=\"SE REALIZO LA TRADICIONAL TALLARINADA DE &quot;AMOR POR LA VIDA&quot; - CELTTV\" \/>\n<meta property=\"og:description\" content=\"Sitio web de noticias de la localidad de Tornquist, provincia de Buenos Aires, Rep\u00fablica Argentina. Contenido propio originado por periodistas de CELTTV, el canal de TV local de la Cooperativa El\u00e9ctrica de Tornquist. Turismo, Pol\u00edtica, Sociedad, Deporte, Cultura y todo el contenido de inter\u00e9s general que la gente del pueblo y la regi\u00f3n debe conocer.\" \/>\n<meta property=\"og:url\" content=\"https:\/\/www.celttv.com.ar\/index.php\/2014\/08\/20\/se-realizo-la-tradicional-tallarinada-de-amor-por-la-vida\/\" \/>\n<meta property=\"og:site_name\" content=\"CELTTV\" \/>\n<meta property=\"article:publisher\" content=\"https:\/\/www.facebook.com\/celtTV\/\" \/>\n<meta property=\"article:published_time\" content=\"2014-08-20T19:46:12+00:00\" \/>\n<meta name=\"author\" content=\"ulises\" \/>\n<meta name=\"twitter:card\" content=\"summary_large_image\" \/>\n<meta name=\"twitter:label1\" content=\"Escrito por\" \/>\n\t<meta name=\"twitter:data1\" content=\"ulises\" \/>\n\t<meta name=\"twitter:label2\" content=\"Tiempo de lectura\" \/>\n\t<meta name=\"twitter:data2\" content=\"2 minutos\" \/>\n<script type=\"application\/ld+json\" class=\"yoast-schema-graph\">{\"@context\":\"https:\/\/schema.org\",\"@graph\":[{\"@type\":\"NewsArticle\",\"@id\":\"https:\/\/www.celttv.com.ar\/index.php\/2014\/08\/20\/se-realizo-la-tradicional-tallarinada-de-amor-por-la-vida\/#article\",\"isPartOf\":{\"@id\":\"https:\/\/www.celttv.com.ar\/index.php\/2014\/08\/20\/se-realizo-la-tradicional-tallarinada-de-amor-por-la-vida\/\"},\"author\":{\"name\":\"ulises\",\"@id\":\"https:\/\/www.celttv.com.ar\/#\/schema\/person\/6d99c072dba59953809c81446e9d0ace\"},\"headline\":\"SE REALIZO LA TRADICIONAL TALLARINADA DE &#8220;AMOR POR LA VIDA&#8221;\",\"datePublished\":\"2014-08-20T19:46:12+00:00\",\"dateModified\":\"2014-08-20T19:46:12+00:00\",\"mainEntityOfPage\":{\"@id\":\"https:\/\/www.celttv.com.ar\/index.php\/2014\/08\/20\/se-realizo-la-tradicional-tallarinada-de-amor-por-la-vida\/\"},\"wordCount\":434,\"publisher\":{\"@id\":\"https:\/\/www.celttv.com.ar\/#organization\"},\"articleSection\":[\"Comunidad\",\"Destacadas\",\"Espect\u00e1culos\",\"Videos Destacados\"],\"inLanguage\":\"es\"},{\"@type\":\"WebPage\",\"@id\":\"https:\/\/www.celttv.com.ar\/index.php\/2014\/08\/20\/se-realizo-la-tradicional-tallarinada-de-amor-por-la-vida\/\",\"url\":\"https:\/\/www.celttv.com.ar\/index.php\/2014\/08\/20\/se-realizo-la-tradicional-tallarinada-de-amor-por-la-vida\/\",\"name\":\"SE REALIZO LA TRADICIONAL TALLARINADA DE \\\"AMOR POR LA VIDA\\\" - CELTTV\",\"isPartOf\":{\"@id\":\"https:\/\/www.celttv.com.ar\/#website\"},\"datePublished\":\"2014-08-20T19:46:12+00:00\",\"dateModified\":\"2014-08-20T19:46:12+00:00\",\"description\":\"Sitio web de noticias de la localidad de Tornquist, provincia de Buenos Aires, Rep\u00fablica Argentina. Contenido propio originado por periodistas de CELTTV, el canal de TV local de la Cooperativa El\u00e9ctrica de Tornquist. Turismo, Pol\u00edtica, Sociedad, Deporte, Cultura y todo el contenido de inter\u00e9s general que la gente del pueblo y la regi\u00f3n debe conocer.\",\"breadcrumb\":{\"@id\":\"https:\/\/www.celttv.com.ar\/index.php\/2014\/08\/20\/se-realizo-la-tradicional-tallarinada-de-amor-por-la-vida\/#breadcrumb\"},\"inLanguage\":\"es\",\"potentialAction\":[{\"@type\":\"ReadAction\",\"target\":[\"https:\/\/www.celttv.com.ar\/index.php\/2014\/08\/20\/se-realizo-la-tradicional-tallarinada-de-amor-por-la-vida\/\"]}]},{\"@type\":\"BreadcrumbList\",\"@id\":\"https:\/\/www.celttv.com.ar\/index.php\/2014\/08\/20\/se-realizo-la-tradicional-tallarinada-de-amor-por-la-vida\/#breadcrumb\",\"itemListElement\":[{\"@type\":\"ListItem\",\"position\":1,\"name\":\"Inicio\",\"item\":\"https:\/\/www.celttv.com.ar\/\"},{\"@type\":\"ListItem\",\"position\":2,\"name\":\"SE REALIZO LA TRADICIONAL TALLARINADA DE &#8220;AMOR POR LA VIDA&#8221;\"}]},{\"@type\":\"WebSite\",\"@id\":\"https:\/\/www.celttv.com.ar\/#website\",\"url\":\"https:\/\/www.celttv.com.ar\/\",\"name\":\"CELTTV\",\"description\":\"Cooperativa El\u00e9ctrica de Tornquist\",\"publisher\":{\"@id\":\"https:\/\/www.celttv.com.ar\/#organization\"},\"potentialAction\":[{\"@type\":\"SearchAction\",\"target\":{\"@type\":\"EntryPoint\",\"urlTemplate\":\"https:\/\/www.celttv.com.ar\/?s={search_term_string}\"},\"query-input\":\"required name=search_term_string\"}],\"inLanguage\":\"es\"},{\"@type\":\"Organization\",\"@id\":\"https:\/\/www.celttv.com.ar\/#organization\",\"name\":\"CELTTV\",\"url\":\"https:\/\/www.celttv.com.ar\/\",\"sameAs\":[\"https:\/\/www.youtube.com\/channel\/UCz_oIt8Hig64Ub-EmcNPIhg\",\"https:\/\/www.facebook.com\/celtTV\/\"],\"logo\":{\"@type\":\"ImageObject\",\"inLanguage\":\"es\",\"@id\":\"https:\/\/www.celttv.com.ar\/#\/schema\/logo\/image\/\",\"url\":\"http:\/\/www.celttv.com.ar\/wp-content\/uploads\/2022\/08\/logo-1.png\",\"contentUrl\":\"http:\/\/www.celttv.com.ar\/wp-content\/uploads\/2022\/08\/logo-1.png\",\"width\":461,\"height\":159,\"caption\":\"CELTTV\"},\"image\":{\"@id\":\"https:\/\/www.celttv.com.ar\/#\/schema\/logo\/image\/\"}},{\"@type\":\"Person\",\"@id\":\"https:\/\/www.celttv.com.ar\/#\/schema\/person\/6d99c072dba59953809c81446e9d0ace\",\"name\":\"ulises\",\"image\":{\"@type\":\"ImageObject\",\"inLanguage\":\"es\",\"@id\":\"https:\/\/www.celttv.com.ar\/#\/schema\/person\/image\/\",\"url\":\"https:\/\/secure.gravatar.com\/avatar\/7f2c48bdc33b30088f941fb6082e555f2874c98e20cb159d7b92b50eadfce793?s=96&d=mm&r=g\",\"contentUrl\":\"https:\/\/secure.gravatar.com\/avatar\/7f2c48bdc33b30088f941fb6082e555f2874c98e20cb159d7b92b50eadfce793?s=96&d=mm&r=g\",\"caption\":\"ulises\"},\"sameAs\":[\"http:\/\/www.celttv.com.ar\"]}]}<\/script>\n<!-- \/ Yoast SEO plugin. -->","yoast_head_json":{"title":"SE REALIZO LA TRADICIONAL TALLARINADA DE \"AMOR POR LA VIDA\" - CELTTV","description":"Sitio web de noticias de la localidad de Tornquist, provincia de Buenos Aires, Rep\u00fablica Argentina. Contenido propio originado por periodistas de CELTTV, el canal de TV local de la Cooperativa El\u00e9ctrica de Tornquist. Turismo, Pol\u00edtica, Sociedad, Deporte, Cultura y todo el contenido de inter\u00e9s general que la gente del pueblo y la regi\u00f3n debe conocer.","robots":{"index":"index","follow":"follow","max-snippet":"max-snippet:-1","max-image-preview":"max-image-preview:large","max-video-preview":"max-video-preview:-1"},"canonical":"https:\/\/www.celttv.com.ar\/index.php\/2014\/08\/20\/se-realizo-la-tradicional-tallarinada-de-amor-por-la-vida\/","og_locale":"es_ES","og_type":"article","og_title":"SE REALIZO LA TRADICIONAL TALLARINADA DE \"AMOR POR LA VIDA\" - CELTTV","og_description":"Sitio web de noticias de la localidad de Tornquist, provincia de Buenos Aires, Rep\u00fablica Argentina. Contenido propio originado por periodistas de CELTTV, el canal de TV local de la Cooperativa El\u00e9ctrica de Tornquist. Turismo, Pol\u00edtica, Sociedad, Deporte, Cultura y todo el contenido de inter\u00e9s general que la gente del pueblo y la regi\u00f3n debe conocer.","og_url":"https:\/\/www.celttv.com.ar\/index.php\/2014\/08\/20\/se-realizo-la-tradicional-tallarinada-de-amor-por-la-vida\/","og_site_name":"CELTTV","article_publisher":"https:\/\/www.facebook.com\/celtTV\/","article_published_time":"2014-08-20T19:46:12+00:00","author":"ulises","twitter_card":"summary_large_image","twitter_misc":{"Escrito por":"ulises","Tiempo de lectura":"2 minutos"},"schema":{"@context":"https:\/\/schema.org","@graph":[{"@type":"NewsArticle","@id":"https:\/\/www.celttv.com.ar\/index.php\/2014\/08\/20\/se-realizo-la-tradicional-tallarinada-de-amor-por-la-vida\/#article","isPartOf":{"@id":"https:\/\/www.celttv.com.ar\/index.php\/2014\/08\/20\/se-realizo-la-tradicional-tallarinada-de-amor-por-la-vida\/"},"author":{"name":"ulises","@id":"https:\/\/www.celttv.com.ar\/#\/schema\/person\/6d99c072dba59953809c81446e9d0ace"},"headline":"SE REALIZO LA TRADICIONAL TALLARINADA DE &#8220;AMOR POR LA VIDA&#8221;","datePublished":"2014-08-20T19:46:12+00:00","dateModified":"2014-08-20T19:46:12+00:00","mainEntityOfPage":{"@id":"https:\/\/www.celttv.com.ar\/index.php\/2014\/08\/20\/se-realizo-la-tradicional-tallarinada-de-amor-por-la-vida\/"},"wordCount":434,"publisher":{"@id":"https:\/\/www.celttv.com.ar\/#organization"},"articleSection":["Comunidad","Destacadas","Espect\u00e1culos","Videos Destacados"],"inLanguage":"es"},{"@type":"WebPage","@id":"https:\/\/www.celttv.com.ar\/index.php\/2014\/08\/20\/se-realizo-la-tradicional-tallarinada-de-amor-por-la-vida\/","url":"https:\/\/www.celttv.com.ar\/index.php\/2014\/08\/20\/se-realizo-la-tradicional-tallarinada-de-amor-por-la-vida\/","name":"SE REALIZO LA TRADICIONAL TALLARINADA DE \"AMOR POR LA VIDA\" - CELTTV","isPartOf":{"@id":"https:\/\/www.celttv.com.ar\/#website"},"datePublished":"2014-08-20T19:46:12+00:00","dateModified":"2014-08-20T19:46:12+00:00","description":"Sitio web de noticias de la localidad de Tornquist, provincia de Buenos Aires, Rep\u00fablica Argentina. Contenido propio originado por periodistas de CELTTV, el canal de TV local de la Cooperativa El\u00e9ctrica de Tornquist. Turismo, Pol\u00edtica, Sociedad, Deporte, Cultura y todo el contenido de inter\u00e9s general que la gente del pueblo y la regi\u00f3n debe conocer.","breadcrumb":{"@id":"https:\/\/www.celttv.com.ar\/index.php\/2014\/08\/20\/se-realizo-la-tradicional-tallarinada-de-amor-por-la-vida\/#breadcrumb"},"inLanguage":"es","potentialAction":[{"@type":"ReadAction","target":["https:\/\/www.celttv.com.ar\/index.php\/2014\/08\/20\/se-realizo-la-tradicional-tallarinada-de-amor-por-la-vida\/"]}]},{"@type":"BreadcrumbList","@id":"https:\/\/www.celttv.com.ar\/index.php\/2014\/08\/20\/se-realizo-la-tradicional-tallarinada-de-amor-por-la-vida\/#breadcrumb","itemListElement":[{"@type":"ListItem","position":1,"name":"Inicio","item":"https:\/\/www.celttv.com.ar\/"},{"@type":"ListItem","position":2,"name":"SE REALIZO LA TRADICIONAL TALLARINADA DE &#8220;AMOR POR LA VIDA&#8221;"}]},{"@type":"WebSite","@id":"https:\/\/www.celttv.com.ar\/#website","url":"https:\/\/www.celttv.com.ar\/","name":"CELTTV","description":"Cooperativa El\u00e9ctrica de Tornquist","publisher":{"@id":"https:\/\/www.celttv.com.ar\/#organization"},"potentialAction":[{"@type":"SearchAction","target":{"@type":"EntryPoint","urlTemplate":"https:\/\/www.celttv.com.ar\/?s={search_term_string}"},"query-input":"required name=search_term_string"}],"inLanguage":"es"},{"@type":"Organization","@id":"https:\/\/www.celttv.com.ar\/#organization","name":"CELTTV","url":"https:\/\/www.celttv.com.ar\/","sameAs":["https:\/\/www.youtube.com\/channel\/UCz_oIt8Hig64Ub-EmcNPIhg","https:\/\/www.facebook.com\/celtTV\/"],"logo":{"@type":"ImageObject","inLanguage":"es","@id":"https:\/\/www.celttv.com.ar\/#\/schema\/logo\/image\/","url":"http:\/\/www.celttv.com.ar\/wp-content\/uploads\/2022\/08\/logo-1.png","contentUrl":"http:\/\/www.celttv.com.ar\/wp-content\/uploads\/2022\/08\/logo-1.png","width":461,"height":159,"caption":"CELTTV"},"image":{"@id":"https:\/\/www.celttv.com.ar\/#\/schema\/logo\/image\/"}},{"@type":"Person","@id":"https:\/\/www.celttv.com.ar\/#\/schema\/person\/6d99c072dba59953809c81446e9d0ace","name":"ulises","image":{"@type":"ImageObject","inLanguage":"es","@id":"https:\/\/www.celttv.com.ar\/#\/schema\/person\/image\/","url":"https:\/\/secure.gravatar.com\/avatar\/7f2c48bdc33b30088f941fb6082e555f2874c98e20cb159d7b92b50eadfce793?s=96&d=mm&r=g","contentUrl":"https:\/\/secure.gravatar.com\/avatar\/7f2c48bdc33b30088f941fb6082e555f2874c98e20cb159d7b92b50eadfce793?s=96&d=mm&r=g","caption":"ulises"},"sameAs":["http:\/\/www.celttv.com.ar"]}]}},"_links":{"self":[{"href":"https:\/\/www.celttv.com.ar\/index.php\/wp-json\/wp\/v2\/posts\/22747","targetHints":{"allow":["GET"]}}],"collection":[{"href":"https:\/\/www.celttv.com.ar\/index.php\/wp-json\/wp\/v2\/posts"}],"about":[{"href":"https:\/\/www.celttv.com.ar\/index.php\/wp-json\/wp\/v2\/types\/post"}],"author":[{"embeddable":true,"href":"https:\/\/www.celttv.com.ar\/index.php\/wp-json\/wp\/v2\/users\/1"}],"replies":[{"embeddable":true,"href":"https:\/\/www.celttv.com.ar\/index.php\/wp-json\/wp\/v2\/comments?post=22747"}],"version-history":[{"count":0,"href":"https:\/\/www.celttv.com.ar\/index.php\/wp-json\/wp\/v2\/posts\/22747\/revisions"}],"wp:attachment":[{"href":"https:\/\/www.celttv.com.ar\/index.php\/wp-json\/wp\/v2\/media?parent=22747"}],"wp:term":[{"taxonomy":"category","embeddable":true,"href":"https:\/\/www.celttv.com.ar\/index.php\/wp-json\/wp\/v2\/categories?post=22747"},{"taxonomy":"post_tag","embeddable":true,"href":"https:\/\/www.celttv.com.ar\/index.php\/wp-json\/wp\/v2\/tags?post=22747"}],"curies":[{"name":"wp","href":"https:\/\/api.w.org\/{rel}","templated":true}]}}