{"id":22753,"date":"2014-08-20T23:46:22","date_gmt":"2014-08-20T23:46:22","guid":{"rendered":"http:\/\/www.tvcnoticias.com.ar\/?p=22753"},"modified":"2014-08-20T23:46:22","modified_gmt":"2014-08-20T23:46:22","slug":"estudiantes-o-se-corono-campeon-provincial-de-hockey-sub-16-notas-a-german-pattinari-y-leandro-marcolini","status":"publish","type":"post","link":"https:\/\/www.celttv.com.ar\/index.php\/2014\/08\/20\/estudiantes-o-se-corono-campeon-provincial-de-hockey-sub-16-notas-a-german-pattinari-y-leandro-marcolini\/","title":{"rendered":"ESTUDIANTES (O) SE CORON\u00d3 CAMPE\u00d3N PROVINCIAL DE HOCKEY SUB 16 (Notas a Germ\u00e1n Pettinari y Leandro Marcolini)."},"content":{"rendered":"<div><a href=\"https:\/\/www.youtube.com\/watch?v=0sF9tKPzh-M\">httpv:\/\/www.youtube.com\/watch?v=0sF9tKPzh-M<\/a><\/div>\n<div><a href=\"https:\/\/www.youtube.com\/watch?v=hCH9cqLlm7Q\">httpv:\/\/www.youtube.com\/watch?v=hCH9cqLlm7Q<\/a><\/div>\n<div><strong>MAGAZINE SPORT&#8212;-<\/strong> Tras cuatro d\u00edas intensos, el Torneo Provincial de Hockey Sub 16, llevado a cabo en la cancha de c\u00e9sped sint\u00e9tico del Club Uni\u00f3n, lleg\u00f3 a su fin.<\/div>\n<div>Estudiantes de Olavarr\u00eda venci\u00f3\u00a0en la final a Monte Hermoso Hockey y se coron\u00f3 campe\u00f3n del torneo, el cual fue disputado por 16 clubes, entre ellos, el Club Uni\u00f3n, quien obtuvo un meritorio 12\u00ba lugar.<\/div>\n<div><strong>MAGAZINE SPORT<\/strong>,\u00a0entrevist\u00f3 a\u00a0<strong>Germ\u00e1n Pettinari<\/strong> y\u00a0<strong>Leandro Marcolini<\/strong>, integrantes de la comisi\u00f3n directiva de la entidad anfitriona, donde se refirieron a la gran experiencia que le represent\u00f3 al Club Uni\u00f3n llevar adelante el torneo provincial de hockey.<\/div>\n","protected":false},"excerpt":{"rendered":"<p>httpv:\/\/www.youtube.com\/watch?v=0sF9tKPzh-M httpv:\/\/www.youtube.com\/watch?v=hCH9cqLlm7Q MAGAZINE SPORT&#8212;- Tras cuatro d\u00edas intensos, el Torneo Provincial de Hockey Sub 16, llevado a cabo en la cancha de c\u00e9sped sint\u00e9tico del Club Uni\u00f3n, lleg\u00f3 a su fin. Estudiantes de Olavarr\u00eda venci\u00f3\u00a0en la final a Monte Hermoso Hockey y se coron\u00f3 campe\u00f3n del torneo, el cual fue disputado por 16 clubes, entre [&hellip;]<\/p>\n","protected":false},"author":1,"featured_media":0,"comment_status":"closed","ping_status":"open","sticky":false,"template":"","format":"standard","meta":{"footnotes":""},"categories":[51,60,52,64],"tags":[],"class_list":["post-22753","post","type-post","status-publish","format-standard","hentry","category-comunidad","category-deporte","category-destacadas","category-videos-destacados"],"yoast_head":"<!-- This site is optimized with the Yoast SEO plugin v19.7.1 - https:\/\/yoast.com\/wordpress\/plugins\/seo\/ -->\n<title>ESTUDIANTES (O) SE CORON\u00d3 CAMPE\u00d3N PROVINCIAL DE HOCKEY SUB 16 (Notas a Germ\u00e1n Pettinari y Leandro Marcolini). - CELTTV<\/title>\n<meta name=\"description\" content=\"Sitio web de noticias de la localidad de Tornquist, provincia de Buenos Aires, Rep\u00fablica Argentina. Contenido propio originado por periodistas de CELTTV, el canal de TV local de la Cooperativa El\u00e9ctrica de Tornquist. Turismo, Pol\u00edtica, Sociedad, Deporte, Cultura y todo el contenido de inter\u00e9s general que la gente del pueblo y la regi\u00f3n debe conocer.\" \/>\n<meta name=\"robots\" content=\"index, follow, max-snippet:-1, max-image-preview:large, max-video-preview:-1\" \/>\n<link rel=\"canonical\" href=\"https:\/\/www.celttv.com.ar\/index.php\/2014\/08\/20\/estudiantes-o-se-corono-campeon-provincial-de-hockey-sub-16-notas-a-german-pattinari-y-leandro-marcolini\/\" \/>\n<meta property=\"og:locale\" content=\"es_ES\" \/>\n<meta property=\"og:type\" content=\"article\" \/>\n<meta property=\"og:title\" content=\"ESTUDIANTES (O) SE CORON\u00d3 CAMPE\u00d3N PROVINCIAL DE HOCKEY SUB 16 (Notas a Germ\u00e1n Pettinari y Leandro Marcolini). - CELTTV\" \/>\n<meta property=\"og:description\" content=\"Sitio web de noticias de la localidad de Tornquist, provincia de Buenos Aires, Rep\u00fablica Argentina. Contenido propio originado por periodistas de CELTTV, el canal de TV local de la Cooperativa El\u00e9ctrica de Tornquist. Turismo, Pol\u00edtica, Sociedad, Deporte, Cultura y todo el contenido de inter\u00e9s general que la gente del pueblo y la regi\u00f3n debe conocer.\" \/>\n<meta property=\"og:url\" content=\"https:\/\/www.celttv.com.ar\/index.php\/2014\/08\/20\/estudiantes-o-se-corono-campeon-provincial-de-hockey-sub-16-notas-a-german-pattinari-y-leandro-marcolini\/\" \/>\n<meta property=\"og:site_name\" content=\"CELTTV\" \/>\n<meta property=\"article:publisher\" content=\"https:\/\/www.facebook.com\/celtTV\/\" \/>\n<meta property=\"article:published_time\" content=\"2014-08-20T23:46:22+00:00\" \/>\n<meta name=\"author\" content=\"ulises\" \/>\n<meta name=\"twitter:card\" content=\"summary_large_image\" \/>\n<meta name=\"twitter:label1\" content=\"Escrito por\" \/>\n\t<meta name=\"twitter:data1\" content=\"ulises\" \/>\n\t<meta name=\"twitter:label2\" content=\"Tiempo de lectura\" \/>\n\t<meta name=\"twitter:data2\" content=\"1 minuto\" \/>\n<script type=\"application\/ld+json\" class=\"yoast-schema-graph\">{\"@context\":\"https:\/\/schema.org\",\"@graph\":[{\"@type\":\"NewsArticle\",\"@id\":\"https:\/\/www.celttv.com.ar\/index.php\/2014\/08\/20\/estudiantes-o-se-corono-campeon-provincial-de-hockey-sub-16-notas-a-german-pattinari-y-leandro-marcolini\/#article\",\"isPartOf\":{\"@id\":\"https:\/\/www.celttv.com.ar\/index.php\/2014\/08\/20\/estudiantes-o-se-corono-campeon-provincial-de-hockey-sub-16-notas-a-german-pattinari-y-leandro-marcolini\/\"},\"author\":{\"name\":\"ulises\",\"@id\":\"https:\/\/www.celttv.com.ar\/#\/schema\/person\/6d99c072dba59953809c81446e9d0ace\"},\"headline\":\"ESTUDIANTES (O) SE CORON\u00d3 CAMPE\u00d3N PROVINCIAL DE HOCKEY SUB 16 (Notas a Germ\u00e1n Pettinari y Leandro Marcolini).\",\"datePublished\":\"2014-08-20T23:46:22+00:00\",\"dateModified\":\"2014-08-20T23:46:22+00:00\",\"mainEntityOfPage\":{\"@id\":\"https:\/\/www.celttv.com.ar\/index.php\/2014\/08\/20\/estudiantes-o-se-corono-campeon-provincial-de-hockey-sub-16-notas-a-german-pattinari-y-leandro-marcolini\/\"},\"wordCount\":144,\"publisher\":{\"@id\":\"https:\/\/www.celttv.com.ar\/#organization\"},\"articleSection\":[\"Comunidad\",\"Deporte\",\"Destacadas\",\"Videos Destacados\"],\"inLanguage\":\"es\"},{\"@type\":\"WebPage\",\"@id\":\"https:\/\/www.celttv.com.ar\/index.php\/2014\/08\/20\/estudiantes-o-se-corono-campeon-provincial-de-hockey-sub-16-notas-a-german-pattinari-y-leandro-marcolini\/\",\"url\":\"https:\/\/www.celttv.com.ar\/index.php\/2014\/08\/20\/estudiantes-o-se-corono-campeon-provincial-de-hockey-sub-16-notas-a-german-pattinari-y-leandro-marcolini\/\",\"name\":\"ESTUDIANTES (O) SE CORON\u00d3 CAMPE\u00d3N PROVINCIAL DE HOCKEY SUB 16 (Notas a Germ\u00e1n Pettinari y Leandro Marcolini). - CELTTV\",\"isPartOf\":{\"@id\":\"https:\/\/www.celttv.com.ar\/#website\"},\"datePublished\":\"2014-08-20T23:46:22+00:00\",\"dateModified\":\"2014-08-20T23:46:22+00:00\",\"description\":\"Sitio web de noticias de la localidad de Tornquist, provincia de Buenos Aires, Rep\u00fablica Argentina. Contenido propio originado por periodistas de CELTTV, el canal de TV local de la Cooperativa El\u00e9ctrica de Tornquist. Turismo, Pol\u00edtica, Sociedad, Deporte, Cultura y todo el contenido de inter\u00e9s general que la gente del pueblo y la regi\u00f3n debe conocer.\",\"breadcrumb\":{\"@id\":\"https:\/\/www.celttv.com.ar\/index.php\/2014\/08\/20\/estudiantes-o-se-corono-campeon-provincial-de-hockey-sub-16-notas-a-german-pattinari-y-leandro-marcolini\/#breadcrumb\"},\"inLanguage\":\"es\",\"potentialAction\":[{\"@type\":\"ReadAction\",\"target\":[\"https:\/\/www.celttv.com.ar\/index.php\/2014\/08\/20\/estudiantes-o-se-corono-campeon-provincial-de-hockey-sub-16-notas-a-german-pattinari-y-leandro-marcolini\/\"]}]},{\"@type\":\"BreadcrumbList\",\"@id\":\"https:\/\/www.celttv.com.ar\/index.php\/2014\/08\/20\/estudiantes-o-se-corono-campeon-provincial-de-hockey-sub-16-notas-a-german-pattinari-y-leandro-marcolini\/#breadcrumb\",\"itemListElement\":[{\"@type\":\"ListItem\",\"position\":1,\"name\":\"Inicio\",\"item\":\"https:\/\/www.celttv.com.ar\/\"},{\"@type\":\"ListItem\",\"position\":2,\"name\":\"ESTUDIANTES (O) SE CORON\u00d3 CAMPE\u00d3N PROVINCIAL DE HOCKEY SUB 16 (Notas a Germ\u00e1n Pettinari y Leandro Marcolini).\"}]},{\"@type\":\"WebSite\",\"@id\":\"https:\/\/www.celttv.com.ar\/#website\",\"url\":\"https:\/\/www.celttv.com.ar\/\",\"name\":\"CELTTV\",\"description\":\"Cooperativa El\u00e9ctrica de Tornquist\",\"publisher\":{\"@id\":\"https:\/\/www.celttv.com.ar\/#organization\"},\"potentialAction\":[{\"@type\":\"SearchAction\",\"target\":{\"@type\":\"EntryPoint\",\"urlTemplate\":\"https:\/\/www.celttv.com.ar\/?s={search_term_string}\"},\"query-input\":\"required name=search_term_string\"}],\"inLanguage\":\"es\"},{\"@type\":\"Organization\",\"@id\":\"https:\/\/www.celttv.com.ar\/#organization\",\"name\":\"CELTTV\",\"url\":\"https:\/\/www.celttv.com.ar\/\",\"sameAs\":[\"https:\/\/www.youtube.com\/channel\/UCz_oIt8Hig64Ub-EmcNPIhg\",\"https:\/\/www.facebook.com\/celtTV\/\"],\"logo\":{\"@type\":\"ImageObject\",\"inLanguage\":\"es\",\"@id\":\"https:\/\/www.celttv.com.ar\/#\/schema\/logo\/image\/\",\"url\":\"http:\/\/www.celttv.com.ar\/wp-content\/uploads\/2022\/08\/logo-1.png\",\"contentUrl\":\"http:\/\/www.celttv.com.ar\/wp-content\/uploads\/2022\/08\/logo-1.png\",\"width\":461,\"height\":159,\"caption\":\"CELTTV\"},\"image\":{\"@id\":\"https:\/\/www.celttv.com.ar\/#\/schema\/logo\/image\/\"}},{\"@type\":\"Person\",\"@id\":\"https:\/\/www.celttv.com.ar\/#\/schema\/person\/6d99c072dba59953809c81446e9d0ace\",\"name\":\"ulises\",\"image\":{\"@type\":\"ImageObject\",\"inLanguage\":\"es\",\"@id\":\"https:\/\/www.celttv.com.ar\/#\/schema\/person\/image\/\",\"url\":\"https:\/\/secure.gravatar.com\/avatar\/7f2c48bdc33b30088f941fb6082e555f2874c98e20cb159d7b92b50eadfce793?s=96&d=mm&r=g\",\"contentUrl\":\"https:\/\/secure.gravatar.com\/avatar\/7f2c48bdc33b30088f941fb6082e555f2874c98e20cb159d7b92b50eadfce793?s=96&d=mm&r=g\",\"caption\":\"ulises\"},\"sameAs\":[\"http:\/\/www.celttv.com.ar\"]}]}<\/script>\n<!-- \/ Yoast SEO plugin. -->","yoast_head_json":{"title":"ESTUDIANTES (O) SE CORON\u00d3 CAMPE\u00d3N PROVINCIAL DE HOCKEY SUB 16 (Notas a Germ\u00e1n Pettinari y Leandro Marcolini). - CELTTV","description":"Sitio web de noticias de la localidad de Tornquist, provincia de Buenos Aires, Rep\u00fablica Argentina. Contenido propio originado por periodistas de CELTTV, el canal de TV local de la Cooperativa El\u00e9ctrica de Tornquist. Turismo, Pol\u00edtica, Sociedad, Deporte, Cultura y todo el contenido de inter\u00e9s general que la gente del pueblo y la regi\u00f3n debe conocer.","robots":{"index":"index","follow":"follow","max-snippet":"max-snippet:-1","max-image-preview":"max-image-preview:large","max-video-preview":"max-video-preview:-1"},"canonical":"https:\/\/www.celttv.com.ar\/index.php\/2014\/08\/20\/estudiantes-o-se-corono-campeon-provincial-de-hockey-sub-16-notas-a-german-pattinari-y-leandro-marcolini\/","og_locale":"es_ES","og_type":"article","og_title":"ESTUDIANTES (O) SE CORON\u00d3 CAMPE\u00d3N PROVINCIAL DE HOCKEY SUB 16 (Notas a Germ\u00e1n Pettinari y Leandro Marcolini). - CELTTV","og_description":"Sitio web de noticias de la localidad de Tornquist, provincia de Buenos Aires, Rep\u00fablica Argentina. Contenido propio originado por periodistas de CELTTV, el canal de TV local de la Cooperativa El\u00e9ctrica de Tornquist. Turismo, Pol\u00edtica, Sociedad, Deporte, Cultura y todo el contenido de inter\u00e9s general que la gente del pueblo y la regi\u00f3n debe conocer.","og_url":"https:\/\/www.celttv.com.ar\/index.php\/2014\/08\/20\/estudiantes-o-se-corono-campeon-provincial-de-hockey-sub-16-notas-a-german-pattinari-y-leandro-marcolini\/","og_site_name":"CELTTV","article_publisher":"https:\/\/www.facebook.com\/celtTV\/","article_published_time":"2014-08-20T23:46:22+00:00","author":"ulises","twitter_card":"summary_large_image","twitter_misc":{"Escrito por":"ulises","Tiempo de lectura":"1 minuto"},"schema":{"@context":"https:\/\/schema.org","@graph":[{"@type":"NewsArticle","@id":"https:\/\/www.celttv.com.ar\/index.php\/2014\/08\/20\/estudiantes-o-se-corono-campeon-provincial-de-hockey-sub-16-notas-a-german-pattinari-y-leandro-marcolini\/#article","isPartOf":{"@id":"https:\/\/www.celttv.com.ar\/index.php\/2014\/08\/20\/estudiantes-o-se-corono-campeon-provincial-de-hockey-sub-16-notas-a-german-pattinari-y-leandro-marcolini\/"},"author":{"name":"ulises","@id":"https:\/\/www.celttv.com.ar\/#\/schema\/person\/6d99c072dba59953809c81446e9d0ace"},"headline":"ESTUDIANTES (O) SE CORON\u00d3 CAMPE\u00d3N PROVINCIAL DE HOCKEY SUB 16 (Notas a Germ\u00e1n Pettinari y Leandro Marcolini).","datePublished":"2014-08-20T23:46:22+00:00","dateModified":"2014-08-20T23:46:22+00:00","mainEntityOfPage":{"@id":"https:\/\/www.celttv.com.ar\/index.php\/2014\/08\/20\/estudiantes-o-se-corono-campeon-provincial-de-hockey-sub-16-notas-a-german-pattinari-y-leandro-marcolini\/"},"wordCount":144,"publisher":{"@id":"https:\/\/www.celttv.com.ar\/#organization"},"articleSection":["Comunidad","Deporte","Destacadas","Videos Destacados"],"inLanguage":"es"},{"@type":"WebPage","@id":"https:\/\/www.celttv.com.ar\/index.php\/2014\/08\/20\/estudiantes-o-se-corono-campeon-provincial-de-hockey-sub-16-notas-a-german-pattinari-y-leandro-marcolini\/","url":"https:\/\/www.celttv.com.ar\/index.php\/2014\/08\/20\/estudiantes-o-se-corono-campeon-provincial-de-hockey-sub-16-notas-a-german-pattinari-y-leandro-marcolini\/","name":"ESTUDIANTES (O) SE CORON\u00d3 CAMPE\u00d3N PROVINCIAL DE HOCKEY SUB 16 (Notas a Germ\u00e1n Pettinari y Leandro Marcolini). - CELTTV","isPartOf":{"@id":"https:\/\/www.celttv.com.ar\/#website"},"datePublished":"2014-08-20T23:46:22+00:00","dateModified":"2014-08-20T23:46:22+00:00","description":"Sitio web de noticias de la localidad de Tornquist, provincia de Buenos Aires, Rep\u00fablica Argentina. Contenido propio originado por periodistas de CELTTV, el canal de TV local de la Cooperativa El\u00e9ctrica de Tornquist. Turismo, Pol\u00edtica, Sociedad, Deporte, Cultura y todo el contenido de inter\u00e9s general que la gente del pueblo y la regi\u00f3n debe conocer.","breadcrumb":{"@id":"https:\/\/www.celttv.com.ar\/index.php\/2014\/08\/20\/estudiantes-o-se-corono-campeon-provincial-de-hockey-sub-16-notas-a-german-pattinari-y-leandro-marcolini\/#breadcrumb"},"inLanguage":"es","potentialAction":[{"@type":"ReadAction","target":["https:\/\/www.celttv.com.ar\/index.php\/2014\/08\/20\/estudiantes-o-se-corono-campeon-provincial-de-hockey-sub-16-notas-a-german-pattinari-y-leandro-marcolini\/"]}]},{"@type":"BreadcrumbList","@id":"https:\/\/www.celttv.com.ar\/index.php\/2014\/08\/20\/estudiantes-o-se-corono-campeon-provincial-de-hockey-sub-16-notas-a-german-pattinari-y-leandro-marcolini\/#breadcrumb","itemListElement":[{"@type":"ListItem","position":1,"name":"Inicio","item":"https:\/\/www.celttv.com.ar\/"},{"@type":"ListItem","position":2,"name":"ESTUDIANTES (O) SE CORON\u00d3 CAMPE\u00d3N PROVINCIAL DE HOCKEY SUB 16 (Notas a Germ\u00e1n Pettinari y Leandro Marcolini)."}]},{"@type":"WebSite","@id":"https:\/\/www.celttv.com.ar\/#website","url":"https:\/\/www.celttv.com.ar\/","name":"CELTTV","description":"Cooperativa El\u00e9ctrica de Tornquist","publisher":{"@id":"https:\/\/www.celttv.com.ar\/#organization"},"potentialAction":[{"@type":"SearchAction","target":{"@type":"EntryPoint","urlTemplate":"https:\/\/www.celttv.com.ar\/?s={search_term_string}"},"query-input":"required name=search_term_string"}],"inLanguage":"es"},{"@type":"Organization","@id":"https:\/\/www.celttv.com.ar\/#organization","name":"CELTTV","url":"https:\/\/www.celttv.com.ar\/","sameAs":["https:\/\/www.youtube.com\/channel\/UCz_oIt8Hig64Ub-EmcNPIhg","https:\/\/www.facebook.com\/celtTV\/"],"logo":{"@type":"ImageObject","inLanguage":"es","@id":"https:\/\/www.celttv.com.ar\/#\/schema\/logo\/image\/","url":"http:\/\/www.celttv.com.ar\/wp-content\/uploads\/2022\/08\/logo-1.png","contentUrl":"http:\/\/www.celttv.com.ar\/wp-content\/uploads\/2022\/08\/logo-1.png","width":461,"height":159,"caption":"CELTTV"},"image":{"@id":"https:\/\/www.celttv.com.ar\/#\/schema\/logo\/image\/"}},{"@type":"Person","@id":"https:\/\/www.celttv.com.ar\/#\/schema\/person\/6d99c072dba59953809c81446e9d0ace","name":"ulises","image":{"@type":"ImageObject","inLanguage":"es","@id":"https:\/\/www.celttv.com.ar\/#\/schema\/person\/image\/","url":"https:\/\/secure.gravatar.com\/avatar\/7f2c48bdc33b30088f941fb6082e555f2874c98e20cb159d7b92b50eadfce793?s=96&d=mm&r=g","contentUrl":"https:\/\/secure.gravatar.com\/avatar\/7f2c48bdc33b30088f941fb6082e555f2874c98e20cb159d7b92b50eadfce793?s=96&d=mm&r=g","caption":"ulises"},"sameAs":["http:\/\/www.celttv.com.ar"]}]}},"_links":{"self":[{"href":"https:\/\/www.celttv.com.ar\/index.php\/wp-json\/wp\/v2\/posts\/22753","targetHints":{"allow":["GET"]}}],"collection":[{"href":"https:\/\/www.celttv.com.ar\/index.php\/wp-json\/wp\/v2\/posts"}],"about":[{"href":"https:\/\/www.celttv.com.ar\/index.php\/wp-json\/wp\/v2\/types\/post"}],"author":[{"embeddable":true,"href":"https:\/\/www.celttv.com.ar\/index.php\/wp-json\/wp\/v2\/users\/1"}],"replies":[{"embeddable":true,"href":"https:\/\/www.celttv.com.ar\/index.php\/wp-json\/wp\/v2\/comments?post=22753"}],"version-history":[{"count":0,"href":"https:\/\/www.celttv.com.ar\/index.php\/wp-json\/wp\/v2\/posts\/22753\/revisions"}],"wp:attachment":[{"href":"https:\/\/www.celttv.com.ar\/index.php\/wp-json\/wp\/v2\/media?parent=22753"}],"wp:term":[{"taxonomy":"category","embeddable":true,"href":"https:\/\/www.celttv.com.ar\/index.php\/wp-json\/wp\/v2\/categories?post=22753"},{"taxonomy":"post_tag","embeddable":true,"href":"https:\/\/www.celttv.com.ar\/index.php\/wp-json\/wp\/v2\/tags?post=22753"}],"curies":[{"name":"wp","href":"https:\/\/api.w.org\/{rel}","templated":true}]}}