{"id":22757,"date":"2014-08-21T13:50:31","date_gmt":"2014-08-21T13:50:31","guid":{"rendered":"http:\/\/www.tvcnoticias.com.ar\/?p=22757"},"modified":"2014-08-21T13:50:31","modified_gmt":"2014-08-21T13:50:31","slug":"presentacion-en-tornquist-del-programa-ypf-serviclub","status":"publish","type":"post","link":"https:\/\/www.celttv.com.ar\/index.php\/2014\/08\/21\/presentacion-en-tornquist-del-programa-ypf-serviclub\/","title":{"rendered":"PRESENTACION EN TORNQUIST DEL PROGRAMA YPF SERVICLUB"},"content":{"rendered":"<p><a rel=\"attachment wp-att-22758\" href=\"http:\/\/www.tvcnoticias.com.ar\/?attachment_id=22758\"><img loading=\"lazy\" decoding=\"async\" class=\"aligncenter size-medium wp-image-22758\" title=\"SERVI CLUB (Medium)\" src=\"http:\/\/www.tvcnoticias.com.ar\/wp-content\/uploads\/2014\/08\/SERVI-CLUB-Medium-450x225.jpg\" alt=\"\" width=\"450\" height=\"225\" \/><\/a>El jueves 28 de agosto se llevar\u00e1 a cabo<strong> <\/strong>la presentaci\u00f3n del\u00a0<strong>Programa YPF Serviclub<\/strong>.\u00a0La Secretar\u00eda de Turismo, Cultura y Deportes, a trav\u00e9s de la Direcci\u00f3n de Turismo, invita a los prestadores tur\u00edsticos del distrito a participar de la misma.<br \/>\nLa exposici\u00f3n se llevar\u00e1 a cabo en la Sala de Situaciones del palacio municipal\u00a0 a las 15 hs., y estar\u00e1 a cargo de Mar\u00eda Jos\u00e9 Alba, Coordinadora-Project Manager del Programa, miembro de la C\u00e1mara Argentina de Turismo.<br \/>\nPor razones organizativas se solicita confirmar asistencia a dttornquist@yahoo.com.ar hasta el martes 26 del corriente.<br \/>\nLa finalidad de la iniciativa es, adem\u00e1s de presentar el programa, responder las dudas de los asistentes en el momento y generar, en caso de que lo requieran, su adhesi\u00f3n al mismo.<br \/>\nLa propuesta surgi\u00f3 de una reuni\u00f3n mantenida con el Presidente del Comit\u00e9 Ejecutivo de la C\u00e1mara Argentina de Turismo (CAT), Oscar Ghezzi, de la que participaron los responsables del \u00e1rea de Turismo de los municipios de\u00a0\u00a0Adolfo Alsina, Puan, Guamin\u00ed, Tornquist y Villarino, el pasado mes de junio en\u00a0 la ciudad de Buenos Aires.<br \/>\nEl programa de beneficios YPF Serviclub es una oportunidad para generar mayor visibilidad de nuestro destino y del Corredor Tur\u00edstico &#8220;Sierras, Termas y Lagunas&#8221;, del cual formamos parte; adem\u00e1s constituye un nuevo canal de comercializaci\u00f3n que nos permitir\u00e1 llegar a todo el pa\u00eds a trav\u00e9s de las redes de estaciones de servicio y la web; adem\u00e1s de romper la estacionalidad de la demanda, generando un flujo permanente de turistas durante todo el a\u00f1o.<br \/>\nPara sumarse al Programa los prestadores deben completar un formulario sin costo alguno, y ofrecer un descuento a los socios de YPF Serviclub. Cabe destacar que por el s\u00f3lo hecho de adherirse, el establecimiento estar\u00e1 presente en todas las publicaciones que realice YPF Serviclub, tanto en las 1500 estaciones de servicio de todo el pa\u00eds, como \u00a0tambi\u00e9n en p\u00e1ginas de Internet, versi\u00f3n impresa y futuras aplicaciones.<br \/>\nLa participaci\u00f3n de los prestadores en el Programa YPF Serviclub generar\u00e1 tr\u00e1fico de potenciales clientes a los establecimientos de servicios tur\u00edsticos de todo el pa\u00eds, orientar\u00e1 la demanda hacia servicios m\u00e1s convenientes y suavizar\u00e1 el efecto estacional de los servicios con propuestas contra-temporada y segmentando geogr\u00e1ficamente las ofertas para direccionar el flujo de la demanda.<br \/>\nEl objetivo del programa que otorga beneficios y descuentos a viajeros que recorran Argentina, es potenciar el desarrollo del turismo interno con participaci\u00f3n federal, incorporando a los prestadores en el men\u00fa de beneficios con &#8220;productos y experiencias&#8221; en todos los destinos tur\u00edsticos del pa\u00eds.<br \/>\nYPF Serviclub que cuenta con 1.270.000 socios en toda Argentina, el 50% en Capital Federal y provincia de Buenos Aires, es el programa de fidelizaci\u00f3n de YPF que premia a sus socios con beneficios en turismo, como: alojamiento, gastronom\u00eda, entretenimiento, compras, servicios, sorteos y productos exclusivos en todo el pa\u00eds.<br \/>\nEl ambicioso programa federal de la YPF y LA CAT, contar\u00e1 con un sistema de comunicaci\u00f3n propio y segmentado para contactarse con sus socios v\u00eda Web, email, redes sociales o aplicaciones m\u00f3viles. A esto se suma: Alertas por SMS con beneficios destacados de la zona, un call center de consulta de los beneficios, un emailing por regiones, una aplicaci\u00f3n m\u00f3vil de consulta de beneficios con georeferenciaci\u00f3n para identificar cercan\u00eda y conveniencia de prestadores, y un website de consulta potenciado con todo el contenido de las gu\u00edas YPF para programar viajes y encontrar beneficios en cada corredor tur\u00edstico de Argentina.<br \/>\n&nbsp;<br \/>\n&nbsp;<\/p>\n","protected":false},"excerpt":{"rendered":"<p>El jueves 28 de agosto se llevar\u00e1 a cabo la presentaci\u00f3n del\u00a0Programa YPF Serviclub.\u00a0La Secretar\u00eda de Turismo, Cultura y Deportes, a trav\u00e9s de la Direcci\u00f3n de Turismo, invita a los prestadores tur\u00edsticos del distrito a participar de la misma. La exposici\u00f3n se llevar\u00e1 a cabo en la Sala de Situaciones del palacio municipal\u00a0 a las [&hellip;]<\/p>\n","protected":false},"author":1,"featured_media":0,"comment_status":"closed","ping_status":"open","sticky":false,"template":"","format":"standard","meta":{"footnotes":""},"categories":[52,53],"tags":[],"class_list":["post-22757","post","type-post","status-publish","format-standard","hentry","category-destacadas","category-politica"],"yoast_head":"<!-- This site is optimized with the Yoast SEO plugin v19.7.1 - https:\/\/yoast.com\/wordpress\/plugins\/seo\/ -->\n<title>PRESENTACION EN TORNQUIST DEL PROGRAMA YPF SERVICLUB - CELTTV<\/title>\n<meta name=\"description\" content=\"Sitio web de noticias de la localidad de Tornquist, provincia de Buenos Aires, Rep\u00fablica Argentina. Contenido propio originado por periodistas de CELTTV, el canal de TV local de la Cooperativa El\u00e9ctrica de Tornquist. Turismo, Pol\u00edtica, Sociedad, Deporte, Cultura y todo el contenido de inter\u00e9s general que la gente del pueblo y la regi\u00f3n debe conocer.\" \/>\n<meta name=\"robots\" content=\"index, follow, max-snippet:-1, max-image-preview:large, max-video-preview:-1\" \/>\n<link rel=\"canonical\" href=\"https:\/\/www.celttv.com.ar\/index.php\/2014\/08\/21\/presentacion-en-tornquist-del-programa-ypf-serviclub\/\" \/>\n<meta property=\"og:locale\" content=\"es_ES\" \/>\n<meta property=\"og:type\" content=\"article\" \/>\n<meta property=\"og:title\" content=\"PRESENTACION EN TORNQUIST DEL PROGRAMA YPF SERVICLUB - CELTTV\" \/>\n<meta property=\"og:description\" content=\"Sitio web de noticias de la localidad de Tornquist, provincia de Buenos Aires, Rep\u00fablica Argentina. Contenido propio originado por periodistas de CELTTV, el canal de TV local de la Cooperativa El\u00e9ctrica de Tornquist. Turismo, Pol\u00edtica, Sociedad, Deporte, Cultura y todo el contenido de inter\u00e9s general que la gente del pueblo y la regi\u00f3n debe conocer.\" \/>\n<meta property=\"og:url\" content=\"https:\/\/www.celttv.com.ar\/index.php\/2014\/08\/21\/presentacion-en-tornquist-del-programa-ypf-serviclub\/\" \/>\n<meta property=\"og:site_name\" content=\"CELTTV\" \/>\n<meta property=\"article:publisher\" content=\"https:\/\/www.facebook.com\/celtTV\/\" \/>\n<meta property=\"article:published_time\" content=\"2014-08-21T13:50:31+00:00\" \/>\n<meta property=\"og:image\" content=\"http:\/\/www.tvcnoticias.com.ar\/wp-content\/uploads\/2014\/08\/SERVI-CLUB-Medium-450x225.jpg\" \/>\n<meta name=\"author\" content=\"ulises\" \/>\n<meta name=\"twitter:card\" content=\"summary_large_image\" \/>\n<meta name=\"twitter:label1\" content=\"Escrito por\" \/>\n\t<meta name=\"twitter:data1\" content=\"ulises\" \/>\n\t<meta name=\"twitter:label2\" content=\"Tiempo de lectura\" \/>\n\t<meta name=\"twitter:data2\" content=\"3 minutos\" \/>\n<script type=\"application\/ld+json\" class=\"yoast-schema-graph\">{\"@context\":\"https:\/\/schema.org\",\"@graph\":[{\"@type\":\"NewsArticle\",\"@id\":\"https:\/\/www.celttv.com.ar\/index.php\/2014\/08\/21\/presentacion-en-tornquist-del-programa-ypf-serviclub\/#article\",\"isPartOf\":{\"@id\":\"https:\/\/www.celttv.com.ar\/index.php\/2014\/08\/21\/presentacion-en-tornquist-del-programa-ypf-serviclub\/\"},\"author\":{\"name\":\"ulises\",\"@id\":\"https:\/\/www.celttv.com.ar\/#\/schema\/person\/6d99c072dba59953809c81446e9d0ace\"},\"headline\":\"PRESENTACION EN TORNQUIST DEL PROGRAMA YPF SERVICLUB\",\"datePublished\":\"2014-08-21T13:50:31+00:00\",\"dateModified\":\"2014-08-21T13:50:31+00:00\",\"mainEntityOfPage\":{\"@id\":\"https:\/\/www.celttv.com.ar\/index.php\/2014\/08\/21\/presentacion-en-tornquist-del-programa-ypf-serviclub\/\"},\"wordCount\":617,\"publisher\":{\"@id\":\"https:\/\/www.celttv.com.ar\/#organization\"},\"articleSection\":[\"Destacadas\",\"Pol\u00edtica\"],\"inLanguage\":\"es\"},{\"@type\":\"WebPage\",\"@id\":\"https:\/\/www.celttv.com.ar\/index.php\/2014\/08\/21\/presentacion-en-tornquist-del-programa-ypf-serviclub\/\",\"url\":\"https:\/\/www.celttv.com.ar\/index.php\/2014\/08\/21\/presentacion-en-tornquist-del-programa-ypf-serviclub\/\",\"name\":\"PRESENTACION EN TORNQUIST DEL PROGRAMA YPF SERVICLUB - CELTTV\",\"isPartOf\":{\"@id\":\"https:\/\/www.celttv.com.ar\/#website\"},\"datePublished\":\"2014-08-21T13:50:31+00:00\",\"dateModified\":\"2014-08-21T13:50:31+00:00\",\"description\":\"Sitio web de noticias de la localidad de Tornquist, provincia de Buenos Aires, Rep\u00fablica Argentina. Contenido propio originado por periodistas de CELTTV, el canal de TV local de la Cooperativa El\u00e9ctrica de Tornquist. Turismo, Pol\u00edtica, Sociedad, Deporte, Cultura y todo el contenido de inter\u00e9s general que la gente del pueblo y la regi\u00f3n debe conocer.\",\"breadcrumb\":{\"@id\":\"https:\/\/www.celttv.com.ar\/index.php\/2014\/08\/21\/presentacion-en-tornquist-del-programa-ypf-serviclub\/#breadcrumb\"},\"inLanguage\":\"es\",\"potentialAction\":[{\"@type\":\"ReadAction\",\"target\":[\"https:\/\/www.celttv.com.ar\/index.php\/2014\/08\/21\/presentacion-en-tornquist-del-programa-ypf-serviclub\/\"]}]},{\"@type\":\"BreadcrumbList\",\"@id\":\"https:\/\/www.celttv.com.ar\/index.php\/2014\/08\/21\/presentacion-en-tornquist-del-programa-ypf-serviclub\/#breadcrumb\",\"itemListElement\":[{\"@type\":\"ListItem\",\"position\":1,\"name\":\"Inicio\",\"item\":\"https:\/\/www.celttv.com.ar\/\"},{\"@type\":\"ListItem\",\"position\":2,\"name\":\"PRESENTACION EN TORNQUIST DEL PROGRAMA YPF SERVICLUB\"}]},{\"@type\":\"WebSite\",\"@id\":\"https:\/\/www.celttv.com.ar\/#website\",\"url\":\"https:\/\/www.celttv.com.ar\/\",\"name\":\"CELTTV\",\"description\":\"Cooperativa El\u00e9ctrica de Tornquist\",\"publisher\":{\"@id\":\"https:\/\/www.celttv.com.ar\/#organization\"},\"potentialAction\":[{\"@type\":\"SearchAction\",\"target\":{\"@type\":\"EntryPoint\",\"urlTemplate\":\"https:\/\/www.celttv.com.ar\/?s={search_term_string}\"},\"query-input\":\"required name=search_term_string\"}],\"inLanguage\":\"es\"},{\"@type\":\"Organization\",\"@id\":\"https:\/\/www.celttv.com.ar\/#organization\",\"name\":\"CELTTV\",\"url\":\"https:\/\/www.celttv.com.ar\/\",\"sameAs\":[\"https:\/\/www.youtube.com\/channel\/UCz_oIt8Hig64Ub-EmcNPIhg\",\"https:\/\/www.facebook.com\/celtTV\/\"],\"logo\":{\"@type\":\"ImageObject\",\"inLanguage\":\"es\",\"@id\":\"https:\/\/www.celttv.com.ar\/#\/schema\/logo\/image\/\",\"url\":\"http:\/\/www.celttv.com.ar\/wp-content\/uploads\/2022\/08\/logo-1.png\",\"contentUrl\":\"http:\/\/www.celttv.com.ar\/wp-content\/uploads\/2022\/08\/logo-1.png\",\"width\":461,\"height\":159,\"caption\":\"CELTTV\"},\"image\":{\"@id\":\"https:\/\/www.celttv.com.ar\/#\/schema\/logo\/image\/\"}},{\"@type\":\"Person\",\"@id\":\"https:\/\/www.celttv.com.ar\/#\/schema\/person\/6d99c072dba59953809c81446e9d0ace\",\"name\":\"ulises\",\"image\":{\"@type\":\"ImageObject\",\"inLanguage\":\"es\",\"@id\":\"https:\/\/www.celttv.com.ar\/#\/schema\/person\/image\/\",\"url\":\"https:\/\/secure.gravatar.com\/avatar\/7f2c48bdc33b30088f941fb6082e555f2874c98e20cb159d7b92b50eadfce793?s=96&d=mm&r=g\",\"contentUrl\":\"https:\/\/secure.gravatar.com\/avatar\/7f2c48bdc33b30088f941fb6082e555f2874c98e20cb159d7b92b50eadfce793?s=96&d=mm&r=g\",\"caption\":\"ulises\"},\"sameAs\":[\"http:\/\/www.celttv.com.ar\"]}]}<\/script>\n<!-- \/ Yoast SEO plugin. -->","yoast_head_json":{"title":"PRESENTACION EN TORNQUIST DEL PROGRAMA YPF SERVICLUB - CELTTV","description":"Sitio web de noticias de la localidad de Tornquist, provincia de Buenos Aires, Rep\u00fablica Argentina. Contenido propio originado por periodistas de CELTTV, el canal de TV local de la Cooperativa El\u00e9ctrica de Tornquist. Turismo, Pol\u00edtica, Sociedad, Deporte, Cultura y todo el contenido de inter\u00e9s general que la gente del pueblo y la regi\u00f3n debe conocer.","robots":{"index":"index","follow":"follow","max-snippet":"max-snippet:-1","max-image-preview":"max-image-preview:large","max-video-preview":"max-video-preview:-1"},"canonical":"https:\/\/www.celttv.com.ar\/index.php\/2014\/08\/21\/presentacion-en-tornquist-del-programa-ypf-serviclub\/","og_locale":"es_ES","og_type":"article","og_title":"PRESENTACION EN TORNQUIST DEL PROGRAMA YPF SERVICLUB - CELTTV","og_description":"Sitio web de noticias de la localidad de Tornquist, provincia de Buenos Aires, Rep\u00fablica Argentina. Contenido propio originado por periodistas de CELTTV, el canal de TV local de la Cooperativa El\u00e9ctrica de Tornquist. Turismo, Pol\u00edtica, Sociedad, Deporte, Cultura y todo el contenido de inter\u00e9s general que la gente del pueblo y la regi\u00f3n debe conocer.","og_url":"https:\/\/www.celttv.com.ar\/index.php\/2014\/08\/21\/presentacion-en-tornquist-del-programa-ypf-serviclub\/","og_site_name":"CELTTV","article_publisher":"https:\/\/www.facebook.com\/celtTV\/","article_published_time":"2014-08-21T13:50:31+00:00","og_image":[{"url":"http:\/\/www.tvcnoticias.com.ar\/wp-content\/uploads\/2014\/08\/SERVI-CLUB-Medium-450x225.jpg"}],"author":"ulises","twitter_card":"summary_large_image","twitter_misc":{"Escrito por":"ulises","Tiempo de lectura":"3 minutos"},"schema":{"@context":"https:\/\/schema.org","@graph":[{"@type":"NewsArticle","@id":"https:\/\/www.celttv.com.ar\/index.php\/2014\/08\/21\/presentacion-en-tornquist-del-programa-ypf-serviclub\/#article","isPartOf":{"@id":"https:\/\/www.celttv.com.ar\/index.php\/2014\/08\/21\/presentacion-en-tornquist-del-programa-ypf-serviclub\/"},"author":{"name":"ulises","@id":"https:\/\/www.celttv.com.ar\/#\/schema\/person\/6d99c072dba59953809c81446e9d0ace"},"headline":"PRESENTACION EN TORNQUIST DEL PROGRAMA YPF SERVICLUB","datePublished":"2014-08-21T13:50:31+00:00","dateModified":"2014-08-21T13:50:31+00:00","mainEntityOfPage":{"@id":"https:\/\/www.celttv.com.ar\/index.php\/2014\/08\/21\/presentacion-en-tornquist-del-programa-ypf-serviclub\/"},"wordCount":617,"publisher":{"@id":"https:\/\/www.celttv.com.ar\/#organization"},"articleSection":["Destacadas","Pol\u00edtica"],"inLanguage":"es"},{"@type":"WebPage","@id":"https:\/\/www.celttv.com.ar\/index.php\/2014\/08\/21\/presentacion-en-tornquist-del-programa-ypf-serviclub\/","url":"https:\/\/www.celttv.com.ar\/index.php\/2014\/08\/21\/presentacion-en-tornquist-del-programa-ypf-serviclub\/","name":"PRESENTACION EN TORNQUIST DEL PROGRAMA YPF SERVICLUB - CELTTV","isPartOf":{"@id":"https:\/\/www.celttv.com.ar\/#website"},"datePublished":"2014-08-21T13:50:31+00:00","dateModified":"2014-08-21T13:50:31+00:00","description":"Sitio web de noticias de la localidad de Tornquist, provincia de Buenos Aires, Rep\u00fablica Argentina. Contenido propio originado por periodistas de CELTTV, el canal de TV local de la Cooperativa El\u00e9ctrica de Tornquist. Turismo, Pol\u00edtica, Sociedad, Deporte, Cultura y todo el contenido de inter\u00e9s general que la gente del pueblo y la regi\u00f3n debe conocer.","breadcrumb":{"@id":"https:\/\/www.celttv.com.ar\/index.php\/2014\/08\/21\/presentacion-en-tornquist-del-programa-ypf-serviclub\/#breadcrumb"},"inLanguage":"es","potentialAction":[{"@type":"ReadAction","target":["https:\/\/www.celttv.com.ar\/index.php\/2014\/08\/21\/presentacion-en-tornquist-del-programa-ypf-serviclub\/"]}]},{"@type":"BreadcrumbList","@id":"https:\/\/www.celttv.com.ar\/index.php\/2014\/08\/21\/presentacion-en-tornquist-del-programa-ypf-serviclub\/#breadcrumb","itemListElement":[{"@type":"ListItem","position":1,"name":"Inicio","item":"https:\/\/www.celttv.com.ar\/"},{"@type":"ListItem","position":2,"name":"PRESENTACION EN TORNQUIST DEL PROGRAMA YPF SERVICLUB"}]},{"@type":"WebSite","@id":"https:\/\/www.celttv.com.ar\/#website","url":"https:\/\/www.celttv.com.ar\/","name":"CELTTV","description":"Cooperativa El\u00e9ctrica de Tornquist","publisher":{"@id":"https:\/\/www.celttv.com.ar\/#organization"},"potentialAction":[{"@type":"SearchAction","target":{"@type":"EntryPoint","urlTemplate":"https:\/\/www.celttv.com.ar\/?s={search_term_string}"},"query-input":"required name=search_term_string"}],"inLanguage":"es"},{"@type":"Organization","@id":"https:\/\/www.celttv.com.ar\/#organization","name":"CELTTV","url":"https:\/\/www.celttv.com.ar\/","sameAs":["https:\/\/www.youtube.com\/channel\/UCz_oIt8Hig64Ub-EmcNPIhg","https:\/\/www.facebook.com\/celtTV\/"],"logo":{"@type":"ImageObject","inLanguage":"es","@id":"https:\/\/www.celttv.com.ar\/#\/schema\/logo\/image\/","url":"http:\/\/www.celttv.com.ar\/wp-content\/uploads\/2022\/08\/logo-1.png","contentUrl":"http:\/\/www.celttv.com.ar\/wp-content\/uploads\/2022\/08\/logo-1.png","width":461,"height":159,"caption":"CELTTV"},"image":{"@id":"https:\/\/www.celttv.com.ar\/#\/schema\/logo\/image\/"}},{"@type":"Person","@id":"https:\/\/www.celttv.com.ar\/#\/schema\/person\/6d99c072dba59953809c81446e9d0ace","name":"ulises","image":{"@type":"ImageObject","inLanguage":"es","@id":"https:\/\/www.celttv.com.ar\/#\/schema\/person\/image\/","url":"https:\/\/secure.gravatar.com\/avatar\/7f2c48bdc33b30088f941fb6082e555f2874c98e20cb159d7b92b50eadfce793?s=96&d=mm&r=g","contentUrl":"https:\/\/secure.gravatar.com\/avatar\/7f2c48bdc33b30088f941fb6082e555f2874c98e20cb159d7b92b50eadfce793?s=96&d=mm&r=g","caption":"ulises"},"sameAs":["http:\/\/www.celttv.com.ar"]}]}},"_links":{"self":[{"href":"https:\/\/www.celttv.com.ar\/index.php\/wp-json\/wp\/v2\/posts\/22757","targetHints":{"allow":["GET"]}}],"collection":[{"href":"https:\/\/www.celttv.com.ar\/index.php\/wp-json\/wp\/v2\/posts"}],"about":[{"href":"https:\/\/www.celttv.com.ar\/index.php\/wp-json\/wp\/v2\/types\/post"}],"author":[{"embeddable":true,"href":"https:\/\/www.celttv.com.ar\/index.php\/wp-json\/wp\/v2\/users\/1"}],"replies":[{"embeddable":true,"href":"https:\/\/www.celttv.com.ar\/index.php\/wp-json\/wp\/v2\/comments?post=22757"}],"version-history":[{"count":0,"href":"https:\/\/www.celttv.com.ar\/index.php\/wp-json\/wp\/v2\/posts\/22757\/revisions"}],"wp:attachment":[{"href":"https:\/\/www.celttv.com.ar\/index.php\/wp-json\/wp\/v2\/media?parent=22757"}],"wp:term":[{"taxonomy":"category","embeddable":true,"href":"https:\/\/www.celttv.com.ar\/index.php\/wp-json\/wp\/v2\/categories?post=22757"},{"taxonomy":"post_tag","embeddable":true,"href":"https:\/\/www.celttv.com.ar\/index.php\/wp-json\/wp\/v2\/tags?post=22757"}],"curies":[{"name":"wp","href":"https:\/\/api.w.org\/{rel}","templated":true}]}}