{"id":22767,"date":"2014-08-21T18:27:16","date_gmt":"2014-08-21T18:27:16","guid":{"rendered":"http:\/\/www.tvcnoticias.com.ar\/?p=22767"},"modified":"2014-08-21T18:27:16","modified_gmt":"2014-08-21T18:27:16","slug":"ingreso-furtivo-a-la-zona-del-parque-provincial-ernesto-tornquist","status":"publish","type":"post","link":"https:\/\/www.celttv.com.ar\/index.php\/2014\/08\/21\/ingreso-furtivo-a-la-zona-del-parque-provincial-ernesto-tornquist\/","title":{"rendered":"INGRESO FURTIVO A LA ZONA DEL PARQUE PROVINCIAL &#8220;ERNESTO TORNQUIST&#8221;"},"content":{"rendered":"<p><a rel=\"attachment wp-att-22768\" href=\"http:\/\/www.tvcnoticias.com.ar\/?attachment_id=22768\"><img loading=\"lazy\" decoding=\"async\" class=\"aligncenter size-full wp-image-22768\" title=\"PARQUE PROVINCIAL FURTIVISMO\" src=\"http:\/\/www.tvcnoticias.com.ar\/wp-content\/uploads\/2014\/08\/PARQUE-PROVINCIAL-FURTIVISMO.jpg\" alt=\"\" width=\"244\" height=\"190\" \/><\/a> El pasado lunes 18 de agosto se labraron actas de infracci\u00f3n a 2 j\u00f3venes oriundo \u00a0de Buenos Aires que habian ingresado sin autorizaci\u00f3n a la zona de Garganta del Diablo, Area Intangible de la Reserva Natural.<br \/>\nEl servicio de Guardaparques los encontr\u00f3 en recorrida de patrullaje, mientras alistaban su equipamiento para la escalada. Los j\u00f3venes, argentinos de 25 a\u00f1os de edad, habian ingresado al sector desde villa Serrana La gruta, y para ello traspasaron al menos 2 alambrados en pie, propiedad del campo lindero y del Parque Provincial. El procedimiento incluy\u00f3 el secuestro de sus equipos de ecalada y camping.<br \/>\nDebe recordaarse que el tr\u00e1nsito por zonas no autorizadas es una de las formas de dispersi\u00f3n de invasiones biol\u00f3gicas, las cuales constituyen la m\u00e1xima amenaza a la naturaleza dentro del Parque Provincial.<br \/>\nPor otro lado, los casos de ingresos furtivos han sabido derivar en extravios de detecci\u00f3n tard\u00eda y accidentes agravados por la inaccesibilidad.\u00a0 \u00a0Asesoremos adecuadamenteo a nuestros visitantes; las caminatas deben partir de centros tur\u00edsticos autorizados y la actividad de escalada se debe practicar en sectores equipados y autorizados.<br \/>\nEl comportamiento dentro de las \u00e1reas naturales protegidas debe garantizar la conservaci\u00f3n del \u00e1rea y nuestra seguridad.<\/p>\n","protected":false},"excerpt":{"rendered":"<p>El pasado lunes 18 de agosto se labraron actas de infracci\u00f3n a 2 j\u00f3venes oriundo \u00a0de Buenos Aires que habian ingresado sin autorizaci\u00f3n a la zona de Garganta del Diablo, Area Intangible de la Reserva Natural. El servicio de Guardaparques los encontr\u00f3 en recorrida de patrullaje, mientras alistaban su equipamiento para la escalada. Los j\u00f3venes, [&hellip;]<\/p>\n","protected":false},"author":1,"featured_media":0,"comment_status":"closed","ping_status":"open","sticky":false,"template":"","format":"standard","meta":{"footnotes":""},"categories":[51,52],"tags":[],"class_list":["post-22767","post","type-post","status-publish","format-standard","hentry","category-comunidad","category-destacadas"],"yoast_head":"<!-- This site is optimized with the Yoast SEO plugin v19.7.1 - https:\/\/yoast.com\/wordpress\/plugins\/seo\/ -->\n<title>INGRESO FURTIVO A LA ZONA DEL PARQUE PROVINCIAL &quot;ERNESTO TORNQUIST&quot; - CELTTV<\/title>\n<meta name=\"description\" content=\"Sitio web de noticias de la localidad de Tornquist, provincia de Buenos Aires, Rep\u00fablica Argentina. Contenido propio originado por periodistas de CELTTV, el canal de TV local de la Cooperativa El\u00e9ctrica de Tornquist. Turismo, Pol\u00edtica, Sociedad, Deporte, Cultura y todo el contenido de inter\u00e9s general que la gente del pueblo y la regi\u00f3n debe conocer.\" \/>\n<meta name=\"robots\" content=\"index, follow, max-snippet:-1, max-image-preview:large, max-video-preview:-1\" \/>\n<link rel=\"canonical\" href=\"https:\/\/www.celttv.com.ar\/index.php\/2014\/08\/21\/ingreso-furtivo-a-la-zona-del-parque-provincial-ernesto-tornquist\/\" \/>\n<meta property=\"og:locale\" content=\"es_ES\" \/>\n<meta property=\"og:type\" content=\"article\" \/>\n<meta property=\"og:title\" content=\"INGRESO FURTIVO A LA ZONA DEL PARQUE PROVINCIAL &quot;ERNESTO TORNQUIST&quot; - CELTTV\" \/>\n<meta property=\"og:description\" content=\"Sitio web de noticias de la localidad de Tornquist, provincia de Buenos Aires, Rep\u00fablica Argentina. Contenido propio originado por periodistas de CELTTV, el canal de TV local de la Cooperativa El\u00e9ctrica de Tornquist. Turismo, Pol\u00edtica, Sociedad, Deporte, Cultura y todo el contenido de inter\u00e9s general que la gente del pueblo y la regi\u00f3n debe conocer.\" \/>\n<meta property=\"og:url\" content=\"https:\/\/www.celttv.com.ar\/index.php\/2014\/08\/21\/ingreso-furtivo-a-la-zona-del-parque-provincial-ernesto-tornquist\/\" \/>\n<meta property=\"og:site_name\" content=\"CELTTV\" \/>\n<meta property=\"article:publisher\" content=\"https:\/\/www.facebook.com\/celtTV\/\" \/>\n<meta property=\"article:published_time\" content=\"2014-08-21T18:27:16+00:00\" \/>\n<meta property=\"og:image\" content=\"http:\/\/www.tvcnoticias.com.ar\/wp-content\/uploads\/2014\/08\/PARQUE-PROVINCIAL-FURTIVISMO.jpg\" \/>\n<meta name=\"author\" content=\"ulises\" \/>\n<meta name=\"twitter:card\" content=\"summary_large_image\" \/>\n<meta name=\"twitter:label1\" content=\"Escrito por\" \/>\n\t<meta name=\"twitter:data1\" content=\"ulises\" \/>\n\t<meta name=\"twitter:label2\" content=\"Tiempo de lectura\" \/>\n\t<meta name=\"twitter:data2\" content=\"1 minuto\" \/>\n<script type=\"application\/ld+json\" class=\"yoast-schema-graph\">{\"@context\":\"https:\/\/schema.org\",\"@graph\":[{\"@type\":\"NewsArticle\",\"@id\":\"https:\/\/www.celttv.com.ar\/index.php\/2014\/08\/21\/ingreso-furtivo-a-la-zona-del-parque-provincial-ernesto-tornquist\/#article\",\"isPartOf\":{\"@id\":\"https:\/\/www.celttv.com.ar\/index.php\/2014\/08\/21\/ingreso-furtivo-a-la-zona-del-parque-provincial-ernesto-tornquist\/\"},\"author\":{\"name\":\"ulises\",\"@id\":\"https:\/\/www.celttv.com.ar\/#\/schema\/person\/6d99c072dba59953809c81446e9d0ace\"},\"headline\":\"INGRESO FURTIVO A LA ZONA DEL PARQUE PROVINCIAL &#8220;ERNESTO TORNQUIST&#8221;\",\"datePublished\":\"2014-08-21T18:27:16+00:00\",\"dateModified\":\"2014-08-21T18:27:16+00:00\",\"mainEntityOfPage\":{\"@id\":\"https:\/\/www.celttv.com.ar\/index.php\/2014\/08\/21\/ingreso-furtivo-a-la-zona-del-parque-provincial-ernesto-tornquist\/\"},\"wordCount\":216,\"publisher\":{\"@id\":\"https:\/\/www.celttv.com.ar\/#organization\"},\"articleSection\":[\"Comunidad\",\"Destacadas\"],\"inLanguage\":\"es\"},{\"@type\":\"WebPage\",\"@id\":\"https:\/\/www.celttv.com.ar\/index.php\/2014\/08\/21\/ingreso-furtivo-a-la-zona-del-parque-provincial-ernesto-tornquist\/\",\"url\":\"https:\/\/www.celttv.com.ar\/index.php\/2014\/08\/21\/ingreso-furtivo-a-la-zona-del-parque-provincial-ernesto-tornquist\/\",\"name\":\"INGRESO FURTIVO A LA ZONA DEL PARQUE PROVINCIAL \\\"ERNESTO TORNQUIST\\\" - CELTTV\",\"isPartOf\":{\"@id\":\"https:\/\/www.celttv.com.ar\/#website\"},\"datePublished\":\"2014-08-21T18:27:16+00:00\",\"dateModified\":\"2014-08-21T18:27:16+00:00\",\"description\":\"Sitio web de noticias de la localidad de Tornquist, provincia de Buenos Aires, Rep\u00fablica Argentina. Contenido propio originado por periodistas de CELTTV, el canal de TV local de la Cooperativa El\u00e9ctrica de Tornquist. Turismo, Pol\u00edtica, Sociedad, Deporte, Cultura y todo el contenido de inter\u00e9s general que la gente del pueblo y la regi\u00f3n debe conocer.\",\"breadcrumb\":{\"@id\":\"https:\/\/www.celttv.com.ar\/index.php\/2014\/08\/21\/ingreso-furtivo-a-la-zona-del-parque-provincial-ernesto-tornquist\/#breadcrumb\"},\"inLanguage\":\"es\",\"potentialAction\":[{\"@type\":\"ReadAction\",\"target\":[\"https:\/\/www.celttv.com.ar\/index.php\/2014\/08\/21\/ingreso-furtivo-a-la-zona-del-parque-provincial-ernesto-tornquist\/\"]}]},{\"@type\":\"BreadcrumbList\",\"@id\":\"https:\/\/www.celttv.com.ar\/index.php\/2014\/08\/21\/ingreso-furtivo-a-la-zona-del-parque-provincial-ernesto-tornquist\/#breadcrumb\",\"itemListElement\":[{\"@type\":\"ListItem\",\"position\":1,\"name\":\"Inicio\",\"item\":\"https:\/\/www.celttv.com.ar\/\"},{\"@type\":\"ListItem\",\"position\":2,\"name\":\"INGRESO FURTIVO A LA ZONA DEL PARQUE PROVINCIAL &#8220;ERNESTO TORNQUIST&#8221;\"}]},{\"@type\":\"WebSite\",\"@id\":\"https:\/\/www.celttv.com.ar\/#website\",\"url\":\"https:\/\/www.celttv.com.ar\/\",\"name\":\"CELTTV\",\"description\":\"Cooperativa El\u00e9ctrica de Tornquist\",\"publisher\":{\"@id\":\"https:\/\/www.celttv.com.ar\/#organization\"},\"potentialAction\":[{\"@type\":\"SearchAction\",\"target\":{\"@type\":\"EntryPoint\",\"urlTemplate\":\"https:\/\/www.celttv.com.ar\/?s={search_term_string}\"},\"query-input\":\"required name=search_term_string\"}],\"inLanguage\":\"es\"},{\"@type\":\"Organization\",\"@id\":\"https:\/\/www.celttv.com.ar\/#organization\",\"name\":\"CELTTV\",\"url\":\"https:\/\/www.celttv.com.ar\/\",\"sameAs\":[\"https:\/\/www.youtube.com\/channel\/UCz_oIt8Hig64Ub-EmcNPIhg\",\"https:\/\/www.facebook.com\/celtTV\/\"],\"logo\":{\"@type\":\"ImageObject\",\"inLanguage\":\"es\",\"@id\":\"https:\/\/www.celttv.com.ar\/#\/schema\/logo\/image\/\",\"url\":\"http:\/\/www.celttv.com.ar\/wp-content\/uploads\/2022\/08\/logo-1.png\",\"contentUrl\":\"http:\/\/www.celttv.com.ar\/wp-content\/uploads\/2022\/08\/logo-1.png\",\"width\":461,\"height\":159,\"caption\":\"CELTTV\"},\"image\":{\"@id\":\"https:\/\/www.celttv.com.ar\/#\/schema\/logo\/image\/\"}},{\"@type\":\"Person\",\"@id\":\"https:\/\/www.celttv.com.ar\/#\/schema\/person\/6d99c072dba59953809c81446e9d0ace\",\"name\":\"ulises\",\"image\":{\"@type\":\"ImageObject\",\"inLanguage\":\"es\",\"@id\":\"https:\/\/www.celttv.com.ar\/#\/schema\/person\/image\/\",\"url\":\"https:\/\/secure.gravatar.com\/avatar\/7f2c48bdc33b30088f941fb6082e555f2874c98e20cb159d7b92b50eadfce793?s=96&d=mm&r=g\",\"contentUrl\":\"https:\/\/secure.gravatar.com\/avatar\/7f2c48bdc33b30088f941fb6082e555f2874c98e20cb159d7b92b50eadfce793?s=96&d=mm&r=g\",\"caption\":\"ulises\"},\"sameAs\":[\"http:\/\/www.celttv.com.ar\"]}]}<\/script>\n<!-- \/ Yoast SEO plugin. -->","yoast_head_json":{"title":"INGRESO FURTIVO A LA ZONA DEL PARQUE PROVINCIAL \"ERNESTO TORNQUIST\" - CELTTV","description":"Sitio web de noticias de la localidad de Tornquist, provincia de Buenos Aires, Rep\u00fablica Argentina. Contenido propio originado por periodistas de CELTTV, el canal de TV local de la Cooperativa El\u00e9ctrica de Tornquist. Turismo, Pol\u00edtica, Sociedad, Deporte, Cultura y todo el contenido de inter\u00e9s general que la gente del pueblo y la regi\u00f3n debe conocer.","robots":{"index":"index","follow":"follow","max-snippet":"max-snippet:-1","max-image-preview":"max-image-preview:large","max-video-preview":"max-video-preview:-1"},"canonical":"https:\/\/www.celttv.com.ar\/index.php\/2014\/08\/21\/ingreso-furtivo-a-la-zona-del-parque-provincial-ernesto-tornquist\/","og_locale":"es_ES","og_type":"article","og_title":"INGRESO FURTIVO A LA ZONA DEL PARQUE PROVINCIAL \"ERNESTO TORNQUIST\" - CELTTV","og_description":"Sitio web de noticias de la localidad de Tornquist, provincia de Buenos Aires, Rep\u00fablica Argentina. Contenido propio originado por periodistas de CELTTV, el canal de TV local de la Cooperativa El\u00e9ctrica de Tornquist. Turismo, Pol\u00edtica, Sociedad, Deporte, Cultura y todo el contenido de inter\u00e9s general que la gente del pueblo y la regi\u00f3n debe conocer.","og_url":"https:\/\/www.celttv.com.ar\/index.php\/2014\/08\/21\/ingreso-furtivo-a-la-zona-del-parque-provincial-ernesto-tornquist\/","og_site_name":"CELTTV","article_publisher":"https:\/\/www.facebook.com\/celtTV\/","article_published_time":"2014-08-21T18:27:16+00:00","og_image":[{"url":"http:\/\/www.tvcnoticias.com.ar\/wp-content\/uploads\/2014\/08\/PARQUE-PROVINCIAL-FURTIVISMO.jpg"}],"author":"ulises","twitter_card":"summary_large_image","twitter_misc":{"Escrito por":"ulises","Tiempo de lectura":"1 minuto"},"schema":{"@context":"https:\/\/schema.org","@graph":[{"@type":"NewsArticle","@id":"https:\/\/www.celttv.com.ar\/index.php\/2014\/08\/21\/ingreso-furtivo-a-la-zona-del-parque-provincial-ernesto-tornquist\/#article","isPartOf":{"@id":"https:\/\/www.celttv.com.ar\/index.php\/2014\/08\/21\/ingreso-furtivo-a-la-zona-del-parque-provincial-ernesto-tornquist\/"},"author":{"name":"ulises","@id":"https:\/\/www.celttv.com.ar\/#\/schema\/person\/6d99c072dba59953809c81446e9d0ace"},"headline":"INGRESO FURTIVO A LA ZONA DEL PARQUE PROVINCIAL &#8220;ERNESTO TORNQUIST&#8221;","datePublished":"2014-08-21T18:27:16+00:00","dateModified":"2014-08-21T18:27:16+00:00","mainEntityOfPage":{"@id":"https:\/\/www.celttv.com.ar\/index.php\/2014\/08\/21\/ingreso-furtivo-a-la-zona-del-parque-provincial-ernesto-tornquist\/"},"wordCount":216,"publisher":{"@id":"https:\/\/www.celttv.com.ar\/#organization"},"articleSection":["Comunidad","Destacadas"],"inLanguage":"es"},{"@type":"WebPage","@id":"https:\/\/www.celttv.com.ar\/index.php\/2014\/08\/21\/ingreso-furtivo-a-la-zona-del-parque-provincial-ernesto-tornquist\/","url":"https:\/\/www.celttv.com.ar\/index.php\/2014\/08\/21\/ingreso-furtivo-a-la-zona-del-parque-provincial-ernesto-tornquist\/","name":"INGRESO FURTIVO A LA ZONA DEL PARQUE PROVINCIAL \"ERNESTO TORNQUIST\" - CELTTV","isPartOf":{"@id":"https:\/\/www.celttv.com.ar\/#website"},"datePublished":"2014-08-21T18:27:16+00:00","dateModified":"2014-08-21T18:27:16+00:00","description":"Sitio web de noticias de la localidad de Tornquist, provincia de Buenos Aires, Rep\u00fablica Argentina. Contenido propio originado por periodistas de CELTTV, el canal de TV local de la Cooperativa El\u00e9ctrica de Tornquist. Turismo, Pol\u00edtica, Sociedad, Deporte, Cultura y todo el contenido de inter\u00e9s general que la gente del pueblo y la regi\u00f3n debe conocer.","breadcrumb":{"@id":"https:\/\/www.celttv.com.ar\/index.php\/2014\/08\/21\/ingreso-furtivo-a-la-zona-del-parque-provincial-ernesto-tornquist\/#breadcrumb"},"inLanguage":"es","potentialAction":[{"@type":"ReadAction","target":["https:\/\/www.celttv.com.ar\/index.php\/2014\/08\/21\/ingreso-furtivo-a-la-zona-del-parque-provincial-ernesto-tornquist\/"]}]},{"@type":"BreadcrumbList","@id":"https:\/\/www.celttv.com.ar\/index.php\/2014\/08\/21\/ingreso-furtivo-a-la-zona-del-parque-provincial-ernesto-tornquist\/#breadcrumb","itemListElement":[{"@type":"ListItem","position":1,"name":"Inicio","item":"https:\/\/www.celttv.com.ar\/"},{"@type":"ListItem","position":2,"name":"INGRESO FURTIVO A LA ZONA DEL PARQUE PROVINCIAL &#8220;ERNESTO TORNQUIST&#8221;"}]},{"@type":"WebSite","@id":"https:\/\/www.celttv.com.ar\/#website","url":"https:\/\/www.celttv.com.ar\/","name":"CELTTV","description":"Cooperativa El\u00e9ctrica de Tornquist","publisher":{"@id":"https:\/\/www.celttv.com.ar\/#organization"},"potentialAction":[{"@type":"SearchAction","target":{"@type":"EntryPoint","urlTemplate":"https:\/\/www.celttv.com.ar\/?s={search_term_string}"},"query-input":"required name=search_term_string"}],"inLanguage":"es"},{"@type":"Organization","@id":"https:\/\/www.celttv.com.ar\/#organization","name":"CELTTV","url":"https:\/\/www.celttv.com.ar\/","sameAs":["https:\/\/www.youtube.com\/channel\/UCz_oIt8Hig64Ub-EmcNPIhg","https:\/\/www.facebook.com\/celtTV\/"],"logo":{"@type":"ImageObject","inLanguage":"es","@id":"https:\/\/www.celttv.com.ar\/#\/schema\/logo\/image\/","url":"http:\/\/www.celttv.com.ar\/wp-content\/uploads\/2022\/08\/logo-1.png","contentUrl":"http:\/\/www.celttv.com.ar\/wp-content\/uploads\/2022\/08\/logo-1.png","width":461,"height":159,"caption":"CELTTV"},"image":{"@id":"https:\/\/www.celttv.com.ar\/#\/schema\/logo\/image\/"}},{"@type":"Person","@id":"https:\/\/www.celttv.com.ar\/#\/schema\/person\/6d99c072dba59953809c81446e9d0ace","name":"ulises","image":{"@type":"ImageObject","inLanguage":"es","@id":"https:\/\/www.celttv.com.ar\/#\/schema\/person\/image\/","url":"https:\/\/secure.gravatar.com\/avatar\/7f2c48bdc33b30088f941fb6082e555f2874c98e20cb159d7b92b50eadfce793?s=96&d=mm&r=g","contentUrl":"https:\/\/secure.gravatar.com\/avatar\/7f2c48bdc33b30088f941fb6082e555f2874c98e20cb159d7b92b50eadfce793?s=96&d=mm&r=g","caption":"ulises"},"sameAs":["http:\/\/www.celttv.com.ar"]}]}},"_links":{"self":[{"href":"https:\/\/www.celttv.com.ar\/index.php\/wp-json\/wp\/v2\/posts\/22767","targetHints":{"allow":["GET"]}}],"collection":[{"href":"https:\/\/www.celttv.com.ar\/index.php\/wp-json\/wp\/v2\/posts"}],"about":[{"href":"https:\/\/www.celttv.com.ar\/index.php\/wp-json\/wp\/v2\/types\/post"}],"author":[{"embeddable":true,"href":"https:\/\/www.celttv.com.ar\/index.php\/wp-json\/wp\/v2\/users\/1"}],"replies":[{"embeddable":true,"href":"https:\/\/www.celttv.com.ar\/index.php\/wp-json\/wp\/v2\/comments?post=22767"}],"version-history":[{"count":0,"href":"https:\/\/www.celttv.com.ar\/index.php\/wp-json\/wp\/v2\/posts\/22767\/revisions"}],"wp:attachment":[{"href":"https:\/\/www.celttv.com.ar\/index.php\/wp-json\/wp\/v2\/media?parent=22767"}],"wp:term":[{"taxonomy":"category","embeddable":true,"href":"https:\/\/www.celttv.com.ar\/index.php\/wp-json\/wp\/v2\/categories?post=22767"},{"taxonomy":"post_tag","embeddable":true,"href":"https:\/\/www.celttv.com.ar\/index.php\/wp-json\/wp\/v2\/tags?post=22767"}],"curies":[{"name":"wp","href":"https:\/\/api.w.org\/{rel}","templated":true}]}}