{"id":22798,"date":"2014-08-22T13:55:25","date_gmt":"2014-08-22T13:55:25","guid":{"rendered":"http:\/\/www.tvcnoticias.com.ar\/?p=22798"},"modified":"2014-08-22T13:55:25","modified_gmt":"2014-08-22T13:55:25","slug":"fondo-educativo-el-pj-no-comparte-el-contenido-descalificador-de-la-juventud-radical","status":"publish","type":"post","link":"https:\/\/www.celttv.com.ar\/index.php\/2014\/08\/22\/fondo-educativo-el-pj-no-comparte-el-contenido-descalificador-de-la-juventud-radical\/","title":{"rendered":"FONDO EDUCATIVO: &#8220;EL PJ. NO COMPARTE EL CONTENIDO DESCALIFICADOR DE LA JUVENTUD RADICAL"},"content":{"rendered":"<p>El Partido Justicialista no comparte absolutamente en nada el contenido descalificador que uso la Juventud Radical al realizar una nota referida al fondo educativo (dicho correctamente \u201cFONDO PARA LA EDUCACI\u00d3N, LA TECNOLOG\u00cdA Y LA CULTURA\u201d)<br \/>\nComo partido formador de muchos dirigentes j\u00f3venes,tratamos de inculcar\u00a0 que dentro del respeto y la tolerancia se puede llevar a cabo cualquier discusi\u00f3n sana y constructiva.<br \/>\nNo entendemos que j\u00f3venes que reci\u00e9n se lanzan al ruedo pol\u00edtico, lo hagan desde el agravio y la intolerancia.<br \/>\nNo es el lugar desde donde sus referentes deben ense\u00f1arles a caminar pol\u00edticamente.<br \/>\nEs reconfortante y alentador ver como los j\u00f3venes se han sumado a distintas fuerzas pol\u00edticas. Esto es un buen augurio para las generaciones venideras y nos da aliento a los que ya tenemos cierta edad porque vemos en estos chicos a nuestros futuros dirigentes.<br \/>\nPero si una fracci\u00f3n de estos j\u00f3venes, que debutan pol\u00edticamente, toman la senda del agravio y la intolerancia\u2026 Se\u00f1ores&#8230; est\u00e1n cometiendo los mismos errores que nos llevaron a varios a\u00f1os de autoritarismo.\u00a0 \u00a0 \u00a0 \u00a0 \u00a0 \u00a0 \u00a0 \u00a0 \u00a0 \u00a0 \u00a0 Ustedes quieren eso???<br \/>\nNo es nuestra intenci\u00f3n evitar el discenso o la discusi\u00f3n pol\u00edtica, de hecho vemos y entendemos esto como un buen ejercicio democr\u00e1tico.<br \/>\nEl manifestarse a favor o en contra de cualquier tema, ya sea el que nos trae hoy a colaci\u00f3n \u00f3 cualquier otro, es a todas luces lo que cualquier pol\u00edtico que se precie de tal debe hacer.<br \/>\nPero SI estamos en contra de los argumentos descalificativos usados en la nota de la Juventud Radical, como obsecuencia, desvalorizar y destruir los Consejos escolares, educaci\u00f3n bastardeada, etc. etc.<br \/>\nHacen referencia a que el Intendente hace mal uso de dicho fondo&#8230;, no sabemos a qu\u00e9 se refieren.<br \/>\nDejan escapar un supuesto manejo de campa\u00f1a. Siendo que hasta ahora solo los referentes de su frente se han auto proclamado p\u00fablicamente como candidatos.<br \/>\nNosotros (el P.J) tenemos en Gustavo Trankels a un Intendente que solo cumple con la ley, atendiendo con el mencionado Fondo a cada uno de los establecimientos educativos e instituciones.<br \/>\nMientras la ley indique (y los invitamos a leer dicha ley) los pasos a seguir, y el Intendente se encuadre dentro de dicha ley, (como lo viene haciendo), no vemos porque tanto enojo.<br \/>\nCreemos entender que no les gustan las formas. Bueno, hagan lo democr\u00e1ticamente correcto, den batalla en los estamentos que correspondan.<br \/>\nEso es lo que se hace en democracia.\u00a0 \u00a0 \u00a0 \u00a0 \u00a0 \u00a0 \u00a0 \u00a0 \u00a0 \u00a0 \u00a0 \u00a0 \u00a0 \u00a0 \u00a0 \u00a0 \u00a0 \u00a0.<br \/>\nPor lo visto algunos entendemos el\u00a0 cabal sentido de ese estado, otros todav\u00eda no terminaron de entenderlo.<br \/>\nEl Partido Justicialista hace votos por todos aquellos chicos que de una u otra manera que militan en pol\u00edtica, defiendan sus ideales, levanten sus banderas partidarias, respeten las instituciones.<br \/>\nPero por sobre todas las cosas que lo hagan con alegr\u00eda, fe y esperanza.<br \/>\nDesde ya muchas gracias.<\/p>\n","protected":false},"excerpt":{"rendered":"<p>El Partido Justicialista no comparte absolutamente en nada el contenido descalificador que uso la Juventud Radical al realizar una nota referida al fondo educativo (dicho correctamente \u201cFONDO PARA LA EDUCACI\u00d3N, LA TECNOLOG\u00cdA Y LA CULTURA\u201d) Como partido formador de muchos dirigentes j\u00f3venes,tratamos de inculcar\u00a0 que dentro del respeto y la tolerancia se puede llevar a [&hellip;]<\/p>\n","protected":false},"author":1,"featured_media":0,"comment_status":"closed","ping_status":"open","sticky":false,"template":"","format":"standard","meta":{"footnotes":""},"categories":[51,52,53],"tags":[],"class_list":["post-22798","post","type-post","status-publish","format-standard","hentry","category-comunidad","category-destacadas","category-politica"],"yoast_head":"<!-- This site is optimized with the Yoast SEO plugin v19.7.1 - https:\/\/yoast.com\/wordpress\/plugins\/seo\/ -->\n<title>FONDO EDUCATIVO: &quot;EL PJ. NO COMPARTE EL CONTENIDO DESCALIFICADOR DE LA JUVENTUD RADICAL - CELTTV<\/title>\n<meta name=\"description\" content=\"Sitio web de noticias de la localidad de Tornquist, provincia de Buenos Aires, Rep\u00fablica Argentina. Contenido propio originado por periodistas de CELTTV, el canal de TV local de la Cooperativa El\u00e9ctrica de Tornquist. Turismo, Pol\u00edtica, Sociedad, Deporte, Cultura y todo el contenido de inter\u00e9s general que la gente del pueblo y la regi\u00f3n debe conocer.\" \/>\n<meta name=\"robots\" content=\"index, follow, max-snippet:-1, max-image-preview:large, max-video-preview:-1\" \/>\n<link rel=\"canonical\" href=\"https:\/\/www.celttv.com.ar\/index.php\/2014\/08\/22\/fondo-educativo-el-pj-no-comparte-el-contenido-descalificador-de-la-juventud-radical\/\" \/>\n<meta property=\"og:locale\" content=\"es_ES\" \/>\n<meta property=\"og:type\" content=\"article\" \/>\n<meta property=\"og:title\" content=\"FONDO EDUCATIVO: &quot;EL PJ. NO COMPARTE EL CONTENIDO DESCALIFICADOR DE LA JUVENTUD RADICAL - CELTTV\" \/>\n<meta property=\"og:description\" content=\"Sitio web de noticias de la localidad de Tornquist, provincia de Buenos Aires, Rep\u00fablica Argentina. Contenido propio originado por periodistas de CELTTV, el canal de TV local de la Cooperativa El\u00e9ctrica de Tornquist. Turismo, Pol\u00edtica, Sociedad, Deporte, Cultura y todo el contenido de inter\u00e9s general que la gente del pueblo y la regi\u00f3n debe conocer.\" \/>\n<meta property=\"og:url\" content=\"https:\/\/www.celttv.com.ar\/index.php\/2014\/08\/22\/fondo-educativo-el-pj-no-comparte-el-contenido-descalificador-de-la-juventud-radical\/\" \/>\n<meta property=\"og:site_name\" content=\"CELTTV\" \/>\n<meta property=\"article:publisher\" content=\"https:\/\/www.facebook.com\/celtTV\/\" \/>\n<meta property=\"article:published_time\" content=\"2014-08-22T13:55:25+00:00\" \/>\n<meta name=\"author\" content=\"ulises\" \/>\n<meta name=\"twitter:card\" content=\"summary_large_image\" \/>\n<meta name=\"twitter:label1\" content=\"Escrito por\" \/>\n\t<meta name=\"twitter:data1\" content=\"ulises\" \/>\n\t<meta name=\"twitter:label2\" content=\"Tiempo de lectura\" \/>\n\t<meta name=\"twitter:data2\" content=\"2 minutos\" \/>\n<script type=\"application\/ld+json\" class=\"yoast-schema-graph\">{\"@context\":\"https:\/\/schema.org\",\"@graph\":[{\"@type\":\"NewsArticle\",\"@id\":\"https:\/\/www.celttv.com.ar\/index.php\/2014\/08\/22\/fondo-educativo-el-pj-no-comparte-el-contenido-descalificador-de-la-juventud-radical\/#article\",\"isPartOf\":{\"@id\":\"https:\/\/www.celttv.com.ar\/index.php\/2014\/08\/22\/fondo-educativo-el-pj-no-comparte-el-contenido-descalificador-de-la-juventud-radical\/\"},\"author\":{\"name\":\"ulises\",\"@id\":\"https:\/\/www.celttv.com.ar\/#\/schema\/person\/6d99c072dba59953809c81446e9d0ace\"},\"headline\":\"FONDO EDUCATIVO: &#8220;EL PJ. NO COMPARTE EL CONTENIDO DESCALIFICADOR DE LA JUVENTUD RADICAL\",\"datePublished\":\"2014-08-22T13:55:25+00:00\",\"dateModified\":\"2014-08-22T13:55:25+00:00\",\"mainEntityOfPage\":{\"@id\":\"https:\/\/www.celttv.com.ar\/index.php\/2014\/08\/22\/fondo-educativo-el-pj-no-comparte-el-contenido-descalificador-de-la-juventud-radical\/\"},\"wordCount\":501,\"publisher\":{\"@id\":\"https:\/\/www.celttv.com.ar\/#organization\"},\"articleSection\":[\"Comunidad\",\"Destacadas\",\"Pol\u00edtica\"],\"inLanguage\":\"es\"},{\"@type\":\"WebPage\",\"@id\":\"https:\/\/www.celttv.com.ar\/index.php\/2014\/08\/22\/fondo-educativo-el-pj-no-comparte-el-contenido-descalificador-de-la-juventud-radical\/\",\"url\":\"https:\/\/www.celttv.com.ar\/index.php\/2014\/08\/22\/fondo-educativo-el-pj-no-comparte-el-contenido-descalificador-de-la-juventud-radical\/\",\"name\":\"FONDO EDUCATIVO: \\\"EL PJ. NO COMPARTE EL CONTENIDO DESCALIFICADOR DE LA JUVENTUD RADICAL - CELTTV\",\"isPartOf\":{\"@id\":\"https:\/\/www.celttv.com.ar\/#website\"},\"datePublished\":\"2014-08-22T13:55:25+00:00\",\"dateModified\":\"2014-08-22T13:55:25+00:00\",\"description\":\"Sitio web de noticias de la localidad de Tornquist, provincia de Buenos Aires, Rep\u00fablica Argentina. Contenido propio originado por periodistas de CELTTV, el canal de TV local de la Cooperativa El\u00e9ctrica de Tornquist. Turismo, Pol\u00edtica, Sociedad, Deporte, Cultura y todo el contenido de inter\u00e9s general que la gente del pueblo y la regi\u00f3n debe conocer.\",\"breadcrumb\":{\"@id\":\"https:\/\/www.celttv.com.ar\/index.php\/2014\/08\/22\/fondo-educativo-el-pj-no-comparte-el-contenido-descalificador-de-la-juventud-radical\/#breadcrumb\"},\"inLanguage\":\"es\",\"potentialAction\":[{\"@type\":\"ReadAction\",\"target\":[\"https:\/\/www.celttv.com.ar\/index.php\/2014\/08\/22\/fondo-educativo-el-pj-no-comparte-el-contenido-descalificador-de-la-juventud-radical\/\"]}]},{\"@type\":\"BreadcrumbList\",\"@id\":\"https:\/\/www.celttv.com.ar\/index.php\/2014\/08\/22\/fondo-educativo-el-pj-no-comparte-el-contenido-descalificador-de-la-juventud-radical\/#breadcrumb\",\"itemListElement\":[{\"@type\":\"ListItem\",\"position\":1,\"name\":\"Inicio\",\"item\":\"https:\/\/www.celttv.com.ar\/\"},{\"@type\":\"ListItem\",\"position\":2,\"name\":\"FONDO EDUCATIVO: &#8220;EL PJ. NO COMPARTE EL CONTENIDO DESCALIFICADOR DE LA JUVENTUD RADICAL\"}]},{\"@type\":\"WebSite\",\"@id\":\"https:\/\/www.celttv.com.ar\/#website\",\"url\":\"https:\/\/www.celttv.com.ar\/\",\"name\":\"CELTTV\",\"description\":\"Cooperativa El\u00e9ctrica de Tornquist\",\"publisher\":{\"@id\":\"https:\/\/www.celttv.com.ar\/#organization\"},\"potentialAction\":[{\"@type\":\"SearchAction\",\"target\":{\"@type\":\"EntryPoint\",\"urlTemplate\":\"https:\/\/www.celttv.com.ar\/?s={search_term_string}\"},\"query-input\":\"required name=search_term_string\"}],\"inLanguage\":\"es\"},{\"@type\":\"Organization\",\"@id\":\"https:\/\/www.celttv.com.ar\/#organization\",\"name\":\"CELTTV\",\"url\":\"https:\/\/www.celttv.com.ar\/\",\"sameAs\":[\"https:\/\/www.youtube.com\/channel\/UCz_oIt8Hig64Ub-EmcNPIhg\",\"https:\/\/www.facebook.com\/celtTV\/\"],\"logo\":{\"@type\":\"ImageObject\",\"inLanguage\":\"es\",\"@id\":\"https:\/\/www.celttv.com.ar\/#\/schema\/logo\/image\/\",\"url\":\"http:\/\/www.celttv.com.ar\/wp-content\/uploads\/2022\/08\/logo-1.png\",\"contentUrl\":\"http:\/\/www.celttv.com.ar\/wp-content\/uploads\/2022\/08\/logo-1.png\",\"width\":461,\"height\":159,\"caption\":\"CELTTV\"},\"image\":{\"@id\":\"https:\/\/www.celttv.com.ar\/#\/schema\/logo\/image\/\"}},{\"@type\":\"Person\",\"@id\":\"https:\/\/www.celttv.com.ar\/#\/schema\/person\/6d99c072dba59953809c81446e9d0ace\",\"name\":\"ulises\",\"image\":{\"@type\":\"ImageObject\",\"inLanguage\":\"es\",\"@id\":\"https:\/\/www.celttv.com.ar\/#\/schema\/person\/image\/\",\"url\":\"https:\/\/secure.gravatar.com\/avatar\/7f2c48bdc33b30088f941fb6082e555f2874c98e20cb159d7b92b50eadfce793?s=96&d=mm&r=g\",\"contentUrl\":\"https:\/\/secure.gravatar.com\/avatar\/7f2c48bdc33b30088f941fb6082e555f2874c98e20cb159d7b92b50eadfce793?s=96&d=mm&r=g\",\"caption\":\"ulises\"},\"sameAs\":[\"http:\/\/www.celttv.com.ar\"]}]}<\/script>\n<!-- \/ Yoast SEO plugin. -->","yoast_head_json":{"title":"FONDO EDUCATIVO: \"EL PJ. NO COMPARTE EL CONTENIDO DESCALIFICADOR DE LA JUVENTUD RADICAL - CELTTV","description":"Sitio web de noticias de la localidad de Tornquist, provincia de Buenos Aires, Rep\u00fablica Argentina. Contenido propio originado por periodistas de CELTTV, el canal de TV local de la Cooperativa El\u00e9ctrica de Tornquist. Turismo, Pol\u00edtica, Sociedad, Deporte, Cultura y todo el contenido de inter\u00e9s general que la gente del pueblo y la regi\u00f3n debe conocer.","robots":{"index":"index","follow":"follow","max-snippet":"max-snippet:-1","max-image-preview":"max-image-preview:large","max-video-preview":"max-video-preview:-1"},"canonical":"https:\/\/www.celttv.com.ar\/index.php\/2014\/08\/22\/fondo-educativo-el-pj-no-comparte-el-contenido-descalificador-de-la-juventud-radical\/","og_locale":"es_ES","og_type":"article","og_title":"FONDO EDUCATIVO: \"EL PJ. NO COMPARTE EL CONTENIDO DESCALIFICADOR DE LA JUVENTUD RADICAL - CELTTV","og_description":"Sitio web de noticias de la localidad de Tornquist, provincia de Buenos Aires, Rep\u00fablica Argentina. Contenido propio originado por periodistas de CELTTV, el canal de TV local de la Cooperativa El\u00e9ctrica de Tornquist. Turismo, Pol\u00edtica, Sociedad, Deporte, Cultura y todo el contenido de inter\u00e9s general que la gente del pueblo y la regi\u00f3n debe conocer.","og_url":"https:\/\/www.celttv.com.ar\/index.php\/2014\/08\/22\/fondo-educativo-el-pj-no-comparte-el-contenido-descalificador-de-la-juventud-radical\/","og_site_name":"CELTTV","article_publisher":"https:\/\/www.facebook.com\/celtTV\/","article_published_time":"2014-08-22T13:55:25+00:00","author":"ulises","twitter_card":"summary_large_image","twitter_misc":{"Escrito por":"ulises","Tiempo de lectura":"2 minutos"},"schema":{"@context":"https:\/\/schema.org","@graph":[{"@type":"NewsArticle","@id":"https:\/\/www.celttv.com.ar\/index.php\/2014\/08\/22\/fondo-educativo-el-pj-no-comparte-el-contenido-descalificador-de-la-juventud-radical\/#article","isPartOf":{"@id":"https:\/\/www.celttv.com.ar\/index.php\/2014\/08\/22\/fondo-educativo-el-pj-no-comparte-el-contenido-descalificador-de-la-juventud-radical\/"},"author":{"name":"ulises","@id":"https:\/\/www.celttv.com.ar\/#\/schema\/person\/6d99c072dba59953809c81446e9d0ace"},"headline":"FONDO EDUCATIVO: &#8220;EL PJ. NO COMPARTE EL CONTENIDO DESCALIFICADOR DE LA JUVENTUD RADICAL","datePublished":"2014-08-22T13:55:25+00:00","dateModified":"2014-08-22T13:55:25+00:00","mainEntityOfPage":{"@id":"https:\/\/www.celttv.com.ar\/index.php\/2014\/08\/22\/fondo-educativo-el-pj-no-comparte-el-contenido-descalificador-de-la-juventud-radical\/"},"wordCount":501,"publisher":{"@id":"https:\/\/www.celttv.com.ar\/#organization"},"articleSection":["Comunidad","Destacadas","Pol\u00edtica"],"inLanguage":"es"},{"@type":"WebPage","@id":"https:\/\/www.celttv.com.ar\/index.php\/2014\/08\/22\/fondo-educativo-el-pj-no-comparte-el-contenido-descalificador-de-la-juventud-radical\/","url":"https:\/\/www.celttv.com.ar\/index.php\/2014\/08\/22\/fondo-educativo-el-pj-no-comparte-el-contenido-descalificador-de-la-juventud-radical\/","name":"FONDO EDUCATIVO: \"EL PJ. NO COMPARTE EL CONTENIDO DESCALIFICADOR DE LA JUVENTUD RADICAL - CELTTV","isPartOf":{"@id":"https:\/\/www.celttv.com.ar\/#website"},"datePublished":"2014-08-22T13:55:25+00:00","dateModified":"2014-08-22T13:55:25+00:00","description":"Sitio web de noticias de la localidad de Tornquist, provincia de Buenos Aires, Rep\u00fablica Argentina. Contenido propio originado por periodistas de CELTTV, el canal de TV local de la Cooperativa El\u00e9ctrica de Tornquist. Turismo, Pol\u00edtica, Sociedad, Deporte, Cultura y todo el contenido de inter\u00e9s general que la gente del pueblo y la regi\u00f3n debe conocer.","breadcrumb":{"@id":"https:\/\/www.celttv.com.ar\/index.php\/2014\/08\/22\/fondo-educativo-el-pj-no-comparte-el-contenido-descalificador-de-la-juventud-radical\/#breadcrumb"},"inLanguage":"es","potentialAction":[{"@type":"ReadAction","target":["https:\/\/www.celttv.com.ar\/index.php\/2014\/08\/22\/fondo-educativo-el-pj-no-comparte-el-contenido-descalificador-de-la-juventud-radical\/"]}]},{"@type":"BreadcrumbList","@id":"https:\/\/www.celttv.com.ar\/index.php\/2014\/08\/22\/fondo-educativo-el-pj-no-comparte-el-contenido-descalificador-de-la-juventud-radical\/#breadcrumb","itemListElement":[{"@type":"ListItem","position":1,"name":"Inicio","item":"https:\/\/www.celttv.com.ar\/"},{"@type":"ListItem","position":2,"name":"FONDO EDUCATIVO: &#8220;EL PJ. NO COMPARTE EL CONTENIDO DESCALIFICADOR DE LA JUVENTUD RADICAL"}]},{"@type":"WebSite","@id":"https:\/\/www.celttv.com.ar\/#website","url":"https:\/\/www.celttv.com.ar\/","name":"CELTTV","description":"Cooperativa El\u00e9ctrica de Tornquist","publisher":{"@id":"https:\/\/www.celttv.com.ar\/#organization"},"potentialAction":[{"@type":"SearchAction","target":{"@type":"EntryPoint","urlTemplate":"https:\/\/www.celttv.com.ar\/?s={search_term_string}"},"query-input":"required name=search_term_string"}],"inLanguage":"es"},{"@type":"Organization","@id":"https:\/\/www.celttv.com.ar\/#organization","name":"CELTTV","url":"https:\/\/www.celttv.com.ar\/","sameAs":["https:\/\/www.youtube.com\/channel\/UCz_oIt8Hig64Ub-EmcNPIhg","https:\/\/www.facebook.com\/celtTV\/"],"logo":{"@type":"ImageObject","inLanguage":"es","@id":"https:\/\/www.celttv.com.ar\/#\/schema\/logo\/image\/","url":"http:\/\/www.celttv.com.ar\/wp-content\/uploads\/2022\/08\/logo-1.png","contentUrl":"http:\/\/www.celttv.com.ar\/wp-content\/uploads\/2022\/08\/logo-1.png","width":461,"height":159,"caption":"CELTTV"},"image":{"@id":"https:\/\/www.celttv.com.ar\/#\/schema\/logo\/image\/"}},{"@type":"Person","@id":"https:\/\/www.celttv.com.ar\/#\/schema\/person\/6d99c072dba59953809c81446e9d0ace","name":"ulises","image":{"@type":"ImageObject","inLanguage":"es","@id":"https:\/\/www.celttv.com.ar\/#\/schema\/person\/image\/","url":"https:\/\/secure.gravatar.com\/avatar\/7f2c48bdc33b30088f941fb6082e555f2874c98e20cb159d7b92b50eadfce793?s=96&d=mm&r=g","contentUrl":"https:\/\/secure.gravatar.com\/avatar\/7f2c48bdc33b30088f941fb6082e555f2874c98e20cb159d7b92b50eadfce793?s=96&d=mm&r=g","caption":"ulises"},"sameAs":["http:\/\/www.celttv.com.ar"]}]}},"_links":{"self":[{"href":"https:\/\/www.celttv.com.ar\/index.php\/wp-json\/wp\/v2\/posts\/22798","targetHints":{"allow":["GET"]}}],"collection":[{"href":"https:\/\/www.celttv.com.ar\/index.php\/wp-json\/wp\/v2\/posts"}],"about":[{"href":"https:\/\/www.celttv.com.ar\/index.php\/wp-json\/wp\/v2\/types\/post"}],"author":[{"embeddable":true,"href":"https:\/\/www.celttv.com.ar\/index.php\/wp-json\/wp\/v2\/users\/1"}],"replies":[{"embeddable":true,"href":"https:\/\/www.celttv.com.ar\/index.php\/wp-json\/wp\/v2\/comments?post=22798"}],"version-history":[{"count":0,"href":"https:\/\/www.celttv.com.ar\/index.php\/wp-json\/wp\/v2\/posts\/22798\/revisions"}],"wp:attachment":[{"href":"https:\/\/www.celttv.com.ar\/index.php\/wp-json\/wp\/v2\/media?parent=22798"}],"wp:term":[{"taxonomy":"category","embeddable":true,"href":"https:\/\/www.celttv.com.ar\/index.php\/wp-json\/wp\/v2\/categories?post=22798"},{"taxonomy":"post_tag","embeddable":true,"href":"https:\/\/www.celttv.com.ar\/index.php\/wp-json\/wp\/v2\/tags?post=22798"}],"curies":[{"name":"wp","href":"https:\/\/api.w.org\/{rel}","templated":true}]}}