{"id":22801,"date":"2014-08-22T14:59:02","date_gmt":"2014-08-22T14:59:02","guid":{"rendered":"http:\/\/www.tvcnoticias.com.ar\/?p=22801"},"modified":"2014-08-22T14:59:02","modified_gmt":"2014-08-22T14:59:02","slug":"seguridad-rural-operativos-desarrollados-en-el-ambito-de-la-jurisdiccion","status":"publish","type":"post","link":"https:\/\/www.celttv.com.ar\/index.php\/2014\/08\/22\/seguridad-rural-operativos-desarrollados-en-el-ambito-de-la-jurisdiccion\/","title":{"rendered":"SEGURIDAD RURAL: OPERATIVOS DESARROLLADOS EN EL AMBITO DE LA JURISDICCION"},"content":{"rendered":"<p>El\u00a0<strong>Comando de Prevenci\u00f3n Rural Patagones<\/strong>, procedi\u00f3 a labrar una infracci\u00f3n al ciudadano\u00a0<strong>LUIS MIGUEL PAINEMAL<\/strong> (24), domiciliado en calle Almirante Brown N\u00ba 540 de Carmen de Patagones, quien conduc\u00eda cami\u00f3n Mercedes Benz, Dominio SHY-413, con jaula Dominio BAB-446, que transportaba con nueve (09) vacunos, proveniente de establecimiento rural \u201cLa Vara\u201d propiedad de Etchegaray Nelson, y con destino a frigor\u00edfico Fridevi de la ciudad de Viedma Rio Negro, por \u201c<strong>INFRACCION AL ART. 2 DE LA LEY 10.891<\/strong>\u201d, asimismo y en conjunto con personal de SENASA, en Operativo en control de hacienda que ingresa y egresa de \u00e9sta Provincia, sobre ruta nacional nro. 3 a la altura del kil\u00f3metro 953, se labr\u00f3 infracci\u00f3n a\u00a0<strong>EDGARDO NERVI<\/strong> (51), domiciliado en calle Bella Flor N\u00ba 47 de Carmen de Patagones, quien conduc\u00eda cami\u00f3n marca Ford Cargo dominio ELX-840, trasladando 43 bovinos desde Gral. Conesa, Provincia de Rio Negro, hacia establecimiento rural \u201cEl puesto\u201d propiedad de Beatriz Castello de Partido de Carmen de Patagones, constat\u00e1ndose que no se encontraban los precintos colocados, por lo que se labro una \u201c<strong>INFRACCION AL ART. 2 DE LA LEY 10.891<\/strong>\u201d, en ambos casos con intervenci\u00f3n del Ministerio de Asuntos Agrarios de la Provincia de Buenos Aires.-<br \/>\nComo otro resultado de operativo llevado a cabo, se labro infracci\u00f3n a\u00a0<strong>WALTER ARIEL RAINQUEO<\/strong>, domiciliado en Loteo Silva Casa 111 de Viedma, Provincia de Rio Negro, qui\u00e9n conduc\u00eda un cami\u00f3n Mercedes Benz, Dominio WYD-719, sin el cintur\u00f3n de seguridad colocado, por lo que se labro \u201c<strong>INFRACCI\u00d3N AL ART. 40 INC K DE LA LEY 24.449<\/strong>\u201d, a disposici\u00f3n del Se\u00f1or Juez de Faltas Patagones.-<br \/>\n&nbsp;<br \/>\nEl\u00a0<strong>Comando de Prevenci\u00f3n Rural Tornquist<\/strong>, procedi\u00f3 a labrar infracciones de tr\u00e1nsito a\u00a0<strong>MARCELO GRAVIGNA<\/strong>, domiciliado en calle Francia N\u00b0 83 de la ciudad de Salliquelo, qui\u00e9n iba circulando a bordo de camioneta marca Ford Ranger, Dominio LUR-936, al requer\u00edrsele la documentaci\u00f3n se constato que su licencia de conducci\u00f3n estaba vencida, por lo cual se le labro \u201c<strong>INFRACCION AL ART. 40 INC. \u201cA\u201d DE LA LEY \u00a024.449\u201d; <\/strong>a\u00a0<strong>NESTOR DESCAN<\/strong>, con domicilio en calle Chiclana N\u00b0 2241 de Bah\u00eda Blanca, conductor de un autom\u00f3vil Renault Symbol, Dominio FXC-464, constat\u00e1ndose \u00a0que pose\u00eda una de sus luces quemada, por lo cual se le labro por\u00a0<strong> \u201cINFRACCION AL ART. 31 INC \u201cA\u201d DE LA LEY 24449\u201d, <\/strong>continuando con el operativo se constato que el ciudadano<strong> JORGE LUIS PINTOS<\/strong>, oriundo de Bah\u00eda Blanca, con domicilio calle Alberti N\u00b0 558, qui\u00e9n conduc\u00eda una camioneta marca Toyota Hilux, Dominio FQS-098, constat\u00e1ndosele una \u201c<strong>INFRACCION AL ART. 48 INC. \u201cI\u201d\u00a0 de la Ley 24449\u201d<\/strong>, al momento de detenerse en forma irregular sobre la banquina, al presenciar el operativo policial, tambi\u00e9n se le labro acta de infracci\u00f3n al ciudadano\u00a0<strong>MARIANO GARCIA<\/strong>, domiciliado en calle Belgrano N\u00b0 33 de Bah\u00eda Blanca, conductor una camioneta Volkswagen<strong> <\/strong>Amarok, dominio KZC-611, constat\u00e1ndosele la carencia de Cedula de Identificaci\u00f3n del Automotor (cedula verde) siendo una \u201c<strong>INFRACCION AL ART. 40 INC \u201cB\u201d DE LA LEY 24449\u201d<\/strong>, por \u00faltimo se constato que el ciudadano<strong> JOSE LUIS ESTREMEL<\/strong>, domiciliado en calle Gral. Paz N\u00b0 244 de Bah\u00eda Blanca, al momento de circular a bordo camioneta Chevrolet S10, dominio ELW-268, y ser interceptado por el personal policial, pose\u00eda vencida la Verificaci\u00f3n T\u00e9cnica Vehicular (VTV), constituyendo una \u201c<strong>INFRACCION AL ART 34 DE LA LEY 24449\u201d<\/strong>, tomando intervenci\u00f3n el Juez de Faltas Municipal de Tornquist.<br \/>\nAsimismo en la Ruta Nacional 33 km 63,500 se labro una \u201c<strong>INFRACCI\u00d3N AL ARTICULO 10 INCISO \u201cA\u201d Y \u201cB\u201d DE LA LEY 10891<\/strong>\u201d, con intervenci\u00f3n del Ministerio de Asuntos Agrarios, al ciudadano\u00a0<strong>MARIANO NAHUEL PEREZ GARCIA<\/strong> (24), domiciliado en calle 8 N\u00b0 1.131 de Victorica, Provincia La Pampa,\u00a0qui\u00e9n transitaba en cami\u00f3n marca Renault 300, Dominio CJB-916, con Jaula FH, dominio FIT-130, constat\u00e1ndose que el transporte carec\u00eda de inscripciones catastrales reglamentarias de identificaci\u00f3n en tabla caminante del cami\u00f3n y acoplado como as\u00ed tambi\u00e9n en el techo de la cabina.-<br \/>\nPor otra parte el personal del\u00a0<strong>Comando de Prevenci\u00f3n Rural de Tornquist<\/strong>, en Control de Carnicer\u00edas, realizaron junto al Inspector de Bromatolog\u00eda\u00a0<strong>EDUARDO BONIFACICH<\/strong>, perteneciente a la Municipalidad de Tornquist, inspecciones en carnicer\u00edas locales, siendo sus propietarios en primera instancia la Carnicer\u00eda del Sr.\u00a0<strong>Omar Vittori<\/strong>, emplazada en Av. San Martin n\u00b0 268, Carnicer\u00eda propiedad de\u00a0<strong>Raquel Vicente<\/strong>, ubicada en Avenida Belgrano n\u00b0 363, tambi\u00e9n se inspeccion\u00f3 la carnicer\u00eda propiedad del Sr.\u00a0<strong>ADAM CORTEZ<\/strong>, situada en Av. 25 de Mayo 330 y por \u00faltimo la carnicer\u00eda ubicada en el local comercial de la\u00a0<strong>COOPERATIVA OBRERA<\/strong> Sucursal 41, ubicada en calle Espa\u00f1a 144 de este medio. Que en todas ellas no se constataron infracciones de salubridad, como as\u00ed tambi\u00e9n se controlo que las carnes posean sus correspondientes sellos de inspecci\u00f3n veterinaria, control\u00e1ndose tambi\u00e9n facturas y remitos para constatar la procedencia de las mismas.-<br \/>\n&nbsp;<br \/>\n<strong><span style=\"text-decoration: underline;\">COORD. DE ZONA DE SEG. RURAL BAHIA BLANCA<\/span><\/strong>,\u00a0viernes, 22 de agosto de 2014.-<br \/>\n&nbsp;<br \/>\n&nbsp;<br \/>\n<strong>Alberto Daniel MARTINEZ<\/strong><br \/>\n<strong><span style=\"text-decoration: underline;\">Comisario Inspector<\/span><\/strong><br \/>\n<strong><em>Coord. de Zona de Seg. Rural<\/em><\/strong><br \/>\n<strong><em>Bah\u00eda Blanca<\/em><\/strong><\/p>\n<div><strong><em><br \/>\n<\/em><\/strong><\/div>\n<p>&nbsp;<\/p>\n","protected":false},"excerpt":{"rendered":"<p>El\u00a0Comando de Prevenci\u00f3n Rural Patagones, procedi\u00f3 a labrar una infracci\u00f3n al ciudadano\u00a0LUIS MIGUEL PAINEMAL (24), domiciliado en calle Almirante Brown N\u00ba 540 de Carmen de Patagones, quien conduc\u00eda cami\u00f3n Mercedes Benz, Dominio SHY-413, con jaula Dominio BAB-446, que transportaba con nueve (09) vacunos, proveniente de establecimiento rural \u201cLa Vara\u201d propiedad de Etchegaray Nelson, y con [&hellip;]<\/p>\n","protected":false},"author":1,"featured_media":0,"comment_status":"closed","ping_status":"open","sticky":false,"template":"","format":"standard","meta":{"footnotes":""},"categories":[51,52,61],"tags":[],"class_list":["post-22801","post","type-post","status-publish","format-standard","hentry","category-comunidad","category-destacadas","category-policiales"],"yoast_head":"<!-- This site is optimized with the Yoast SEO plugin v19.7.1 - https:\/\/yoast.com\/wordpress\/plugins\/seo\/ -->\n<title>SEGURIDAD RURAL: OPERATIVOS DESARROLLADOS EN EL AMBITO DE LA JURISDICCION - CELTTV<\/title>\n<meta name=\"description\" content=\"Sitio web de noticias de la localidad de Tornquist, provincia de Buenos Aires, Rep\u00fablica Argentina. Contenido propio originado por periodistas de CELTTV, el canal de TV local de la Cooperativa El\u00e9ctrica de Tornquist. Turismo, Pol\u00edtica, Sociedad, Deporte, Cultura y todo el contenido de inter\u00e9s general que la gente del pueblo y la regi\u00f3n debe conocer.\" \/>\n<meta name=\"robots\" content=\"index, follow, max-snippet:-1, max-image-preview:large, max-video-preview:-1\" \/>\n<link rel=\"canonical\" href=\"https:\/\/www.celttv.com.ar\/index.php\/2014\/08\/22\/seguridad-rural-operativos-desarrollados-en-el-ambito-de-la-jurisdiccion\/\" \/>\n<meta property=\"og:locale\" content=\"es_ES\" \/>\n<meta property=\"og:type\" content=\"article\" \/>\n<meta property=\"og:title\" content=\"SEGURIDAD RURAL: OPERATIVOS DESARROLLADOS EN EL AMBITO DE LA JURISDICCION - CELTTV\" \/>\n<meta property=\"og:description\" content=\"Sitio web de noticias de la localidad de Tornquist, provincia de Buenos Aires, Rep\u00fablica Argentina. Contenido propio originado por periodistas de CELTTV, el canal de TV local de la Cooperativa El\u00e9ctrica de Tornquist. Turismo, Pol\u00edtica, Sociedad, Deporte, Cultura y todo el contenido de inter\u00e9s general que la gente del pueblo y la regi\u00f3n debe conocer.\" \/>\n<meta property=\"og:url\" content=\"https:\/\/www.celttv.com.ar\/index.php\/2014\/08\/22\/seguridad-rural-operativos-desarrollados-en-el-ambito-de-la-jurisdiccion\/\" \/>\n<meta property=\"og:site_name\" content=\"CELTTV\" \/>\n<meta property=\"article:publisher\" content=\"https:\/\/www.facebook.com\/celtTV\/\" \/>\n<meta property=\"article:published_time\" content=\"2014-08-22T14:59:02+00:00\" \/>\n<meta name=\"author\" content=\"ulises\" \/>\n<meta name=\"twitter:card\" content=\"summary_large_image\" \/>\n<meta name=\"twitter:label1\" content=\"Escrito por\" \/>\n\t<meta name=\"twitter:data1\" content=\"ulises\" \/>\n\t<meta name=\"twitter:label2\" content=\"Tiempo de lectura\" \/>\n\t<meta name=\"twitter:data2\" content=\"4 minutos\" \/>\n<script type=\"application\/ld+json\" class=\"yoast-schema-graph\">{\"@context\":\"https:\/\/schema.org\",\"@graph\":[{\"@type\":\"NewsArticle\",\"@id\":\"https:\/\/www.celttv.com.ar\/index.php\/2014\/08\/22\/seguridad-rural-operativos-desarrollados-en-el-ambito-de-la-jurisdiccion\/#article\",\"isPartOf\":{\"@id\":\"https:\/\/www.celttv.com.ar\/index.php\/2014\/08\/22\/seguridad-rural-operativos-desarrollados-en-el-ambito-de-la-jurisdiccion\/\"},\"author\":{\"name\":\"ulises\",\"@id\":\"https:\/\/www.celttv.com.ar\/#\/schema\/person\/6d99c072dba59953809c81446e9d0ace\"},\"headline\":\"SEGURIDAD RURAL: OPERATIVOS DESARROLLADOS EN EL AMBITO DE LA JURISDICCION\",\"datePublished\":\"2014-08-22T14:59:02+00:00\",\"dateModified\":\"2014-08-22T14:59:02+00:00\",\"mainEntityOfPage\":{\"@id\":\"https:\/\/www.celttv.com.ar\/index.php\/2014\/08\/22\/seguridad-rural-operativos-desarrollados-en-el-ambito-de-la-jurisdiccion\/\"},\"wordCount\":846,\"publisher\":{\"@id\":\"https:\/\/www.celttv.com.ar\/#organization\"},\"articleSection\":[\"Comunidad\",\"Destacadas\",\"Policiales\"],\"inLanguage\":\"es\"},{\"@type\":\"WebPage\",\"@id\":\"https:\/\/www.celttv.com.ar\/index.php\/2014\/08\/22\/seguridad-rural-operativos-desarrollados-en-el-ambito-de-la-jurisdiccion\/\",\"url\":\"https:\/\/www.celttv.com.ar\/index.php\/2014\/08\/22\/seguridad-rural-operativos-desarrollados-en-el-ambito-de-la-jurisdiccion\/\",\"name\":\"SEGURIDAD RURAL: OPERATIVOS DESARROLLADOS EN EL AMBITO DE LA JURISDICCION - CELTTV\",\"isPartOf\":{\"@id\":\"https:\/\/www.celttv.com.ar\/#website\"},\"datePublished\":\"2014-08-22T14:59:02+00:00\",\"dateModified\":\"2014-08-22T14:59:02+00:00\",\"description\":\"Sitio web de noticias de la localidad de Tornquist, provincia de Buenos Aires, Rep\u00fablica Argentina. Contenido propio originado por periodistas de CELTTV, el canal de TV local de la Cooperativa El\u00e9ctrica de Tornquist. Turismo, Pol\u00edtica, Sociedad, Deporte, Cultura y todo el contenido de inter\u00e9s general que la gente del pueblo y la regi\u00f3n debe conocer.\",\"breadcrumb\":{\"@id\":\"https:\/\/www.celttv.com.ar\/index.php\/2014\/08\/22\/seguridad-rural-operativos-desarrollados-en-el-ambito-de-la-jurisdiccion\/#breadcrumb\"},\"inLanguage\":\"es\",\"potentialAction\":[{\"@type\":\"ReadAction\",\"target\":[\"https:\/\/www.celttv.com.ar\/index.php\/2014\/08\/22\/seguridad-rural-operativos-desarrollados-en-el-ambito-de-la-jurisdiccion\/\"]}]},{\"@type\":\"BreadcrumbList\",\"@id\":\"https:\/\/www.celttv.com.ar\/index.php\/2014\/08\/22\/seguridad-rural-operativos-desarrollados-en-el-ambito-de-la-jurisdiccion\/#breadcrumb\",\"itemListElement\":[{\"@type\":\"ListItem\",\"position\":1,\"name\":\"Inicio\",\"item\":\"https:\/\/www.celttv.com.ar\/\"},{\"@type\":\"ListItem\",\"position\":2,\"name\":\"SEGURIDAD RURAL: OPERATIVOS DESARROLLADOS EN EL AMBITO DE LA JURISDICCION\"}]},{\"@type\":\"WebSite\",\"@id\":\"https:\/\/www.celttv.com.ar\/#website\",\"url\":\"https:\/\/www.celttv.com.ar\/\",\"name\":\"CELTTV\",\"description\":\"Cooperativa El\u00e9ctrica de Tornquist\",\"publisher\":{\"@id\":\"https:\/\/www.celttv.com.ar\/#organization\"},\"potentialAction\":[{\"@type\":\"SearchAction\",\"target\":{\"@type\":\"EntryPoint\",\"urlTemplate\":\"https:\/\/www.celttv.com.ar\/?s={search_term_string}\"},\"query-input\":\"required name=search_term_string\"}],\"inLanguage\":\"es\"},{\"@type\":\"Organization\",\"@id\":\"https:\/\/www.celttv.com.ar\/#organization\",\"name\":\"CELTTV\",\"url\":\"https:\/\/www.celttv.com.ar\/\",\"sameAs\":[\"https:\/\/www.youtube.com\/channel\/UCz_oIt8Hig64Ub-EmcNPIhg\",\"https:\/\/www.facebook.com\/celtTV\/\"],\"logo\":{\"@type\":\"ImageObject\",\"inLanguage\":\"es\",\"@id\":\"https:\/\/www.celttv.com.ar\/#\/schema\/logo\/image\/\",\"url\":\"http:\/\/www.celttv.com.ar\/wp-content\/uploads\/2022\/08\/logo-1.png\",\"contentUrl\":\"http:\/\/www.celttv.com.ar\/wp-content\/uploads\/2022\/08\/logo-1.png\",\"width\":461,\"height\":159,\"caption\":\"CELTTV\"},\"image\":{\"@id\":\"https:\/\/www.celttv.com.ar\/#\/schema\/logo\/image\/\"}},{\"@type\":\"Person\",\"@id\":\"https:\/\/www.celttv.com.ar\/#\/schema\/person\/6d99c072dba59953809c81446e9d0ace\",\"name\":\"ulises\",\"image\":{\"@type\":\"ImageObject\",\"inLanguage\":\"es\",\"@id\":\"https:\/\/www.celttv.com.ar\/#\/schema\/person\/image\/\",\"url\":\"https:\/\/secure.gravatar.com\/avatar\/7f2c48bdc33b30088f941fb6082e555f2874c98e20cb159d7b92b50eadfce793?s=96&d=mm&r=g\",\"contentUrl\":\"https:\/\/secure.gravatar.com\/avatar\/7f2c48bdc33b30088f941fb6082e555f2874c98e20cb159d7b92b50eadfce793?s=96&d=mm&r=g\",\"caption\":\"ulises\"},\"sameAs\":[\"http:\/\/www.celttv.com.ar\"]}]}<\/script>\n<!-- \/ Yoast SEO plugin. -->","yoast_head_json":{"title":"SEGURIDAD RURAL: OPERATIVOS DESARROLLADOS EN EL AMBITO DE LA JURISDICCION - CELTTV","description":"Sitio web de noticias de la localidad de Tornquist, provincia de Buenos Aires, Rep\u00fablica Argentina. Contenido propio originado por periodistas de CELTTV, el canal de TV local de la Cooperativa El\u00e9ctrica de Tornquist. Turismo, Pol\u00edtica, Sociedad, Deporte, Cultura y todo el contenido de inter\u00e9s general que la gente del pueblo y la regi\u00f3n debe conocer.","robots":{"index":"index","follow":"follow","max-snippet":"max-snippet:-1","max-image-preview":"max-image-preview:large","max-video-preview":"max-video-preview:-1"},"canonical":"https:\/\/www.celttv.com.ar\/index.php\/2014\/08\/22\/seguridad-rural-operativos-desarrollados-en-el-ambito-de-la-jurisdiccion\/","og_locale":"es_ES","og_type":"article","og_title":"SEGURIDAD RURAL: OPERATIVOS DESARROLLADOS EN EL AMBITO DE LA JURISDICCION - CELTTV","og_description":"Sitio web de noticias de la localidad de Tornquist, provincia de Buenos Aires, Rep\u00fablica Argentina. Contenido propio originado por periodistas de CELTTV, el canal de TV local de la Cooperativa El\u00e9ctrica de Tornquist. Turismo, Pol\u00edtica, Sociedad, Deporte, Cultura y todo el contenido de inter\u00e9s general que la gente del pueblo y la regi\u00f3n debe conocer.","og_url":"https:\/\/www.celttv.com.ar\/index.php\/2014\/08\/22\/seguridad-rural-operativos-desarrollados-en-el-ambito-de-la-jurisdiccion\/","og_site_name":"CELTTV","article_publisher":"https:\/\/www.facebook.com\/celtTV\/","article_published_time":"2014-08-22T14:59:02+00:00","author":"ulises","twitter_card":"summary_large_image","twitter_misc":{"Escrito por":"ulises","Tiempo de lectura":"4 minutos"},"schema":{"@context":"https:\/\/schema.org","@graph":[{"@type":"NewsArticle","@id":"https:\/\/www.celttv.com.ar\/index.php\/2014\/08\/22\/seguridad-rural-operativos-desarrollados-en-el-ambito-de-la-jurisdiccion\/#article","isPartOf":{"@id":"https:\/\/www.celttv.com.ar\/index.php\/2014\/08\/22\/seguridad-rural-operativos-desarrollados-en-el-ambito-de-la-jurisdiccion\/"},"author":{"name":"ulises","@id":"https:\/\/www.celttv.com.ar\/#\/schema\/person\/6d99c072dba59953809c81446e9d0ace"},"headline":"SEGURIDAD RURAL: OPERATIVOS DESARROLLADOS EN EL AMBITO DE LA JURISDICCION","datePublished":"2014-08-22T14:59:02+00:00","dateModified":"2014-08-22T14:59:02+00:00","mainEntityOfPage":{"@id":"https:\/\/www.celttv.com.ar\/index.php\/2014\/08\/22\/seguridad-rural-operativos-desarrollados-en-el-ambito-de-la-jurisdiccion\/"},"wordCount":846,"publisher":{"@id":"https:\/\/www.celttv.com.ar\/#organization"},"articleSection":["Comunidad","Destacadas","Policiales"],"inLanguage":"es"},{"@type":"WebPage","@id":"https:\/\/www.celttv.com.ar\/index.php\/2014\/08\/22\/seguridad-rural-operativos-desarrollados-en-el-ambito-de-la-jurisdiccion\/","url":"https:\/\/www.celttv.com.ar\/index.php\/2014\/08\/22\/seguridad-rural-operativos-desarrollados-en-el-ambito-de-la-jurisdiccion\/","name":"SEGURIDAD RURAL: OPERATIVOS DESARROLLADOS EN EL AMBITO DE LA JURISDICCION - CELTTV","isPartOf":{"@id":"https:\/\/www.celttv.com.ar\/#website"},"datePublished":"2014-08-22T14:59:02+00:00","dateModified":"2014-08-22T14:59:02+00:00","description":"Sitio web de noticias de la localidad de Tornquist, provincia de Buenos Aires, Rep\u00fablica Argentina. Contenido propio originado por periodistas de CELTTV, el canal de TV local de la Cooperativa El\u00e9ctrica de Tornquist. Turismo, Pol\u00edtica, Sociedad, Deporte, Cultura y todo el contenido de inter\u00e9s general que la gente del pueblo y la regi\u00f3n debe conocer.","breadcrumb":{"@id":"https:\/\/www.celttv.com.ar\/index.php\/2014\/08\/22\/seguridad-rural-operativos-desarrollados-en-el-ambito-de-la-jurisdiccion\/#breadcrumb"},"inLanguage":"es","potentialAction":[{"@type":"ReadAction","target":["https:\/\/www.celttv.com.ar\/index.php\/2014\/08\/22\/seguridad-rural-operativos-desarrollados-en-el-ambito-de-la-jurisdiccion\/"]}]},{"@type":"BreadcrumbList","@id":"https:\/\/www.celttv.com.ar\/index.php\/2014\/08\/22\/seguridad-rural-operativos-desarrollados-en-el-ambito-de-la-jurisdiccion\/#breadcrumb","itemListElement":[{"@type":"ListItem","position":1,"name":"Inicio","item":"https:\/\/www.celttv.com.ar\/"},{"@type":"ListItem","position":2,"name":"SEGURIDAD RURAL: OPERATIVOS DESARROLLADOS EN EL AMBITO DE LA JURISDICCION"}]},{"@type":"WebSite","@id":"https:\/\/www.celttv.com.ar\/#website","url":"https:\/\/www.celttv.com.ar\/","name":"CELTTV","description":"Cooperativa El\u00e9ctrica de Tornquist","publisher":{"@id":"https:\/\/www.celttv.com.ar\/#organization"},"potentialAction":[{"@type":"SearchAction","target":{"@type":"EntryPoint","urlTemplate":"https:\/\/www.celttv.com.ar\/?s={search_term_string}"},"query-input":"required name=search_term_string"}],"inLanguage":"es"},{"@type":"Organization","@id":"https:\/\/www.celttv.com.ar\/#organization","name":"CELTTV","url":"https:\/\/www.celttv.com.ar\/","sameAs":["https:\/\/www.youtube.com\/channel\/UCz_oIt8Hig64Ub-EmcNPIhg","https:\/\/www.facebook.com\/celtTV\/"],"logo":{"@type":"ImageObject","inLanguage":"es","@id":"https:\/\/www.celttv.com.ar\/#\/schema\/logo\/image\/","url":"http:\/\/www.celttv.com.ar\/wp-content\/uploads\/2022\/08\/logo-1.png","contentUrl":"http:\/\/www.celttv.com.ar\/wp-content\/uploads\/2022\/08\/logo-1.png","width":461,"height":159,"caption":"CELTTV"},"image":{"@id":"https:\/\/www.celttv.com.ar\/#\/schema\/logo\/image\/"}},{"@type":"Person","@id":"https:\/\/www.celttv.com.ar\/#\/schema\/person\/6d99c072dba59953809c81446e9d0ace","name":"ulises","image":{"@type":"ImageObject","inLanguage":"es","@id":"https:\/\/www.celttv.com.ar\/#\/schema\/person\/image\/","url":"https:\/\/secure.gravatar.com\/avatar\/7f2c48bdc33b30088f941fb6082e555f2874c98e20cb159d7b92b50eadfce793?s=96&d=mm&r=g","contentUrl":"https:\/\/secure.gravatar.com\/avatar\/7f2c48bdc33b30088f941fb6082e555f2874c98e20cb159d7b92b50eadfce793?s=96&d=mm&r=g","caption":"ulises"},"sameAs":["http:\/\/www.celttv.com.ar"]}]}},"_links":{"self":[{"href":"https:\/\/www.celttv.com.ar\/index.php\/wp-json\/wp\/v2\/posts\/22801","targetHints":{"allow":["GET"]}}],"collection":[{"href":"https:\/\/www.celttv.com.ar\/index.php\/wp-json\/wp\/v2\/posts"}],"about":[{"href":"https:\/\/www.celttv.com.ar\/index.php\/wp-json\/wp\/v2\/types\/post"}],"author":[{"embeddable":true,"href":"https:\/\/www.celttv.com.ar\/index.php\/wp-json\/wp\/v2\/users\/1"}],"replies":[{"embeddable":true,"href":"https:\/\/www.celttv.com.ar\/index.php\/wp-json\/wp\/v2\/comments?post=22801"}],"version-history":[{"count":0,"href":"https:\/\/www.celttv.com.ar\/index.php\/wp-json\/wp\/v2\/posts\/22801\/revisions"}],"wp:attachment":[{"href":"https:\/\/www.celttv.com.ar\/index.php\/wp-json\/wp\/v2\/media?parent=22801"}],"wp:term":[{"taxonomy":"category","embeddable":true,"href":"https:\/\/www.celttv.com.ar\/index.php\/wp-json\/wp\/v2\/categories?post=22801"},{"taxonomy":"post_tag","embeddable":true,"href":"https:\/\/www.celttv.com.ar\/index.php\/wp-json\/wp\/v2\/tags?post=22801"}],"curies":[{"name":"wp","href":"https:\/\/api.w.org\/{rel}","templated":true}]}}