{"id":22821,"date":"2014-08-22T23:42:25","date_gmt":"2014-08-22T23:42:25","guid":{"rendered":"http:\/\/www.tvcnoticias.com.ar\/?p=22821"},"modified":"2014-08-22T23:42:25","modified_gmt":"2014-08-22T23:42:25","slug":"hcd-informe-sesion-ordinaria-y-la-opinion-de-los-concejales-bordoni-y-anton","status":"publish","type":"post","link":"https:\/\/www.celttv.com.ar\/index.php\/2014\/08\/22\/hcd-informe-sesion-ordinaria-y-la-opinion-de-los-concejales-bordoni-y-anton\/","title":{"rendered":"HCD.: INFORME SESI\u00d3N ORDINARIA Y LA OPINION DE LOS CONCEJALES BORDONI Y ANTON"},"content":{"rendered":"<p><a href=\"https:\/\/www.youtube.com\/watch?v=8kJ_1g3NY5g\">httpv:\/\/www.youtube.com\/watch?v=8kJ_1g3NY5g<\/a><br \/>\n<a href=\"https:\/\/www.youtube.com\/watch?v=cnGB1IswcVQ\">httpv:\/\/www.youtube.com\/watch?v=cnGB1IswcVQ<\/a><br \/>\n<strong><span style=\"text-decoration: underline;\">Comunicaciones Oficiales y Dict\u00e1menes de las Comisiones:<\/span><\/strong><br \/>\n<strong><span style=\"text-decoration: underline;\">Expte. <\/span><\/strong><strong><span style=\"text-decoration: underline;\">N\u00ba<\/span><\/strong><strong><span style=\"text-decoration: underline;\">4114-237\/14<\/span><\/strong><strong><span style=\"text-decoration: underline;\">:<\/span><\/strong> \u201cRegularizaci\u00f3n Dominial: Solicita regularizar situaci\u00f3n dominial de la vivienda N\u00ba 9 del barrio \u201cSolidaridad 80 Viviendas en Tornquist\u201d.<br \/>\nPasa a las Comisiones de Interpretaci\u00f3n y Reglamento y Obras P\u00fablicas.<br \/>\n&nbsp;<br \/>\n<strong><span style=\"text-decoration: underline;\">Expte. <\/span><\/strong><strong><span style=\"text-decoration: underline;\">N\u00ba 261\/14:<\/span><\/strong> \u201cD.E. Convalida\u00a0 la firma del Contrato de Locaci\u00f3n por el inmueble donde funciona el Centro Permanente Hogar Agr\u00edcola \u201cPaula Albarrac\u00edn de Sarmiento\u201d de la localidad de Sierra de la Ventana\u201d.<br \/>\nPasa a las Comisiones de Interpretaci\u00f3n y Reglamento, y Presupuesto y Hacienda.<strong> <\/strong><br \/>\n&nbsp;<br \/>\n<strong><span style=\"text-decoration: underline;\">Expte. <\/span><\/strong><strong><span style=\"text-decoration: underline;\">N\u00ba 6638\/14:<\/span><\/strong> \u201cN.P. \u2013 Leguizam\u00f3n, Nelson Eduardo \u2013 Proyecto: Actividades acu\u00e1ticas y recreativas destinadas a personas de la 3\u00ba edad de los pueblos aleda\u00f1os a Sierra de la Ventana y de la ciudad de Tornquist, a llevar a cabo en el Centro Recreativo \u201cCo-hue\u201d Piletas Municipales ubicada en Diego Meyer s\/n de Sierra de la Ventana\u201d.<br \/>\nPasa a la Comisiones de Asuntos Municipales, Salud P\u00fablica y Presupuesto y Hacienda.<strong> <\/strong><br \/>\n&nbsp;<br \/>\n<strong><span style=\"text-decoration: underline;\">Expte. <\/span><\/strong><strong><span style=\"text-decoration: underline;\">N\u00ba 252\/14:<\/span><\/strong> \u201cD.E.- Convalida la firma del Convenio de Pr\u00e9stamo de Uso por dos camionetas celebrado entre la D.V.B.A. y el Municipio de Tornquist\u201d.<br \/>\nSeg\u00fan el dictamen de las Comisiones de\u00a0 INTERPRETACI\u00d3N Y REGLAMENTO, OBRAS P\u00daBLICAS Y ASUNTOS MUNICIPALES se aprueba por unanimidad la Ordenanza N\u00ba 2683\/14 por la que se Convalida la firma del Convenio de Pr\u00e9stamo de Uso por dos camionetas, celebrado entre la Direcci\u00f3n de Vialidad de la Provincia de Buenos Aires, representada por su Jefe de Departamento Zona XI \u2013 Bah\u00eda Blanca, Sra. <strong>Ing. Claudia Mirta Rossi<\/strong> y el Sr. Gerente Ejecutivo <strong>Ing. Jorge Luis Ripani<\/strong>, y la  Municipalidad de Tornquist, representada por el Sr. Intendente Municipal <strong>Lic. Gustavo Guillermo Trankels<\/strong>. La solicitud obedece a la necesidad de realizar trabajos en rutas pertenecientes a la Red Vial Provincial en jurisdicci\u00f3n del Partido de Tornquist.-<br \/>\n&nbsp;<br \/>\n<strong><span style=\"text-decoration: underline;\">Expte. <\/span><\/strong><strong><span style=\"text-decoration: underline;\">N\u00ba 253\/14:<\/span><\/strong> \u201cD.E.- Convalida la firma del Convenio de Pr\u00e9stamo de Uso por un cami\u00f3n celebrado entre la D.V.B.A. y el Municipio de Tornquist\u201d.<br \/>\nDe acuerdo al dictamen de las Comisiones de\u00a0 INTERPRETACI\u00d3N Y REGLAMENTO, OBRAS P\u00daBLICAS Y ASUNTOS MUNICIPALES se aprueba por unanimidad la Ordenanza N\u00ba 2684\/14 por la que se Convalida la firma del Convenio de Pr\u00e9stamo de Uso por un cami\u00f3n, celebrado entre la Direcci\u00f3n de Vialidad de la Provincia de Buenos Aires, representada por su Jefe de Departamento Zona XI \u2013 Bah\u00eda Blanca, Sra. <strong>Ing. Claudia Mirta Rossi<\/strong> y el Sr. Gerente Ejecutivo <strong>Ing. Jorge Luis Ripani<\/strong>, y la Municipalidad de Tornquist, representada por el Sr. Intendente Municipal <strong>Lic. Gustavo Guillermo Trankels<\/strong>. La solicitud surge ante la necesidad de transportar maquinarias viales dentro del distrito para el mantenimiento de los caminos rurales.-<br \/>\n&nbsp;<br \/>\n<strong><span style=\"text-decoration: underline;\">Expte. <\/span><\/strong><strong><span style=\"text-decoration: underline;\">N\u00ba 255\/14:<\/span><\/strong> \u201cD.E. \u2013 Convalida la firma del Convenio con la Municipalidad de Saavedra por pr\u00e1cticas cl\u00ednicas y quir\u00fargicas en Hospital Pig\u00fc\u00e9\u201d.<br \/>\nSeg\u00fan el dictamen de las Comisiones de SALUD P\u00daBLICA, INTERPRETACI\u00d3N Y REGLAMENTO y PRESUPUESTO Y HACIENDA se aprueba por unanimidad la Ordenanza con el N\u00ba 2685\/14 por la que se Convalida la firma del Convenio celebrado entre la Municipalidad de Saavedra, representada por el <strong>Sr. Alejandro Hugo Corvatta<\/strong> y el Municipio de Tornquist representado por el Sr. Intendente Municipal <strong>Lic. Gustavo Guillermo Trankels<\/strong>, por la ejecuci\u00f3n de pr\u00e1cticas cl\u00ednicas y quir\u00fargicas en el Hospital Pig\u00fc\u00e9. Por este convenio,\u00a0 la instituci\u00f3n\u00a0 de Pig\u00fc\u00e9 se compromete a realizar pr\u00e1cticas de segundo nivel tanto cl\u00ednicas como quir\u00fargicas, seg\u00fan su necesidad por complejidad, disposici\u00f3n de profesionales u otras razones que no le permitan ser brindadas en el nosocomio local. Adem\u00e1s asume el compromiso de proveer en tiempo y en forma el servicio solicitado seg\u00fan lo establezcan los profesionales m\u00e9dicos intervinientes.-<br \/>\n<strong><span style=\"text-decoration: underline;\">Expte. <\/span><\/strong><strong><span style=\"text-decoration: underline;\">N\u00ba 6624\/14:<\/span><\/strong> \u201cN.P. \u2013 Vecino de Tornquist: Solicitan la continuidad del Dr. Pablo Rusconi en el Hospital Municipal\u201d.<br \/>\nSe aprueba por unanimidad el dictamen de las Comisiones de ASUNTOS MUNICIPALES Y SALUD P\u00daBLICA que aconseja enviar el mismo al Archivo.-<br \/>\n&nbsp;<br \/>\n<strong><span style=\"text-decoration: underline;\">Expte. <\/span><\/strong><strong><span style=\"text-decoration: underline;\">N\u00ba 6633\/14:<\/span><\/strong> \u201cBloque F.P.V. \u2013 Proyecto de Ordenanza: Declarar el \u00faltimo domingo del mes de septiembre de cada a\u00f1o como \u201cD\u00eda del Pastor Evang\u00e9lico\u201d\u201d.<br \/>\nSe aprueba por unanimidad el dictamen de la Comisi\u00f3n de ASUNTOS MUNICIPALES que aconseja enviar el mismo al Archivo.-<br \/>\n&nbsp;<br \/>\n<strong><span style=\"text-decoration: underline;\">Expte. <\/span><\/strong><strong><span style=\"text-decoration: underline;\">N\u00ba 6639\/14:<\/span><\/strong> \u201cN.P. \u2013 Vecinos de Chasic\u00f3: Copia de la nota enviada al Intendente Municipal ref. reclamo por el estado de la calle principal de la localidad, el acceso a la Ruta Nacional N\u00ba 35 y los caminos de tierra a la cabecera del distrito\u201d.<br \/>\nSe aprueba por unanimidad el dictamen de la Comisi\u00f3n de OBRAS P\u00daBLICAS que \u00a0aconseja enviar el mismo a la Secretar\u00eda de Obras y Servicios P\u00fablicos a efectos de que se expida al respecto.-<br \/>\n&nbsp;<br \/>\n<strong><span style=\"text-decoration: underline;\">Expte. <\/span><\/strong><strong><span style=\"text-decoration: underline;\">N\u00ba 6642\/14<\/span><\/strong> \u201cBloque Frente Renovador \u2013 Proyecto de Ordenanza: ref. capacitaci\u00f3n en maniobras de RCP (reanimaci\u00f3n cardiopulmonar) para todo el personal municipal que est\u00e9 afectado a la atenci\u00f3n del p\u00fablico\u201d.<br \/>\nSe aprueba por unanimidad el dictamen de las Comisiones de INTERPRETACI\u00d3N Y REGLAMENTO y SALUD P\u00daBLICA, que aconseja enviar el mismo al \u00e1rea de salud para su an\u00e1lisis.-<br \/>\n&nbsp;<br \/>\n<strong><span style=\"text-decoration: underline;\">Expte. <\/span><\/strong><strong><span style=\"text-decoration: underline;\">N\u00ba 6643\/14:<\/span><\/strong> \u201cN.P. \u2013 Biblioteca Popular Mariano Moreno Sierra de la Ventana: Solicita uso de la Banca Concejal n\u00ba 13\u201d.<br \/>\nSe aprueba por unanimidad el dictamen de las Comisiones de ASUNTOS MUNICIPALES e INTERPRETACI\u00d3N Y REGLAMENTO que solicitan enviar \u00a0por Secretar\u00eda nota convocando \u00a0a la comisi\u00f3n para hacer uso de la Banca N\u00ba 13 el d\u00eda 2 de septiembre de 2014.-<br \/>\n&nbsp;<br \/>\n<strong><span style=\"text-decoration: underline;\">Expte. <\/span><\/strong><strong><span style=\"text-decoration: underline;\">N\u00ba 6644\/14:<\/span><\/strong> \u201cN.P. \u2013 Asociaci\u00f3n de Fomento y comunidad de Chasic\u00f3: Solicitan un patrullero en condiciones para la localidad\u201d.<br \/>\nSe aprueba por unanimidad el dictamen de la Comisi\u00f3n de ASUNTOS MUNICIPALES que aconseja enviar el mismo a la Secretar\u00eda de Seguridad.-<br \/>\n&nbsp;<br \/>\n<strong><span style=\"text-decoration: underline;\">Expte. <\/span><\/strong><strong><span style=\"text-decoration: underline;\">N\u00ba 6645\/14:<\/span><\/strong> \u201cN.P. \u2013 Coopersive Sierra de la  Ventana: Solicita informaci\u00f3n sobre la localizaci\u00f3n de la subestaci\u00f3n transformadora de Sierra de la Ventana\u201d.<br \/>\nSe aprueba por unanimidad el dictamen de las Comisiones de OBRAS P\u00daBLICAS Y ASUNTOS MUNICIPALES, que aconseja enviar el mismo al Archivo.-<br \/>\n&nbsp;<br \/>\n<strong><span style=\"text-decoration: underline;\">Proyectos Presentados<\/span><\/strong><br \/>\n<strong><span style=\"text-decoration: underline;\"> <\/span><\/strong><br \/>\n<strong><span style=\"text-decoration: underline;\">Bloques Frente Progresista C\u00edvico y Social, Uni\u00f3n C\u00edvica Radical y Coalici\u00f3n C\u00edvica- <\/span><\/strong><span style=\"text-decoration: underline;\"> <strong>Pedido de Informe:<\/strong><\/span> Solicita a la Secretar\u00eda de Obras y Servicios P\u00fablicos un \u00a0listado de terrenos pertenecientes al municipio de todas las localidades del Distrito, que est\u00e9n en condiciones de ser vendidos a particulares. Adem\u00e1s un informe detallado de los terrenos que se encuentran en litigio que se tenga conocimiento en esa dependencia, y las etapas legales cumplidas hasta el momento. <strong> <\/strong><br \/>\nSe solicita la formaci\u00f3n de Expediente y pase a Comisi\u00f3n.-<br \/>\n<strong> <\/strong><br \/>\n<strong><span style=\"text-decoration: underline;\">Bloques Frente Progresista C\u00edvico y Social, Uni\u00f3n C\u00edvica Radical y Coalici\u00f3n C\u00edvica- <\/span><\/strong><span style=\"text-decoration: underline;\"> <strong>Minuta de Comunicaci\u00f3n:<\/strong><\/span> Solicita a la  Secretar\u00eda de Obras y Servicios P\u00fablicos\u00a0 que arbitre los medios junto con la empresa Ferro Expreso Pampeano, a los fines de proceder \u00a0a la construcci\u00f3n de dos pasos a niveles, uno en Calle Adolfo Kugler y el otro en calle Combatiente de Malvinas<strong> <\/strong><br \/>\nSe solicita la formaci\u00f3n de Expediente y el pase a Comisi\u00f3n.<br \/>\n<strong> <\/strong><br \/>\n<strong><span style=\"text-decoration: underline;\">Bloques Frente Progresista C\u00edvico y Social, Uni\u00f3n C\u00edvica Radical y Coalici\u00f3n C\u00edvica- <\/span><\/strong><span style=\"text-decoration: underline;\"> <strong>Pedido de Informe:<\/strong><\/span> Solicita al Sr. Intendente Municipal se informe si el Municipio ejerce la posesi\u00f3n de la fracci\u00f3n de campo perteneciente a la Municipalidad de Tornquist, ubicada en \u00a0cercan\u00eda a Sierra de la Ventana y cuya nomenclatura catastral es Circunscripci\u00f3n 9, Parcela 576 j de 154 ha de superficie.\u00a0 Si la respuesta es negativa, responda si el municipio tiene conocimiento de qui\u00e9n tiene la posesi\u00f3n o hace uso de tal predio.<strong> <\/strong><br \/>\nSe solicita la formaci\u00f3n de Expediente y pase a Comisi\u00f3n.-<br \/>\n<strong> <\/strong><br \/>\n<strong><span style=\"text-decoration: underline;\">Bloque Frente Renovador: Pedido de Informe:<\/span><\/strong> Solicita informaci\u00f3n sobre el estado general de las ambulancias pertenecientes al parque automotor del Distrito afectadas a la salud p\u00fablica para traslados; equipamiento con el que cuentan las mismas en cada localidad del Distrito de Tornquist; y si cuentan con el Control T\u00e9cnico Vehicular, de conformidad a la Ley Nacional de Tr\u00e1nsito.<strong> <\/strong><br \/>\nSe solicita la \u00a0formaci\u00f3n de Expediente y pase a Comisi\u00f3n.<br \/>\n&nbsp;<br \/>\n<strong><span style=\"text-decoration: underline;\">Asuntos Particulares<\/span><\/strong><br \/>\n<strong><span style=\"text-decoration: underline;\"> <\/span><\/strong><br \/>\n<strong><span style=\"text-decoration: underline;\">N.P- Asociaci\u00f3n Rural:<\/span><\/strong> Env\u00eda copia del informe realizado por la entidad, en referencia a los da\u00f1os y\/o p\u00e9rdidas ocasionadas por el incendio del pasado verano.<strong> <\/strong><br \/>\nSe solicita la \u00a0formaci\u00f3n de Expediente y pase a Comisi\u00f3n.<br \/>\n<strong><span style=\"text-decoration: underline;\"> <\/span><\/strong><br \/>\n<strong><span style=\"text-decoration: underline;\">N.P- Mar\u00eda Esther Parmigiani<\/span><\/strong>: Solicita uso de licencia hasta el 31 de diciembre del corriente a\u00f1o.<br \/>\nSe aprueba por unanimidad la licencia a la Concejal Parmigiani. <strong> <\/strong><br \/>\n&nbsp;<br \/>\n<strong><span style=\"text-decoration: underline;\">N.P- Juventud Radical:<\/span><\/strong> Informa sobre una convocatoria a \u201cMultisectorial distrital\u201d para comenzar a trabajar sobre la problem\u00e1tica del flagelo de\u00a0 la droga. <strong> <\/strong><br \/>\nLos Concejales se notifican de la misma.<br \/>\n&nbsp;<br \/>\n<strong><span style=\"text-decoration: underline;\">N.P- Jard\u00edn de Infantes n\u00ba 901:<\/span><\/strong> Manifiestan el \u00a0malestar ocasionado por los \u00a0dichos del concejal Gabella en la Sesi\u00f3n Ordinaria anterior. <strong> <\/strong><br \/>\nLos Concejales se notifican de la misma.<br \/>\n&nbsp;<br \/>\n<strong><span style=\"text-decoration: underline;\">N.P- Asociaci\u00f3n Cooperadora de la Unidad Sanitaria de Villa Ventana:<\/span><\/strong> Solicitan declarar de Inter\u00e9s Municipal la \u201cVI Carrera Aventura, Caminata aer\u00f3bica de Salud y Solidaria\u201d organizada por la instituci\u00f3n para el d\u00eda 9 de noviembre del presente a\u00f1o. <strong> <\/strong><br \/>\nSe solicita la formaci\u00f3n de Expediente y pase a Comisi\u00f3n.<br \/>\n<strong><span style=\"text-decoration: underline;\"> <\/span><\/strong><br \/>\n<strong><span style=\"text-decoration: underline;\">N.P. \u2013 <\/span><\/strong><strong><span style=\"text-decoration: underline;\">Asociaci\u00f3n Empleados de Casinos de Sierra de la  Ventana:<\/span><\/strong> Solicitan declarar \u00a0de inter\u00e9s municipal el 7\u00ba Festival del D\u00eda del Ni\u00f1o a realizarse en Saldungaray.<br \/>\nSe solicita formaci\u00f3n de Expediente y tratamiento sobre Tablas.<br \/>\nSe forma el Expediente N\u00ba 6646\/14 y se aprueba por unanimidad la Resoluci\u00f3n  N\u00ba 15\/14 por la que se declara de Inter\u00e9s Municipal el 7\u00ba Festival del D\u00eda del Ni\u00f1o a realizarse el d\u00eda 23 de agosto del corriente a\u00f1o en la localidad de Saldungaray, organizado por la Asociaci\u00f3n Empleados de Casinos.-<br \/>\n<span style=\"text-decoration: underline;\"> <\/span><br \/>\nHacen uso de la palabra los Se\u00f1ores Concejales:<br \/>\n&nbsp;<br \/>\nConcejal Ant\u00f3n V\u00edctor:<br \/>\n\u201cQuer\u00eda referirme, para aclarar la situaci\u00f3n de la nota enviada por la Asociaci\u00f3n Rural, y el porqu\u00e9 del pedido de la lectura completa de la nota. Nosotros queremos informar que esos reclamos que est\u00e1n indicados en la nota los podemos dividir en tres siniestros que ocurrieron. Hay un siniestro en particular, que es un reclamo que ronda alrededor del mill\u00f3n de pesos que es un siniestro que nada tiene que ver con el gran incendio que tuvimos entre el 29 de diciembre del a\u00f1o pasado y los primeros d\u00edas de enero de este a\u00f1o. Luego, hay tres propietarios de tierras que hacen un reclamo tambi\u00e9n por el incendio que, se cree, se gener\u00f3 desde el basurero municipal. Respecto de ese en particular, incendio, hay un reclamo por algo m\u00e1s de dos millones de pesos, y otros tres propietarios que reclaman la reposici\u00f3n de los alambrados. En ese caso, yo particularmente cuando estaba en el cargo de Director de Producci\u00f3n y Medio Ambiente, he atendido a la gente, en principio de Provincia Seguros y luego a un grupo auditor que contrata Provincia Seguros, \u00a0\u00a0y si bien no son los tiempos que todos querr\u00edamos que ocurran y que esta situaci\u00f3n sea ya, ya se hubiese definido para estos vecinos, sabemos que Provincia Seguros est\u00e1 trabajando en las auditorias correspondientes porque\u00a0 el municipio cuenta con el seguro pero al ser sumas tan elevadas evidentemente deben ser auditados todos los trabajos y el siniestro producido. Respecto del gran siniestro, si lo podemos llamar de esa manera, que ocurri\u00f3 a partir del 29 de diciembre y los primeros d\u00edas de este a\u00f1o, el estado, primero, no hubo promesas desde el estado municipal, tuvimos la visita del Ministro Rodr\u00edguez, y luego visitas de funcionarios del Ministerio de Agricultura, Ganader\u00eda y Pesca de la Naci\u00f3n, que se comprometieron a hacer lo posible para buscar l\u00edneas de financiamiento. Respecto de eso la l\u00ednea de inversi\u00f3n productiva del Banco de la Provincia de Buenos Aires estuvo disponible a tasas muy favorables, muy favorables si se quiere para quienes eran sujetos de cr\u00e9dito. Luego, con el tema de Arba, a poquitos d\u00edas de haberse producido el siniestro en el distrito se hizo presente el responsable de Arba de la Provincia Iv\u00e1n Budassi, dej\u00e1ndonos un listado y mapas con todos los productores que estaban dentro de esta exenci\u00f3n inmobiliaria, del impuesto inmobiliario, perd\u00f3n, y se public\u00f3 el listado y se llam\u00f3 a aquellos productores que hubieran tenido alg\u00fan tipo de inconveniente, porque ni siquiera ten\u00eda que llegarles la boleta del impuesto inmobiliario. En el caso de que les hubiere \u00a0llegado, o hubieran tenido el problema, en la oficina local de Arba se podr\u00eda haber solucionado el tema. Luego, estamos, estimo que a pocos d\u00edas, porque nosotros ac\u00e1 hemos aprobado un convenio con el Ministerio de Agricultura, Ganader\u00eda y Pesca de la Naci\u00f3n por un mill\u00f3n de pesos, estamos estimo que a pocos d\u00edas de que se haga efectiva la ayuda. No se decirles si a trav\u00e9s de un fondo rotatorio o c\u00f3mo va a ser estimada, o c\u00f3mo va a ser dispuesta esta ayuda, pero seguramente que va a llegar a los productores. Y luego tambi\u00e9n recalcar que no han expresado dos o tres productores, en febrero de este a\u00f1o se dispuso una suma de alrededor de dos millones de pesos para lo que es infraestructura rural, para reposici\u00f3n de infraestructura rural, esto gestionado a trav\u00e9s de, por parte del Intendente a trav\u00e9s de la Secretar\u00eda de Producci\u00f3n local, con la mesa agropecuaria, una suma como dec\u00eda de alrededor de dos millones y medio de pesos para la reposici\u00f3n de alambrados, aguadas, y materiales. En principio, este fondo rotatorio, quiero aclarar que no estaba pensado para resolver la problem\u00e1tica de los incendios pero habi\u00e9ndose producido en enero tranquilamente puede haberse utilizado para el tema como lo hicieron dos o tres de los productores mencionados. Nada m\u00e1s Sr. Presidente\u201d.<br \/>\n&nbsp;<br \/>\nConcejal Gabella Ezequiel:<br \/>\n\u201cQuer\u00eda hacer menci\u00f3n a una situaci\u00f3n vivida en el d\u00eda de hoy, en el cual mantuve una charla con el Director de Bromatolog\u00eda de la Municipalidad de Tornquist, el se\u00f1or Luciano Fontanes, que me hizo saber que se hab\u00eda sentido molesto porque hab\u00eda llegado a sus o\u00eddos que en una reuni\u00f3n mantenida en el Concejo Deliberante con gente de la  C\u00e1mara de Comercio de Villa Ventana, yo hab\u00eda hecho menci\u00f3n de que particulares de Sierra de la  Ventana se quejaban de que no se hac\u00edan los controles bromatol\u00f3gicos correspondientes en los locales comerciales, principalmente en los de venta de comida\u00a0 de la localidad de Sierra de la Ventana. El se\u00f1or Luciano Fontanes se dirigi\u00f3 hoy al Concejo Deliberante y trajo consigo copias de las sucesivas actas que ha labrado de inspecci\u00f3n a los distintos locales. De ninguna manera tuve intenci\u00f3n de perjudicarlo en su trabajo, creo que el gesto de \u00e9l es muy aplaudible porque sinti\u00e9ndose afectado por los dichos de un funcionario viene con informaci\u00f3n sin siquiera necesidad de que se la pida. Cu\u00e1nto m\u00e1s f\u00e1cil ser\u00eda para nosotros\u00a0 como Concejales, cuando solicitamos informaci\u00f3n, que esa informaci\u00f3n se nos suministre. En este caso no me quepa la menor duda que desde la Direcci\u00f3n de Bromatolog\u00eda se viene haciendo lo que corresponde con los, y de esto me hago cargo yo, escasos recursos humanos y econ\u00f3micos que tiene el \u00e1rea de Inspecci\u00f3n en general del municipio, y que no puede hacer efectivo su trabajo. Digo esto porque yo lo hab\u00edamos dicho en su momento, los inspectores de Sierra de la Ventana hacen su trabajo, y es admirable como lo hacen ya que lo hacen a pie por ejemplo, no tienen ni siquiera un veh\u00edculo para moverse dentro de la ciudad o para dirigirse a otro sector, cuando la situaci\u00f3n lo amerita. Son dos temas totalmente aparte, por un lado reconozco la actitud del se\u00f1or Luciano Fontanes y si con mis dichos vio afectado su trabajo y su desempe\u00f1o como funcionario\u00a0 municipal pido las disculpas del caso. Esto no quita una situaci\u00f3n en particular que se vivi\u00f3 en esa reuni\u00f3n mantenida con la gente de la C\u00e1mara de Comercio de Villa Ventana, en la cual uno de los vecinos e integrantes de dicha c\u00e1mara dio una frase que la verdad es que me caus\u00f3 cierto dolor que en la sociedad est\u00e9 instalado, \u201cque no tiene mucho sentido hacer ordenanzas, si total, qui\u00e9n va a controlar\u201d. Es grav\u00edsimo que en la gente est\u00e9 instalada esta idea, de que no tiene sentido regular y legislar al respecto de una determinada actividad, o de una determinada situaci\u00f3n, cuando no se van a ejercer los controles pertinentes. Esto lo quer\u00eda ilustrar con un caso en particular, de un vecino de la ciudad de Tornquist interesado en habilitar un local, perd\u00f3n, un local no, un puesto de venta ambulante, bas\u00e1ndose en la ordenanza que fue aprobada por mayor\u00eda en el Concejo Deliberante, ya hace bastante tiempo, y la cual hasta el d\u00eda de la fecha no cuenta con su correspondiente promulgaci\u00f3n y reglamentaci\u00f3n, cosa que considero que dado el tiempo que ha pasado ya deber\u00eda existir, a\u00fan tomando en cuenta que existe predisposici\u00f3n por parte del Concejo Deliberante, o al menos de los Bloques autores del proyecto, a trabajar y a ayudar con respecto a esa reglamentaci\u00f3n. Este interesado en habilitar un puesto ambulante se dirigi\u00f3 a usted Sr. Presidente, pregunt\u00e1ndole cu\u00e1les eran los pasos a seguir o si el ya pod\u00eda en este momento empezar a vender de esta manera, como corresponde y respetando los pasos pertinentes,\u00a0 usted le respondi\u00f3 Sr. Presidente,\u00a0 que ten\u00eda que dirigirse al Intendente pregunt\u00e1ndole a \u00e9l precisamente, si exist\u00eda en breve tiempo que se iba a reglamentar dicha ordenanza, y las palabras seg\u00fan lo que dice este interesado en habilitar el comercio, las palabras del Intendente fueron que estaban esperando un tiempo porque los Concejales no se pon\u00edan de acuerdo. S\u00ed, es cierto que no nos pusimos de acuerdo, porque por eso fue una Ordenanza aprobada por mayor\u00eda, pero la manera que tenemos como Concejo Deliberante de decir que estamos de acuerdo o no de acuerdo en algo es la aplicaci\u00f3n de los mecanismos de las mayor\u00edas, y si est\u00e1 contemplado que una ordenanza se pone a consideraci\u00f3n y la mayor\u00eda representativa directa de la gente, dice que esa ordenanza est\u00e1 en condiciones de entrar en vigencia, ser\u00e1 porque tomamos la decisi\u00f3n pol\u00edtica de que entre en vigencia. Y el Intendente, en vez de dar este tipo de respuestas, lo que tiene que hacer es arbitrar los medios para reglamentarla, y para que esa ordenanza que tuvimos la intenci\u00f3n de que entre en vigencia efectivamente entre en vigencia y creo que se tom\u00f3 en consideraci\u00f3n un amplio margen para que esa reglamentaci\u00f3n sea acorde al criterio que le quer\u00eda imprimir a esa ordenanza el Sr. Intendente, porque gran parte de la Ordenanza, contrario a lo que algunos opinan, de que es una ordenanza que sali\u00f3 a la ligera, es una ordenanza precisamente para regular una actividad pero que le deja un amplio margen al Intendente y a su gabinete para que cada uno entendiendo en su \u00e1rea pongan en funcionamiento esta Ordenanza, y que se cumpla con la voluntad pol\u00edtica que existi\u00f3 por mayor\u00eda en este caso, en este Concejo Deliberante. Nada m\u00e1s Sr. Presidente\u201d.<br \/>\n&nbsp;<br \/>\nConcejal Kloster Noel\u00ed:<br \/>\n\u201cQuer\u00eda dejar asentado que el d\u00eda 2 de junio desde este Bloque se solicit\u00f3 informaci\u00f3n a Obras P\u00fablicas a efectos de interiorizarnos acerca de la cantidad de medidores de agua que se llevaban instalados hasta esa fecha, por lo menos. Al d\u00eda de hoy, y ya casi cumpli\u00e9ndose tres meses no hemos recibido ninguna respuesta al respecto. Y quiero recordar tambi\u00e9n de que cuando se elabor\u00f3 la Ordenanza sobre el uso racional del agua frente a la temporada estival, el Frente Renovador acompa\u00f1\u00f3 esa Ordenanza con el compromiso desde el Ejecutivo de colocar los medidores que hac\u00edan falta, porque hab\u00eda viviendas, o hay viviendas que no tienen medidores y otras que no est\u00e1n en las mejores condiciones esos medidores. Yo lo \u00fanico que quiero recordar es, bueno, primero\u00a0 que no hemos obtenido respuesta, segundo que esa fue la condici\u00f3n sine qua non desde este Frente Renovador y tercer, que paulatinamente la temporada estival se est\u00e1 acercando. Gracias Sr. Presidente\u201d.<br \/>\n&nbsp;<br \/>\nConcejal Moroncini Gustavo:<br \/>\n\u201cCon respecto a la nota enviada por la Asociaci\u00f3n Rural quer\u00eda decir que no es una nota de reclamo, es un informe de los da\u00f1os y las p\u00e9rdidas, del gran siniestro, si bien se puede dividir en tres incendios, o dos incendios, el gran siniestro a partir de diciembre que hubo en las sierras de nuestra zona, dejaron muchas p\u00e9rdidas, tambi\u00e9n vino el Gobernador en ese momento a dar apoyo a los productores, y como ley\u00f3 aqu\u00ed\u00a0 la Secretaria del Concejo\u00a0 en casi todos los reclamos dice \u201cno recibimos nada de lo prometido\u201d. Yo no tengo ni idea si prometieron o no, pero todos dicen que no recibieron nada de lo prometido. Tambi\u00e9n, con el tema del basurero, que lo nombr\u00f3 el Concejal, creo que, palabras de \u00e9l fue \u201cse cree que se gener\u00f3 en el basurero\u201d, no, se gener\u00f3 en el basurero, no es que se cree. Despu\u00e9s, lo de infraestructura rural que se le dio a algunos productores, que son tres, o dos los que tomaron, eso se decidi\u00f3 en la mesa agropecuaria, tengo entendido, y despu\u00e9s se puso de manifiesto cuando naci\u00f3 la necesidad del incendio, creo que es as\u00ed. Nosotros hace muy pocos d\u00edas firmamos un convenio con respecto a eso, donde se otorg\u00f3 un mill\u00f3n de pesos, y setecientos son para los productores, y trescientos mil para arreglos de maquinarias de la municipalidad, de los cuales todav\u00eda no ha llegado nada. O sea, yo creo que en ese sentido estamos en deuda con el sector productivo y los que han sufrido en incendio de la zona nuestra. Nada m\u00e1s Sr. Presidente\u201d.<br \/>\n&nbsp;<br \/>\nConcejal Ant\u00f3n V\u00edctor:<br \/>\n\u201cSi, nosotros estuvimos indagando sobre el tema del convenio firmado, y como yo comentaba el d\u00eda 8 de agosto se ha acreditado en la cuenta municipal correspondiente el mill\u00f3n de pesos por el cual hab\u00edamos firmado el convenio, por eso yo dec\u00eda que en los pr\u00f3ximos d\u00edas ya seguramente que vamos a tener novedades de cual va a ser la operatoria de parte de la Secretar\u00eda de Producci\u00f3n para la ayuda que corresponda a los productores afectados por el incendio. Nada m\u00e1s Sr. Presidente\u201d.<br \/>\n&nbsp;<br \/>\nConcejal Moroncini Gustavo:<br \/>\n\u201cNo ten\u00eda referencia de que hab\u00eda entrado, yo en la \u00faltima reuni\u00f3n de la mesa agropecuaria todav\u00eda no hab\u00eda entrado ese dinero al municipio. Gracias\u201d.<br \/>\n&nbsp;<br \/>\nEl Presidente del Concejo Bordoni Sergio solicita al Concejal Moroncini Gustavo Vicepresidente Primero que se haga cargo de la Presidencia para poder expresarse desde la Banca.<br \/>\n&nbsp;<br \/>\nConcejal Bordoni Sergio:<br \/>\n\u201cVoy a empezar mi alocuci\u00f3n de la Banca con algo que sin querer hoy cuando llegu\u00e9 al Concejo y a sacar los d\u00edas del almanaque, tiene una frase que creo que tiene mucho que ver con todo lo que voy a expresar Sr. Presidente. La frase dice: \u201cDoloroso es el tiempo que entre dudas pasa\u201d. Primeramente me voy a hacer referencia al Pedido de Informes que hemos presentado hoy, uno de los Pedidos de Informes, el cual tiene que ver con las ciento cincuenta y cuatro hect\u00e1reas que son, que pertenecen a la municipalidad de Tornquist, y que una persona, un tercero, hace diecinueve a\u00f1os aproximadamente, no se si la estar\u00e1 explotando pero est\u00e1n dentro de su casco, pero son ciento cincuenta y cuatro hect\u00e1reas municipales. Y con la necesidad de tierras que hoy tenemos, y sobre todo en Sierra de la Ventana, la verdad que en otras reuniones, hemos tenido reuniones con el Intendente y siempre le hac\u00edamos hincapi\u00e9 en ese tema, y la respuesta Sr. Presidente era, \u201clo que pasa es que este se\u00f1or tiene un cuerpo de abogados impresionante\u201d, que est\u00e1 b\u00e1rbaro, seguramente tiene el dinero, y puede tener un cuerpo de abogados impresionante. Pero eso no quita que estas ciento cincuenta y cuatro hect\u00e1reas que son nuestras, que son de la  Municipalidad de Tornquist, y que tengo los informes de Arba, tengo el n\u00famero de dominio, y que est\u00e1 activo para el Municipio de Tornquist, en el cual pertenecen a nuestro patrimonio, no se haya en ning\u00fan momento intimado a esta persona o presentado alg\u00fan proyecto alternativo para tomar posesi\u00f3n de esas ciento cincuenta y cuatro hect\u00e1reas Sr. Presidente. Y hago acotaci\u00f3n a esto porque tenemos una necesidad imperiosa en Sierra de la Ventana, que es el famoso Camino de las Carretas, en el cual obviamente tenemos dos opciones, o expropiar tierras del se\u00f1or en cuesti\u00f3n, que est\u00e1 ocupando estas ciento cincuenta y cuatro hect\u00e1reas, o negociar. Yo digo negociar por qu\u00e9, si al Municipio de Tornquist hoy se le ocurriera elevar cualquier proyecto de estas ciento cincuenta y cuatro hect\u00e1reas, la servidumbre de paso al declarar la obra de inter\u00e9s p\u00fablico no se podr\u00eda negar. Obviamente que el se\u00f1or en cuesti\u00f3n tendr\u00eda que entregar la servidumbre de paso, sin ning\u00fan costo para este municipio. Ahora bien, lo que nosotros necesitamos no son las ciento cincuenta y cuatro hect\u00e1reas, necesitamos tierras que si tenemos la decisi\u00f3n pol\u00edtica de expropiarla tambi\u00e9n se pueden expropiar. Obviamente que se pueden expropiar, y tal vez tengan un costo superior a lo que valen las ciento cincuenta y cuatro hect\u00e1reas o no, no se el costo que pueden llegar a tener, ni soy agrimensor ni tasador de campos. Pero me parece que este tipo de cosas, m\u00e1ximo que en Ventana necesitamos tierras para todo, para un cementerio, para un basurero, para cualquier cosa, y tener ciento cincuenta y cuatro hect\u00e1reas, que no digo que sea el lugar eh, no lo tomen como decir Bordoni quiere poner el basurero, no, yo este Pedido de Informes primeramente lo que hice fue mandar una nota a Obras P\u00fablicas, obviamente que tengo la fecha que mand\u00e9 la nota, y como para no pasar por encima se la mand\u00e9 a la se\u00f1ora que est\u00e1 en Catastro, que es la se\u00f1ora Olivera. Lamentablemente esa nota tiene fecha, agu\u00e1nteme Sr. Presidente que la busque, la verdad es que tengo mucha documentaci\u00f3n, y casi todo tiene que ver con obra p\u00fablica, ac\u00e1 est\u00e1, se la mand\u00e9 el d\u00eda veintiuno de julio, preguntando si ten\u00eda conocimiento de esas tierras. Obviamente que no recib\u00ed respuestas, y si recib\u00ed respuesta de Arba, ac\u00e1 tengo la plancheta de las tierras, con el estado de dominio, donde figura que son de la Municipalidad de Tornquist. Por eso no quer\u00eda presentar antes un Pedido de Informes, exigiendo a este Ejecutivo que tome medidas sobre esto, porque la verdad es que obviamente que no puede esta persona por la ley veintea\u00f1al hacerse due\u00f1o de esas tierras, porque no es privado, gracias a Dios es municipal, sino el a\u00f1o que viene, si hubiera sido algo privado, estar\u00edamos en una posesi\u00f3n veintea\u00f1al y hubi\u00e9ramos perdido ciento cincuenta y cuatro hect\u00e1reas. Por suerte son municipales y consta en Arba. As\u00ed que yo creo que este Pedido de Informes m\u00e1s que un Pedido de Informes es una necesidad que este Ejecutivo tiene que tomar el toro por las astas y ver de qu\u00e9 forma se negocia con este se\u00f1or que dice tener seg\u00fan en este Ejecutivo un cuerpo de abogados impresionante, pero las leyes son parejas para todo el mundo, y creo que eso es lo que es necesario. Y haciendo un reconto de todo lo que hemos presentado desde que se iniciaron las sesiones ordinarias a la fecha, la verdad es que, por eso empec\u00e9 con esa frase, por ejemplo, el quince de abril se pidi\u00f3, se hizo, en\u00a0 Sesi\u00f3n Ordinaria del\u00a0 seis de mayo sali\u00f3 para el Ejecutivo el ocho de mayo, sobre el doble sentido de las calles de la ciudad de Tornquist. Se mand\u00f3 por su puesto,\u00a0 la opini\u00f3n de viabilidad, a Obras P\u00fablicas. A la fecha, estamos hablando del ocho de mayo, a la fecha no hay nada, absolutamente nada. El d\u00eda tres de junio, se aprob\u00f3 un Proyecto de Resoluci\u00f3n de puesta en funcionamiento del Centro de Monitoreo y Control Permanente, \u00bfno?, el tres de junio \u00a0se aprob\u00f3 ese proyecto, sali\u00f3 para el Departamento Ejecutivo el cuatro de junio, a la fecha no tenemos informaci\u00f3n. Hago un reconto de todo esto porque a veces la gente nos pregunta y pareciera que desde el Concejo Deliberante nosotros parece que no estuvi\u00e9ramos haciendo nada. Lo que pasa es que muchas veces encontramos estos impedimentos. El d\u00eda diecisiete de junio se present\u00f3 una Minuta de Comunicaci\u00f3n para algo tan simple como la construcci\u00f3n de rampas para acceso de personas con capacidades diferentes en los edificios p\u00fablicos del distrito. Sali\u00f3 el dieciocho de junio, regres\u00f3 al Honorable Concejo Deliberante el veinticuatro de junio, y el quince de julio pas\u00f3 al Archivo, obviamente. A la fecha, las rampas de, por ejemplo, el Registro Civil de Tornquist no est\u00e1n hechas, ni se sabe cuando se van a hacer. Hay varias versiones pero en la realidad todav\u00eda oficialmente no tenemos nada que diga que esas rampas est\u00e1n para empezar a hacerse. El d\u00eda diecisiete de junio se hizo un Pedido de Informes referente al accidente que se produjo viniendo de la ciudad de Saldungaray, de una maquinaria important\u00edsima para el municipio, de mucho costo, y se hizo un Pedido de Informes. Sali\u00f3 el dieciocho de junio para el Ejecutivo, a la fecha tampoco, desde Obras P\u00fablicas tenemos informaci\u00f3n de lo acontecido por ese accidente. Alg\u00fan responsable tiene que haber, esa maquinaria cost\u00f3 much\u00edsima plata a este municipio y brindaba un servicio extraordinario. Hoy por hoy seguramente se debe estar reparando y seguramente cuando est\u00e9 reparada vamos a saber los costos de los arreglos de esa m\u00e1quina, pero bueno, vuelvo a repetir, dieciocho de junio, estamos en dos meses, julio y agosto, estamos a diecinueve, tampoco tenemos informaci\u00f3n. Tambi\u00e9n el quince de julio sali\u00f3 al Departamento Ejecutivo, no, se aprob\u00f3 el quince de julio y el diecis\u00e9is de julio sali\u00f3 al Departamento Ejecutivo, algo important\u00edsimo que la C\u00e1mara de Comercio de Tornquist estaba pidiendo, porque la verdad es que si hablamos del C\u00f3digo de Planeamiento Urbano, tenemos mucho para hablar, y lo lerdo que va, y dem\u00e1s, pero esto, sali\u00f3 hecho ya desde este Concejo Deliberante cuando se nos ped\u00eda que el Concejo Deliberante pod\u00eda modificar el C\u00f3digo de Planeamiento Urbano, se hizo, el diecis\u00e9is de julio, se envi\u00f3 a Obras P\u00fablicas para emitir opini\u00f3n de lo presentado, como tantas veces se dice, no se aprob\u00f3 apresurado, y queremos que emita una opini\u00f3n, obviamente que est\u00e1 avalado por la C\u00e1mara de Comercio el que hemos presentado, y es lo que pide la  C\u00e1mara de Comercio de Tornquist, a la fecha tampoco hemos tenido informaci\u00f3n. Tambi\u00e9n se pidi\u00f3 a pesar de que en esa sesi\u00f3n la Concejal Musso respondi\u00f3, pero queremos por escrito el informe de la reposici\u00f3n de algunos tramos de la bicisenda, sali\u00f3 el seis de agosto, esto es reciente, tenemos que darle m\u00e1s tiempo seguramente porque estamos hablando de junio a agosto, claro, es muy reciente, tal vez en este<br \/>\n caso es muy reciente para lo que estoy pidiendo des de mayo, \u00bfno? Lo triste de todo esto es que este Expediente que tengo ac\u00e1 sali\u00f3 el tres de mayo del dos mil doce. Sali\u00f3 a Obras P\u00fablicas, vecinos de Avenida 9 de Julio, Alem, Ventura Picado, referencia interferencia radial que se origina a partir del funcionamiento de las nuevas fuentes ubicadas en la Plaza Ernesto Tornquist. Ese Expediente hoy est\u00e1 perdido, se perdi\u00f3 en la oficina de Obras P\u00fablicas, vuelvo a reiterar. Por eso yo digo, tal vez tenga dudas, yo quiero pensar que tiene dudas, que no tiene tiempo, pero, el tiempo de la gente no es el mismo tiempo de los pol\u00edticos, la gente tiene necesidades hoy y ac\u00e1 estamos hablando de cosas simples, he, no estamos hablando de construcci\u00f3n de barrios, no, estamos hablando de la construcci\u00f3n de una rampa para discapacidad, de gente con discapacidad, me parece que, aqu\u00e9l que viene a renovar el documento y tiene una silla de ruedas hoy por hoy se tiene que quedar afuera del Registro Civil o esperar a que alguien lo venga a ayudar a subir las escaleras. El otro d\u00eda, sin m\u00e1s, quiso entrar una persona discapacitada, que le faltaban las dos piernas, al Municipio de Tornquist, la verdad es que admirable ver c\u00f3mo trabajaba ese chico en esa silla de ruedas y como manejaba su veh\u00edculo, pero se encontr\u00f3 con el impedimento que, tenemos una rampa pero cuando lleg\u00f3 a la puerta de la  Municipalidad lo \u00fanico que pod\u00eda abrir era la parte de abajo de la puerta porque la silla de ruedas por esa puerta angosta no pasa, pero la parte de arriba era imposible abrirla. Tengo fotos que eso pas\u00f3, porque la llam\u00e9 a Valentina para que sacara una foto, de cosas que hay que cambiar, no solo de preservar la obra de Salamone, sino es importante, cuando se habla de discapacidad, al discapacitado darle la igualdad que la ley dice, la igualdad que la ley dice que un discapacitado debe tener ante la sociedad, porque sino, nos rasgamos las vestiduras, y hablamos del d\u00eda nacional de discapacidad, de capacidades diferentes y despu\u00e9s resulta que una persona que se estaba ganando la vida, que est\u00e1 peleando contra una desgracia que tuvo en un accidente de ferrocarril, llega a un lugar que no puede entrar sino le abren la puerta, un lugar p\u00fablico, no estamos hablando de una propiedad privada. Son cosas que a veces, no se si, c\u00f3mo llamarlo, si es una falta de comunicaci\u00f3n que tiene el Departamento Ejecutivo, cuando digo el Departamento Ejecutivo es el Intendente con la oficina a la cual\u00a0 va el Expediente, o qu\u00e9, pero las cosas as\u00ed no caminan, y\u00a0 yo lo que estoy hablando est\u00e1 documentado con todas las cartas que ustedes pueden ver, est\u00e1 documentado, no es algo que se est\u00e1 inventando, y es importante, por lo menos para la gente que lo pide, porque no lo piden los Concejales de las distintas bancadas, seguramente a ustedes les ha pasado tambi\u00e9n que han pedido cosas, y seguramente no est\u00e1n resueltas, y \u00bfc\u00f3mo quedamos ante la sociedad?, quedamos como que somos unos ineptos, como que no nos preocupamos por la gente, y la falencia no est\u00e1 en el Concejo Deliberante muchachos, la falencia viene en las distintas secretar\u00edas que a veces hacen o\u00eddos sordos ante el pedido de este Concejo Deliberante. Entonces esto es lo que a veces, no es que me enoja, porque la verdad es que me preocupa, nos tiene que ocupar, no enojarnos, porque la verdad es que no llegamos a nada pele\u00e1ndonos entre nosotros, porque no es la idea de pelearme con ustedes, porque se que a ustedes les ha pasado exactamente igual que a nosotros, pero, \u00bfc\u00f3mo solucionamos este tipo de cosas?, tenemos que interpelar, hay que llegar a eso, interpelar a alguien de distintas secretar\u00edas para que d\u00e9 respuestas de las cosas que no se cumplen. Es dif\u00edcil pero no imposible. Si tenemos que llegar a una interpelaci\u00f3n lo haremos, porque hay cosas que son de vieja data, de muy vieja data, y no se pueden perder los expedientes eh, porque la verdad es que un expediente del tres de mayo del dos mil doce no puede estar perdido. Otro tema que quiero tocar es el tema del Fondo Educativo. Y cuando se habla del Fondo Educativo, hubo una nota presentada hoy por una directora del Jard\u00edn de Infantes 901, que se sinti\u00f3 agravada por los dichos de un Concejal de este Concejo Deliberante. Yo creo que, o no escuch\u00f3 bien lo que dijo el Concejal, porque la verdad es que nunca se le hubiera ocurrido al Concejal, y no soy quien para defenderlo pero me parece que si escucha la nota bien, va a entender lo que yo voy a explicar, lo que voy a explicar ahora, que lo que est\u00e1n haciendo con el Fondo Escuela, que seg\u00fan Baradel el d\u00eda que se arregl\u00f3 el tema del aumento a los docentes sali\u00f3 en todos los medios publicando que estaba solucionado, y que el Fondo Educativo,\u00a0 un cuarenta por ciento del Fondo Educativo\u00a0 iba a pasar directamente a las cooperadoras de las distintas escuelas, a los que no tuvieran cooperadoras directamente a los directores de las escuelas. Yo tengo un cuadro de Excel con el Fondo Compensador, que es muy distinto al Fondo Educativo, el cual s\u00ed maneja el Consejo Escolar, que es la Ley trece mil diez, que ingreso mensual del mismo es cuarenta y nueve mil trescientos veintisiete pesos, estimadamente, a veces m\u00e1s, a veces menos. Vamos a redondear, cincuenta mil pesos, cincuenta mil pesos, el cuarenta por ciento de eso ser\u00edan veinte mil pesos, \u00bfsaben cu\u00e1nto le corresponde a cada escuela por, en forma igualitaria, ese es otro error, le corresponden cuatrocientos pesos, una verg\u00fcenza, una verg\u00fcenza, de los cuales se tiene que hacer cargo la roturas de vidrio, reposici\u00f3n de luminarias, por mes les estoy hablando, \u00bfno?, miren que distinto hubiera sido si se hubieran tomado del fondo educativo. Por ejemplo, para mayo el ingreso mensual del fondo Compensador para el Consejo Escolar fueron cuarenta y nueve mil trescientos veintisiete pesos, para el Fondo Educativo, para este municipio, fueron cuatrocientos setenta y un mil ochocientos sesenta y ocho pesos. Le corresponde a las distintas escuelas ciento ochenta y ocho mil pesos y monedas. Hay alguna diferencia, mucha diferencia, y le quedaba todav\u00eda al Intendente Municipal doscientos sesenta mil pesos para poder distribuir como lo que est\u00e1 haciendo, tapando distintos baches no solo de escuelas sino de entidades deportivas, como la ha hecho este \u00faltimo tiempo, que no me parece mal, si tuvi\u00e9ramos todas las escuelas en condiciones me parece b\u00e1rbaro. Es por eso que se confunden los roles, nosotros no tenemos ning\u00fan problema en ayudar a instituciones, de hecho lo hacemos con todas, pero no contamos con presupuesto, no contamos con presupuesto oficial como para hacer donaciones de ese tipo de donaciones que exig\u00eda el Jard\u00edn 901. Creo que vino equivocada la nota, y ah\u00ed, tal vez, se ha sentido molesta la Directora, me parece que si hubiera escuchado la nota, es lo que con el fondo Educativo se podr\u00eda haber logrado, o bien con el Consejo Escolar que a ver, como viene la cosa, cada vez le sacan m\u00e1s herramientas al Consejo Escolar, y como sigan as\u00ed actuando, la verdad es que no tiene sentido que el Consejo Escolar siga funcionando, sinceramente lo digo, porque cada vez le cortan m\u00e1s los recursos, sin ir m\u00e1s lejos el otro d\u00eda hubo un problema en la Escuela  N\u00ba 6 de Chasic\u00f3, y a ra\u00edz de eso ahora hay distintos reclamos de los distintos proveedores, gasistas matriculados del distrito, era imperiosa la necesidad, obviamente que fueron al Consejo Escolar, obviamente que el Consejo Escolar no ten\u00eda esos fondos para hacerlo, se lo derivan al Intendente Municipal, y s\u00ed el Intendente obvio que s\u00ed\u00a0 tiene el dinero, porque en el Fondo Educativo hay tres millones seiscientos veinte mil pesos, es una cifra important\u00edsima, y en seguida se arregl\u00f3 el tema del gas, con muy bien criterio, no, vuelvo a decir que no esta mal que se haya arreglado, porque era prioritario que haya gas\u00a0 en una escuela. Ahora me parece que si al rev\u00e9s, este Fondo Educativo hubiera estado del otro lado,\u00a0 el Consejo Escolar, porque la obra creo que sali\u00f3 algo de sesenta mil pesos, el Poder Ejecutivo tiene hasta setenta mil pesos no necesita licitaci\u00f3n previa para ning<br \/>\nuna obra, de hecho no se licit\u00f3, y se le dio a un gasista matriculado que seg\u00fan otro gasista no tiene la categor\u00eda para hacer una obra de esa envergadura, pero eso se ver\u00e1 despu\u00e9s, m\u00e1s adelante, cuando hagan el reclamo pertinente porque hoy estuvieron hablando con nosotros, pero bueno, m\u00e1s all\u00e1 de eso, si esa plata que estamos hablando hubiera estado del otro lado, el Consejo Escolar podr\u00eda haber dado la soluci\u00f3n de la misma forma que la dio el Intendente, porque no hizo gesti\u00f3n el Intendente, solo hizo, disponer de un recurso que tiene, y me parece b\u00e1rbaro que lo haya hecho, no se tuvo que gestionar ese dinero, as\u00ed como no se tuvo que gestionar para el Intendente Municipal ser\u00eda importante que el Consejo Escolar, que es el que tiene que estar a cargo de todas las entidades educativas del distrito, tuviera los fondos suficientes, porque sino qu\u00e9 sentido tiene estar pagando sueldos para algo que realmente no funciona como tal, sino pasa por el Ejecutivo Municipal, pero no por culpa del Consejo Escolar que tenga que pasar por Ejecutivo Municipal porque, a ver, los integrantes oficialistas del Consejo Escolar quieren que pase, porque no tienen recursos y de la misma infraestructura de la  Provincia de Buenos Aires est\u00e1n diciendo, p\u00eddanselo al Intendente, porque es el que tiene los fondos del Fondo Educativo. Entonces, eso es lo que confunde a la gente, y me parece innecesario que se llegue a eso, innecesario. Me parece que de una vez por todas aquellos legisladores a nivel provincial, nacional, tienen que trabajar en serio, y cuando digo en serio es de una vez por todas fijarse si es viable que el Consejo Escolar siga existiendo o seguimos con el clientelismo pol\u00edtico de decir pasa todo por las manos de un Ejecutivo, sea el Intendente que le toque, eh, no solo este, porque est\u00e1n todos iguales, sean radicales, sean justicialistas, sean del partido que sean, y eso es lo que no tiene que pasar, las directoras de las distintas escuelas educativas no tendr\u00edan que estar molestando al Intendente, porque el Intendente est\u00e1 para otra cosa, en realidad no lo tienen que molestar a \u00e9l, para eso est\u00e1 el Consejo Escolar, pero no pasa, porque no tiene los fondos, y esto se crea a trav\u00e9s del clientelismo, vuelvo a repetir, y no solo en este municipio, a pesar que en algunos municipios justicialista como el de Pig\u00fc\u00e9, s\u00ed le entreg\u00f3 el cuarenta por ciento de los fondos del Fondo Educativo al Consejo Escolar, s\u00ed le entreg\u00f3 el cuarenta por ciento. Por eso digo que el proyecto que tenemos presentado no es descabellado ni es loco, tenemos argumentos v\u00e1lidos para que este proyecto sea aplicable y ser\u00eda descomprimir un poco la situaci\u00f3n de los Consejos Escolares y de las mismas directoras que a veces est\u00e1n obligadas a mendigar, realmente, est\u00e1n obligadas a mendigar, y eso no es, a ver, avergonzarse, la verdad es que toda directora que est\u00e1 en una escuela quiere lo mejor para su escuela, \u00bfo no es as\u00ed?, quiere lo mejor y va a tratar de por todos los medios, f\u00edjense ustedes si m\u00e1s, la carta que presentaron ac\u00e1, desconociendo que este Cuerpo Deliberativo no tiene fondos propios para hacer m\u00e1s all\u00e1 de lo que aportamos los Concejales, o que alg\u00fan Concejal quiera aportar. Se confunden los roles muchachos, entonces, no es descabellado el Proyecto que hemos presentado que vuelvo a repetir, Pig\u00fc\u00e9, Intendente Corvatta, que es del Frente para la Victoria, le dio el cuarenta por ciento del Fondo Educativo para que maneje el Consejo Escolar, creo que no es descabellado lo que estamos pidiendo. As\u00ed que quer\u00eda hacer un breve reconto porque estoy cansando de que la gente nos pare en la calle y nos haga los reclamos que hace tiempo los hemos hecho y hace tiempo que no tenemos respuesta. Nada m\u00e1s Sr. Presidente\u201d.<br \/>\n&nbsp;<br \/>\nHONORABLE CONCEJO DELIBERANTE<br \/>\n&nbsp;<\/p>\n","protected":false},"excerpt":{"rendered":"<p>httpv:\/\/www.youtube.com\/watch?v=8kJ_1g3NY5g httpv:\/\/www.youtube.com\/watch?v=cnGB1IswcVQ Comunicaciones Oficiales y Dict\u00e1menes de las Comisiones: Expte. N\u00ba4114-237\/14: \u201cRegularizaci\u00f3n Dominial: Solicita regularizar situaci\u00f3n dominial de la vivienda N\u00ba 9 del barrio \u201cSolidaridad 80 Viviendas en Tornquist\u201d. Pasa a las Comisiones de Interpretaci\u00f3n y Reglamento y Obras P\u00fablicas. &nbsp; Expte. N\u00ba 261\/14: \u201cD.E. Convalida\u00a0 la firma del Contrato de Locaci\u00f3n por el inmueble [&hellip;]<\/p>\n","protected":false},"author":1,"featured_media":0,"comment_status":"closed","ping_status":"open","sticky":false,"template":"","format":"standard","meta":{"footnotes":""},"categories":[51,52,53,64],"tags":[],"class_list":["post-22821","post","type-post","status-publish","format-standard","hentry","category-comunidad","category-destacadas","category-politica","category-videos-destacados"],"yoast_head":"<!-- This site is optimized with the Yoast SEO plugin v19.7.1 - https:\/\/yoast.com\/wordpress\/plugins\/seo\/ -->\n<title>HCD.: INFORME SESI\u00d3N ORDINARIA Y LA OPINION DE LOS CONCEJALES BORDONI Y ANTON - CELTTV<\/title>\n<meta name=\"description\" content=\"Sitio web de noticias de la localidad de Tornquist, provincia de Buenos Aires, Rep\u00fablica Argentina. Contenido propio originado por periodistas de CELTTV, el canal de TV local de la Cooperativa El\u00e9ctrica de Tornquist. Turismo, Pol\u00edtica, Sociedad, Deporte, Cultura y todo el contenido de inter\u00e9s general que la gente del pueblo y la regi\u00f3n debe conocer.\" \/>\n<meta name=\"robots\" content=\"index, follow, max-snippet:-1, max-image-preview:large, max-video-preview:-1\" \/>\n<link rel=\"canonical\" href=\"https:\/\/www.celttv.com.ar\/index.php\/2014\/08\/22\/hcd-informe-sesion-ordinaria-y-la-opinion-de-los-concejales-bordoni-y-anton\/\" \/>\n<meta property=\"og:locale\" content=\"es_ES\" \/>\n<meta property=\"og:type\" content=\"article\" \/>\n<meta property=\"og:title\" content=\"HCD.: INFORME SESI\u00d3N ORDINARIA Y LA OPINION DE LOS CONCEJALES BORDONI Y ANTON - CELTTV\" \/>\n<meta property=\"og:description\" content=\"Sitio web de noticias de la localidad de Tornquist, provincia de Buenos Aires, Rep\u00fablica Argentina. Contenido propio originado por periodistas de CELTTV, el canal de TV local de la Cooperativa El\u00e9ctrica de Tornquist. Turismo, Pol\u00edtica, Sociedad, Deporte, Cultura y todo el contenido de inter\u00e9s general que la gente del pueblo y la regi\u00f3n debe conocer.\" \/>\n<meta property=\"og:url\" content=\"https:\/\/www.celttv.com.ar\/index.php\/2014\/08\/22\/hcd-informe-sesion-ordinaria-y-la-opinion-de-los-concejales-bordoni-y-anton\/\" \/>\n<meta property=\"og:site_name\" content=\"CELTTV\" \/>\n<meta property=\"article:publisher\" content=\"https:\/\/www.facebook.com\/celtTV\/\" \/>\n<meta property=\"article:published_time\" content=\"2014-08-22T23:42:25+00:00\" \/>\n<meta name=\"author\" content=\"ulises\" \/>\n<meta name=\"twitter:card\" content=\"summary_large_image\" \/>\n<meta name=\"twitter:label1\" content=\"Escrito por\" \/>\n\t<meta name=\"twitter:data1\" content=\"ulises\" \/>\n\t<meta name=\"twitter:label2\" content=\"Tiempo de lectura\" \/>\n\t<meta name=\"twitter:data2\" content=\"38 minutos\" \/>\n<script type=\"application\/ld+json\" class=\"yoast-schema-graph\">{\"@context\":\"https:\/\/schema.org\",\"@graph\":[{\"@type\":\"NewsArticle\",\"@id\":\"https:\/\/www.celttv.com.ar\/index.php\/2014\/08\/22\/hcd-informe-sesion-ordinaria-y-la-opinion-de-los-concejales-bordoni-y-anton\/#article\",\"isPartOf\":{\"@id\":\"https:\/\/www.celttv.com.ar\/index.php\/2014\/08\/22\/hcd-informe-sesion-ordinaria-y-la-opinion-de-los-concejales-bordoni-y-anton\/\"},\"author\":{\"name\":\"ulises\",\"@id\":\"https:\/\/www.celttv.com.ar\/#\/schema\/person\/6d99c072dba59953809c81446e9d0ace\"},\"headline\":\"HCD.: INFORME SESI\u00d3N ORDINARIA Y LA OPINION DE LOS CONCEJALES BORDONI Y ANTON\",\"datePublished\":\"2014-08-22T23:42:25+00:00\",\"dateModified\":\"2014-08-22T23:42:25+00:00\",\"mainEntityOfPage\":{\"@id\":\"https:\/\/www.celttv.com.ar\/index.php\/2014\/08\/22\/hcd-informe-sesion-ordinaria-y-la-opinion-de-los-concejales-bordoni-y-anton\/\"},\"wordCount\":7633,\"publisher\":{\"@id\":\"https:\/\/www.celttv.com.ar\/#organization\"},\"articleSection\":[\"Comunidad\",\"Destacadas\",\"Pol\u00edtica\",\"Videos Destacados\"],\"inLanguage\":\"es\"},{\"@type\":\"WebPage\",\"@id\":\"https:\/\/www.celttv.com.ar\/index.php\/2014\/08\/22\/hcd-informe-sesion-ordinaria-y-la-opinion-de-los-concejales-bordoni-y-anton\/\",\"url\":\"https:\/\/www.celttv.com.ar\/index.php\/2014\/08\/22\/hcd-informe-sesion-ordinaria-y-la-opinion-de-los-concejales-bordoni-y-anton\/\",\"name\":\"HCD.: INFORME SESI\u00d3N ORDINARIA Y LA OPINION DE LOS CONCEJALES BORDONI Y ANTON - CELTTV\",\"isPartOf\":{\"@id\":\"https:\/\/www.celttv.com.ar\/#website\"},\"datePublished\":\"2014-08-22T23:42:25+00:00\",\"dateModified\":\"2014-08-22T23:42:25+00:00\",\"description\":\"Sitio web de noticias de la localidad de Tornquist, provincia de Buenos Aires, Rep\u00fablica Argentina. Contenido propio originado por periodistas de CELTTV, el canal de TV local de la Cooperativa El\u00e9ctrica de Tornquist. Turismo, Pol\u00edtica, Sociedad, Deporte, Cultura y todo el contenido de inter\u00e9s general que la gente del pueblo y la regi\u00f3n debe conocer.\",\"breadcrumb\":{\"@id\":\"https:\/\/www.celttv.com.ar\/index.php\/2014\/08\/22\/hcd-informe-sesion-ordinaria-y-la-opinion-de-los-concejales-bordoni-y-anton\/#breadcrumb\"},\"inLanguage\":\"es\",\"potentialAction\":[{\"@type\":\"ReadAction\",\"target\":[\"https:\/\/www.celttv.com.ar\/index.php\/2014\/08\/22\/hcd-informe-sesion-ordinaria-y-la-opinion-de-los-concejales-bordoni-y-anton\/\"]}]},{\"@type\":\"BreadcrumbList\",\"@id\":\"https:\/\/www.celttv.com.ar\/index.php\/2014\/08\/22\/hcd-informe-sesion-ordinaria-y-la-opinion-de-los-concejales-bordoni-y-anton\/#breadcrumb\",\"itemListElement\":[{\"@type\":\"ListItem\",\"position\":1,\"name\":\"Inicio\",\"item\":\"https:\/\/www.celttv.com.ar\/\"},{\"@type\":\"ListItem\",\"position\":2,\"name\":\"HCD.: INFORME SESI\u00d3N ORDINARIA Y LA OPINION DE LOS CONCEJALES BORDONI Y ANTON\"}]},{\"@type\":\"WebSite\",\"@id\":\"https:\/\/www.celttv.com.ar\/#website\",\"url\":\"https:\/\/www.celttv.com.ar\/\",\"name\":\"CELTTV\",\"description\":\"Cooperativa El\u00e9ctrica de Tornquist\",\"publisher\":{\"@id\":\"https:\/\/www.celttv.com.ar\/#organization\"},\"potentialAction\":[{\"@type\":\"SearchAction\",\"target\":{\"@type\":\"EntryPoint\",\"urlTemplate\":\"https:\/\/www.celttv.com.ar\/?s={search_term_string}\"},\"query-input\":\"required name=search_term_string\"}],\"inLanguage\":\"es\"},{\"@type\":\"Organization\",\"@id\":\"https:\/\/www.celttv.com.ar\/#organization\",\"name\":\"CELTTV\",\"url\":\"https:\/\/www.celttv.com.ar\/\",\"sameAs\":[\"https:\/\/www.youtube.com\/channel\/UCz_oIt8Hig64Ub-EmcNPIhg\",\"https:\/\/www.facebook.com\/celtTV\/\"],\"logo\":{\"@type\":\"ImageObject\",\"inLanguage\":\"es\",\"@id\":\"https:\/\/www.celttv.com.ar\/#\/schema\/logo\/image\/\",\"url\":\"http:\/\/www.celttv.com.ar\/wp-content\/uploads\/2022\/08\/logo-1.png\",\"contentUrl\":\"http:\/\/www.celttv.com.ar\/wp-content\/uploads\/2022\/08\/logo-1.png\",\"width\":461,\"height\":159,\"caption\":\"CELTTV\"},\"image\":{\"@id\":\"https:\/\/www.celttv.com.ar\/#\/schema\/logo\/image\/\"}},{\"@type\":\"Person\",\"@id\":\"https:\/\/www.celttv.com.ar\/#\/schema\/person\/6d99c072dba59953809c81446e9d0ace\",\"name\":\"ulises\",\"image\":{\"@type\":\"ImageObject\",\"inLanguage\":\"es\",\"@id\":\"https:\/\/www.celttv.com.ar\/#\/schema\/person\/image\/\",\"url\":\"https:\/\/secure.gravatar.com\/avatar\/7f2c48bdc33b30088f941fb6082e555f2874c98e20cb159d7b92b50eadfce793?s=96&d=mm&r=g\",\"contentUrl\":\"https:\/\/secure.gravatar.com\/avatar\/7f2c48bdc33b30088f941fb6082e555f2874c98e20cb159d7b92b50eadfce793?s=96&d=mm&r=g\",\"caption\":\"ulises\"},\"sameAs\":[\"http:\/\/www.celttv.com.ar\"]}]}<\/script>\n<!-- \/ Yoast SEO plugin. -->","yoast_head_json":{"title":"HCD.: INFORME SESI\u00d3N ORDINARIA Y LA OPINION DE LOS CONCEJALES BORDONI Y ANTON - CELTTV","description":"Sitio web de noticias de la localidad de Tornquist, provincia de Buenos Aires, Rep\u00fablica Argentina. Contenido propio originado por periodistas de CELTTV, el canal de TV local de la Cooperativa El\u00e9ctrica de Tornquist. Turismo, Pol\u00edtica, Sociedad, Deporte, Cultura y todo el contenido de inter\u00e9s general que la gente del pueblo y la regi\u00f3n debe conocer.","robots":{"index":"index","follow":"follow","max-snippet":"max-snippet:-1","max-image-preview":"max-image-preview:large","max-video-preview":"max-video-preview:-1"},"canonical":"https:\/\/www.celttv.com.ar\/index.php\/2014\/08\/22\/hcd-informe-sesion-ordinaria-y-la-opinion-de-los-concejales-bordoni-y-anton\/","og_locale":"es_ES","og_type":"article","og_title":"HCD.: INFORME SESI\u00d3N ORDINARIA Y LA OPINION DE LOS CONCEJALES BORDONI Y ANTON - CELTTV","og_description":"Sitio web de noticias de la localidad de Tornquist, provincia de Buenos Aires, Rep\u00fablica Argentina. Contenido propio originado por periodistas de CELTTV, el canal de TV local de la Cooperativa El\u00e9ctrica de Tornquist. Turismo, Pol\u00edtica, Sociedad, Deporte, Cultura y todo el contenido de inter\u00e9s general que la gente del pueblo y la regi\u00f3n debe conocer.","og_url":"https:\/\/www.celttv.com.ar\/index.php\/2014\/08\/22\/hcd-informe-sesion-ordinaria-y-la-opinion-de-los-concejales-bordoni-y-anton\/","og_site_name":"CELTTV","article_publisher":"https:\/\/www.facebook.com\/celtTV\/","article_published_time":"2014-08-22T23:42:25+00:00","author":"ulises","twitter_card":"summary_large_image","twitter_misc":{"Escrito por":"ulises","Tiempo de lectura":"38 minutos"},"schema":{"@context":"https:\/\/schema.org","@graph":[{"@type":"NewsArticle","@id":"https:\/\/www.celttv.com.ar\/index.php\/2014\/08\/22\/hcd-informe-sesion-ordinaria-y-la-opinion-de-los-concejales-bordoni-y-anton\/#article","isPartOf":{"@id":"https:\/\/www.celttv.com.ar\/index.php\/2014\/08\/22\/hcd-informe-sesion-ordinaria-y-la-opinion-de-los-concejales-bordoni-y-anton\/"},"author":{"name":"ulises","@id":"https:\/\/www.celttv.com.ar\/#\/schema\/person\/6d99c072dba59953809c81446e9d0ace"},"headline":"HCD.: INFORME SESI\u00d3N ORDINARIA Y LA OPINION DE LOS CONCEJALES BORDONI Y ANTON","datePublished":"2014-08-22T23:42:25+00:00","dateModified":"2014-08-22T23:42:25+00:00","mainEntityOfPage":{"@id":"https:\/\/www.celttv.com.ar\/index.php\/2014\/08\/22\/hcd-informe-sesion-ordinaria-y-la-opinion-de-los-concejales-bordoni-y-anton\/"},"wordCount":7633,"publisher":{"@id":"https:\/\/www.celttv.com.ar\/#organization"},"articleSection":["Comunidad","Destacadas","Pol\u00edtica","Videos Destacados"],"inLanguage":"es"},{"@type":"WebPage","@id":"https:\/\/www.celttv.com.ar\/index.php\/2014\/08\/22\/hcd-informe-sesion-ordinaria-y-la-opinion-de-los-concejales-bordoni-y-anton\/","url":"https:\/\/www.celttv.com.ar\/index.php\/2014\/08\/22\/hcd-informe-sesion-ordinaria-y-la-opinion-de-los-concejales-bordoni-y-anton\/","name":"HCD.: INFORME SESI\u00d3N ORDINARIA Y LA OPINION DE LOS CONCEJALES BORDONI Y ANTON - CELTTV","isPartOf":{"@id":"https:\/\/www.celttv.com.ar\/#website"},"datePublished":"2014-08-22T23:42:25+00:00","dateModified":"2014-08-22T23:42:25+00:00","description":"Sitio web de noticias de la localidad de Tornquist, provincia de Buenos Aires, Rep\u00fablica Argentina. Contenido propio originado por periodistas de CELTTV, el canal de TV local de la Cooperativa El\u00e9ctrica de Tornquist. Turismo, Pol\u00edtica, Sociedad, Deporte, Cultura y todo el contenido de inter\u00e9s general que la gente del pueblo y la regi\u00f3n debe conocer.","breadcrumb":{"@id":"https:\/\/www.celttv.com.ar\/index.php\/2014\/08\/22\/hcd-informe-sesion-ordinaria-y-la-opinion-de-los-concejales-bordoni-y-anton\/#breadcrumb"},"inLanguage":"es","potentialAction":[{"@type":"ReadAction","target":["https:\/\/www.celttv.com.ar\/index.php\/2014\/08\/22\/hcd-informe-sesion-ordinaria-y-la-opinion-de-los-concejales-bordoni-y-anton\/"]}]},{"@type":"BreadcrumbList","@id":"https:\/\/www.celttv.com.ar\/index.php\/2014\/08\/22\/hcd-informe-sesion-ordinaria-y-la-opinion-de-los-concejales-bordoni-y-anton\/#breadcrumb","itemListElement":[{"@type":"ListItem","position":1,"name":"Inicio","item":"https:\/\/www.celttv.com.ar\/"},{"@type":"ListItem","position":2,"name":"HCD.: INFORME SESI\u00d3N ORDINARIA Y LA OPINION DE LOS CONCEJALES BORDONI Y ANTON"}]},{"@type":"WebSite","@id":"https:\/\/www.celttv.com.ar\/#website","url":"https:\/\/www.celttv.com.ar\/","name":"CELTTV","description":"Cooperativa El\u00e9ctrica de Tornquist","publisher":{"@id":"https:\/\/www.celttv.com.ar\/#organization"},"potentialAction":[{"@type":"SearchAction","target":{"@type":"EntryPoint","urlTemplate":"https:\/\/www.celttv.com.ar\/?s={search_term_string}"},"query-input":"required name=search_term_string"}],"inLanguage":"es"},{"@type":"Organization","@id":"https:\/\/www.celttv.com.ar\/#organization","name":"CELTTV","url":"https:\/\/www.celttv.com.ar\/","sameAs":["https:\/\/www.youtube.com\/channel\/UCz_oIt8Hig64Ub-EmcNPIhg","https:\/\/www.facebook.com\/celtTV\/"],"logo":{"@type":"ImageObject","inLanguage":"es","@id":"https:\/\/www.celttv.com.ar\/#\/schema\/logo\/image\/","url":"http:\/\/www.celttv.com.ar\/wp-content\/uploads\/2022\/08\/logo-1.png","contentUrl":"http:\/\/www.celttv.com.ar\/wp-content\/uploads\/2022\/08\/logo-1.png","width":461,"height":159,"caption":"CELTTV"},"image":{"@id":"https:\/\/www.celttv.com.ar\/#\/schema\/logo\/image\/"}},{"@type":"Person","@id":"https:\/\/www.celttv.com.ar\/#\/schema\/person\/6d99c072dba59953809c81446e9d0ace","name":"ulises","image":{"@type":"ImageObject","inLanguage":"es","@id":"https:\/\/www.celttv.com.ar\/#\/schema\/person\/image\/","url":"https:\/\/secure.gravatar.com\/avatar\/7f2c48bdc33b30088f941fb6082e555f2874c98e20cb159d7b92b50eadfce793?s=96&d=mm&r=g","contentUrl":"https:\/\/secure.gravatar.com\/avatar\/7f2c48bdc33b30088f941fb6082e555f2874c98e20cb159d7b92b50eadfce793?s=96&d=mm&r=g","caption":"ulises"},"sameAs":["http:\/\/www.celttv.com.ar"]}]}},"_links":{"self":[{"href":"https:\/\/www.celttv.com.ar\/index.php\/wp-json\/wp\/v2\/posts\/22821","targetHints":{"allow":["GET"]}}],"collection":[{"href":"https:\/\/www.celttv.com.ar\/index.php\/wp-json\/wp\/v2\/posts"}],"about":[{"href":"https:\/\/www.celttv.com.ar\/index.php\/wp-json\/wp\/v2\/types\/post"}],"author":[{"embeddable":true,"href":"https:\/\/www.celttv.com.ar\/index.php\/wp-json\/wp\/v2\/users\/1"}],"replies":[{"embeddable":true,"href":"https:\/\/www.celttv.com.ar\/index.php\/wp-json\/wp\/v2\/comments?post=22821"}],"version-history":[{"count":0,"href":"https:\/\/www.celttv.com.ar\/index.php\/wp-json\/wp\/v2\/posts\/22821\/revisions"}],"wp:attachment":[{"href":"https:\/\/www.celttv.com.ar\/index.php\/wp-json\/wp\/v2\/media?parent=22821"}],"wp:term":[{"taxonomy":"category","embeddable":true,"href":"https:\/\/www.celttv.com.ar\/index.php\/wp-json\/wp\/v2\/categories?post=22821"},{"taxonomy":"post_tag","embeddable":true,"href":"https:\/\/www.celttv.com.ar\/index.php\/wp-json\/wp\/v2\/tags?post=22821"}],"curies":[{"name":"wp","href":"https:\/\/api.w.org\/{rel}","templated":true}]}}