{"id":22865,"date":"2014-08-25T23:29:30","date_gmt":"2014-08-25T23:29:30","guid":{"rendered":"http:\/\/www.tvcnoticias.com.ar\/?p=22865"},"modified":"2014-08-25T23:29:30","modified_gmt":"2014-08-25T23:29:30","slug":"un-fenomeno-climatico-que-hizo-historia-y-dejo-sus-secuelas","status":"publish","type":"post","link":"https:\/\/www.celttv.com.ar\/index.php\/2014\/08\/25\/un-fenomeno-climatico-que-hizo-historia-y-dejo-sus-secuelas\/","title":{"rendered":"UN FENOMENO CLIMATICO QUE HIZO HISTORIA Y DEJO SUS SECUELAS"},"content":{"rendered":"<p><a href=\"https:\/\/www.youtube.com\/watch?v=rRbfPmQ6xnk\">httpv:\/\/www.youtube.com\/watch?v=rRbfPmQ6xnk<\/a><br \/>\nLa lluvia ca\u00edda en pocas horas en la ciudad de Tornquist que super\u00f3 los 140 mm., y el fuerte viento con r\u00e1fagas que superaron los 70 km. en la\u00a0hora, ocasionaron no pocos inconvenientes en el sector urbano y rural.\u00a0 La r\u00e1faga m\u00e1xima de viento registrada por el Observatorio Meteorol\u00f3gico Sierra, \u00e9ste lunes, oscil\u00f3 en los 69,8 kms. y fue a las 11:45 de esta\u00a0ma\u00f1ana.<br \/>\nLa cantidad de agua depositada en el suelo y el fuerte viento hizo que varios \u00e1rboles de gran porte, en su mayor\u00eda a\u00f1osos, se desplomaran en el\u00a0sector de la plaza Ernesto Tornquist y distintas zonas aleda\u00f1as.<br \/>\nAfortunadamente no se registraron v\u00edctimas, aunque si en algunos casos da\u00f1os materiales.<br \/>\nCORTES DE ENERGIA Y DE CABLE<br \/>\nLas brigadas de trabajo de la Cooperativa El\u00e9ctrica de Tornquist y Tornquist Video Cable han sido permanentemente convocadas a partir del\u00a0mencionado fen\u00f3meno clim\u00e1tico que ocasion\u00f3 diversos cortes en el servicio de energ\u00eda el\u00e9ctrica y videocable.<br \/>\nAlrededor de las 14:35, a consecuencia del corte de un conductor de media tensi\u00f3n, frente al ingreso al Aero club de Tornquist, se produjo un corte general de aproximadamente una hora, afectando a la ciudad cabecera.\u00a0 \u00a0Mientras un sector \u00a0del personal permanec\u00eda trabajando en el sector urbano, otros grupos intentaban llegar a la zona rural, lo que se vio muy\u00a0dificultado por el estado de los caminos, en algunos sectores directamente intransitables.<br \/>\nVilla Ventana sufri\u00f3 un prolongado corte de energ\u00eda el\u00e9ctrica a \u00a0consecuencia de la ca\u00edda de ramas sobre los conductores de media tensi\u00f3n de la l\u00ednea que alimenta a la villa tur\u00edstica y el sector serrano. Tambi\u00e9n en este lugar se hizo dif\u00edcil el ingreso para poder operar con veh\u00edculos.<br \/>\nEl fen\u00f3meno tambi\u00e9n gener\u00f3 cortes del servicio en la zona de Chasic\u00f3, Lagunas y Cantera y sector rural, debido al corte de uno de los conductores de media tensi\u00f3n.<br \/>\nNORMALIZACION DE LOS SERVICIOS<br \/>\nLa CELT. inform\u00f3 que se est\u00e1 trabajando en los distintos sectores afectados, a efectos de normalizar el servicio el\u00e9ctrico y de cable. Estimando que en algunos casos la reposici\u00f3n demorar\u00e1 mas de lo previsto, ya que existen gran cantidad de inconvenientes donde el acceso es pr\u00e1cticamente imposible en lo inmediato.<br \/>\nNUEVO RECORD, SEGUN DATOS HISTORICOS DEL OBSERVATORIO METEOROL\u00d3GICO SIERRA<br \/>\nLa estaci\u00f3n meteorol\u00f3gica Sierra, del se\u00f1or Rolando Bruni fue creada en el a\u00f1o 1980 y, mediante investigaciones, logr\u00f3 incorporar datos registrados por distintas empresas y particular, de varias d\u00e9cadas atr\u00e1s.<br \/>\nDe esa estad\u00edstica surge que para el mes de agosto del a\u00f1o 2010 llovi\u00f3 solamente 1 mm., transform\u00e1ndose en el menor milimetraje. En agosto de 1993 llovieron 115 mm., hasta este momento el \u201cagosto\u201d m\u00e1s llovedor.<br \/>\nEn este 2014, donde todav\u00eda restan transitar seis d\u00edas, llovieron 149 mm., estableciendo un nuevo record en la estad\u00edstica de lluvia en la ciudad de Tornquist y sus alrededores.<br \/>\nA\u00f1o 1960 mes agosto 5 mm<br \/>\n1993 mes agosto 115 mm\u00a0 \u00a0 \u00a0 \u00a0\u00a0\u00a0 \u00a0 \u00a0 \u00a02002 mes agosto \u00a0106 mm<br \/>\n2010 mes agosto \u00a01 mm\u00a0 \u00a0 \u00a0\u00a0\u00a0 \u00a0 \u00a0 \u00a02014 mes agosto \u00a0149 mm \u00a0 \u00a0 \u00a0 no termino el mes<br \/>\nA\u00f1o 1993 Lluvia total del a\u00f1o \u00a01069 mm<br \/>\nA\u00f1o 2002 Lluvia total del a\u00f1o \u00a0 849 mm<br \/>\nA\u00f1o 2014 Lluvia acumulada total con lo del mes de agosto 699,5 mm<br \/>\nAgradecemos los datos hist\u00f3ricos suministrados por el Observatorio Meteorol\u00f3gico Sierra de Rolando bruni<\/p>\n","protected":false},"excerpt":{"rendered":"<p>httpv:\/\/www.youtube.com\/watch?v=rRbfPmQ6xnk La lluvia ca\u00edda en pocas horas en la ciudad de Tornquist que super\u00f3 los 140 mm., y el fuerte viento con r\u00e1fagas que superaron los 70 km. en la\u00a0hora, ocasionaron no pocos inconvenientes en el sector urbano y rural.\u00a0 La r\u00e1faga m\u00e1xima de viento registrada por el Observatorio Meteorol\u00f3gico Sierra, \u00e9ste lunes, oscil\u00f3 en [&hellip;]<\/p>\n","protected":false},"author":1,"featured_media":0,"comment_status":"closed","ping_status":"open","sticky":false,"template":"","format":"standard","meta":{"footnotes":""},"categories":[51,52,64],"tags":[],"class_list":["post-22865","post","type-post","status-publish","format-standard","hentry","category-comunidad","category-destacadas","category-videos-destacados"],"yoast_head":"<!-- This site is optimized with the Yoast SEO plugin v19.7.1 - https:\/\/yoast.com\/wordpress\/plugins\/seo\/ -->\n<title>UN FENOMENO CLIMATICO QUE HIZO HISTORIA Y DEJO SUS SECUELAS - CELTTV<\/title>\n<meta name=\"description\" content=\"Sitio web de noticias de la localidad de Tornquist, provincia de Buenos Aires, Rep\u00fablica Argentina. Contenido propio originado por periodistas de CELTTV, el canal de TV local de la Cooperativa El\u00e9ctrica de Tornquist. Turismo, Pol\u00edtica, Sociedad, Deporte, Cultura y todo el contenido de inter\u00e9s general que la gente del pueblo y la regi\u00f3n debe conocer.\" \/>\n<meta name=\"robots\" content=\"index, follow, max-snippet:-1, max-image-preview:large, max-video-preview:-1\" \/>\n<link rel=\"canonical\" href=\"https:\/\/www.celttv.com.ar\/index.php\/2014\/08\/25\/un-fenomeno-climatico-que-hizo-historia-y-dejo-sus-secuelas\/\" \/>\n<meta property=\"og:locale\" content=\"es_ES\" \/>\n<meta property=\"og:type\" content=\"article\" \/>\n<meta property=\"og:title\" content=\"UN FENOMENO CLIMATICO QUE HIZO HISTORIA Y DEJO SUS SECUELAS - CELTTV\" \/>\n<meta property=\"og:description\" content=\"Sitio web de noticias de la localidad de Tornquist, provincia de Buenos Aires, Rep\u00fablica Argentina. Contenido propio originado por periodistas de CELTTV, el canal de TV local de la Cooperativa El\u00e9ctrica de Tornquist. Turismo, Pol\u00edtica, Sociedad, Deporte, Cultura y todo el contenido de inter\u00e9s general que la gente del pueblo y la regi\u00f3n debe conocer.\" \/>\n<meta property=\"og:url\" content=\"https:\/\/www.celttv.com.ar\/index.php\/2014\/08\/25\/un-fenomeno-climatico-que-hizo-historia-y-dejo-sus-secuelas\/\" \/>\n<meta property=\"og:site_name\" content=\"CELTTV\" \/>\n<meta property=\"article:publisher\" content=\"https:\/\/www.facebook.com\/celtTV\/\" \/>\n<meta property=\"article:published_time\" content=\"2014-08-25T23:29:30+00:00\" \/>\n<meta name=\"author\" content=\"ulises\" \/>\n<meta name=\"twitter:card\" content=\"summary_large_image\" \/>\n<meta name=\"twitter:label1\" content=\"Escrito por\" \/>\n\t<meta name=\"twitter:data1\" content=\"ulises\" \/>\n\t<meta name=\"twitter:label2\" content=\"Tiempo de lectura\" \/>\n\t<meta name=\"twitter:data2\" content=\"3 minutos\" \/>\n<script type=\"application\/ld+json\" class=\"yoast-schema-graph\">{\"@context\":\"https:\/\/schema.org\",\"@graph\":[{\"@type\":\"NewsArticle\",\"@id\":\"https:\/\/www.celttv.com.ar\/index.php\/2014\/08\/25\/un-fenomeno-climatico-que-hizo-historia-y-dejo-sus-secuelas\/#article\",\"isPartOf\":{\"@id\":\"https:\/\/www.celttv.com.ar\/index.php\/2014\/08\/25\/un-fenomeno-climatico-que-hizo-historia-y-dejo-sus-secuelas\/\"},\"author\":{\"name\":\"ulises\",\"@id\":\"https:\/\/www.celttv.com.ar\/#\/schema\/person\/6d99c072dba59953809c81446e9d0ace\"},\"headline\":\"UN FENOMENO CLIMATICO QUE HIZO HISTORIA Y DEJO SUS SECUELAS\",\"datePublished\":\"2014-08-25T23:29:30+00:00\",\"dateModified\":\"2014-08-25T23:29:30+00:00\",\"mainEntityOfPage\":{\"@id\":\"https:\/\/www.celttv.com.ar\/index.php\/2014\/08\/25\/un-fenomeno-climatico-que-hizo-historia-y-dejo-sus-secuelas\/\"},\"wordCount\":582,\"publisher\":{\"@id\":\"https:\/\/www.celttv.com.ar\/#organization\"},\"articleSection\":[\"Comunidad\",\"Destacadas\",\"Videos Destacados\"],\"inLanguage\":\"es\"},{\"@type\":\"WebPage\",\"@id\":\"https:\/\/www.celttv.com.ar\/index.php\/2014\/08\/25\/un-fenomeno-climatico-que-hizo-historia-y-dejo-sus-secuelas\/\",\"url\":\"https:\/\/www.celttv.com.ar\/index.php\/2014\/08\/25\/un-fenomeno-climatico-que-hizo-historia-y-dejo-sus-secuelas\/\",\"name\":\"UN FENOMENO CLIMATICO QUE HIZO HISTORIA Y DEJO SUS SECUELAS - CELTTV\",\"isPartOf\":{\"@id\":\"https:\/\/www.celttv.com.ar\/#website\"},\"datePublished\":\"2014-08-25T23:29:30+00:00\",\"dateModified\":\"2014-08-25T23:29:30+00:00\",\"description\":\"Sitio web de noticias de la localidad de Tornquist, provincia de Buenos Aires, Rep\u00fablica Argentina. Contenido propio originado por periodistas de CELTTV, el canal de TV local de la Cooperativa El\u00e9ctrica de Tornquist. Turismo, Pol\u00edtica, Sociedad, Deporte, Cultura y todo el contenido de inter\u00e9s general que la gente del pueblo y la regi\u00f3n debe conocer.\",\"breadcrumb\":{\"@id\":\"https:\/\/www.celttv.com.ar\/index.php\/2014\/08\/25\/un-fenomeno-climatico-que-hizo-historia-y-dejo-sus-secuelas\/#breadcrumb\"},\"inLanguage\":\"es\",\"potentialAction\":[{\"@type\":\"ReadAction\",\"target\":[\"https:\/\/www.celttv.com.ar\/index.php\/2014\/08\/25\/un-fenomeno-climatico-que-hizo-historia-y-dejo-sus-secuelas\/\"]}]},{\"@type\":\"BreadcrumbList\",\"@id\":\"https:\/\/www.celttv.com.ar\/index.php\/2014\/08\/25\/un-fenomeno-climatico-que-hizo-historia-y-dejo-sus-secuelas\/#breadcrumb\",\"itemListElement\":[{\"@type\":\"ListItem\",\"position\":1,\"name\":\"Inicio\",\"item\":\"https:\/\/www.celttv.com.ar\/\"},{\"@type\":\"ListItem\",\"position\":2,\"name\":\"UN FENOMENO CLIMATICO QUE HIZO HISTORIA Y DEJO SUS SECUELAS\"}]},{\"@type\":\"WebSite\",\"@id\":\"https:\/\/www.celttv.com.ar\/#website\",\"url\":\"https:\/\/www.celttv.com.ar\/\",\"name\":\"CELTTV\",\"description\":\"Cooperativa El\u00e9ctrica de Tornquist\",\"publisher\":{\"@id\":\"https:\/\/www.celttv.com.ar\/#organization\"},\"potentialAction\":[{\"@type\":\"SearchAction\",\"target\":{\"@type\":\"EntryPoint\",\"urlTemplate\":\"https:\/\/www.celttv.com.ar\/?s={search_term_string}\"},\"query-input\":\"required name=search_term_string\"}],\"inLanguage\":\"es\"},{\"@type\":\"Organization\",\"@id\":\"https:\/\/www.celttv.com.ar\/#organization\",\"name\":\"CELTTV\",\"url\":\"https:\/\/www.celttv.com.ar\/\",\"sameAs\":[\"https:\/\/www.youtube.com\/channel\/UCz_oIt8Hig64Ub-EmcNPIhg\",\"https:\/\/www.facebook.com\/celtTV\/\"],\"logo\":{\"@type\":\"ImageObject\",\"inLanguage\":\"es\",\"@id\":\"https:\/\/www.celttv.com.ar\/#\/schema\/logo\/image\/\",\"url\":\"http:\/\/www.celttv.com.ar\/wp-content\/uploads\/2022\/08\/logo-1.png\",\"contentUrl\":\"http:\/\/www.celttv.com.ar\/wp-content\/uploads\/2022\/08\/logo-1.png\",\"width\":461,\"height\":159,\"caption\":\"CELTTV\"},\"image\":{\"@id\":\"https:\/\/www.celttv.com.ar\/#\/schema\/logo\/image\/\"}},{\"@type\":\"Person\",\"@id\":\"https:\/\/www.celttv.com.ar\/#\/schema\/person\/6d99c072dba59953809c81446e9d0ace\",\"name\":\"ulises\",\"image\":{\"@type\":\"ImageObject\",\"inLanguage\":\"es\",\"@id\":\"https:\/\/www.celttv.com.ar\/#\/schema\/person\/image\/\",\"url\":\"https:\/\/secure.gravatar.com\/avatar\/7f2c48bdc33b30088f941fb6082e555f2874c98e20cb159d7b92b50eadfce793?s=96&d=mm&r=g\",\"contentUrl\":\"https:\/\/secure.gravatar.com\/avatar\/7f2c48bdc33b30088f941fb6082e555f2874c98e20cb159d7b92b50eadfce793?s=96&d=mm&r=g\",\"caption\":\"ulises\"},\"sameAs\":[\"http:\/\/www.celttv.com.ar\"]}]}<\/script>\n<!-- \/ Yoast SEO plugin. -->","yoast_head_json":{"title":"UN FENOMENO CLIMATICO QUE HIZO HISTORIA Y DEJO SUS SECUELAS - CELTTV","description":"Sitio web de noticias de la localidad de Tornquist, provincia de Buenos Aires, Rep\u00fablica Argentina. Contenido propio originado por periodistas de CELTTV, el canal de TV local de la Cooperativa El\u00e9ctrica de Tornquist. Turismo, Pol\u00edtica, Sociedad, Deporte, Cultura y todo el contenido de inter\u00e9s general que la gente del pueblo y la regi\u00f3n debe conocer.","robots":{"index":"index","follow":"follow","max-snippet":"max-snippet:-1","max-image-preview":"max-image-preview:large","max-video-preview":"max-video-preview:-1"},"canonical":"https:\/\/www.celttv.com.ar\/index.php\/2014\/08\/25\/un-fenomeno-climatico-que-hizo-historia-y-dejo-sus-secuelas\/","og_locale":"es_ES","og_type":"article","og_title":"UN FENOMENO CLIMATICO QUE HIZO HISTORIA Y DEJO SUS SECUELAS - CELTTV","og_description":"Sitio web de noticias de la localidad de Tornquist, provincia de Buenos Aires, Rep\u00fablica Argentina. Contenido propio originado por periodistas de CELTTV, el canal de TV local de la Cooperativa El\u00e9ctrica de Tornquist. Turismo, Pol\u00edtica, Sociedad, Deporte, Cultura y todo el contenido de inter\u00e9s general que la gente del pueblo y la regi\u00f3n debe conocer.","og_url":"https:\/\/www.celttv.com.ar\/index.php\/2014\/08\/25\/un-fenomeno-climatico-que-hizo-historia-y-dejo-sus-secuelas\/","og_site_name":"CELTTV","article_publisher":"https:\/\/www.facebook.com\/celtTV\/","article_published_time":"2014-08-25T23:29:30+00:00","author":"ulises","twitter_card":"summary_large_image","twitter_misc":{"Escrito por":"ulises","Tiempo de lectura":"3 minutos"},"schema":{"@context":"https:\/\/schema.org","@graph":[{"@type":"NewsArticle","@id":"https:\/\/www.celttv.com.ar\/index.php\/2014\/08\/25\/un-fenomeno-climatico-que-hizo-historia-y-dejo-sus-secuelas\/#article","isPartOf":{"@id":"https:\/\/www.celttv.com.ar\/index.php\/2014\/08\/25\/un-fenomeno-climatico-que-hizo-historia-y-dejo-sus-secuelas\/"},"author":{"name":"ulises","@id":"https:\/\/www.celttv.com.ar\/#\/schema\/person\/6d99c072dba59953809c81446e9d0ace"},"headline":"UN FENOMENO CLIMATICO QUE HIZO HISTORIA Y DEJO SUS SECUELAS","datePublished":"2014-08-25T23:29:30+00:00","dateModified":"2014-08-25T23:29:30+00:00","mainEntityOfPage":{"@id":"https:\/\/www.celttv.com.ar\/index.php\/2014\/08\/25\/un-fenomeno-climatico-que-hizo-historia-y-dejo-sus-secuelas\/"},"wordCount":582,"publisher":{"@id":"https:\/\/www.celttv.com.ar\/#organization"},"articleSection":["Comunidad","Destacadas","Videos Destacados"],"inLanguage":"es"},{"@type":"WebPage","@id":"https:\/\/www.celttv.com.ar\/index.php\/2014\/08\/25\/un-fenomeno-climatico-que-hizo-historia-y-dejo-sus-secuelas\/","url":"https:\/\/www.celttv.com.ar\/index.php\/2014\/08\/25\/un-fenomeno-climatico-que-hizo-historia-y-dejo-sus-secuelas\/","name":"UN FENOMENO CLIMATICO QUE HIZO HISTORIA Y DEJO SUS SECUELAS - CELTTV","isPartOf":{"@id":"https:\/\/www.celttv.com.ar\/#website"},"datePublished":"2014-08-25T23:29:30+00:00","dateModified":"2014-08-25T23:29:30+00:00","description":"Sitio web de noticias de la localidad de Tornquist, provincia de Buenos Aires, Rep\u00fablica Argentina. Contenido propio originado por periodistas de CELTTV, el canal de TV local de la Cooperativa El\u00e9ctrica de Tornquist. Turismo, Pol\u00edtica, Sociedad, Deporte, Cultura y todo el contenido de inter\u00e9s general que la gente del pueblo y la regi\u00f3n debe conocer.","breadcrumb":{"@id":"https:\/\/www.celttv.com.ar\/index.php\/2014\/08\/25\/un-fenomeno-climatico-que-hizo-historia-y-dejo-sus-secuelas\/#breadcrumb"},"inLanguage":"es","potentialAction":[{"@type":"ReadAction","target":["https:\/\/www.celttv.com.ar\/index.php\/2014\/08\/25\/un-fenomeno-climatico-que-hizo-historia-y-dejo-sus-secuelas\/"]}]},{"@type":"BreadcrumbList","@id":"https:\/\/www.celttv.com.ar\/index.php\/2014\/08\/25\/un-fenomeno-climatico-que-hizo-historia-y-dejo-sus-secuelas\/#breadcrumb","itemListElement":[{"@type":"ListItem","position":1,"name":"Inicio","item":"https:\/\/www.celttv.com.ar\/"},{"@type":"ListItem","position":2,"name":"UN FENOMENO CLIMATICO QUE HIZO HISTORIA Y DEJO SUS SECUELAS"}]},{"@type":"WebSite","@id":"https:\/\/www.celttv.com.ar\/#website","url":"https:\/\/www.celttv.com.ar\/","name":"CELTTV","description":"Cooperativa El\u00e9ctrica de Tornquist","publisher":{"@id":"https:\/\/www.celttv.com.ar\/#organization"},"potentialAction":[{"@type":"SearchAction","target":{"@type":"EntryPoint","urlTemplate":"https:\/\/www.celttv.com.ar\/?s={search_term_string}"},"query-input":"required name=search_term_string"}],"inLanguage":"es"},{"@type":"Organization","@id":"https:\/\/www.celttv.com.ar\/#organization","name":"CELTTV","url":"https:\/\/www.celttv.com.ar\/","sameAs":["https:\/\/www.youtube.com\/channel\/UCz_oIt8Hig64Ub-EmcNPIhg","https:\/\/www.facebook.com\/celtTV\/"],"logo":{"@type":"ImageObject","inLanguage":"es","@id":"https:\/\/www.celttv.com.ar\/#\/schema\/logo\/image\/","url":"http:\/\/www.celttv.com.ar\/wp-content\/uploads\/2022\/08\/logo-1.png","contentUrl":"http:\/\/www.celttv.com.ar\/wp-content\/uploads\/2022\/08\/logo-1.png","width":461,"height":159,"caption":"CELTTV"},"image":{"@id":"https:\/\/www.celttv.com.ar\/#\/schema\/logo\/image\/"}},{"@type":"Person","@id":"https:\/\/www.celttv.com.ar\/#\/schema\/person\/6d99c072dba59953809c81446e9d0ace","name":"ulises","image":{"@type":"ImageObject","inLanguage":"es","@id":"https:\/\/www.celttv.com.ar\/#\/schema\/person\/image\/","url":"https:\/\/secure.gravatar.com\/avatar\/7f2c48bdc33b30088f941fb6082e555f2874c98e20cb159d7b92b50eadfce793?s=96&d=mm&r=g","contentUrl":"https:\/\/secure.gravatar.com\/avatar\/7f2c48bdc33b30088f941fb6082e555f2874c98e20cb159d7b92b50eadfce793?s=96&d=mm&r=g","caption":"ulises"},"sameAs":["http:\/\/www.celttv.com.ar"]}]}},"_links":{"self":[{"href":"https:\/\/www.celttv.com.ar\/index.php\/wp-json\/wp\/v2\/posts\/22865","targetHints":{"allow":["GET"]}}],"collection":[{"href":"https:\/\/www.celttv.com.ar\/index.php\/wp-json\/wp\/v2\/posts"}],"about":[{"href":"https:\/\/www.celttv.com.ar\/index.php\/wp-json\/wp\/v2\/types\/post"}],"author":[{"embeddable":true,"href":"https:\/\/www.celttv.com.ar\/index.php\/wp-json\/wp\/v2\/users\/1"}],"replies":[{"embeddable":true,"href":"https:\/\/www.celttv.com.ar\/index.php\/wp-json\/wp\/v2\/comments?post=22865"}],"version-history":[{"count":0,"href":"https:\/\/www.celttv.com.ar\/index.php\/wp-json\/wp\/v2\/posts\/22865\/revisions"}],"wp:attachment":[{"href":"https:\/\/www.celttv.com.ar\/index.php\/wp-json\/wp\/v2\/media?parent=22865"}],"wp:term":[{"taxonomy":"category","embeddable":true,"href":"https:\/\/www.celttv.com.ar\/index.php\/wp-json\/wp\/v2\/categories?post=22865"},{"taxonomy":"post_tag","embeddable":true,"href":"https:\/\/www.celttv.com.ar\/index.php\/wp-json\/wp\/v2\/tags?post=22865"}],"curies":[{"name":"wp","href":"https:\/\/api.w.org\/{rel}","templated":true}]}}