{"id":22878,"date":"2014-08-26T20:02:06","date_gmt":"2014-08-26T20:02:06","guid":{"rendered":"http:\/\/www.tvcnoticias.com.ar\/?p=22878"},"modified":"2014-08-26T20:02:06","modified_gmt":"2014-08-26T20:02:06","slug":"el-temporal-se-hizo-sentir-en-sierra-de-la-ventana-por-arnaldo-botto","status":"publish","type":"post","link":"https:\/\/www.celttv.com.ar\/index.php\/2014\/08\/26\/el-temporal-se-hizo-sentir-en-sierra-de-la-ventana-por-arnaldo-botto\/","title":{"rendered":"EL TEMPORAL SE HIZO SENTIR EN SIERRA DE LA VENTANA (por Arnaldo Botto)"},"content":{"rendered":"<p><a rel=\"attachment wp-att-22879\" href=\"http:\/\/www.tvcnoticias.com.ar\/?attachment_id=22879\"><img loading=\"lazy\" decoding=\"async\" class=\"aligncenter size-medium wp-image-22879\" title=\"10516632_745070315556747_7707384983623691660_n (Medium)\" src=\"http:\/\/www.tvcnoticias.com.ar\/wp-content\/uploads\/2014\/08\/10516632_745070315556747_7707384983623691660_n-Medium-450x253.jpg\" alt=\"\" width=\"450\" height=\"253\" \/><\/a><br \/>\nLas intensa precipitaciones del fin de semana, sumado a los mil\u00edmetros ca\u00eddos durante la jornada y los vientos fuertes fueron los causantes de la ca\u00edda de varios \u00e1rboles, postes de telefon\u00eda y ramas en distintos sectores de la localidad lo que tuvieron al personal de la Municipalidad, Bomberos Voluntarios, Polic\u00eda y empleados de las empresas de servicios p\u00fablicos con una tarea muy agotadora durante toda la jornada.<br \/>\nCon fuertes vientos acompa\u00f1ados de r\u00e1fagas que alcanzaron los 76 Km en la hora y un total de 47.1 mm el temporal dej\u00f3 sus consecuencias en nuestra localidad.<br \/>\nLos bomberos Voluntarios acudieron a 16 pedidos de ayuda y trabajaron hasta la noche de este lunes 25 de agosto colaborando en los lugares donde el viento caus\u00f3 da\u00f1os.<br \/>\nUna gran rama cay\u00f3 sobre la linea de media tensi\u00f3n cortando un conductor y dejando al pueblo sin energ\u00eda el\u00e9ctrica por cuatro horas. Este hecho se produjo a poco menos de 100 mts del arroyo San Bernardo sobre la ruta 72 en el acceso a la localidad desde Saldungaray. All\u00ed los bomberos acudieron con los veh\u00edculos doble tracci\u00f3n para colaborar con los operarios de la cooperativa el\u00e9ctrica en despejar el \u00e1rea y permitir la reconstrucci\u00f3n de la linea.<br \/>\nDos techos sufrieron por las fuertes r\u00e1fagas de viento. En el Barrio San Bernardo, sobre calle Tres Picos se vol\u00f3 por completo el techo de una caba\u00f1a propiedad de Claudia \u00a0Scuffi sin ocasionar heridos.<br \/>\nEn tanto en Valle Hermoso, el techo de una vivienda comenz\u00f3 a desplazarse pero los Bomberos llegaron a sujetarlo e impedir su voladura.<br \/>\nEl r\u00edo Sauce Grande y sus afluentes los arroyos San Bernardo, San Te\u00f3filo, del Loro y Negro se vieron sumamente crecidos desde el viernes y tuvieron picos de crecidas el s\u00e1bado y ayer, no obstante no hubo cortes de caminos ni en los puentes sobre sus cauces.<br \/>\n&nbsp;<\/p>\n","protected":false},"excerpt":{"rendered":"<p>Las intensa precipitaciones del fin de semana, sumado a los mil\u00edmetros ca\u00eddos durante la jornada y los vientos fuertes fueron los causantes de la ca\u00edda de varios \u00e1rboles, postes de telefon\u00eda y ramas en distintos sectores de la localidad lo que tuvieron al personal de la Municipalidad, Bomberos Voluntarios, Polic\u00eda y empleados de las empresas [&hellip;]<\/p>\n","protected":false},"author":1,"featured_media":0,"comment_status":"closed","ping_status":"open","sticky":false,"template":"","format":"standard","meta":{"footnotes":""},"categories":[51,52],"tags":[],"class_list":["post-22878","post","type-post","status-publish","format-standard","hentry","category-comunidad","category-destacadas"],"yoast_head":"<!-- This site is optimized with the Yoast SEO plugin v19.7.1 - https:\/\/yoast.com\/wordpress\/plugins\/seo\/ -->\n<title>EL TEMPORAL SE HIZO SENTIR EN SIERRA DE LA VENTANA (por Arnaldo Botto) - CELTTV<\/title>\n<meta name=\"description\" content=\"Sitio web de noticias de la localidad de Tornquist, provincia de Buenos Aires, Rep\u00fablica Argentina. Contenido propio originado por periodistas de CELTTV, el canal de TV local de la Cooperativa El\u00e9ctrica de Tornquist. Turismo, Pol\u00edtica, Sociedad, Deporte, Cultura y todo el contenido de inter\u00e9s general que la gente del pueblo y la regi\u00f3n debe conocer.\" \/>\n<meta name=\"robots\" content=\"index, follow, max-snippet:-1, max-image-preview:large, max-video-preview:-1\" \/>\n<link rel=\"canonical\" href=\"https:\/\/www.celttv.com.ar\/index.php\/2014\/08\/26\/el-temporal-se-hizo-sentir-en-sierra-de-la-ventana-por-arnaldo-botto\/\" \/>\n<meta property=\"og:locale\" content=\"es_ES\" \/>\n<meta property=\"og:type\" content=\"article\" \/>\n<meta property=\"og:title\" content=\"EL TEMPORAL SE HIZO SENTIR EN SIERRA DE LA VENTANA (por Arnaldo Botto) - CELTTV\" \/>\n<meta property=\"og:description\" content=\"Sitio web de noticias de la localidad de Tornquist, provincia de Buenos Aires, Rep\u00fablica Argentina. Contenido propio originado por periodistas de CELTTV, el canal de TV local de la Cooperativa El\u00e9ctrica de Tornquist. Turismo, Pol\u00edtica, Sociedad, Deporte, Cultura y todo el contenido de inter\u00e9s general que la gente del pueblo y la regi\u00f3n debe conocer.\" \/>\n<meta property=\"og:url\" content=\"https:\/\/www.celttv.com.ar\/index.php\/2014\/08\/26\/el-temporal-se-hizo-sentir-en-sierra-de-la-ventana-por-arnaldo-botto\/\" \/>\n<meta property=\"og:site_name\" content=\"CELTTV\" \/>\n<meta property=\"article:publisher\" content=\"https:\/\/www.facebook.com\/celtTV\/\" \/>\n<meta property=\"article:published_time\" content=\"2014-08-26T20:02:06+00:00\" \/>\n<meta property=\"og:image\" content=\"http:\/\/www.tvcnoticias.com.ar\/wp-content\/uploads\/2014\/08\/10516632_745070315556747_7707384983623691660_n-Medium-450x253.jpg\" \/>\n<meta name=\"author\" content=\"ulises\" \/>\n<meta name=\"twitter:card\" content=\"summary_large_image\" \/>\n<meta name=\"twitter:label1\" content=\"Escrito por\" \/>\n\t<meta name=\"twitter:data1\" content=\"ulises\" \/>\n\t<meta name=\"twitter:label2\" content=\"Tiempo de lectura\" \/>\n\t<meta name=\"twitter:data2\" content=\"2 minutos\" \/>\n<script type=\"application\/ld+json\" class=\"yoast-schema-graph\">{\"@context\":\"https:\/\/schema.org\",\"@graph\":[{\"@type\":\"NewsArticle\",\"@id\":\"https:\/\/www.celttv.com.ar\/index.php\/2014\/08\/26\/el-temporal-se-hizo-sentir-en-sierra-de-la-ventana-por-arnaldo-botto\/#article\",\"isPartOf\":{\"@id\":\"https:\/\/www.celttv.com.ar\/index.php\/2014\/08\/26\/el-temporal-se-hizo-sentir-en-sierra-de-la-ventana-por-arnaldo-botto\/\"},\"author\":{\"name\":\"ulises\",\"@id\":\"https:\/\/www.celttv.com.ar\/#\/schema\/person\/6d99c072dba59953809c81446e9d0ace\"},\"headline\":\"EL TEMPORAL SE HIZO SENTIR EN SIERRA DE LA VENTANA (por Arnaldo Botto)\",\"datePublished\":\"2014-08-26T20:02:06+00:00\",\"dateModified\":\"2014-08-26T20:02:06+00:00\",\"mainEntityOfPage\":{\"@id\":\"https:\/\/www.celttv.com.ar\/index.php\/2014\/08\/26\/el-temporal-se-hizo-sentir-en-sierra-de-la-ventana-por-arnaldo-botto\/\"},\"wordCount\":339,\"publisher\":{\"@id\":\"https:\/\/www.celttv.com.ar\/#organization\"},\"articleSection\":[\"Comunidad\",\"Destacadas\"],\"inLanguage\":\"es\"},{\"@type\":\"WebPage\",\"@id\":\"https:\/\/www.celttv.com.ar\/index.php\/2014\/08\/26\/el-temporal-se-hizo-sentir-en-sierra-de-la-ventana-por-arnaldo-botto\/\",\"url\":\"https:\/\/www.celttv.com.ar\/index.php\/2014\/08\/26\/el-temporal-se-hizo-sentir-en-sierra-de-la-ventana-por-arnaldo-botto\/\",\"name\":\"EL TEMPORAL SE HIZO SENTIR EN SIERRA DE LA VENTANA (por Arnaldo Botto) - CELTTV\",\"isPartOf\":{\"@id\":\"https:\/\/www.celttv.com.ar\/#website\"},\"datePublished\":\"2014-08-26T20:02:06+00:00\",\"dateModified\":\"2014-08-26T20:02:06+00:00\",\"description\":\"Sitio web de noticias de la localidad de Tornquist, provincia de Buenos Aires, Rep\u00fablica Argentina. Contenido propio originado por periodistas de CELTTV, el canal de TV local de la Cooperativa El\u00e9ctrica de Tornquist. Turismo, Pol\u00edtica, Sociedad, Deporte, Cultura y todo el contenido de inter\u00e9s general que la gente del pueblo y la regi\u00f3n debe conocer.\",\"breadcrumb\":{\"@id\":\"https:\/\/www.celttv.com.ar\/index.php\/2014\/08\/26\/el-temporal-se-hizo-sentir-en-sierra-de-la-ventana-por-arnaldo-botto\/#breadcrumb\"},\"inLanguage\":\"es\",\"potentialAction\":[{\"@type\":\"ReadAction\",\"target\":[\"https:\/\/www.celttv.com.ar\/index.php\/2014\/08\/26\/el-temporal-se-hizo-sentir-en-sierra-de-la-ventana-por-arnaldo-botto\/\"]}]},{\"@type\":\"BreadcrumbList\",\"@id\":\"https:\/\/www.celttv.com.ar\/index.php\/2014\/08\/26\/el-temporal-se-hizo-sentir-en-sierra-de-la-ventana-por-arnaldo-botto\/#breadcrumb\",\"itemListElement\":[{\"@type\":\"ListItem\",\"position\":1,\"name\":\"Inicio\",\"item\":\"https:\/\/www.celttv.com.ar\/\"},{\"@type\":\"ListItem\",\"position\":2,\"name\":\"EL TEMPORAL SE HIZO SENTIR EN SIERRA DE LA VENTANA (por Arnaldo Botto)\"}]},{\"@type\":\"WebSite\",\"@id\":\"https:\/\/www.celttv.com.ar\/#website\",\"url\":\"https:\/\/www.celttv.com.ar\/\",\"name\":\"CELTTV\",\"description\":\"Cooperativa El\u00e9ctrica de Tornquist\",\"publisher\":{\"@id\":\"https:\/\/www.celttv.com.ar\/#organization\"},\"potentialAction\":[{\"@type\":\"SearchAction\",\"target\":{\"@type\":\"EntryPoint\",\"urlTemplate\":\"https:\/\/www.celttv.com.ar\/?s={search_term_string}\"},\"query-input\":\"required name=search_term_string\"}],\"inLanguage\":\"es\"},{\"@type\":\"Organization\",\"@id\":\"https:\/\/www.celttv.com.ar\/#organization\",\"name\":\"CELTTV\",\"url\":\"https:\/\/www.celttv.com.ar\/\",\"sameAs\":[\"https:\/\/www.youtube.com\/channel\/UCz_oIt8Hig64Ub-EmcNPIhg\",\"https:\/\/www.facebook.com\/celtTV\/\"],\"logo\":{\"@type\":\"ImageObject\",\"inLanguage\":\"es\",\"@id\":\"https:\/\/www.celttv.com.ar\/#\/schema\/logo\/image\/\",\"url\":\"http:\/\/www.celttv.com.ar\/wp-content\/uploads\/2022\/08\/logo-1.png\",\"contentUrl\":\"http:\/\/www.celttv.com.ar\/wp-content\/uploads\/2022\/08\/logo-1.png\",\"width\":461,\"height\":159,\"caption\":\"CELTTV\"},\"image\":{\"@id\":\"https:\/\/www.celttv.com.ar\/#\/schema\/logo\/image\/\"}},{\"@type\":\"Person\",\"@id\":\"https:\/\/www.celttv.com.ar\/#\/schema\/person\/6d99c072dba59953809c81446e9d0ace\",\"name\":\"ulises\",\"image\":{\"@type\":\"ImageObject\",\"inLanguage\":\"es\",\"@id\":\"https:\/\/www.celttv.com.ar\/#\/schema\/person\/image\/\",\"url\":\"https:\/\/secure.gravatar.com\/avatar\/7f2c48bdc33b30088f941fb6082e555f2874c98e20cb159d7b92b50eadfce793?s=96&d=mm&r=g\",\"contentUrl\":\"https:\/\/secure.gravatar.com\/avatar\/7f2c48bdc33b30088f941fb6082e555f2874c98e20cb159d7b92b50eadfce793?s=96&d=mm&r=g\",\"caption\":\"ulises\"},\"sameAs\":[\"http:\/\/www.celttv.com.ar\"]}]}<\/script>\n<!-- \/ Yoast SEO plugin. -->","yoast_head_json":{"title":"EL TEMPORAL SE HIZO SENTIR EN SIERRA DE LA VENTANA (por Arnaldo Botto) - CELTTV","description":"Sitio web de noticias de la localidad de Tornquist, provincia de Buenos Aires, Rep\u00fablica Argentina. Contenido propio originado por periodistas de CELTTV, el canal de TV local de la Cooperativa El\u00e9ctrica de Tornquist. Turismo, Pol\u00edtica, Sociedad, Deporte, Cultura y todo el contenido de inter\u00e9s general que la gente del pueblo y la regi\u00f3n debe conocer.","robots":{"index":"index","follow":"follow","max-snippet":"max-snippet:-1","max-image-preview":"max-image-preview:large","max-video-preview":"max-video-preview:-1"},"canonical":"https:\/\/www.celttv.com.ar\/index.php\/2014\/08\/26\/el-temporal-se-hizo-sentir-en-sierra-de-la-ventana-por-arnaldo-botto\/","og_locale":"es_ES","og_type":"article","og_title":"EL TEMPORAL SE HIZO SENTIR EN SIERRA DE LA VENTANA (por Arnaldo Botto) - CELTTV","og_description":"Sitio web de noticias de la localidad de Tornquist, provincia de Buenos Aires, Rep\u00fablica Argentina. Contenido propio originado por periodistas de CELTTV, el canal de TV local de la Cooperativa El\u00e9ctrica de Tornquist. Turismo, Pol\u00edtica, Sociedad, Deporte, Cultura y todo el contenido de inter\u00e9s general que la gente del pueblo y la regi\u00f3n debe conocer.","og_url":"https:\/\/www.celttv.com.ar\/index.php\/2014\/08\/26\/el-temporal-se-hizo-sentir-en-sierra-de-la-ventana-por-arnaldo-botto\/","og_site_name":"CELTTV","article_publisher":"https:\/\/www.facebook.com\/celtTV\/","article_published_time":"2014-08-26T20:02:06+00:00","og_image":[{"url":"http:\/\/www.tvcnoticias.com.ar\/wp-content\/uploads\/2014\/08\/10516632_745070315556747_7707384983623691660_n-Medium-450x253.jpg"}],"author":"ulises","twitter_card":"summary_large_image","twitter_misc":{"Escrito por":"ulises","Tiempo de lectura":"2 minutos"},"schema":{"@context":"https:\/\/schema.org","@graph":[{"@type":"NewsArticle","@id":"https:\/\/www.celttv.com.ar\/index.php\/2014\/08\/26\/el-temporal-se-hizo-sentir-en-sierra-de-la-ventana-por-arnaldo-botto\/#article","isPartOf":{"@id":"https:\/\/www.celttv.com.ar\/index.php\/2014\/08\/26\/el-temporal-se-hizo-sentir-en-sierra-de-la-ventana-por-arnaldo-botto\/"},"author":{"name":"ulises","@id":"https:\/\/www.celttv.com.ar\/#\/schema\/person\/6d99c072dba59953809c81446e9d0ace"},"headline":"EL TEMPORAL SE HIZO SENTIR EN SIERRA DE LA VENTANA (por Arnaldo Botto)","datePublished":"2014-08-26T20:02:06+00:00","dateModified":"2014-08-26T20:02:06+00:00","mainEntityOfPage":{"@id":"https:\/\/www.celttv.com.ar\/index.php\/2014\/08\/26\/el-temporal-se-hizo-sentir-en-sierra-de-la-ventana-por-arnaldo-botto\/"},"wordCount":339,"publisher":{"@id":"https:\/\/www.celttv.com.ar\/#organization"},"articleSection":["Comunidad","Destacadas"],"inLanguage":"es"},{"@type":"WebPage","@id":"https:\/\/www.celttv.com.ar\/index.php\/2014\/08\/26\/el-temporal-se-hizo-sentir-en-sierra-de-la-ventana-por-arnaldo-botto\/","url":"https:\/\/www.celttv.com.ar\/index.php\/2014\/08\/26\/el-temporal-se-hizo-sentir-en-sierra-de-la-ventana-por-arnaldo-botto\/","name":"EL TEMPORAL SE HIZO SENTIR EN SIERRA DE LA VENTANA (por Arnaldo Botto) - CELTTV","isPartOf":{"@id":"https:\/\/www.celttv.com.ar\/#website"},"datePublished":"2014-08-26T20:02:06+00:00","dateModified":"2014-08-26T20:02:06+00:00","description":"Sitio web de noticias de la localidad de Tornquist, provincia de Buenos Aires, Rep\u00fablica Argentina. Contenido propio originado por periodistas de CELTTV, el canal de TV local de la Cooperativa El\u00e9ctrica de Tornquist. Turismo, Pol\u00edtica, Sociedad, Deporte, Cultura y todo el contenido de inter\u00e9s general que la gente del pueblo y la regi\u00f3n debe conocer.","breadcrumb":{"@id":"https:\/\/www.celttv.com.ar\/index.php\/2014\/08\/26\/el-temporal-se-hizo-sentir-en-sierra-de-la-ventana-por-arnaldo-botto\/#breadcrumb"},"inLanguage":"es","potentialAction":[{"@type":"ReadAction","target":["https:\/\/www.celttv.com.ar\/index.php\/2014\/08\/26\/el-temporal-se-hizo-sentir-en-sierra-de-la-ventana-por-arnaldo-botto\/"]}]},{"@type":"BreadcrumbList","@id":"https:\/\/www.celttv.com.ar\/index.php\/2014\/08\/26\/el-temporal-se-hizo-sentir-en-sierra-de-la-ventana-por-arnaldo-botto\/#breadcrumb","itemListElement":[{"@type":"ListItem","position":1,"name":"Inicio","item":"https:\/\/www.celttv.com.ar\/"},{"@type":"ListItem","position":2,"name":"EL TEMPORAL SE HIZO SENTIR EN SIERRA DE LA VENTANA (por Arnaldo Botto)"}]},{"@type":"WebSite","@id":"https:\/\/www.celttv.com.ar\/#website","url":"https:\/\/www.celttv.com.ar\/","name":"CELTTV","description":"Cooperativa El\u00e9ctrica de Tornquist","publisher":{"@id":"https:\/\/www.celttv.com.ar\/#organization"},"potentialAction":[{"@type":"SearchAction","target":{"@type":"EntryPoint","urlTemplate":"https:\/\/www.celttv.com.ar\/?s={search_term_string}"},"query-input":"required name=search_term_string"}],"inLanguage":"es"},{"@type":"Organization","@id":"https:\/\/www.celttv.com.ar\/#organization","name":"CELTTV","url":"https:\/\/www.celttv.com.ar\/","sameAs":["https:\/\/www.youtube.com\/channel\/UCz_oIt8Hig64Ub-EmcNPIhg","https:\/\/www.facebook.com\/celtTV\/"],"logo":{"@type":"ImageObject","inLanguage":"es","@id":"https:\/\/www.celttv.com.ar\/#\/schema\/logo\/image\/","url":"http:\/\/www.celttv.com.ar\/wp-content\/uploads\/2022\/08\/logo-1.png","contentUrl":"http:\/\/www.celttv.com.ar\/wp-content\/uploads\/2022\/08\/logo-1.png","width":461,"height":159,"caption":"CELTTV"},"image":{"@id":"https:\/\/www.celttv.com.ar\/#\/schema\/logo\/image\/"}},{"@type":"Person","@id":"https:\/\/www.celttv.com.ar\/#\/schema\/person\/6d99c072dba59953809c81446e9d0ace","name":"ulises","image":{"@type":"ImageObject","inLanguage":"es","@id":"https:\/\/www.celttv.com.ar\/#\/schema\/person\/image\/","url":"https:\/\/secure.gravatar.com\/avatar\/7f2c48bdc33b30088f941fb6082e555f2874c98e20cb159d7b92b50eadfce793?s=96&d=mm&r=g","contentUrl":"https:\/\/secure.gravatar.com\/avatar\/7f2c48bdc33b30088f941fb6082e555f2874c98e20cb159d7b92b50eadfce793?s=96&d=mm&r=g","caption":"ulises"},"sameAs":["http:\/\/www.celttv.com.ar"]}]}},"_links":{"self":[{"href":"https:\/\/www.celttv.com.ar\/index.php\/wp-json\/wp\/v2\/posts\/22878","targetHints":{"allow":["GET"]}}],"collection":[{"href":"https:\/\/www.celttv.com.ar\/index.php\/wp-json\/wp\/v2\/posts"}],"about":[{"href":"https:\/\/www.celttv.com.ar\/index.php\/wp-json\/wp\/v2\/types\/post"}],"author":[{"embeddable":true,"href":"https:\/\/www.celttv.com.ar\/index.php\/wp-json\/wp\/v2\/users\/1"}],"replies":[{"embeddable":true,"href":"https:\/\/www.celttv.com.ar\/index.php\/wp-json\/wp\/v2\/comments?post=22878"}],"version-history":[{"count":0,"href":"https:\/\/www.celttv.com.ar\/index.php\/wp-json\/wp\/v2\/posts\/22878\/revisions"}],"wp:attachment":[{"href":"https:\/\/www.celttv.com.ar\/index.php\/wp-json\/wp\/v2\/media?parent=22878"}],"wp:term":[{"taxonomy":"category","embeddable":true,"href":"https:\/\/www.celttv.com.ar\/index.php\/wp-json\/wp\/v2\/categories?post=22878"},{"taxonomy":"post_tag","embeddable":true,"href":"https:\/\/www.celttv.com.ar\/index.php\/wp-json\/wp\/v2\/tags?post=22878"}],"curies":[{"name":"wp","href":"https:\/\/api.w.org\/{rel}","templated":true}]}}