{"id":22924,"date":"2014-08-27T19:37:20","date_gmt":"2014-08-27T19:37:20","guid":{"rendered":"http:\/\/www.tvcnoticias.com.ar\/?p=22924"},"modified":"2014-08-27T19:37:20","modified_gmt":"2014-08-27T19:37:20","slug":"futbol-liguista-el-nacional-sub-13-se-inicia-el-7-de-septiembre","status":"publish","type":"post","link":"https:\/\/www.celttv.com.ar\/index.php\/2014\/08\/27\/futbol-liguista-el-nacional-sub-13-se-inicia-el-7-de-septiembre\/","title":{"rendered":"FUTBOL LIGUISTA: EL NACIONAL SUB 13 SE INICIA EL 7 DE SEPTIEMBRE"},"content":{"rendered":"<p>Blanco y Negro se eliminar\u00e1 con Tiro Federal de Puan y Deportivo Sarmiento con Loma Negra de Olavarr\u00eda.<img loading=\"lazy\" decoding=\"async\" class=\"aligncenter size-medium wp-image-22925\" title=\"1430 - ARCO Y PELOTA (Medium)\" src=\"http:\/\/www.tvcnoticias.com.ar\/wp-content\/uploads\/2014\/08\/1430-ARCO-Y-PELOTA-Medium3-450x261.jpg\" alt=\"\" width=\"450\" height=\"261\" \/><br \/>\n&nbsp;<br \/>\nEl domingo 7 de septiembre pr\u00f3ximo se pondr\u00e1 en marcha el Torneo Nacional Sub 13 (clase 2001) de clubes, edici\u00f3n 2014, seg\u00fan lo dispuso esta semana el Consejo Federal de la AFA y lo comunic\u00f3 a las ligas afiliadas, entre ellas la de Coronel Su\u00e1rez que tendr\u00e1 tres representantes.<br \/>\nEn la primera fase de la etapa clasificatoria se disputar\u00e1n encuentros por eliminaci\u00f3n directa, a doble partido, uno en cada sede, clasificando los ganadores a la siguiente ronda.<br \/>\nSeg\u00fan el fixture dado a conocer, Blanco y Negro se eliminar\u00e1 con Tiro Federal de Puan, disput\u00e1ndose el primer partido en el Polideportivo del t\u00e1rtaro y la revancha 7 d\u00edas m\u00e1s tarde en el Parque Alberdi. En tanto, Deportivo Sarmiento se enfrentar\u00e1 a Loma Negra de Olavarr\u00eda. En la ida el equipo verdirrojo ser\u00e1 visitante y definir\u00e1 la serie en casa.<br \/>\nEn caso de igualdad de puntos, clasificar\u00e1 el equipo que obtuviera mayor diferencia de gol en la serie. De persistir el empate se deber\u00e1 recurrir a la ejecuci\u00f3n de tiros desde el punto penal.<br \/>\nLos enfrentamientos y local\u00edas de la segunda fase se confeccionar\u00e1 una vez conocidos los ganadores de la primera fase.<br \/>\nCada lista de buena fe deber\u00e1 estar integrada con no m\u00e1s de 35 jugadores debidamente inscriptos y habilitados al \u00faltimo d\u00eda h\u00e1bil inmediato anterior al inicio del certamen (05\/09).<br \/>\nSe podr\u00e1 incluir en la lista de buena fecha hasta un m\u00e1ximo de 4 jugadores de categor\u00eda Sub 14 (clase 2000), sin restricci\u00f3n alguna para actuar durante el desarrollo de los encuentros.<br \/>\nPara el cambio de fecha de cualquiera de los partidos (adelantar, pero nunca postergar), ambos clubes, por conducto de las respectivas Ligas, deber\u00e1n hacer llegar su conformidad en tal sentido, con no menos de 5 d\u00edas de anticipaci\u00f3n a la fecha elegida para llevar a cabo el partido.<br \/>\nEl club local, por conducto de su Liga, deber\u00e1 comunicar al Consejo Federal y a la Liga de su eventual rival, con no menos de 5 d\u00edas de anticipaci\u00f3n a la fecha prevista para el partido, el horario (diurno \u2013 no podr\u00e1 fijarse el horario de disputa con antelaci\u00f3n a las 11:00 de la ma\u00f1ana) en que habr\u00e1 de disputarse el mismo. De no obrar en consecuencia el Consejo Federal pasar\u00e1 a fijar el horario del mismo.<br \/>\nLos partidos se disputar\u00e1n en dos tiempos de 35 minutos cada uno, con una interrupci\u00f3n de 15 minutos. Asimismo, las instituciones podr\u00e1n efectuar cinco cambios de jugadores.<br \/>\nEl precio m\u00ednimo de las entradas generales ser\u00e1 $ 30 y el precio m\u00e1ximo de $ 50. El precio de las entradas de jubilados, pensionados y damas ser\u00e1 igual al 50% fijado para las entradas generales en ocasi\u00f3n de cada partido.<br \/>\n&nbsp;<br \/>\nInferiores: postergan Boca-Independiente<br \/>\n&nbsp;<br \/>\nBoca Juniors e Independiente postergaron para el mi\u00e9rcoles 3 de septiembre, a partir de las 18:00, el enfrentamiento (5\u00aa, 7a y 8\u00aa) correspondiente a la decimocuarta fecha del torneo Apertura de divisiones inferiores que organiza la Liga Regional de F\u00fatbol de Coronel Su\u00e1rez.<br \/>\nEl club de Pueblo San Jos\u00e9 solicit\u00f3 posponer el choque debido a que varios de sus jugadores tienen programado un viaje a Tecn\u00f3polis y Boca accedi\u00f3 gentilmente.<br \/>\nEn otro orden, la LRF cedi\u00f3 a la Liga Cultural de Santa Rosa (La Pampa) la jurisdicci\u00f3n deportiva que ten\u00eda sobre el Paraje Ca\u00f1ada Mariano, perteneciente al partido de Adolfo Alsina.<br \/>\n&nbsp;<br \/>\nSanciones del Tribunal de Penas<br \/>\n&nbsp;<br \/>\nEl martes, como es habitual, sesion\u00f3 el Tribunal de Penas. En Primera divisi\u00f3n le aplic\u00f3 2 fechas a Facundo Cazenave (San Mart\u00edn de Carhu\u00e9) y a Norberto Montero (Uni\u00f3n Pig\u00fc\u00e9), mientrsa que Emilio Romero (San Mart\u00edn de Carhu\u00e9) fue suspendido por 1 partido dado que lleg\u00f3 al l\u00edmite de 5 tarjetas amarillas.<br \/>\nEn Reserva sancion\u00f3 por 5 encuentros a Federico Rodr\u00edguez (Pe\u00f1arol de Guamin\u00ed) y por 3 partidos a Gast\u00f3n Saucedo (San Mart\u00edn de Saavedra).<br \/>\n&nbsp;<\/p>\n","protected":false},"excerpt":{"rendered":"<p>Blanco y Negro se eliminar\u00e1 con Tiro Federal de Puan y Deportivo Sarmiento con Loma Negra de Olavarr\u00eda. &nbsp; El domingo 7 de septiembre pr\u00f3ximo se pondr\u00e1 en marcha el Torneo Nacional Sub 13 (clase 2001) de clubes, edici\u00f3n 2014, seg\u00fan lo dispuso esta semana el Consejo Federal de la AFA y lo comunic\u00f3 a [&hellip;]<\/p>\n","protected":false},"author":1,"featured_media":0,"comment_status":"closed","ping_status":"open","sticky":false,"template":"","format":"standard","meta":{"footnotes":""},"categories":[60,52],"tags":[],"class_list":["post-22924","post","type-post","status-publish","format-standard","hentry","category-deporte","category-destacadas"],"yoast_head":"<!-- This site is optimized with the Yoast SEO plugin v19.7.1 - https:\/\/yoast.com\/wordpress\/plugins\/seo\/ -->\n<title>FUTBOL LIGUISTA: EL NACIONAL SUB 13 SE INICIA EL 7 DE SEPTIEMBRE - CELTTV<\/title>\n<meta name=\"description\" content=\"Sitio web de noticias de la localidad de Tornquist, provincia de Buenos Aires, Rep\u00fablica Argentina. Contenido propio originado por periodistas de CELTTV, el canal de TV local de la Cooperativa El\u00e9ctrica de Tornquist. Turismo, Pol\u00edtica, Sociedad, Deporte, Cultura y todo el contenido de inter\u00e9s general que la gente del pueblo y la regi\u00f3n debe conocer.\" \/>\n<meta name=\"robots\" content=\"index, follow, max-snippet:-1, max-image-preview:large, max-video-preview:-1\" \/>\n<link rel=\"canonical\" href=\"https:\/\/www.celttv.com.ar\/index.php\/2014\/08\/27\/futbol-liguista-el-nacional-sub-13-se-inicia-el-7-de-septiembre\/\" \/>\n<meta property=\"og:locale\" content=\"es_ES\" \/>\n<meta property=\"og:type\" content=\"article\" \/>\n<meta property=\"og:title\" content=\"FUTBOL LIGUISTA: EL NACIONAL SUB 13 SE INICIA EL 7 DE SEPTIEMBRE - CELTTV\" \/>\n<meta property=\"og:description\" content=\"Sitio web de noticias de la localidad de Tornquist, provincia de Buenos Aires, Rep\u00fablica Argentina. Contenido propio originado por periodistas de CELTTV, el canal de TV local de la Cooperativa El\u00e9ctrica de Tornquist. Turismo, Pol\u00edtica, Sociedad, Deporte, Cultura y todo el contenido de inter\u00e9s general que la gente del pueblo y la regi\u00f3n debe conocer.\" \/>\n<meta property=\"og:url\" content=\"https:\/\/www.celttv.com.ar\/index.php\/2014\/08\/27\/futbol-liguista-el-nacional-sub-13-se-inicia-el-7-de-septiembre\/\" \/>\n<meta property=\"og:site_name\" content=\"CELTTV\" \/>\n<meta property=\"article:publisher\" content=\"https:\/\/www.facebook.com\/celtTV\/\" \/>\n<meta property=\"article:published_time\" content=\"2014-08-27T19:37:20+00:00\" \/>\n<meta property=\"og:image\" content=\"http:\/\/www.tvcnoticias.com.ar\/wp-content\/uploads\/2014\/08\/1430-ARCO-Y-PELOTA-Medium3-450x261.jpg\" \/>\n<meta name=\"author\" content=\"ulises\" \/>\n<meta name=\"twitter:card\" content=\"summary_large_image\" \/>\n<meta name=\"twitter:label1\" content=\"Escrito por\" \/>\n\t<meta name=\"twitter:data1\" content=\"ulises\" \/>\n\t<meta name=\"twitter:label2\" content=\"Tiempo de lectura\" \/>\n\t<meta name=\"twitter:data2\" content=\"3 minutos\" \/>\n<script type=\"application\/ld+json\" class=\"yoast-schema-graph\">{\"@context\":\"https:\/\/schema.org\",\"@graph\":[{\"@type\":\"NewsArticle\",\"@id\":\"https:\/\/www.celttv.com.ar\/index.php\/2014\/08\/27\/futbol-liguista-el-nacional-sub-13-se-inicia-el-7-de-septiembre\/#article\",\"isPartOf\":{\"@id\":\"https:\/\/www.celttv.com.ar\/index.php\/2014\/08\/27\/futbol-liguista-el-nacional-sub-13-se-inicia-el-7-de-septiembre\/\"},\"author\":{\"name\":\"ulises\",\"@id\":\"https:\/\/www.celttv.com.ar\/#\/schema\/person\/6d99c072dba59953809c81446e9d0ace\"},\"headline\":\"FUTBOL LIGUISTA: EL NACIONAL SUB 13 SE INICIA EL 7 DE SEPTIEMBRE\",\"datePublished\":\"2014-08-27T19:37:20+00:00\",\"dateModified\":\"2014-08-27T19:37:20+00:00\",\"mainEntityOfPage\":{\"@id\":\"https:\/\/www.celttv.com.ar\/index.php\/2014\/08\/27\/futbol-liguista-el-nacional-sub-13-se-inicia-el-7-de-septiembre\/\"},\"wordCount\":683,\"publisher\":{\"@id\":\"https:\/\/www.celttv.com.ar\/#organization\"},\"articleSection\":[\"Deporte\",\"Destacadas\"],\"inLanguage\":\"es\"},{\"@type\":\"WebPage\",\"@id\":\"https:\/\/www.celttv.com.ar\/index.php\/2014\/08\/27\/futbol-liguista-el-nacional-sub-13-se-inicia-el-7-de-septiembre\/\",\"url\":\"https:\/\/www.celttv.com.ar\/index.php\/2014\/08\/27\/futbol-liguista-el-nacional-sub-13-se-inicia-el-7-de-septiembre\/\",\"name\":\"FUTBOL LIGUISTA: EL NACIONAL SUB 13 SE INICIA EL 7 DE SEPTIEMBRE - CELTTV\",\"isPartOf\":{\"@id\":\"https:\/\/www.celttv.com.ar\/#website\"},\"datePublished\":\"2014-08-27T19:37:20+00:00\",\"dateModified\":\"2014-08-27T19:37:20+00:00\",\"description\":\"Sitio web de noticias de la localidad de Tornquist, provincia de Buenos Aires, Rep\u00fablica Argentina. Contenido propio originado por periodistas de CELTTV, el canal de TV local de la Cooperativa El\u00e9ctrica de Tornquist. Turismo, Pol\u00edtica, Sociedad, Deporte, Cultura y todo el contenido de inter\u00e9s general que la gente del pueblo y la regi\u00f3n debe conocer.\",\"breadcrumb\":{\"@id\":\"https:\/\/www.celttv.com.ar\/index.php\/2014\/08\/27\/futbol-liguista-el-nacional-sub-13-se-inicia-el-7-de-septiembre\/#breadcrumb\"},\"inLanguage\":\"es\",\"potentialAction\":[{\"@type\":\"ReadAction\",\"target\":[\"https:\/\/www.celttv.com.ar\/index.php\/2014\/08\/27\/futbol-liguista-el-nacional-sub-13-se-inicia-el-7-de-septiembre\/\"]}]},{\"@type\":\"BreadcrumbList\",\"@id\":\"https:\/\/www.celttv.com.ar\/index.php\/2014\/08\/27\/futbol-liguista-el-nacional-sub-13-se-inicia-el-7-de-septiembre\/#breadcrumb\",\"itemListElement\":[{\"@type\":\"ListItem\",\"position\":1,\"name\":\"Inicio\",\"item\":\"https:\/\/www.celttv.com.ar\/\"},{\"@type\":\"ListItem\",\"position\":2,\"name\":\"FUTBOL LIGUISTA: EL NACIONAL SUB 13 SE INICIA EL 7 DE SEPTIEMBRE\"}]},{\"@type\":\"WebSite\",\"@id\":\"https:\/\/www.celttv.com.ar\/#website\",\"url\":\"https:\/\/www.celttv.com.ar\/\",\"name\":\"CELTTV\",\"description\":\"Cooperativa El\u00e9ctrica de Tornquist\",\"publisher\":{\"@id\":\"https:\/\/www.celttv.com.ar\/#organization\"},\"potentialAction\":[{\"@type\":\"SearchAction\",\"target\":{\"@type\":\"EntryPoint\",\"urlTemplate\":\"https:\/\/www.celttv.com.ar\/?s={search_term_string}\"},\"query-input\":\"required name=search_term_string\"}],\"inLanguage\":\"es\"},{\"@type\":\"Organization\",\"@id\":\"https:\/\/www.celttv.com.ar\/#organization\",\"name\":\"CELTTV\",\"url\":\"https:\/\/www.celttv.com.ar\/\",\"sameAs\":[\"https:\/\/www.youtube.com\/channel\/UCz_oIt8Hig64Ub-EmcNPIhg\",\"https:\/\/www.facebook.com\/celtTV\/\"],\"logo\":{\"@type\":\"ImageObject\",\"inLanguage\":\"es\",\"@id\":\"https:\/\/www.celttv.com.ar\/#\/schema\/logo\/image\/\",\"url\":\"http:\/\/www.celttv.com.ar\/wp-content\/uploads\/2022\/08\/logo-1.png\",\"contentUrl\":\"http:\/\/www.celttv.com.ar\/wp-content\/uploads\/2022\/08\/logo-1.png\",\"width\":461,\"height\":159,\"caption\":\"CELTTV\"},\"image\":{\"@id\":\"https:\/\/www.celttv.com.ar\/#\/schema\/logo\/image\/\"}},{\"@type\":\"Person\",\"@id\":\"https:\/\/www.celttv.com.ar\/#\/schema\/person\/6d99c072dba59953809c81446e9d0ace\",\"name\":\"ulises\",\"image\":{\"@type\":\"ImageObject\",\"inLanguage\":\"es\",\"@id\":\"https:\/\/www.celttv.com.ar\/#\/schema\/person\/image\/\",\"url\":\"https:\/\/secure.gravatar.com\/avatar\/7f2c48bdc33b30088f941fb6082e555f2874c98e20cb159d7b92b50eadfce793?s=96&d=mm&r=g\",\"contentUrl\":\"https:\/\/secure.gravatar.com\/avatar\/7f2c48bdc33b30088f941fb6082e555f2874c98e20cb159d7b92b50eadfce793?s=96&d=mm&r=g\",\"caption\":\"ulises\"},\"sameAs\":[\"http:\/\/www.celttv.com.ar\"]}]}<\/script>\n<!-- \/ Yoast SEO plugin. -->","yoast_head_json":{"title":"FUTBOL LIGUISTA: EL NACIONAL SUB 13 SE INICIA EL 7 DE SEPTIEMBRE - CELTTV","description":"Sitio web de noticias de la localidad de Tornquist, provincia de Buenos Aires, Rep\u00fablica Argentina. Contenido propio originado por periodistas de CELTTV, el canal de TV local de la Cooperativa El\u00e9ctrica de Tornquist. Turismo, Pol\u00edtica, Sociedad, Deporte, Cultura y todo el contenido de inter\u00e9s general que la gente del pueblo y la regi\u00f3n debe conocer.","robots":{"index":"index","follow":"follow","max-snippet":"max-snippet:-1","max-image-preview":"max-image-preview:large","max-video-preview":"max-video-preview:-1"},"canonical":"https:\/\/www.celttv.com.ar\/index.php\/2014\/08\/27\/futbol-liguista-el-nacional-sub-13-se-inicia-el-7-de-septiembre\/","og_locale":"es_ES","og_type":"article","og_title":"FUTBOL LIGUISTA: EL NACIONAL SUB 13 SE INICIA EL 7 DE SEPTIEMBRE - CELTTV","og_description":"Sitio web de noticias de la localidad de Tornquist, provincia de Buenos Aires, Rep\u00fablica Argentina. Contenido propio originado por periodistas de CELTTV, el canal de TV local de la Cooperativa El\u00e9ctrica de Tornquist. Turismo, Pol\u00edtica, Sociedad, Deporte, Cultura y todo el contenido de inter\u00e9s general que la gente del pueblo y la regi\u00f3n debe conocer.","og_url":"https:\/\/www.celttv.com.ar\/index.php\/2014\/08\/27\/futbol-liguista-el-nacional-sub-13-se-inicia-el-7-de-septiembre\/","og_site_name":"CELTTV","article_publisher":"https:\/\/www.facebook.com\/celtTV\/","article_published_time":"2014-08-27T19:37:20+00:00","og_image":[{"url":"http:\/\/www.tvcnoticias.com.ar\/wp-content\/uploads\/2014\/08\/1430-ARCO-Y-PELOTA-Medium3-450x261.jpg"}],"author":"ulises","twitter_card":"summary_large_image","twitter_misc":{"Escrito por":"ulises","Tiempo de lectura":"3 minutos"},"schema":{"@context":"https:\/\/schema.org","@graph":[{"@type":"NewsArticle","@id":"https:\/\/www.celttv.com.ar\/index.php\/2014\/08\/27\/futbol-liguista-el-nacional-sub-13-se-inicia-el-7-de-septiembre\/#article","isPartOf":{"@id":"https:\/\/www.celttv.com.ar\/index.php\/2014\/08\/27\/futbol-liguista-el-nacional-sub-13-se-inicia-el-7-de-septiembre\/"},"author":{"name":"ulises","@id":"https:\/\/www.celttv.com.ar\/#\/schema\/person\/6d99c072dba59953809c81446e9d0ace"},"headline":"FUTBOL LIGUISTA: EL NACIONAL SUB 13 SE INICIA EL 7 DE SEPTIEMBRE","datePublished":"2014-08-27T19:37:20+00:00","dateModified":"2014-08-27T19:37:20+00:00","mainEntityOfPage":{"@id":"https:\/\/www.celttv.com.ar\/index.php\/2014\/08\/27\/futbol-liguista-el-nacional-sub-13-se-inicia-el-7-de-septiembre\/"},"wordCount":683,"publisher":{"@id":"https:\/\/www.celttv.com.ar\/#organization"},"articleSection":["Deporte","Destacadas"],"inLanguage":"es"},{"@type":"WebPage","@id":"https:\/\/www.celttv.com.ar\/index.php\/2014\/08\/27\/futbol-liguista-el-nacional-sub-13-se-inicia-el-7-de-septiembre\/","url":"https:\/\/www.celttv.com.ar\/index.php\/2014\/08\/27\/futbol-liguista-el-nacional-sub-13-se-inicia-el-7-de-septiembre\/","name":"FUTBOL LIGUISTA: EL NACIONAL SUB 13 SE INICIA EL 7 DE SEPTIEMBRE - CELTTV","isPartOf":{"@id":"https:\/\/www.celttv.com.ar\/#website"},"datePublished":"2014-08-27T19:37:20+00:00","dateModified":"2014-08-27T19:37:20+00:00","description":"Sitio web de noticias de la localidad de Tornquist, provincia de Buenos Aires, Rep\u00fablica Argentina. Contenido propio originado por periodistas de CELTTV, el canal de TV local de la Cooperativa El\u00e9ctrica de Tornquist. Turismo, Pol\u00edtica, Sociedad, Deporte, Cultura y todo el contenido de inter\u00e9s general que la gente del pueblo y la regi\u00f3n debe conocer.","breadcrumb":{"@id":"https:\/\/www.celttv.com.ar\/index.php\/2014\/08\/27\/futbol-liguista-el-nacional-sub-13-se-inicia-el-7-de-septiembre\/#breadcrumb"},"inLanguage":"es","potentialAction":[{"@type":"ReadAction","target":["https:\/\/www.celttv.com.ar\/index.php\/2014\/08\/27\/futbol-liguista-el-nacional-sub-13-se-inicia-el-7-de-septiembre\/"]}]},{"@type":"BreadcrumbList","@id":"https:\/\/www.celttv.com.ar\/index.php\/2014\/08\/27\/futbol-liguista-el-nacional-sub-13-se-inicia-el-7-de-septiembre\/#breadcrumb","itemListElement":[{"@type":"ListItem","position":1,"name":"Inicio","item":"https:\/\/www.celttv.com.ar\/"},{"@type":"ListItem","position":2,"name":"FUTBOL LIGUISTA: EL NACIONAL SUB 13 SE INICIA EL 7 DE SEPTIEMBRE"}]},{"@type":"WebSite","@id":"https:\/\/www.celttv.com.ar\/#website","url":"https:\/\/www.celttv.com.ar\/","name":"CELTTV","description":"Cooperativa El\u00e9ctrica de Tornquist","publisher":{"@id":"https:\/\/www.celttv.com.ar\/#organization"},"potentialAction":[{"@type":"SearchAction","target":{"@type":"EntryPoint","urlTemplate":"https:\/\/www.celttv.com.ar\/?s={search_term_string}"},"query-input":"required name=search_term_string"}],"inLanguage":"es"},{"@type":"Organization","@id":"https:\/\/www.celttv.com.ar\/#organization","name":"CELTTV","url":"https:\/\/www.celttv.com.ar\/","sameAs":["https:\/\/www.youtube.com\/channel\/UCz_oIt8Hig64Ub-EmcNPIhg","https:\/\/www.facebook.com\/celtTV\/"],"logo":{"@type":"ImageObject","inLanguage":"es","@id":"https:\/\/www.celttv.com.ar\/#\/schema\/logo\/image\/","url":"http:\/\/www.celttv.com.ar\/wp-content\/uploads\/2022\/08\/logo-1.png","contentUrl":"http:\/\/www.celttv.com.ar\/wp-content\/uploads\/2022\/08\/logo-1.png","width":461,"height":159,"caption":"CELTTV"},"image":{"@id":"https:\/\/www.celttv.com.ar\/#\/schema\/logo\/image\/"}},{"@type":"Person","@id":"https:\/\/www.celttv.com.ar\/#\/schema\/person\/6d99c072dba59953809c81446e9d0ace","name":"ulises","image":{"@type":"ImageObject","inLanguage":"es","@id":"https:\/\/www.celttv.com.ar\/#\/schema\/person\/image\/","url":"https:\/\/secure.gravatar.com\/avatar\/7f2c48bdc33b30088f941fb6082e555f2874c98e20cb159d7b92b50eadfce793?s=96&d=mm&r=g","contentUrl":"https:\/\/secure.gravatar.com\/avatar\/7f2c48bdc33b30088f941fb6082e555f2874c98e20cb159d7b92b50eadfce793?s=96&d=mm&r=g","caption":"ulises"},"sameAs":["http:\/\/www.celttv.com.ar"]}]}},"_links":{"self":[{"href":"https:\/\/www.celttv.com.ar\/index.php\/wp-json\/wp\/v2\/posts\/22924","targetHints":{"allow":["GET"]}}],"collection":[{"href":"https:\/\/www.celttv.com.ar\/index.php\/wp-json\/wp\/v2\/posts"}],"about":[{"href":"https:\/\/www.celttv.com.ar\/index.php\/wp-json\/wp\/v2\/types\/post"}],"author":[{"embeddable":true,"href":"https:\/\/www.celttv.com.ar\/index.php\/wp-json\/wp\/v2\/users\/1"}],"replies":[{"embeddable":true,"href":"https:\/\/www.celttv.com.ar\/index.php\/wp-json\/wp\/v2\/comments?post=22924"}],"version-history":[{"count":0,"href":"https:\/\/www.celttv.com.ar\/index.php\/wp-json\/wp\/v2\/posts\/22924\/revisions"}],"wp:attachment":[{"href":"https:\/\/www.celttv.com.ar\/index.php\/wp-json\/wp\/v2\/media?parent=22924"}],"wp:term":[{"taxonomy":"category","embeddable":true,"href":"https:\/\/www.celttv.com.ar\/index.php\/wp-json\/wp\/v2\/categories?post=22924"},{"taxonomy":"post_tag","embeddable":true,"href":"https:\/\/www.celttv.com.ar\/index.php\/wp-json\/wp\/v2\/tags?post=22924"}],"curies":[{"name":"wp","href":"https:\/\/api.w.org\/{rel}","templated":true}]}}