{"id":23066,"date":"2014-09-03T12:50:45","date_gmt":"2014-09-03T12:50:45","guid":{"rendered":"http:\/\/www.tvcnoticias.com.ar\/?p=23066"},"modified":"2014-09-03T12:50:45","modified_gmt":"2014-09-03T12:50:45","slug":"maratonica-sesion-del-hcd-donde-hubo-fuertes-debates-proximamente-videoentrevistas","status":"publish","type":"post","link":"https:\/\/www.celttv.com.ar\/index.php\/2014\/09\/03\/maratonica-sesion-del-hcd-donde-hubo-fuertes-debates-proximamente-videoentrevistas\/","title":{"rendered":"MARATONICA SESION DEL HCD. DONDE HUBO FUERTES DEBATES (pr\u00f3ximamente videoentrevistas)"},"content":{"rendered":"<p>Anticipo de lo que ocurri\u00f3 este martes 2 de Setiembre en el recinto<br \/>\nLa sesi\u00f3n programada este martes 2 de Setiembre culmin\u00f3 cerca de la medianoche con un fuerte debate entre los concejales. Brindamos un resumen de lo ocurrido con lo mas destacado a la espera del Informe completa desde la Secretar\u00eda del cuerpo.<br \/>\nProyectos Presentados entre otros<br \/>\nEl Frente Renovador solicit\u00f3 un pedido de Informe sobre el funcionamiento de los Hogares Geri\u00e1tricos en el distrito.<br \/>\nLos Bloques del FPCy S,CC y UCR presentaron un expediente para destacar la Labor del Dr. V\u00edctor Duarte con su trabajo realizado como m\u00e9dico en el oeste del distrito y destacando que el profesional por a\u00f1os ha recorrido con su propio veh\u00edculo los caminos rurales para llegar con la atenci\u00f3n a lugares como Chasic\u00f3.<br \/>\nEs por ello que recibir\u00e1 una distinci\u00f3n en la sesi\u00f3n ordinaria del martes 16 de Setiembre a la hora 20 en el Concejo Deliberante. Para ello han cursado invitaciones al Intendente Municipal y a la Secretaria de Salud del municipio.<br \/>\nAsuntos Particulares<br \/>\nSe inform\u00f3 desde la presidencia que se realiz\u00f3 una reuni\u00f3n con integrantes del Sindicato Municipal sobre pedido de incremento salarial y se est\u00e1 a la espera del informe de la contadora municipal para saber qu\u00e9 n\u00famero acerca el ejecutivo.<br \/>\nEl vecino Jorge Fernandez de Sierra de la Ventana\u00a0 envi\u00f3 una carta al Intendnete con copia al HCD, donde contin\u00faa su reclamo por Filtraci\u00f3n de Desagues Cloacales en el consorcio Paseo del Centro por parte del complejo del se\u00f1or Alejandro Aiello ya que no ha tenido respuesta por parte de los integrantes del Deprtamento Ejecutivo y la delegaci\u00f3n para resolver dicha problem\u00e1tica.<br \/>\nAdem\u00e1s La Asociaci\u00f3n para el desarrollo Tur\u00edstico de Sierra de la Ventana dio a conocer a trav\u00e9s de una\u00a0 nota su desacuerdo con la aprobaci\u00f3n de la Ordenanza de venta Ambulante que afectar\u00eda a los comerciantes de la localidad. Igualmente solicit\u00f3 que los puestos existentes(Venta de Cubanitos y Venta de Pochoclos) s\u00ed sean habilitados. La Ordenanza\u00a0 aprobada en su oportunidad por mayor\u00eda y promulgada por el ejecutivo que a\u00fan no la ha reglamentado.<br \/>\nUso de la Palabra<br \/>\nDesde su banca hablaron V\u00edctor Ant\u00f3n sobre Venta Ambulante.<br \/>\nEzequiel Gabella mostr\u00f3 desde el Bloque del FPCyS su descontento por el veto del Intendente a la Ordenanza del C\u00f3digo de Etica para que los funcionarios municipales presenten sus declaraciones juradas.<br \/>\n\u201cLoffler en forma maliciosa hizo creer a empleados de La Planta Permanente al que alcanzar\u00eda la Ordenanza que las declaraciones juradas iban a ser publicadas en la p\u00e1gina web del municipio\u201d manifest\u00f3.<br \/>\nAdriana Nielsen ratific\u00f3 desde su banca que en este municipio no hay falta de transparencia. Para la Concejal Graciela Musso las declaraciones de Gabella le parecieron inapropiadas y mocion\u00f3 para convocar a la Secretaria de Obras P\u00fablicas para que d\u00e9 respuesta a reclamos de concejales. A esto el Concejal Gustavo Moroncini agreg\u00f3 que tambi\u00e9n los informes vengan por escrito.<br \/>\nDesde su banca Noel\u00ed Kloster indic\u00f3 que no le ten\u00eda miedo al \u201cBendito tema de la Etica\u201d en referencia a presentar las declaraciones juradas.<br \/>\nM\u00e1s all\u00e1 de otras alocuciones en una jornada que termin\u00f3 cerca de la medianoche, el Presidente del HCD Sergio Bordoni solicit\u00f3 bajar de la presidencia para hacer uso de la palabra y se refiri\u00f3 al t\u00edtulo de una nota aparecida en la revista La Tecla de La Plata donde se daba cuenta de una denuncia por desv\u00edo del Fondo Educativo y aclar\u00f3 que esto se deb\u00eda a una interna feroz que vive el PJ y que \u00e9l no ten\u00eda tanto poder para salir en los medios de La Plata.<br \/>\nInsisti\u00f3 en que el Intendente sigue haciendo clientelismo pol\u00edtico con el fondo educativo `porque este se desvirt\u00faa.<br \/>\n\u201cEs cierto que reparto le\u00f1a pero\u00a0 no solamente en campa\u00f1a lo hago desde siempre y si tengo un peso lo voy a gastar en la gente que lo necesita no en medios de La Plata\u201d dijo en una parte de su discurso.<br \/>\nMarita Skolak se pregunt\u00f3 desde su banca que le llam\u00f3 la atenci\u00f3n que Bordoni no haya salido en los medios locales a aclarar porque nos siguen confundiendo, en referencia a la nota aparecida en ese medio.<br \/>\nAdem\u00e1s la Concejal opin\u00f3 sobre declaraciones de Bordoni que no fueron ciertas como El porcentaje que el Consejo escolar de Pigue recib\u00eda del Intendente por el Fondo Educativo y a que esto no es as\u00ed e hizo menci\u00f3n a un expediente que el Presidente del HCD dio por perdido en Obras P\u00fablicas y esa carpeta-agreg\u00f3- la tuve en los \u00faltimos d\u00edas\u00a0 en mis manos.<br \/>\nPor Marcelo Alga\u00f1araz<br \/>\n[audio:http:\/\/www.tvcnoticias.com.ar\/wp-content\/uploads\/2014\/09\/Nota-con-Ezequiel-Gabella.mp3|titles=Nota con Ezequiel Gabella]<br \/>\n[audio:http:\/\/www.tvcnoticias.com.ar\/wp-content\/uploads\/2014\/09\/Nota-con-Sergio-Bordoni.mp3|titles=Nota con Sergio Bordoni]<br \/>\n[audio:http:\/\/www.tvcnoticias.com.ar\/wp-content\/uploads\/2014\/09\/Nota-con-Victor-Anton.mp3|titles=Nota con Victor Anton]<br \/>\n[audio:http:\/\/www.tvcnoticias.com.ar\/wp-content\/uploads\/2014\/09\/Nota-Marita-Skolak.mp3|titles=Nota Marita Skolak]<br \/>\n<img loading=\"lazy\" decoding=\"async\" class=\"aligncenter size-medium wp-image-23073\" title=\"DSC_0025 (Small)\" src=\"http:\/\/www.tvcnoticias.com.ar\/wp-content\/uploads\/2014\/09\/DSC_0025-Small-300x450.jpg\" alt=\"\" width=\"300\" height=\"450\" \/><br \/>\n&nbsp;<\/p>\n","protected":false},"excerpt":{"rendered":"<p>Anticipo de lo que ocurri\u00f3 este martes 2 de Setiembre en el recinto La sesi\u00f3n programada este martes 2 de Setiembre culmin\u00f3 cerca de la medianoche con un fuerte debate entre los concejales. Brindamos un resumen de lo ocurrido con lo mas destacado a la espera del Informe completa desde la Secretar\u00eda del cuerpo. Proyectos [&hellip;]<\/p>\n","protected":false},"author":1,"featured_media":0,"comment_status":"closed","ping_status":"open","sticky":false,"template":"","format":"standard","meta":{"footnotes":""},"categories":[51,52,53],"tags":[],"class_list":["post-23066","post","type-post","status-publish","format-standard","hentry","category-comunidad","category-destacadas","category-politica"],"yoast_head":"<!-- This site is optimized with the Yoast SEO plugin v19.7.1 - https:\/\/yoast.com\/wordpress\/plugins\/seo\/ -->\n<title>MARATONICA SESION DEL HCD. DONDE HUBO FUERTES DEBATES (pr\u00f3ximamente videoentrevistas) - CELTTV<\/title>\n<meta name=\"description\" content=\"Sitio web de noticias de la localidad de Tornquist, provincia de Buenos Aires, Rep\u00fablica Argentina. Contenido propio originado por periodistas de CELTTV, el canal de TV local de la Cooperativa El\u00e9ctrica de Tornquist. Turismo, Pol\u00edtica, Sociedad, Deporte, Cultura y todo el contenido de inter\u00e9s general que la gente del pueblo y la regi\u00f3n debe conocer.\" \/>\n<meta name=\"robots\" content=\"index, follow, max-snippet:-1, max-image-preview:large, max-video-preview:-1\" \/>\n<link rel=\"canonical\" href=\"https:\/\/www.celttv.com.ar\/index.php\/2014\/09\/03\/maratonica-sesion-del-hcd-donde-hubo-fuertes-debates-proximamente-videoentrevistas\/\" \/>\n<meta property=\"og:locale\" content=\"es_ES\" \/>\n<meta property=\"og:type\" content=\"article\" \/>\n<meta property=\"og:title\" content=\"MARATONICA SESION DEL HCD. DONDE HUBO FUERTES DEBATES (pr\u00f3ximamente videoentrevistas) - CELTTV\" \/>\n<meta property=\"og:description\" content=\"Sitio web de noticias de la localidad de Tornquist, provincia de Buenos Aires, Rep\u00fablica Argentina. Contenido propio originado por periodistas de CELTTV, el canal de TV local de la Cooperativa El\u00e9ctrica de Tornquist. Turismo, Pol\u00edtica, Sociedad, Deporte, Cultura y todo el contenido de inter\u00e9s general que la gente del pueblo y la regi\u00f3n debe conocer.\" \/>\n<meta property=\"og:url\" content=\"https:\/\/www.celttv.com.ar\/index.php\/2014\/09\/03\/maratonica-sesion-del-hcd-donde-hubo-fuertes-debates-proximamente-videoentrevistas\/\" \/>\n<meta property=\"og:site_name\" content=\"CELTTV\" \/>\n<meta property=\"article:publisher\" content=\"https:\/\/www.facebook.com\/celtTV\/\" \/>\n<meta property=\"article:published_time\" content=\"2014-09-03T12:50:45+00:00\" \/>\n<meta property=\"og:image\" content=\"http:\/\/www.tvcnoticias.com.ar\/wp-content\/uploads\/2014\/09\/DSC_0025-Small-300x450.jpg\" \/>\n<meta name=\"author\" content=\"ulises\" \/>\n<meta name=\"twitter:card\" content=\"summary_large_image\" \/>\n<meta name=\"twitter:label1\" content=\"Escrito por\" \/>\n\t<meta name=\"twitter:data1\" content=\"ulises\" \/>\n\t<meta name=\"twitter:label2\" content=\"Tiempo de lectura\" \/>\n\t<meta name=\"twitter:data2\" content=\"4 minutos\" \/>\n<script type=\"application\/ld+json\" class=\"yoast-schema-graph\">{\"@context\":\"https:\/\/schema.org\",\"@graph\":[{\"@type\":\"NewsArticle\",\"@id\":\"https:\/\/www.celttv.com.ar\/index.php\/2014\/09\/03\/maratonica-sesion-del-hcd-donde-hubo-fuertes-debates-proximamente-videoentrevistas\/#article\",\"isPartOf\":{\"@id\":\"https:\/\/www.celttv.com.ar\/index.php\/2014\/09\/03\/maratonica-sesion-del-hcd-donde-hubo-fuertes-debates-proximamente-videoentrevistas\/\"},\"author\":{\"name\":\"ulises\",\"@id\":\"https:\/\/www.celttv.com.ar\/#\/schema\/person\/6d99c072dba59953809c81446e9d0ace\"},\"headline\":\"MARATONICA SESION DEL HCD. DONDE HUBO FUERTES DEBATES (pr\u00f3ximamente videoentrevistas)\",\"datePublished\":\"2014-09-03T12:50:45+00:00\",\"dateModified\":\"2014-09-03T12:50:45+00:00\",\"mainEntityOfPage\":{\"@id\":\"https:\/\/www.celttv.com.ar\/index.php\/2014\/09\/03\/maratonica-sesion-del-hcd-donde-hubo-fuertes-debates-proximamente-videoentrevistas\/\"},\"wordCount\":879,\"publisher\":{\"@id\":\"https:\/\/www.celttv.com.ar\/#organization\"},\"articleSection\":[\"Comunidad\",\"Destacadas\",\"Pol\u00edtica\"],\"inLanguage\":\"es\"},{\"@type\":\"WebPage\",\"@id\":\"https:\/\/www.celttv.com.ar\/index.php\/2014\/09\/03\/maratonica-sesion-del-hcd-donde-hubo-fuertes-debates-proximamente-videoentrevistas\/\",\"url\":\"https:\/\/www.celttv.com.ar\/index.php\/2014\/09\/03\/maratonica-sesion-del-hcd-donde-hubo-fuertes-debates-proximamente-videoentrevistas\/\",\"name\":\"MARATONICA SESION DEL HCD. DONDE HUBO FUERTES DEBATES (pr\u00f3ximamente videoentrevistas) - CELTTV\",\"isPartOf\":{\"@id\":\"https:\/\/www.celttv.com.ar\/#website\"},\"datePublished\":\"2014-09-03T12:50:45+00:00\",\"dateModified\":\"2014-09-03T12:50:45+00:00\",\"description\":\"Sitio web de noticias de la localidad de Tornquist, provincia de Buenos Aires, Rep\u00fablica Argentina. Contenido propio originado por periodistas de CELTTV, el canal de TV local de la Cooperativa El\u00e9ctrica de Tornquist. Turismo, Pol\u00edtica, Sociedad, Deporte, Cultura y todo el contenido de inter\u00e9s general que la gente del pueblo y la regi\u00f3n debe conocer.\",\"breadcrumb\":{\"@id\":\"https:\/\/www.celttv.com.ar\/index.php\/2014\/09\/03\/maratonica-sesion-del-hcd-donde-hubo-fuertes-debates-proximamente-videoentrevistas\/#breadcrumb\"},\"inLanguage\":\"es\",\"potentialAction\":[{\"@type\":\"ReadAction\",\"target\":[\"https:\/\/www.celttv.com.ar\/index.php\/2014\/09\/03\/maratonica-sesion-del-hcd-donde-hubo-fuertes-debates-proximamente-videoentrevistas\/\"]}]},{\"@type\":\"BreadcrumbList\",\"@id\":\"https:\/\/www.celttv.com.ar\/index.php\/2014\/09\/03\/maratonica-sesion-del-hcd-donde-hubo-fuertes-debates-proximamente-videoentrevistas\/#breadcrumb\",\"itemListElement\":[{\"@type\":\"ListItem\",\"position\":1,\"name\":\"Inicio\",\"item\":\"https:\/\/www.celttv.com.ar\/\"},{\"@type\":\"ListItem\",\"position\":2,\"name\":\"MARATONICA SESION DEL HCD. DONDE HUBO FUERTES DEBATES (pr\u00f3ximamente videoentrevistas)\"}]},{\"@type\":\"WebSite\",\"@id\":\"https:\/\/www.celttv.com.ar\/#website\",\"url\":\"https:\/\/www.celttv.com.ar\/\",\"name\":\"CELTTV\",\"description\":\"Cooperativa El\u00e9ctrica de Tornquist\",\"publisher\":{\"@id\":\"https:\/\/www.celttv.com.ar\/#organization\"},\"potentialAction\":[{\"@type\":\"SearchAction\",\"target\":{\"@type\":\"EntryPoint\",\"urlTemplate\":\"https:\/\/www.celttv.com.ar\/?s={search_term_string}\"},\"query-input\":\"required name=search_term_string\"}],\"inLanguage\":\"es\"},{\"@type\":\"Organization\",\"@id\":\"https:\/\/www.celttv.com.ar\/#organization\",\"name\":\"CELTTV\",\"url\":\"https:\/\/www.celttv.com.ar\/\",\"sameAs\":[\"https:\/\/www.youtube.com\/channel\/UCz_oIt8Hig64Ub-EmcNPIhg\",\"https:\/\/www.facebook.com\/celtTV\/\"],\"logo\":{\"@type\":\"ImageObject\",\"inLanguage\":\"es\",\"@id\":\"https:\/\/www.celttv.com.ar\/#\/schema\/logo\/image\/\",\"url\":\"http:\/\/www.celttv.com.ar\/wp-content\/uploads\/2022\/08\/logo-1.png\",\"contentUrl\":\"http:\/\/www.celttv.com.ar\/wp-content\/uploads\/2022\/08\/logo-1.png\",\"width\":461,\"height\":159,\"caption\":\"CELTTV\"},\"image\":{\"@id\":\"https:\/\/www.celttv.com.ar\/#\/schema\/logo\/image\/\"}},{\"@type\":\"Person\",\"@id\":\"https:\/\/www.celttv.com.ar\/#\/schema\/person\/6d99c072dba59953809c81446e9d0ace\",\"name\":\"ulises\",\"image\":{\"@type\":\"ImageObject\",\"inLanguage\":\"es\",\"@id\":\"https:\/\/www.celttv.com.ar\/#\/schema\/person\/image\/\",\"url\":\"https:\/\/secure.gravatar.com\/avatar\/7f2c48bdc33b30088f941fb6082e555f2874c98e20cb159d7b92b50eadfce793?s=96&d=mm&r=g\",\"contentUrl\":\"https:\/\/secure.gravatar.com\/avatar\/7f2c48bdc33b30088f941fb6082e555f2874c98e20cb159d7b92b50eadfce793?s=96&d=mm&r=g\",\"caption\":\"ulises\"},\"sameAs\":[\"http:\/\/www.celttv.com.ar\"]}]}<\/script>\n<!-- \/ Yoast SEO plugin. -->","yoast_head_json":{"title":"MARATONICA SESION DEL HCD. DONDE HUBO FUERTES DEBATES (pr\u00f3ximamente videoentrevistas) - CELTTV","description":"Sitio web de noticias de la localidad de Tornquist, provincia de Buenos Aires, Rep\u00fablica Argentina. Contenido propio originado por periodistas de CELTTV, el canal de TV local de la Cooperativa El\u00e9ctrica de Tornquist. Turismo, Pol\u00edtica, Sociedad, Deporte, Cultura y todo el contenido de inter\u00e9s general que la gente del pueblo y la regi\u00f3n debe conocer.","robots":{"index":"index","follow":"follow","max-snippet":"max-snippet:-1","max-image-preview":"max-image-preview:large","max-video-preview":"max-video-preview:-1"},"canonical":"https:\/\/www.celttv.com.ar\/index.php\/2014\/09\/03\/maratonica-sesion-del-hcd-donde-hubo-fuertes-debates-proximamente-videoentrevistas\/","og_locale":"es_ES","og_type":"article","og_title":"MARATONICA SESION DEL HCD. DONDE HUBO FUERTES DEBATES (pr\u00f3ximamente videoentrevistas) - CELTTV","og_description":"Sitio web de noticias de la localidad de Tornquist, provincia de Buenos Aires, Rep\u00fablica Argentina. Contenido propio originado por periodistas de CELTTV, el canal de TV local de la Cooperativa El\u00e9ctrica de Tornquist. Turismo, Pol\u00edtica, Sociedad, Deporte, Cultura y todo el contenido de inter\u00e9s general que la gente del pueblo y la regi\u00f3n debe conocer.","og_url":"https:\/\/www.celttv.com.ar\/index.php\/2014\/09\/03\/maratonica-sesion-del-hcd-donde-hubo-fuertes-debates-proximamente-videoentrevistas\/","og_site_name":"CELTTV","article_publisher":"https:\/\/www.facebook.com\/celtTV\/","article_published_time":"2014-09-03T12:50:45+00:00","og_image":[{"url":"http:\/\/www.tvcnoticias.com.ar\/wp-content\/uploads\/2014\/09\/DSC_0025-Small-300x450.jpg"}],"author":"ulises","twitter_card":"summary_large_image","twitter_misc":{"Escrito por":"ulises","Tiempo de lectura":"4 minutos"},"schema":{"@context":"https:\/\/schema.org","@graph":[{"@type":"NewsArticle","@id":"https:\/\/www.celttv.com.ar\/index.php\/2014\/09\/03\/maratonica-sesion-del-hcd-donde-hubo-fuertes-debates-proximamente-videoentrevistas\/#article","isPartOf":{"@id":"https:\/\/www.celttv.com.ar\/index.php\/2014\/09\/03\/maratonica-sesion-del-hcd-donde-hubo-fuertes-debates-proximamente-videoentrevistas\/"},"author":{"name":"ulises","@id":"https:\/\/www.celttv.com.ar\/#\/schema\/person\/6d99c072dba59953809c81446e9d0ace"},"headline":"MARATONICA SESION DEL HCD. DONDE HUBO FUERTES DEBATES (pr\u00f3ximamente videoentrevistas)","datePublished":"2014-09-03T12:50:45+00:00","dateModified":"2014-09-03T12:50:45+00:00","mainEntityOfPage":{"@id":"https:\/\/www.celttv.com.ar\/index.php\/2014\/09\/03\/maratonica-sesion-del-hcd-donde-hubo-fuertes-debates-proximamente-videoentrevistas\/"},"wordCount":879,"publisher":{"@id":"https:\/\/www.celttv.com.ar\/#organization"},"articleSection":["Comunidad","Destacadas","Pol\u00edtica"],"inLanguage":"es"},{"@type":"WebPage","@id":"https:\/\/www.celttv.com.ar\/index.php\/2014\/09\/03\/maratonica-sesion-del-hcd-donde-hubo-fuertes-debates-proximamente-videoentrevistas\/","url":"https:\/\/www.celttv.com.ar\/index.php\/2014\/09\/03\/maratonica-sesion-del-hcd-donde-hubo-fuertes-debates-proximamente-videoentrevistas\/","name":"MARATONICA SESION DEL HCD. DONDE HUBO FUERTES DEBATES (pr\u00f3ximamente videoentrevistas) - CELTTV","isPartOf":{"@id":"https:\/\/www.celttv.com.ar\/#website"},"datePublished":"2014-09-03T12:50:45+00:00","dateModified":"2014-09-03T12:50:45+00:00","description":"Sitio web de noticias de la localidad de Tornquist, provincia de Buenos Aires, Rep\u00fablica Argentina. Contenido propio originado por periodistas de CELTTV, el canal de TV local de la Cooperativa El\u00e9ctrica de Tornquist. Turismo, Pol\u00edtica, Sociedad, Deporte, Cultura y todo el contenido de inter\u00e9s general que la gente del pueblo y la regi\u00f3n debe conocer.","breadcrumb":{"@id":"https:\/\/www.celttv.com.ar\/index.php\/2014\/09\/03\/maratonica-sesion-del-hcd-donde-hubo-fuertes-debates-proximamente-videoentrevistas\/#breadcrumb"},"inLanguage":"es","potentialAction":[{"@type":"ReadAction","target":["https:\/\/www.celttv.com.ar\/index.php\/2014\/09\/03\/maratonica-sesion-del-hcd-donde-hubo-fuertes-debates-proximamente-videoentrevistas\/"]}]},{"@type":"BreadcrumbList","@id":"https:\/\/www.celttv.com.ar\/index.php\/2014\/09\/03\/maratonica-sesion-del-hcd-donde-hubo-fuertes-debates-proximamente-videoentrevistas\/#breadcrumb","itemListElement":[{"@type":"ListItem","position":1,"name":"Inicio","item":"https:\/\/www.celttv.com.ar\/"},{"@type":"ListItem","position":2,"name":"MARATONICA SESION DEL HCD. DONDE HUBO FUERTES DEBATES (pr\u00f3ximamente videoentrevistas)"}]},{"@type":"WebSite","@id":"https:\/\/www.celttv.com.ar\/#website","url":"https:\/\/www.celttv.com.ar\/","name":"CELTTV","description":"Cooperativa El\u00e9ctrica de Tornquist","publisher":{"@id":"https:\/\/www.celttv.com.ar\/#organization"},"potentialAction":[{"@type":"SearchAction","target":{"@type":"EntryPoint","urlTemplate":"https:\/\/www.celttv.com.ar\/?s={search_term_string}"},"query-input":"required name=search_term_string"}],"inLanguage":"es"},{"@type":"Organization","@id":"https:\/\/www.celttv.com.ar\/#organization","name":"CELTTV","url":"https:\/\/www.celttv.com.ar\/","sameAs":["https:\/\/www.youtube.com\/channel\/UCz_oIt8Hig64Ub-EmcNPIhg","https:\/\/www.facebook.com\/celtTV\/"],"logo":{"@type":"ImageObject","inLanguage":"es","@id":"https:\/\/www.celttv.com.ar\/#\/schema\/logo\/image\/","url":"http:\/\/www.celttv.com.ar\/wp-content\/uploads\/2022\/08\/logo-1.png","contentUrl":"http:\/\/www.celttv.com.ar\/wp-content\/uploads\/2022\/08\/logo-1.png","width":461,"height":159,"caption":"CELTTV"},"image":{"@id":"https:\/\/www.celttv.com.ar\/#\/schema\/logo\/image\/"}},{"@type":"Person","@id":"https:\/\/www.celttv.com.ar\/#\/schema\/person\/6d99c072dba59953809c81446e9d0ace","name":"ulises","image":{"@type":"ImageObject","inLanguage":"es","@id":"https:\/\/www.celttv.com.ar\/#\/schema\/person\/image\/","url":"https:\/\/secure.gravatar.com\/avatar\/7f2c48bdc33b30088f941fb6082e555f2874c98e20cb159d7b92b50eadfce793?s=96&d=mm&r=g","contentUrl":"https:\/\/secure.gravatar.com\/avatar\/7f2c48bdc33b30088f941fb6082e555f2874c98e20cb159d7b92b50eadfce793?s=96&d=mm&r=g","caption":"ulises"},"sameAs":["http:\/\/www.celttv.com.ar"]}]}},"_links":{"self":[{"href":"https:\/\/www.celttv.com.ar\/index.php\/wp-json\/wp\/v2\/posts\/23066","targetHints":{"allow":["GET"]}}],"collection":[{"href":"https:\/\/www.celttv.com.ar\/index.php\/wp-json\/wp\/v2\/posts"}],"about":[{"href":"https:\/\/www.celttv.com.ar\/index.php\/wp-json\/wp\/v2\/types\/post"}],"author":[{"embeddable":true,"href":"https:\/\/www.celttv.com.ar\/index.php\/wp-json\/wp\/v2\/users\/1"}],"replies":[{"embeddable":true,"href":"https:\/\/www.celttv.com.ar\/index.php\/wp-json\/wp\/v2\/comments?post=23066"}],"version-history":[{"count":0,"href":"https:\/\/www.celttv.com.ar\/index.php\/wp-json\/wp\/v2\/posts\/23066\/revisions"}],"wp:attachment":[{"href":"https:\/\/www.celttv.com.ar\/index.php\/wp-json\/wp\/v2\/media?parent=23066"}],"wp:term":[{"taxonomy":"category","embeddable":true,"href":"https:\/\/www.celttv.com.ar\/index.php\/wp-json\/wp\/v2\/categories?post=23066"},{"taxonomy":"post_tag","embeddable":true,"href":"https:\/\/www.celttv.com.ar\/index.php\/wp-json\/wp\/v2\/tags?post=23066"}],"curies":[{"name":"wp","href":"https:\/\/api.w.org\/{rel}","templated":true}]}}