{"id":23081,"date":"2014-09-03T13:02:41","date_gmt":"2014-09-03T13:02:41","guid":{"rendered":"http:\/\/www.tvcnoticias.com.ar\/?p=23081"},"modified":"2014-09-03T13:02:41","modified_gmt":"2014-09-03T13:02:41","slug":"jornada-atletica-en-sierra-de-la-ventana-y-tornquist-nota-a-jorge-schmidt","status":"publish","type":"post","link":"https:\/\/www.celttv.com.ar\/index.php\/2014\/09\/03\/jornada-atletica-en-sierra-de-la-ventana-y-tornquist-nota-a-jorge-schmidt\/","title":{"rendered":"JORNADA ATL\u00c9TICA EN SIERRA DE LA VENTANA Y TORNQUIST (Nota a Jorge Schmidt)"},"content":{"rendered":"<div><strong><a href=\"https:\/\/www.youtube.com\/watch?v=qAoriVduS24\">httpv:\/\/www.youtube.com\/watch?v=qAoriVduS24<\/a><\/strong><\/div>\n<div><strong><a href=\"https:\/\/www.youtube.com\/watch?v=qAoriVduS24\"><\/a>MAGAZINE SPORT &#8212;-<\/strong> El atletismo va a vivir dos semanas muy intensas en los pr\u00f3ximos d\u00edas en el distrito de Tornquist.<\/div>\n<div>El s\u00e1bado 6, la actividad atl\u00e9tica comenzar\u00e1 con la Carrera Aventura que\u00a0se llevar\u00e1 adelante en Sierra de la Ventana.<\/div>\n<div>La competencia\u00a0empezar\u00e1\u00a0a las 15, y la largada ser\u00e1 frente al Hotel Provincial de la localidad serrana. La carrera comprender\u00e1 distintos tipo de superficies, ya que\u00a0los atletas deber\u00e1n pasar por asfalto, calles de tierra, campos y arroyos.<\/div>\n<div>Luego, el 14 de setiembre, la competencia se trasladar\u00e1 a Tornquist, donde la carrera iniciar\u00e1 a las 10.30. Las distancias a disputarse son 8 K\u00a0y 14 K. A su vez, se realizar\u00e1 una caminata saludable de 4K.<\/div>\n<div>Durante la emisi\u00f3n de<strong> MAGAZINE SPORT<\/strong>, el director de Deportes del municipio de Tornquist, el profesor\u00a0<strong>Jorge Schmidt<\/strong>, brind\u00f3 detalles de ambas competencias.<\/div>\n","protected":false},"excerpt":{"rendered":"<p>httpv:\/\/www.youtube.com\/watch?v=qAoriVduS24 MAGAZINE SPORT &#8212;- El atletismo va a vivir dos semanas muy intensas en los pr\u00f3ximos d\u00edas en el distrito de Tornquist. El s\u00e1bado 6, la actividad atl\u00e9tica comenzar\u00e1 con la Carrera Aventura que\u00a0se llevar\u00e1 adelante en Sierra de la Ventana. La competencia\u00a0empezar\u00e1\u00a0a las 15, y la largada ser\u00e1 frente al Hotel Provincial de la [&hellip;]<\/p>\n","protected":false},"author":1,"featured_media":0,"comment_status":"closed","ping_status":"open","sticky":false,"template":"","format":"standard","meta":{"footnotes":""},"categories":[51,60,52,64],"tags":[],"class_list":["post-23081","post","type-post","status-publish","format-standard","hentry","category-comunidad","category-deporte","category-destacadas","category-videos-destacados"],"yoast_head":"<!-- This site is optimized with the Yoast SEO plugin v19.7.1 - https:\/\/yoast.com\/wordpress\/plugins\/seo\/ -->\n<title>JORNADA ATL\u00c9TICA EN SIERRA DE LA VENTANA Y TORNQUIST (Nota a Jorge Schmidt) - CELTTV<\/title>\n<meta name=\"description\" content=\"Sitio web de noticias de la localidad de Tornquist, provincia de Buenos Aires, Rep\u00fablica Argentina. Contenido propio originado por periodistas de CELTTV, el canal de TV local de la Cooperativa El\u00e9ctrica de Tornquist. Turismo, Pol\u00edtica, Sociedad, Deporte, Cultura y todo el contenido de inter\u00e9s general que la gente del pueblo y la regi\u00f3n debe conocer.\" \/>\n<meta name=\"robots\" content=\"index, follow, max-snippet:-1, max-image-preview:large, max-video-preview:-1\" \/>\n<link rel=\"canonical\" href=\"https:\/\/www.celttv.com.ar\/index.php\/2014\/09\/03\/jornada-atletica-en-sierra-de-la-ventana-y-tornquist-nota-a-jorge-schmidt\/\" \/>\n<meta property=\"og:locale\" content=\"es_ES\" \/>\n<meta property=\"og:type\" content=\"article\" \/>\n<meta property=\"og:title\" content=\"JORNADA ATL\u00c9TICA EN SIERRA DE LA VENTANA Y TORNQUIST (Nota a Jorge Schmidt) - CELTTV\" \/>\n<meta property=\"og:description\" content=\"Sitio web de noticias de la localidad de Tornquist, provincia de Buenos Aires, Rep\u00fablica Argentina. Contenido propio originado por periodistas de CELTTV, el canal de TV local de la Cooperativa El\u00e9ctrica de Tornquist. Turismo, Pol\u00edtica, Sociedad, Deporte, Cultura y todo el contenido de inter\u00e9s general que la gente del pueblo y la regi\u00f3n debe conocer.\" \/>\n<meta property=\"og:url\" content=\"https:\/\/www.celttv.com.ar\/index.php\/2014\/09\/03\/jornada-atletica-en-sierra-de-la-ventana-y-tornquist-nota-a-jorge-schmidt\/\" \/>\n<meta property=\"og:site_name\" content=\"CELTTV\" \/>\n<meta property=\"article:publisher\" content=\"https:\/\/www.facebook.com\/celtTV\/\" \/>\n<meta property=\"article:published_time\" content=\"2014-09-03T13:02:41+00:00\" \/>\n<meta name=\"author\" content=\"ulises\" \/>\n<meta name=\"twitter:card\" content=\"summary_large_image\" \/>\n<meta name=\"twitter:label1\" content=\"Escrito por\" \/>\n\t<meta name=\"twitter:data1\" content=\"ulises\" \/>\n\t<meta name=\"twitter:label2\" content=\"Tiempo de lectura\" \/>\n\t<meta name=\"twitter:data2\" content=\"1 minuto\" \/>\n<script type=\"application\/ld+json\" class=\"yoast-schema-graph\">{\"@context\":\"https:\/\/schema.org\",\"@graph\":[{\"@type\":\"NewsArticle\",\"@id\":\"https:\/\/www.celttv.com.ar\/index.php\/2014\/09\/03\/jornada-atletica-en-sierra-de-la-ventana-y-tornquist-nota-a-jorge-schmidt\/#article\",\"isPartOf\":{\"@id\":\"https:\/\/www.celttv.com.ar\/index.php\/2014\/09\/03\/jornada-atletica-en-sierra-de-la-ventana-y-tornquist-nota-a-jorge-schmidt\/\"},\"author\":{\"name\":\"ulises\",\"@id\":\"https:\/\/www.celttv.com.ar\/#\/schema\/person\/6d99c072dba59953809c81446e9d0ace\"},\"headline\":\"JORNADA ATL\u00c9TICA EN SIERRA DE LA VENTANA Y TORNQUIST (Nota a Jorge Schmidt)\",\"datePublished\":\"2014-09-03T13:02:41+00:00\",\"dateModified\":\"2014-09-03T13:02:41+00:00\",\"mainEntityOfPage\":{\"@id\":\"https:\/\/www.celttv.com.ar\/index.php\/2014\/09\/03\/jornada-atletica-en-sierra-de-la-ventana-y-tornquist-nota-a-jorge-schmidt\/\"},\"wordCount\":162,\"publisher\":{\"@id\":\"https:\/\/www.celttv.com.ar\/#organization\"},\"articleSection\":[\"Comunidad\",\"Deporte\",\"Destacadas\",\"Videos Destacados\"],\"inLanguage\":\"es\"},{\"@type\":\"WebPage\",\"@id\":\"https:\/\/www.celttv.com.ar\/index.php\/2014\/09\/03\/jornada-atletica-en-sierra-de-la-ventana-y-tornquist-nota-a-jorge-schmidt\/\",\"url\":\"https:\/\/www.celttv.com.ar\/index.php\/2014\/09\/03\/jornada-atletica-en-sierra-de-la-ventana-y-tornquist-nota-a-jorge-schmidt\/\",\"name\":\"JORNADA ATL\u00c9TICA EN SIERRA DE LA VENTANA Y TORNQUIST (Nota a Jorge Schmidt) - CELTTV\",\"isPartOf\":{\"@id\":\"https:\/\/www.celttv.com.ar\/#website\"},\"datePublished\":\"2014-09-03T13:02:41+00:00\",\"dateModified\":\"2014-09-03T13:02:41+00:00\",\"description\":\"Sitio web de noticias de la localidad de Tornquist, provincia de Buenos Aires, Rep\u00fablica Argentina. Contenido propio originado por periodistas de CELTTV, el canal de TV local de la Cooperativa El\u00e9ctrica de Tornquist. Turismo, Pol\u00edtica, Sociedad, Deporte, Cultura y todo el contenido de inter\u00e9s general que la gente del pueblo y la regi\u00f3n debe conocer.\",\"breadcrumb\":{\"@id\":\"https:\/\/www.celttv.com.ar\/index.php\/2014\/09\/03\/jornada-atletica-en-sierra-de-la-ventana-y-tornquist-nota-a-jorge-schmidt\/#breadcrumb\"},\"inLanguage\":\"es\",\"potentialAction\":[{\"@type\":\"ReadAction\",\"target\":[\"https:\/\/www.celttv.com.ar\/index.php\/2014\/09\/03\/jornada-atletica-en-sierra-de-la-ventana-y-tornquist-nota-a-jorge-schmidt\/\"]}]},{\"@type\":\"BreadcrumbList\",\"@id\":\"https:\/\/www.celttv.com.ar\/index.php\/2014\/09\/03\/jornada-atletica-en-sierra-de-la-ventana-y-tornquist-nota-a-jorge-schmidt\/#breadcrumb\",\"itemListElement\":[{\"@type\":\"ListItem\",\"position\":1,\"name\":\"Inicio\",\"item\":\"https:\/\/www.celttv.com.ar\/\"},{\"@type\":\"ListItem\",\"position\":2,\"name\":\"JORNADA ATL\u00c9TICA EN SIERRA DE LA VENTANA Y TORNQUIST (Nota a Jorge Schmidt)\"}]},{\"@type\":\"WebSite\",\"@id\":\"https:\/\/www.celttv.com.ar\/#website\",\"url\":\"https:\/\/www.celttv.com.ar\/\",\"name\":\"CELTTV\",\"description\":\"Cooperativa El\u00e9ctrica de Tornquist\",\"publisher\":{\"@id\":\"https:\/\/www.celttv.com.ar\/#organization\"},\"potentialAction\":[{\"@type\":\"SearchAction\",\"target\":{\"@type\":\"EntryPoint\",\"urlTemplate\":\"https:\/\/www.celttv.com.ar\/?s={search_term_string}\"},\"query-input\":\"required name=search_term_string\"}],\"inLanguage\":\"es\"},{\"@type\":\"Organization\",\"@id\":\"https:\/\/www.celttv.com.ar\/#organization\",\"name\":\"CELTTV\",\"url\":\"https:\/\/www.celttv.com.ar\/\",\"sameAs\":[\"https:\/\/www.youtube.com\/channel\/UCz_oIt8Hig64Ub-EmcNPIhg\",\"https:\/\/www.facebook.com\/celtTV\/\"],\"logo\":{\"@type\":\"ImageObject\",\"inLanguage\":\"es\",\"@id\":\"https:\/\/www.celttv.com.ar\/#\/schema\/logo\/image\/\",\"url\":\"http:\/\/www.celttv.com.ar\/wp-content\/uploads\/2022\/08\/logo-1.png\",\"contentUrl\":\"http:\/\/www.celttv.com.ar\/wp-content\/uploads\/2022\/08\/logo-1.png\",\"width\":461,\"height\":159,\"caption\":\"CELTTV\"},\"image\":{\"@id\":\"https:\/\/www.celttv.com.ar\/#\/schema\/logo\/image\/\"}},{\"@type\":\"Person\",\"@id\":\"https:\/\/www.celttv.com.ar\/#\/schema\/person\/6d99c072dba59953809c81446e9d0ace\",\"name\":\"ulises\",\"image\":{\"@type\":\"ImageObject\",\"inLanguage\":\"es\",\"@id\":\"https:\/\/www.celttv.com.ar\/#\/schema\/person\/image\/\",\"url\":\"https:\/\/secure.gravatar.com\/avatar\/7f2c48bdc33b30088f941fb6082e555f2874c98e20cb159d7b92b50eadfce793?s=96&d=mm&r=g\",\"contentUrl\":\"https:\/\/secure.gravatar.com\/avatar\/7f2c48bdc33b30088f941fb6082e555f2874c98e20cb159d7b92b50eadfce793?s=96&d=mm&r=g\",\"caption\":\"ulises\"},\"sameAs\":[\"http:\/\/www.celttv.com.ar\"]}]}<\/script>\n<!-- \/ Yoast SEO plugin. -->","yoast_head_json":{"title":"JORNADA ATL\u00c9TICA EN SIERRA DE LA VENTANA Y TORNQUIST (Nota a Jorge Schmidt) - CELTTV","description":"Sitio web de noticias de la localidad de Tornquist, provincia de Buenos Aires, Rep\u00fablica Argentina. Contenido propio originado por periodistas de CELTTV, el canal de TV local de la Cooperativa El\u00e9ctrica de Tornquist. Turismo, Pol\u00edtica, Sociedad, Deporte, Cultura y todo el contenido de inter\u00e9s general que la gente del pueblo y la regi\u00f3n debe conocer.","robots":{"index":"index","follow":"follow","max-snippet":"max-snippet:-1","max-image-preview":"max-image-preview:large","max-video-preview":"max-video-preview:-1"},"canonical":"https:\/\/www.celttv.com.ar\/index.php\/2014\/09\/03\/jornada-atletica-en-sierra-de-la-ventana-y-tornquist-nota-a-jorge-schmidt\/","og_locale":"es_ES","og_type":"article","og_title":"JORNADA ATL\u00c9TICA EN SIERRA DE LA VENTANA Y TORNQUIST (Nota a Jorge Schmidt) - CELTTV","og_description":"Sitio web de noticias de la localidad de Tornquist, provincia de Buenos Aires, Rep\u00fablica Argentina. Contenido propio originado por periodistas de CELTTV, el canal de TV local de la Cooperativa El\u00e9ctrica de Tornquist. Turismo, Pol\u00edtica, Sociedad, Deporte, Cultura y todo el contenido de inter\u00e9s general que la gente del pueblo y la regi\u00f3n debe conocer.","og_url":"https:\/\/www.celttv.com.ar\/index.php\/2014\/09\/03\/jornada-atletica-en-sierra-de-la-ventana-y-tornquist-nota-a-jorge-schmidt\/","og_site_name":"CELTTV","article_publisher":"https:\/\/www.facebook.com\/celtTV\/","article_published_time":"2014-09-03T13:02:41+00:00","author":"ulises","twitter_card":"summary_large_image","twitter_misc":{"Escrito por":"ulises","Tiempo de lectura":"1 minuto"},"schema":{"@context":"https:\/\/schema.org","@graph":[{"@type":"NewsArticle","@id":"https:\/\/www.celttv.com.ar\/index.php\/2014\/09\/03\/jornada-atletica-en-sierra-de-la-ventana-y-tornquist-nota-a-jorge-schmidt\/#article","isPartOf":{"@id":"https:\/\/www.celttv.com.ar\/index.php\/2014\/09\/03\/jornada-atletica-en-sierra-de-la-ventana-y-tornquist-nota-a-jorge-schmidt\/"},"author":{"name":"ulises","@id":"https:\/\/www.celttv.com.ar\/#\/schema\/person\/6d99c072dba59953809c81446e9d0ace"},"headline":"JORNADA ATL\u00c9TICA EN SIERRA DE LA VENTANA Y TORNQUIST (Nota a Jorge Schmidt)","datePublished":"2014-09-03T13:02:41+00:00","dateModified":"2014-09-03T13:02:41+00:00","mainEntityOfPage":{"@id":"https:\/\/www.celttv.com.ar\/index.php\/2014\/09\/03\/jornada-atletica-en-sierra-de-la-ventana-y-tornquist-nota-a-jorge-schmidt\/"},"wordCount":162,"publisher":{"@id":"https:\/\/www.celttv.com.ar\/#organization"},"articleSection":["Comunidad","Deporte","Destacadas","Videos Destacados"],"inLanguage":"es"},{"@type":"WebPage","@id":"https:\/\/www.celttv.com.ar\/index.php\/2014\/09\/03\/jornada-atletica-en-sierra-de-la-ventana-y-tornquist-nota-a-jorge-schmidt\/","url":"https:\/\/www.celttv.com.ar\/index.php\/2014\/09\/03\/jornada-atletica-en-sierra-de-la-ventana-y-tornquist-nota-a-jorge-schmidt\/","name":"JORNADA ATL\u00c9TICA EN SIERRA DE LA VENTANA Y TORNQUIST (Nota a Jorge Schmidt) - CELTTV","isPartOf":{"@id":"https:\/\/www.celttv.com.ar\/#website"},"datePublished":"2014-09-03T13:02:41+00:00","dateModified":"2014-09-03T13:02:41+00:00","description":"Sitio web de noticias de la localidad de Tornquist, provincia de Buenos Aires, Rep\u00fablica Argentina. Contenido propio originado por periodistas de CELTTV, el canal de TV local de la Cooperativa El\u00e9ctrica de Tornquist. Turismo, Pol\u00edtica, Sociedad, Deporte, Cultura y todo el contenido de inter\u00e9s general que la gente del pueblo y la regi\u00f3n debe conocer.","breadcrumb":{"@id":"https:\/\/www.celttv.com.ar\/index.php\/2014\/09\/03\/jornada-atletica-en-sierra-de-la-ventana-y-tornquist-nota-a-jorge-schmidt\/#breadcrumb"},"inLanguage":"es","potentialAction":[{"@type":"ReadAction","target":["https:\/\/www.celttv.com.ar\/index.php\/2014\/09\/03\/jornada-atletica-en-sierra-de-la-ventana-y-tornquist-nota-a-jorge-schmidt\/"]}]},{"@type":"BreadcrumbList","@id":"https:\/\/www.celttv.com.ar\/index.php\/2014\/09\/03\/jornada-atletica-en-sierra-de-la-ventana-y-tornquist-nota-a-jorge-schmidt\/#breadcrumb","itemListElement":[{"@type":"ListItem","position":1,"name":"Inicio","item":"https:\/\/www.celttv.com.ar\/"},{"@type":"ListItem","position":2,"name":"JORNADA ATL\u00c9TICA EN SIERRA DE LA VENTANA Y TORNQUIST (Nota a Jorge Schmidt)"}]},{"@type":"WebSite","@id":"https:\/\/www.celttv.com.ar\/#website","url":"https:\/\/www.celttv.com.ar\/","name":"CELTTV","description":"Cooperativa El\u00e9ctrica de Tornquist","publisher":{"@id":"https:\/\/www.celttv.com.ar\/#organization"},"potentialAction":[{"@type":"SearchAction","target":{"@type":"EntryPoint","urlTemplate":"https:\/\/www.celttv.com.ar\/?s={search_term_string}"},"query-input":"required name=search_term_string"}],"inLanguage":"es"},{"@type":"Organization","@id":"https:\/\/www.celttv.com.ar\/#organization","name":"CELTTV","url":"https:\/\/www.celttv.com.ar\/","sameAs":["https:\/\/www.youtube.com\/channel\/UCz_oIt8Hig64Ub-EmcNPIhg","https:\/\/www.facebook.com\/celtTV\/"],"logo":{"@type":"ImageObject","inLanguage":"es","@id":"https:\/\/www.celttv.com.ar\/#\/schema\/logo\/image\/","url":"http:\/\/www.celttv.com.ar\/wp-content\/uploads\/2022\/08\/logo-1.png","contentUrl":"http:\/\/www.celttv.com.ar\/wp-content\/uploads\/2022\/08\/logo-1.png","width":461,"height":159,"caption":"CELTTV"},"image":{"@id":"https:\/\/www.celttv.com.ar\/#\/schema\/logo\/image\/"}},{"@type":"Person","@id":"https:\/\/www.celttv.com.ar\/#\/schema\/person\/6d99c072dba59953809c81446e9d0ace","name":"ulises","image":{"@type":"ImageObject","inLanguage":"es","@id":"https:\/\/www.celttv.com.ar\/#\/schema\/person\/image\/","url":"https:\/\/secure.gravatar.com\/avatar\/7f2c48bdc33b30088f941fb6082e555f2874c98e20cb159d7b92b50eadfce793?s=96&d=mm&r=g","contentUrl":"https:\/\/secure.gravatar.com\/avatar\/7f2c48bdc33b30088f941fb6082e555f2874c98e20cb159d7b92b50eadfce793?s=96&d=mm&r=g","caption":"ulises"},"sameAs":["http:\/\/www.celttv.com.ar"]}]}},"_links":{"self":[{"href":"https:\/\/www.celttv.com.ar\/index.php\/wp-json\/wp\/v2\/posts\/23081","targetHints":{"allow":["GET"]}}],"collection":[{"href":"https:\/\/www.celttv.com.ar\/index.php\/wp-json\/wp\/v2\/posts"}],"about":[{"href":"https:\/\/www.celttv.com.ar\/index.php\/wp-json\/wp\/v2\/types\/post"}],"author":[{"embeddable":true,"href":"https:\/\/www.celttv.com.ar\/index.php\/wp-json\/wp\/v2\/users\/1"}],"replies":[{"embeddable":true,"href":"https:\/\/www.celttv.com.ar\/index.php\/wp-json\/wp\/v2\/comments?post=23081"}],"version-history":[{"count":0,"href":"https:\/\/www.celttv.com.ar\/index.php\/wp-json\/wp\/v2\/posts\/23081\/revisions"}],"wp:attachment":[{"href":"https:\/\/www.celttv.com.ar\/index.php\/wp-json\/wp\/v2\/media?parent=23081"}],"wp:term":[{"taxonomy":"category","embeddable":true,"href":"https:\/\/www.celttv.com.ar\/index.php\/wp-json\/wp\/v2\/categories?post=23081"},{"taxonomy":"post_tag","embeddable":true,"href":"https:\/\/www.celttv.com.ar\/index.php\/wp-json\/wp\/v2\/tags?post=23081"}],"curies":[{"name":"wp","href":"https:\/\/api.w.org\/{rel}","templated":true}]}}