{"id":23084,"date":"2014-09-03T19:23:15","date_gmt":"2014-09-03T19:23:15","guid":{"rendered":"http:\/\/www.tvcnoticias.com.ar\/?p=23084"},"modified":"2014-09-03T19:23:15","modified_gmt":"2014-09-03T19:23:15","slug":"union-t-y-liniers-jugaran-el-torneo-de-la-liga-de-las-leyendas-nota-con-sergio-martinez-y-carlos-graff","status":"publish","type":"post","link":"https:\/\/www.celttv.com.ar\/index.php\/2014\/09\/03\/union-t-y-liniers-jugaran-el-torneo-de-la-liga-de-las-leyendas-nota-con-sergio-martinez-y-carlos-graff\/","title":{"rendered":"UNI\u00d3N (T) Y LINIERS JUGAR\u00c1N EL TORNEO DE LA LIGA DE LAS LEYENDAS (Nota con Sergio Mart\u00ednez y Carlos Graff)"},"content":{"rendered":"<div><strong><a href=\"https:\/\/www.youtube.com\/watch?v=3_fyc4lxn3g\">httpv:\/\/www.youtube.com\/watch?v=3_fyc4lxn3g<\/a><\/strong><\/div>\n<div><\/div>\n<div><a href=\"https:\/\/www.youtube.com\/watch?v=B7X-pfPiAT0\">httpv:\/\/www.youtube.com\/watch?v=B7X-pfPiAT0<\/a><\/div>\n<div><strong><br \/>\n<\/strong><\/div>\n<div><strong><a href=\"https:\/\/www.youtube.com\/watch?v=3_fyc4lxn3g\"><\/a>MAGAZINE SPORT&#8212;<\/strong> Con gran expectativa de jugadores, simpatizantes y dirigentes que marcaron una \u00e9poca en el f\u00fatbol de la regi\u00f3n, se preparan a disfrutar de la denominada\u00a0<strong>Liga de Leyendas<\/strong>, la cual comenzar\u00e1 el 13 de setiembre,\u00a0y conatr\u00e1 con la participaci\u00f3n del Club Uni\u00f3n de nuestra ciudad.<\/div>\n<div>El acto inaugural fue programado a las 18.20 y, posteriormente, se jugar\u00e1n dos partidos en simult\u00e1neo. A las 20, se disputar\u00e1n otros dos partidos en simult\u00e1neo. Dichos encuentros se jugar\u00e1n en el complejo situado frente a Pajas Bravas, ubicado en la avenida Cabrera.<\/div>\n<div>El domingo 14, se cerrar\u00e1 la fecha con tres partidos, a las 10, las 1 y las 12, en las canchas de Bella Vista.<\/div>\n<div><strong>MAGAZINE SPORT<\/strong>,\u00a0 dialog\u00f3 con el ex-jugador\u00a0<strong>Sergio Mart\u00ednez<\/strong>, quien vestir\u00e1 la camiseta del Club Liniers.<\/div>\n<div>Adem\u00e1s,\u00a0<strong>MAGAZINE SPORT<\/strong> entrevist\u00f3\u00a0a\u00a0<strong>Carlos Graff<\/strong>, quien tendr\u00e1 a cargo la direcci\u00f3n t\u00e9cnica del equipo que presentar\u00e1 Uni\u00f3n (T) en dicha competencia.<\/div>\n<div>Varios nombres hist\u00f3ricos de la entidad verde formar\u00e1n parte del equipo que presentar\u00e1 Uni\u00f3n (T), en un\u00a0torneo que reunir\u00e1 a grandes figuras del futbol de la Liga del Sur y la regi\u00f3n.<\/div>\n","protected":false},"excerpt":{"rendered":"<p>httpv:\/\/www.youtube.com\/watch?v=3_fyc4lxn3g httpv:\/\/www.youtube.com\/watch?v=B7X-pfPiAT0 MAGAZINE SPORT&#8212; Con gran expectativa de jugadores, simpatizantes y dirigentes que marcaron una \u00e9poca en el f\u00fatbol de la regi\u00f3n, se preparan a disfrutar de la denominada\u00a0Liga de Leyendas, la cual comenzar\u00e1 el 13 de setiembre,\u00a0y conatr\u00e1 con la participaci\u00f3n del Club Uni\u00f3n de nuestra ciudad. El acto inaugural fue programado a las [&hellip;]<\/p>\n","protected":false},"author":1,"featured_media":0,"comment_status":"closed","ping_status":"open","sticky":false,"template":"","format":"standard","meta":{"footnotes":""},"categories":[60,52,64],"tags":[],"class_list":["post-23084","post","type-post","status-publish","format-standard","hentry","category-deporte","category-destacadas","category-videos-destacados"],"yoast_head":"<!-- This site is optimized with the Yoast SEO plugin v19.7.1 - https:\/\/yoast.com\/wordpress\/plugins\/seo\/ -->\n<title>UNI\u00d3N (T) Y LINIERS JUGAR\u00c1N EL TORNEO DE LA LIGA DE LAS LEYENDAS (Nota con Sergio Mart\u00ednez y Carlos Graff) - CELTTV<\/title>\n<meta name=\"description\" content=\"Sitio web de noticias de la localidad de Tornquist, provincia de Buenos Aires, Rep\u00fablica Argentina. Contenido propio originado por periodistas de CELTTV, el canal de TV local de la Cooperativa El\u00e9ctrica de Tornquist. Turismo, Pol\u00edtica, Sociedad, Deporte, Cultura y todo el contenido de inter\u00e9s general que la gente del pueblo y la regi\u00f3n debe conocer.\" \/>\n<meta name=\"robots\" content=\"index, follow, max-snippet:-1, max-image-preview:large, max-video-preview:-1\" \/>\n<link rel=\"canonical\" href=\"https:\/\/www.celttv.com.ar\/index.php\/2014\/09\/03\/union-t-y-liniers-jugaran-el-torneo-de-la-liga-de-las-leyendas-nota-con-sergio-martinez-y-carlos-graff\/\" \/>\n<meta property=\"og:locale\" content=\"es_ES\" \/>\n<meta property=\"og:type\" content=\"article\" \/>\n<meta property=\"og:title\" content=\"UNI\u00d3N (T) Y LINIERS JUGAR\u00c1N EL TORNEO DE LA LIGA DE LAS LEYENDAS (Nota con Sergio Mart\u00ednez y Carlos Graff) - CELTTV\" \/>\n<meta property=\"og:description\" content=\"Sitio web de noticias de la localidad de Tornquist, provincia de Buenos Aires, Rep\u00fablica Argentina. Contenido propio originado por periodistas de CELTTV, el canal de TV local de la Cooperativa El\u00e9ctrica de Tornquist. Turismo, Pol\u00edtica, Sociedad, Deporte, Cultura y todo el contenido de inter\u00e9s general que la gente del pueblo y la regi\u00f3n debe conocer.\" \/>\n<meta property=\"og:url\" content=\"https:\/\/www.celttv.com.ar\/index.php\/2014\/09\/03\/union-t-y-liniers-jugaran-el-torneo-de-la-liga-de-las-leyendas-nota-con-sergio-martinez-y-carlos-graff\/\" \/>\n<meta property=\"og:site_name\" content=\"CELTTV\" \/>\n<meta property=\"article:publisher\" content=\"https:\/\/www.facebook.com\/celtTV\/\" \/>\n<meta property=\"article:published_time\" content=\"2014-09-03T19:23:15+00:00\" \/>\n<meta name=\"author\" content=\"ulises\" \/>\n<meta name=\"twitter:card\" content=\"summary_large_image\" \/>\n<meta name=\"twitter:label1\" content=\"Escrito por\" \/>\n\t<meta name=\"twitter:data1\" content=\"ulises\" \/>\n\t<meta name=\"twitter:label2\" content=\"Tiempo de lectura\" \/>\n\t<meta name=\"twitter:data2\" content=\"1 minuto\" \/>\n<script type=\"application\/ld+json\" class=\"yoast-schema-graph\">{\"@context\":\"https:\/\/schema.org\",\"@graph\":[{\"@type\":\"NewsArticle\",\"@id\":\"https:\/\/www.celttv.com.ar\/index.php\/2014\/09\/03\/union-t-y-liniers-jugaran-el-torneo-de-la-liga-de-las-leyendas-nota-con-sergio-martinez-y-carlos-graff\/#article\",\"isPartOf\":{\"@id\":\"https:\/\/www.celttv.com.ar\/index.php\/2014\/09\/03\/union-t-y-liniers-jugaran-el-torneo-de-la-liga-de-las-leyendas-nota-con-sergio-martinez-y-carlos-graff\/\"},\"author\":{\"name\":\"ulises\",\"@id\":\"https:\/\/www.celttv.com.ar\/#\/schema\/person\/6d99c072dba59953809c81446e9d0ace\"},\"headline\":\"UNI\u00d3N (T) Y LINIERS JUGAR\u00c1N EL TORNEO DE LA LIGA DE LAS LEYENDAS (Nota con Sergio Mart\u00ednez y Carlos Graff)\",\"datePublished\":\"2014-09-03T19:23:15+00:00\",\"dateModified\":\"2014-09-03T19:23:15+00:00\",\"mainEntityOfPage\":{\"@id\":\"https:\/\/www.celttv.com.ar\/index.php\/2014\/09\/03\/union-t-y-liniers-jugaran-el-torneo-de-la-liga-de-las-leyendas-nota-con-sergio-martinez-y-carlos-graff\/\"},\"wordCount\":237,\"publisher\":{\"@id\":\"https:\/\/www.celttv.com.ar\/#organization\"},\"articleSection\":[\"Deporte\",\"Destacadas\",\"Videos Destacados\"],\"inLanguage\":\"es\"},{\"@type\":\"WebPage\",\"@id\":\"https:\/\/www.celttv.com.ar\/index.php\/2014\/09\/03\/union-t-y-liniers-jugaran-el-torneo-de-la-liga-de-las-leyendas-nota-con-sergio-martinez-y-carlos-graff\/\",\"url\":\"https:\/\/www.celttv.com.ar\/index.php\/2014\/09\/03\/union-t-y-liniers-jugaran-el-torneo-de-la-liga-de-las-leyendas-nota-con-sergio-martinez-y-carlos-graff\/\",\"name\":\"UNI\u00d3N (T) Y LINIERS JUGAR\u00c1N EL TORNEO DE LA LIGA DE LAS LEYENDAS (Nota con Sergio Mart\u00ednez y Carlos Graff) - CELTTV\",\"isPartOf\":{\"@id\":\"https:\/\/www.celttv.com.ar\/#website\"},\"datePublished\":\"2014-09-03T19:23:15+00:00\",\"dateModified\":\"2014-09-03T19:23:15+00:00\",\"description\":\"Sitio web de noticias de la localidad de Tornquist, provincia de Buenos Aires, Rep\u00fablica Argentina. Contenido propio originado por periodistas de CELTTV, el canal de TV local de la Cooperativa El\u00e9ctrica de Tornquist. Turismo, Pol\u00edtica, Sociedad, Deporte, Cultura y todo el contenido de inter\u00e9s general que la gente del pueblo y la regi\u00f3n debe conocer.\",\"breadcrumb\":{\"@id\":\"https:\/\/www.celttv.com.ar\/index.php\/2014\/09\/03\/union-t-y-liniers-jugaran-el-torneo-de-la-liga-de-las-leyendas-nota-con-sergio-martinez-y-carlos-graff\/#breadcrumb\"},\"inLanguage\":\"es\",\"potentialAction\":[{\"@type\":\"ReadAction\",\"target\":[\"https:\/\/www.celttv.com.ar\/index.php\/2014\/09\/03\/union-t-y-liniers-jugaran-el-torneo-de-la-liga-de-las-leyendas-nota-con-sergio-martinez-y-carlos-graff\/\"]}]},{\"@type\":\"BreadcrumbList\",\"@id\":\"https:\/\/www.celttv.com.ar\/index.php\/2014\/09\/03\/union-t-y-liniers-jugaran-el-torneo-de-la-liga-de-las-leyendas-nota-con-sergio-martinez-y-carlos-graff\/#breadcrumb\",\"itemListElement\":[{\"@type\":\"ListItem\",\"position\":1,\"name\":\"Inicio\",\"item\":\"https:\/\/www.celttv.com.ar\/\"},{\"@type\":\"ListItem\",\"position\":2,\"name\":\"UNI\u00d3N (T) Y LINIERS JUGAR\u00c1N EL TORNEO DE LA LIGA DE LAS LEYENDAS (Nota con Sergio Mart\u00ednez y Carlos Graff)\"}]},{\"@type\":\"WebSite\",\"@id\":\"https:\/\/www.celttv.com.ar\/#website\",\"url\":\"https:\/\/www.celttv.com.ar\/\",\"name\":\"CELTTV\",\"description\":\"Cooperativa El\u00e9ctrica de Tornquist\",\"publisher\":{\"@id\":\"https:\/\/www.celttv.com.ar\/#organization\"},\"potentialAction\":[{\"@type\":\"SearchAction\",\"target\":{\"@type\":\"EntryPoint\",\"urlTemplate\":\"https:\/\/www.celttv.com.ar\/?s={search_term_string}\"},\"query-input\":\"required name=search_term_string\"}],\"inLanguage\":\"es\"},{\"@type\":\"Organization\",\"@id\":\"https:\/\/www.celttv.com.ar\/#organization\",\"name\":\"CELTTV\",\"url\":\"https:\/\/www.celttv.com.ar\/\",\"sameAs\":[\"https:\/\/www.youtube.com\/channel\/UCz_oIt8Hig64Ub-EmcNPIhg\",\"https:\/\/www.facebook.com\/celtTV\/\"],\"logo\":{\"@type\":\"ImageObject\",\"inLanguage\":\"es\",\"@id\":\"https:\/\/www.celttv.com.ar\/#\/schema\/logo\/image\/\",\"url\":\"http:\/\/www.celttv.com.ar\/wp-content\/uploads\/2022\/08\/logo-1.png\",\"contentUrl\":\"http:\/\/www.celttv.com.ar\/wp-content\/uploads\/2022\/08\/logo-1.png\",\"width\":461,\"height\":159,\"caption\":\"CELTTV\"},\"image\":{\"@id\":\"https:\/\/www.celttv.com.ar\/#\/schema\/logo\/image\/\"}},{\"@type\":\"Person\",\"@id\":\"https:\/\/www.celttv.com.ar\/#\/schema\/person\/6d99c072dba59953809c81446e9d0ace\",\"name\":\"ulises\",\"image\":{\"@type\":\"ImageObject\",\"inLanguage\":\"es\",\"@id\":\"https:\/\/www.celttv.com.ar\/#\/schema\/person\/image\/\",\"url\":\"https:\/\/secure.gravatar.com\/avatar\/7f2c48bdc33b30088f941fb6082e555f2874c98e20cb159d7b92b50eadfce793?s=96&d=mm&r=g\",\"contentUrl\":\"https:\/\/secure.gravatar.com\/avatar\/7f2c48bdc33b30088f941fb6082e555f2874c98e20cb159d7b92b50eadfce793?s=96&d=mm&r=g\",\"caption\":\"ulises\"},\"sameAs\":[\"http:\/\/www.celttv.com.ar\"]}]}<\/script>\n<!-- \/ Yoast SEO plugin. -->","yoast_head_json":{"title":"UNI\u00d3N (T) Y LINIERS JUGAR\u00c1N EL TORNEO DE LA LIGA DE LAS LEYENDAS (Nota con Sergio Mart\u00ednez y Carlos Graff) - CELTTV","description":"Sitio web de noticias de la localidad de Tornquist, provincia de Buenos Aires, Rep\u00fablica Argentina. Contenido propio originado por periodistas de CELTTV, el canal de TV local de la Cooperativa El\u00e9ctrica de Tornquist. Turismo, Pol\u00edtica, Sociedad, Deporte, Cultura y todo el contenido de inter\u00e9s general que la gente del pueblo y la regi\u00f3n debe conocer.","robots":{"index":"index","follow":"follow","max-snippet":"max-snippet:-1","max-image-preview":"max-image-preview:large","max-video-preview":"max-video-preview:-1"},"canonical":"https:\/\/www.celttv.com.ar\/index.php\/2014\/09\/03\/union-t-y-liniers-jugaran-el-torneo-de-la-liga-de-las-leyendas-nota-con-sergio-martinez-y-carlos-graff\/","og_locale":"es_ES","og_type":"article","og_title":"UNI\u00d3N (T) Y LINIERS JUGAR\u00c1N EL TORNEO DE LA LIGA DE LAS LEYENDAS (Nota con Sergio Mart\u00ednez y Carlos Graff) - CELTTV","og_description":"Sitio web de noticias de la localidad de Tornquist, provincia de Buenos Aires, Rep\u00fablica Argentina. Contenido propio originado por periodistas de CELTTV, el canal de TV local de la Cooperativa El\u00e9ctrica de Tornquist. Turismo, Pol\u00edtica, Sociedad, Deporte, Cultura y todo el contenido de inter\u00e9s general que la gente del pueblo y la regi\u00f3n debe conocer.","og_url":"https:\/\/www.celttv.com.ar\/index.php\/2014\/09\/03\/union-t-y-liniers-jugaran-el-torneo-de-la-liga-de-las-leyendas-nota-con-sergio-martinez-y-carlos-graff\/","og_site_name":"CELTTV","article_publisher":"https:\/\/www.facebook.com\/celtTV\/","article_published_time":"2014-09-03T19:23:15+00:00","author":"ulises","twitter_card":"summary_large_image","twitter_misc":{"Escrito por":"ulises","Tiempo de lectura":"1 minuto"},"schema":{"@context":"https:\/\/schema.org","@graph":[{"@type":"NewsArticle","@id":"https:\/\/www.celttv.com.ar\/index.php\/2014\/09\/03\/union-t-y-liniers-jugaran-el-torneo-de-la-liga-de-las-leyendas-nota-con-sergio-martinez-y-carlos-graff\/#article","isPartOf":{"@id":"https:\/\/www.celttv.com.ar\/index.php\/2014\/09\/03\/union-t-y-liniers-jugaran-el-torneo-de-la-liga-de-las-leyendas-nota-con-sergio-martinez-y-carlos-graff\/"},"author":{"name":"ulises","@id":"https:\/\/www.celttv.com.ar\/#\/schema\/person\/6d99c072dba59953809c81446e9d0ace"},"headline":"UNI\u00d3N (T) Y LINIERS JUGAR\u00c1N EL TORNEO DE LA LIGA DE LAS LEYENDAS (Nota con Sergio Mart\u00ednez y Carlos Graff)","datePublished":"2014-09-03T19:23:15+00:00","dateModified":"2014-09-03T19:23:15+00:00","mainEntityOfPage":{"@id":"https:\/\/www.celttv.com.ar\/index.php\/2014\/09\/03\/union-t-y-liniers-jugaran-el-torneo-de-la-liga-de-las-leyendas-nota-con-sergio-martinez-y-carlos-graff\/"},"wordCount":237,"publisher":{"@id":"https:\/\/www.celttv.com.ar\/#organization"},"articleSection":["Deporte","Destacadas","Videos Destacados"],"inLanguage":"es"},{"@type":"WebPage","@id":"https:\/\/www.celttv.com.ar\/index.php\/2014\/09\/03\/union-t-y-liniers-jugaran-el-torneo-de-la-liga-de-las-leyendas-nota-con-sergio-martinez-y-carlos-graff\/","url":"https:\/\/www.celttv.com.ar\/index.php\/2014\/09\/03\/union-t-y-liniers-jugaran-el-torneo-de-la-liga-de-las-leyendas-nota-con-sergio-martinez-y-carlos-graff\/","name":"UNI\u00d3N (T) Y LINIERS JUGAR\u00c1N EL TORNEO DE LA LIGA DE LAS LEYENDAS (Nota con Sergio Mart\u00ednez y Carlos Graff) - CELTTV","isPartOf":{"@id":"https:\/\/www.celttv.com.ar\/#website"},"datePublished":"2014-09-03T19:23:15+00:00","dateModified":"2014-09-03T19:23:15+00:00","description":"Sitio web de noticias de la localidad de Tornquist, provincia de Buenos Aires, Rep\u00fablica Argentina. Contenido propio originado por periodistas de CELTTV, el canal de TV local de la Cooperativa El\u00e9ctrica de Tornquist. Turismo, Pol\u00edtica, Sociedad, Deporte, Cultura y todo el contenido de inter\u00e9s general que la gente del pueblo y la regi\u00f3n debe conocer.","breadcrumb":{"@id":"https:\/\/www.celttv.com.ar\/index.php\/2014\/09\/03\/union-t-y-liniers-jugaran-el-torneo-de-la-liga-de-las-leyendas-nota-con-sergio-martinez-y-carlos-graff\/#breadcrumb"},"inLanguage":"es","potentialAction":[{"@type":"ReadAction","target":["https:\/\/www.celttv.com.ar\/index.php\/2014\/09\/03\/union-t-y-liniers-jugaran-el-torneo-de-la-liga-de-las-leyendas-nota-con-sergio-martinez-y-carlos-graff\/"]}]},{"@type":"BreadcrumbList","@id":"https:\/\/www.celttv.com.ar\/index.php\/2014\/09\/03\/union-t-y-liniers-jugaran-el-torneo-de-la-liga-de-las-leyendas-nota-con-sergio-martinez-y-carlos-graff\/#breadcrumb","itemListElement":[{"@type":"ListItem","position":1,"name":"Inicio","item":"https:\/\/www.celttv.com.ar\/"},{"@type":"ListItem","position":2,"name":"UNI\u00d3N (T) Y LINIERS JUGAR\u00c1N EL TORNEO DE LA LIGA DE LAS LEYENDAS (Nota con Sergio Mart\u00ednez y Carlos Graff)"}]},{"@type":"WebSite","@id":"https:\/\/www.celttv.com.ar\/#website","url":"https:\/\/www.celttv.com.ar\/","name":"CELTTV","description":"Cooperativa El\u00e9ctrica de Tornquist","publisher":{"@id":"https:\/\/www.celttv.com.ar\/#organization"},"potentialAction":[{"@type":"SearchAction","target":{"@type":"EntryPoint","urlTemplate":"https:\/\/www.celttv.com.ar\/?s={search_term_string}"},"query-input":"required name=search_term_string"}],"inLanguage":"es"},{"@type":"Organization","@id":"https:\/\/www.celttv.com.ar\/#organization","name":"CELTTV","url":"https:\/\/www.celttv.com.ar\/","sameAs":["https:\/\/www.youtube.com\/channel\/UCz_oIt8Hig64Ub-EmcNPIhg","https:\/\/www.facebook.com\/celtTV\/"],"logo":{"@type":"ImageObject","inLanguage":"es","@id":"https:\/\/www.celttv.com.ar\/#\/schema\/logo\/image\/","url":"http:\/\/www.celttv.com.ar\/wp-content\/uploads\/2022\/08\/logo-1.png","contentUrl":"http:\/\/www.celttv.com.ar\/wp-content\/uploads\/2022\/08\/logo-1.png","width":461,"height":159,"caption":"CELTTV"},"image":{"@id":"https:\/\/www.celttv.com.ar\/#\/schema\/logo\/image\/"}},{"@type":"Person","@id":"https:\/\/www.celttv.com.ar\/#\/schema\/person\/6d99c072dba59953809c81446e9d0ace","name":"ulises","image":{"@type":"ImageObject","inLanguage":"es","@id":"https:\/\/www.celttv.com.ar\/#\/schema\/person\/image\/","url":"https:\/\/secure.gravatar.com\/avatar\/7f2c48bdc33b30088f941fb6082e555f2874c98e20cb159d7b92b50eadfce793?s=96&d=mm&r=g","contentUrl":"https:\/\/secure.gravatar.com\/avatar\/7f2c48bdc33b30088f941fb6082e555f2874c98e20cb159d7b92b50eadfce793?s=96&d=mm&r=g","caption":"ulises"},"sameAs":["http:\/\/www.celttv.com.ar"]}]}},"_links":{"self":[{"href":"https:\/\/www.celttv.com.ar\/index.php\/wp-json\/wp\/v2\/posts\/23084","targetHints":{"allow":["GET"]}}],"collection":[{"href":"https:\/\/www.celttv.com.ar\/index.php\/wp-json\/wp\/v2\/posts"}],"about":[{"href":"https:\/\/www.celttv.com.ar\/index.php\/wp-json\/wp\/v2\/types\/post"}],"author":[{"embeddable":true,"href":"https:\/\/www.celttv.com.ar\/index.php\/wp-json\/wp\/v2\/users\/1"}],"replies":[{"embeddable":true,"href":"https:\/\/www.celttv.com.ar\/index.php\/wp-json\/wp\/v2\/comments?post=23084"}],"version-history":[{"count":0,"href":"https:\/\/www.celttv.com.ar\/index.php\/wp-json\/wp\/v2\/posts\/23084\/revisions"}],"wp:attachment":[{"href":"https:\/\/www.celttv.com.ar\/index.php\/wp-json\/wp\/v2\/media?parent=23084"}],"wp:term":[{"taxonomy":"category","embeddable":true,"href":"https:\/\/www.celttv.com.ar\/index.php\/wp-json\/wp\/v2\/categories?post=23084"},{"taxonomy":"post_tag","embeddable":true,"href":"https:\/\/www.celttv.com.ar\/index.php\/wp-json\/wp\/v2\/tags?post=23084"}],"curies":[{"name":"wp","href":"https:\/\/api.w.org\/{rel}","templated":true}]}}