{"id":23112,"date":"2014-09-04T20:51:29","date_gmt":"2014-09-04T20:51:29","guid":{"rendered":"http:\/\/www.tvcnoticias.com.ar\/?p=23112"},"modified":"2014-09-04T20:51:29","modified_gmt":"2014-09-04T20:51:29","slug":"el-frente-progresista-civico-y-social-propuso-que-el-hcd-le-otorgue-un-reconocimiento-al-dr-duarte","status":"publish","type":"post","link":"https:\/\/www.celttv.com.ar\/index.php\/2014\/09\/04\/el-frente-progresista-civico-y-social-propuso-que-el-hcd-le-otorgue-un-reconocimiento-al-dr-duarte\/","title":{"rendered":"El FRENTE PROGRESISTA C\u00cdVICO Y SOCIAL PROPUSO QUE EL HCD.  LE OTORGUE UN RECONOCIMIENTO AL DR. DUARTE:"},"content":{"rendered":"<p>Los Bloques Frente Progresista C\u00edvico y Social, Uni\u00f3n C\u00edvica Radical y Coalici\u00f3n C\u00edvica, mediante un Proyecto de Resoluci\u00f3n, propusieron realizar un reconocimiento como \u201cPROFESIONAL DESTACADO\u201d del Distrito al Dr. V\u00edctor Duarte, tomando en cuenta \u00a0la labor profesional y humanitaria que lleva a cabo en las localidades del Oeste del Distrito.<br \/>\nTeniendo en cuenta, adem\u00e1s, lo dificultoso que se hace a veces llegar a esos lugares, debido al mal estado de los caminos producto de las inclemencias clim\u00e1ticas.<br \/>\n&nbsp;<br \/>\n&nbsp;<br \/>\n&nbsp;<br \/>\n&nbsp;<\/p>\n","protected":false},"excerpt":{"rendered":"<p>Los Bloques Frente Progresista C\u00edvico y Social, Uni\u00f3n C\u00edvica Radical y Coalici\u00f3n C\u00edvica, mediante un Proyecto de Resoluci\u00f3n, propusieron realizar un reconocimiento como \u201cPROFESIONAL DESTACADO\u201d del Distrito al Dr. V\u00edctor Duarte, tomando en cuenta \u00a0la labor profesional y humanitaria que lleva a cabo en las localidades del Oeste del Distrito. Teniendo en cuenta, adem\u00e1s, lo [&hellip;]<\/p>\n","protected":false},"author":1,"featured_media":0,"comment_status":"closed","ping_status":"open","sticky":false,"template":"","format":"standard","meta":{"footnotes":""},"categories":[52,53],"tags":[],"class_list":["post-23112","post","type-post","status-publish","format-standard","hentry","category-destacadas","category-politica"],"yoast_head":"<!-- This site is optimized with the Yoast SEO plugin v19.7.1 - https:\/\/yoast.com\/wordpress\/plugins\/seo\/ -->\n<title>El FRENTE PROGRESISTA C\u00cdVICO Y SOCIAL PROPUSO QUE EL HCD. LE OTORGUE UN RECONOCIMIENTO AL DR. DUARTE: - CELTTV<\/title>\n<meta name=\"description\" content=\"Sitio web de noticias de la localidad de Tornquist, provincia de Buenos Aires, Rep\u00fablica Argentina. Contenido propio originado por periodistas de CELTTV, el canal de TV local de la Cooperativa El\u00e9ctrica de Tornquist. Turismo, Pol\u00edtica, Sociedad, Deporte, Cultura y todo el contenido de inter\u00e9s general que la gente del pueblo y la regi\u00f3n debe conocer.\" \/>\n<meta name=\"robots\" content=\"index, follow, max-snippet:-1, max-image-preview:large, max-video-preview:-1\" \/>\n<link rel=\"canonical\" href=\"https:\/\/www.celttv.com.ar\/index.php\/2014\/09\/04\/el-frente-progresista-civico-y-social-propuso-que-el-hcd-le-otorgue-un-reconocimiento-al-dr-duarte\/\" \/>\n<meta property=\"og:locale\" content=\"es_ES\" \/>\n<meta property=\"og:type\" content=\"article\" \/>\n<meta property=\"og:title\" content=\"El FRENTE PROGRESISTA C\u00cdVICO Y SOCIAL PROPUSO QUE EL HCD. LE OTORGUE UN RECONOCIMIENTO AL DR. DUARTE: - CELTTV\" \/>\n<meta property=\"og:description\" content=\"Sitio web de noticias de la localidad de Tornquist, provincia de Buenos Aires, Rep\u00fablica Argentina. Contenido propio originado por periodistas de CELTTV, el canal de TV local de la Cooperativa El\u00e9ctrica de Tornquist. Turismo, Pol\u00edtica, Sociedad, Deporte, Cultura y todo el contenido de inter\u00e9s general que la gente del pueblo y la regi\u00f3n debe conocer.\" \/>\n<meta property=\"og:url\" content=\"https:\/\/www.celttv.com.ar\/index.php\/2014\/09\/04\/el-frente-progresista-civico-y-social-propuso-que-el-hcd-le-otorgue-un-reconocimiento-al-dr-duarte\/\" \/>\n<meta property=\"og:site_name\" content=\"CELTTV\" \/>\n<meta property=\"article:publisher\" content=\"https:\/\/www.facebook.com\/celtTV\/\" \/>\n<meta property=\"article:published_time\" content=\"2014-09-04T20:51:29+00:00\" \/>\n<meta name=\"author\" content=\"ulises\" \/>\n<meta name=\"twitter:card\" content=\"summary_large_image\" \/>\n<meta name=\"twitter:label1\" content=\"Escrito por\" \/>\n\t<meta name=\"twitter:data1\" content=\"ulises\" \/>\n<script type=\"application\/ld+json\" class=\"yoast-schema-graph\">{\"@context\":\"https:\/\/schema.org\",\"@graph\":[{\"@type\":\"NewsArticle\",\"@id\":\"https:\/\/www.celttv.com.ar\/index.php\/2014\/09\/04\/el-frente-progresista-civico-y-social-propuso-que-el-hcd-le-otorgue-un-reconocimiento-al-dr-duarte\/#article\",\"isPartOf\":{\"@id\":\"https:\/\/www.celttv.com.ar\/index.php\/2014\/09\/04\/el-frente-progresista-civico-y-social-propuso-que-el-hcd-le-otorgue-un-reconocimiento-al-dr-duarte\/\"},\"author\":{\"name\":\"ulises\",\"@id\":\"https:\/\/www.celttv.com.ar\/#\/schema\/person\/6d99c072dba59953809c81446e9d0ace\"},\"headline\":\"El FRENTE PROGRESISTA C\u00cdVICO Y SOCIAL PROPUSO QUE EL HCD. LE OTORGUE UN RECONOCIMIENTO AL DR. DUARTE:\",\"datePublished\":\"2014-09-04T20:51:29+00:00\",\"dateModified\":\"2014-09-04T20:51:29+00:00\",\"mainEntityOfPage\":{\"@id\":\"https:\/\/www.celttv.com.ar\/index.php\/2014\/09\/04\/el-frente-progresista-civico-y-social-propuso-que-el-hcd-le-otorgue-un-reconocimiento-al-dr-duarte\/\"},\"wordCount\":108,\"publisher\":{\"@id\":\"https:\/\/www.celttv.com.ar\/#organization\"},\"articleSection\":[\"Destacadas\",\"Pol\u00edtica\"],\"inLanguage\":\"es\"},{\"@type\":\"WebPage\",\"@id\":\"https:\/\/www.celttv.com.ar\/index.php\/2014\/09\/04\/el-frente-progresista-civico-y-social-propuso-que-el-hcd-le-otorgue-un-reconocimiento-al-dr-duarte\/\",\"url\":\"https:\/\/www.celttv.com.ar\/index.php\/2014\/09\/04\/el-frente-progresista-civico-y-social-propuso-que-el-hcd-le-otorgue-un-reconocimiento-al-dr-duarte\/\",\"name\":\"El FRENTE PROGRESISTA C\u00cdVICO Y SOCIAL PROPUSO QUE EL HCD. LE OTORGUE UN RECONOCIMIENTO AL DR. DUARTE: - CELTTV\",\"isPartOf\":{\"@id\":\"https:\/\/www.celttv.com.ar\/#website\"},\"datePublished\":\"2014-09-04T20:51:29+00:00\",\"dateModified\":\"2014-09-04T20:51:29+00:00\",\"description\":\"Sitio web de noticias de la localidad de Tornquist, provincia de Buenos Aires, Rep\u00fablica Argentina. Contenido propio originado por periodistas de CELTTV, el canal de TV local de la Cooperativa El\u00e9ctrica de Tornquist. Turismo, Pol\u00edtica, Sociedad, Deporte, Cultura y todo el contenido de inter\u00e9s general que la gente del pueblo y la regi\u00f3n debe conocer.\",\"breadcrumb\":{\"@id\":\"https:\/\/www.celttv.com.ar\/index.php\/2014\/09\/04\/el-frente-progresista-civico-y-social-propuso-que-el-hcd-le-otorgue-un-reconocimiento-al-dr-duarte\/#breadcrumb\"},\"inLanguage\":\"es\",\"potentialAction\":[{\"@type\":\"ReadAction\",\"target\":[\"https:\/\/www.celttv.com.ar\/index.php\/2014\/09\/04\/el-frente-progresista-civico-y-social-propuso-que-el-hcd-le-otorgue-un-reconocimiento-al-dr-duarte\/\"]}]},{\"@type\":\"BreadcrumbList\",\"@id\":\"https:\/\/www.celttv.com.ar\/index.php\/2014\/09\/04\/el-frente-progresista-civico-y-social-propuso-que-el-hcd-le-otorgue-un-reconocimiento-al-dr-duarte\/#breadcrumb\",\"itemListElement\":[{\"@type\":\"ListItem\",\"position\":1,\"name\":\"Inicio\",\"item\":\"https:\/\/www.celttv.com.ar\/\"},{\"@type\":\"ListItem\",\"position\":2,\"name\":\"El FRENTE PROGRESISTA C\u00cdVICO Y SOCIAL PROPUSO QUE EL HCD. LE OTORGUE UN RECONOCIMIENTO AL DR. DUARTE:\"}]},{\"@type\":\"WebSite\",\"@id\":\"https:\/\/www.celttv.com.ar\/#website\",\"url\":\"https:\/\/www.celttv.com.ar\/\",\"name\":\"CELTTV\",\"description\":\"Cooperativa El\u00e9ctrica de Tornquist\",\"publisher\":{\"@id\":\"https:\/\/www.celttv.com.ar\/#organization\"},\"potentialAction\":[{\"@type\":\"SearchAction\",\"target\":{\"@type\":\"EntryPoint\",\"urlTemplate\":\"https:\/\/www.celttv.com.ar\/?s={search_term_string}\"},\"query-input\":\"required name=search_term_string\"}],\"inLanguage\":\"es\"},{\"@type\":\"Organization\",\"@id\":\"https:\/\/www.celttv.com.ar\/#organization\",\"name\":\"CELTTV\",\"url\":\"https:\/\/www.celttv.com.ar\/\",\"sameAs\":[\"https:\/\/www.youtube.com\/channel\/UCz_oIt8Hig64Ub-EmcNPIhg\",\"https:\/\/www.facebook.com\/celtTV\/\"],\"logo\":{\"@type\":\"ImageObject\",\"inLanguage\":\"es\",\"@id\":\"https:\/\/www.celttv.com.ar\/#\/schema\/logo\/image\/\",\"url\":\"http:\/\/www.celttv.com.ar\/wp-content\/uploads\/2022\/08\/logo-1.png\",\"contentUrl\":\"http:\/\/www.celttv.com.ar\/wp-content\/uploads\/2022\/08\/logo-1.png\",\"width\":461,\"height\":159,\"caption\":\"CELTTV\"},\"image\":{\"@id\":\"https:\/\/www.celttv.com.ar\/#\/schema\/logo\/image\/\"}},{\"@type\":\"Person\",\"@id\":\"https:\/\/www.celttv.com.ar\/#\/schema\/person\/6d99c072dba59953809c81446e9d0ace\",\"name\":\"ulises\",\"image\":{\"@type\":\"ImageObject\",\"inLanguage\":\"es\",\"@id\":\"https:\/\/www.celttv.com.ar\/#\/schema\/person\/image\/\",\"url\":\"https:\/\/secure.gravatar.com\/avatar\/7f2c48bdc33b30088f941fb6082e555f2874c98e20cb159d7b92b50eadfce793?s=96&d=mm&r=g\",\"contentUrl\":\"https:\/\/secure.gravatar.com\/avatar\/7f2c48bdc33b30088f941fb6082e555f2874c98e20cb159d7b92b50eadfce793?s=96&d=mm&r=g\",\"caption\":\"ulises\"},\"sameAs\":[\"http:\/\/www.celttv.com.ar\"]}]}<\/script>\n<!-- \/ Yoast SEO plugin. -->","yoast_head_json":{"title":"El FRENTE PROGRESISTA C\u00cdVICO Y SOCIAL PROPUSO QUE EL HCD. LE OTORGUE UN RECONOCIMIENTO AL DR. DUARTE: - CELTTV","description":"Sitio web de noticias de la localidad de Tornquist, provincia de Buenos Aires, Rep\u00fablica Argentina. Contenido propio originado por periodistas de CELTTV, el canal de TV local de la Cooperativa El\u00e9ctrica de Tornquist. Turismo, Pol\u00edtica, Sociedad, Deporte, Cultura y todo el contenido de inter\u00e9s general que la gente del pueblo y la regi\u00f3n debe conocer.","robots":{"index":"index","follow":"follow","max-snippet":"max-snippet:-1","max-image-preview":"max-image-preview:large","max-video-preview":"max-video-preview:-1"},"canonical":"https:\/\/www.celttv.com.ar\/index.php\/2014\/09\/04\/el-frente-progresista-civico-y-social-propuso-que-el-hcd-le-otorgue-un-reconocimiento-al-dr-duarte\/","og_locale":"es_ES","og_type":"article","og_title":"El FRENTE PROGRESISTA C\u00cdVICO Y SOCIAL PROPUSO QUE EL HCD. LE OTORGUE UN RECONOCIMIENTO AL DR. DUARTE: - CELTTV","og_description":"Sitio web de noticias de la localidad de Tornquist, provincia de Buenos Aires, Rep\u00fablica Argentina. Contenido propio originado por periodistas de CELTTV, el canal de TV local de la Cooperativa El\u00e9ctrica de Tornquist. Turismo, Pol\u00edtica, Sociedad, Deporte, Cultura y todo el contenido de inter\u00e9s general que la gente del pueblo y la regi\u00f3n debe conocer.","og_url":"https:\/\/www.celttv.com.ar\/index.php\/2014\/09\/04\/el-frente-progresista-civico-y-social-propuso-que-el-hcd-le-otorgue-un-reconocimiento-al-dr-duarte\/","og_site_name":"CELTTV","article_publisher":"https:\/\/www.facebook.com\/celtTV\/","article_published_time":"2014-09-04T20:51:29+00:00","author":"ulises","twitter_card":"summary_large_image","twitter_misc":{"Escrito por":"ulises"},"schema":{"@context":"https:\/\/schema.org","@graph":[{"@type":"NewsArticle","@id":"https:\/\/www.celttv.com.ar\/index.php\/2014\/09\/04\/el-frente-progresista-civico-y-social-propuso-que-el-hcd-le-otorgue-un-reconocimiento-al-dr-duarte\/#article","isPartOf":{"@id":"https:\/\/www.celttv.com.ar\/index.php\/2014\/09\/04\/el-frente-progresista-civico-y-social-propuso-que-el-hcd-le-otorgue-un-reconocimiento-al-dr-duarte\/"},"author":{"name":"ulises","@id":"https:\/\/www.celttv.com.ar\/#\/schema\/person\/6d99c072dba59953809c81446e9d0ace"},"headline":"El FRENTE PROGRESISTA C\u00cdVICO Y SOCIAL PROPUSO QUE EL HCD. LE OTORGUE UN RECONOCIMIENTO AL DR. DUARTE:","datePublished":"2014-09-04T20:51:29+00:00","dateModified":"2014-09-04T20:51:29+00:00","mainEntityOfPage":{"@id":"https:\/\/www.celttv.com.ar\/index.php\/2014\/09\/04\/el-frente-progresista-civico-y-social-propuso-que-el-hcd-le-otorgue-un-reconocimiento-al-dr-duarte\/"},"wordCount":108,"publisher":{"@id":"https:\/\/www.celttv.com.ar\/#organization"},"articleSection":["Destacadas","Pol\u00edtica"],"inLanguage":"es"},{"@type":"WebPage","@id":"https:\/\/www.celttv.com.ar\/index.php\/2014\/09\/04\/el-frente-progresista-civico-y-social-propuso-que-el-hcd-le-otorgue-un-reconocimiento-al-dr-duarte\/","url":"https:\/\/www.celttv.com.ar\/index.php\/2014\/09\/04\/el-frente-progresista-civico-y-social-propuso-que-el-hcd-le-otorgue-un-reconocimiento-al-dr-duarte\/","name":"El FRENTE PROGRESISTA C\u00cdVICO Y SOCIAL PROPUSO QUE EL HCD. LE OTORGUE UN RECONOCIMIENTO AL DR. DUARTE: - CELTTV","isPartOf":{"@id":"https:\/\/www.celttv.com.ar\/#website"},"datePublished":"2014-09-04T20:51:29+00:00","dateModified":"2014-09-04T20:51:29+00:00","description":"Sitio web de noticias de la localidad de Tornquist, provincia de Buenos Aires, Rep\u00fablica Argentina. Contenido propio originado por periodistas de CELTTV, el canal de TV local de la Cooperativa El\u00e9ctrica de Tornquist. Turismo, Pol\u00edtica, Sociedad, Deporte, Cultura y todo el contenido de inter\u00e9s general que la gente del pueblo y la regi\u00f3n debe conocer.","breadcrumb":{"@id":"https:\/\/www.celttv.com.ar\/index.php\/2014\/09\/04\/el-frente-progresista-civico-y-social-propuso-que-el-hcd-le-otorgue-un-reconocimiento-al-dr-duarte\/#breadcrumb"},"inLanguage":"es","potentialAction":[{"@type":"ReadAction","target":["https:\/\/www.celttv.com.ar\/index.php\/2014\/09\/04\/el-frente-progresista-civico-y-social-propuso-que-el-hcd-le-otorgue-un-reconocimiento-al-dr-duarte\/"]}]},{"@type":"BreadcrumbList","@id":"https:\/\/www.celttv.com.ar\/index.php\/2014\/09\/04\/el-frente-progresista-civico-y-social-propuso-que-el-hcd-le-otorgue-un-reconocimiento-al-dr-duarte\/#breadcrumb","itemListElement":[{"@type":"ListItem","position":1,"name":"Inicio","item":"https:\/\/www.celttv.com.ar\/"},{"@type":"ListItem","position":2,"name":"El FRENTE PROGRESISTA C\u00cdVICO Y SOCIAL PROPUSO QUE EL HCD. LE OTORGUE UN RECONOCIMIENTO AL DR. DUARTE:"}]},{"@type":"WebSite","@id":"https:\/\/www.celttv.com.ar\/#website","url":"https:\/\/www.celttv.com.ar\/","name":"CELTTV","description":"Cooperativa El\u00e9ctrica de Tornquist","publisher":{"@id":"https:\/\/www.celttv.com.ar\/#organization"},"potentialAction":[{"@type":"SearchAction","target":{"@type":"EntryPoint","urlTemplate":"https:\/\/www.celttv.com.ar\/?s={search_term_string}"},"query-input":"required name=search_term_string"}],"inLanguage":"es"},{"@type":"Organization","@id":"https:\/\/www.celttv.com.ar\/#organization","name":"CELTTV","url":"https:\/\/www.celttv.com.ar\/","sameAs":["https:\/\/www.youtube.com\/channel\/UCz_oIt8Hig64Ub-EmcNPIhg","https:\/\/www.facebook.com\/celtTV\/"],"logo":{"@type":"ImageObject","inLanguage":"es","@id":"https:\/\/www.celttv.com.ar\/#\/schema\/logo\/image\/","url":"http:\/\/www.celttv.com.ar\/wp-content\/uploads\/2022\/08\/logo-1.png","contentUrl":"http:\/\/www.celttv.com.ar\/wp-content\/uploads\/2022\/08\/logo-1.png","width":461,"height":159,"caption":"CELTTV"},"image":{"@id":"https:\/\/www.celttv.com.ar\/#\/schema\/logo\/image\/"}},{"@type":"Person","@id":"https:\/\/www.celttv.com.ar\/#\/schema\/person\/6d99c072dba59953809c81446e9d0ace","name":"ulises","image":{"@type":"ImageObject","inLanguage":"es","@id":"https:\/\/www.celttv.com.ar\/#\/schema\/person\/image\/","url":"https:\/\/secure.gravatar.com\/avatar\/7f2c48bdc33b30088f941fb6082e555f2874c98e20cb159d7b92b50eadfce793?s=96&d=mm&r=g","contentUrl":"https:\/\/secure.gravatar.com\/avatar\/7f2c48bdc33b30088f941fb6082e555f2874c98e20cb159d7b92b50eadfce793?s=96&d=mm&r=g","caption":"ulises"},"sameAs":["http:\/\/www.celttv.com.ar"]}]}},"_links":{"self":[{"href":"https:\/\/www.celttv.com.ar\/index.php\/wp-json\/wp\/v2\/posts\/23112","targetHints":{"allow":["GET"]}}],"collection":[{"href":"https:\/\/www.celttv.com.ar\/index.php\/wp-json\/wp\/v2\/posts"}],"about":[{"href":"https:\/\/www.celttv.com.ar\/index.php\/wp-json\/wp\/v2\/types\/post"}],"author":[{"embeddable":true,"href":"https:\/\/www.celttv.com.ar\/index.php\/wp-json\/wp\/v2\/users\/1"}],"replies":[{"embeddable":true,"href":"https:\/\/www.celttv.com.ar\/index.php\/wp-json\/wp\/v2\/comments?post=23112"}],"version-history":[{"count":0,"href":"https:\/\/www.celttv.com.ar\/index.php\/wp-json\/wp\/v2\/posts\/23112\/revisions"}],"wp:attachment":[{"href":"https:\/\/www.celttv.com.ar\/index.php\/wp-json\/wp\/v2\/media?parent=23112"}],"wp:term":[{"taxonomy":"category","embeddable":true,"href":"https:\/\/www.celttv.com.ar\/index.php\/wp-json\/wp\/v2\/categories?post=23112"},{"taxonomy":"post_tag","embeddable":true,"href":"https:\/\/www.celttv.com.ar\/index.php\/wp-json\/wp\/v2\/tags?post=23112"}],"curies":[{"name":"wp","href":"https:\/\/api.w.org\/{rel}","templated":true}]}}