{"id":23115,"date":"2014-09-04T20:53:46","date_gmt":"2014-09-04T20:53:46","guid":{"rendered":"http:\/\/www.tvcnoticias.com.ar\/?p=23115"},"modified":"2014-09-04T20:53:46","modified_gmt":"2014-09-04T20:53:46","slug":"el-frente-progresista-civico-y-social-solicita-el-loteo-de-terrenos-en-pelicura","status":"publish","type":"post","link":"https:\/\/www.celttv.com.ar\/index.php\/2014\/09\/04\/el-frente-progresista-civico-y-social-solicita-el-loteo-de-terrenos-en-pelicura\/","title":{"rendered":"El FRENTE PROGRESISTA C\u00cdVICO Y SOCIAL SOLICITA EL LOTEO DE TERRENOS EN PELICUR\u00c1:"},"content":{"rendered":"<p>Los Bloques Frente Progresista C\u00edvico y Social, Uni\u00f3n C\u00edvica Radical y Coalici\u00f3n C\u00edvica, mediante una Minuta de Comunicaci\u00f3n al Departamento Ejecutivo, solicitaron la posibilidad de lotear y escriturar terrenos situados en la localidad de Pelicur\u00e1; ya que para el desarrollo de localidades peque\u00f1as como lo es \u00e9sta y habiendo transcurrido tres a\u00f1os y nueve meses sin resolver un expediente que lo solicitaba, se hace indispensable contar con una determinaci\u00f3n formal de los lotes que componen su \u00e1rea urbanizada, para de este modo facilitar que los due\u00f1os puedan obtener sus respectivas Escrituras.<br \/>\nTornquist, 27 de Agosto de 2014.<br \/>\n<strong><span style=\"text-decoration: underline;\">MINUTA\u00a0 DE COMUNICACION<\/span><\/strong><br \/>\n<strong><span style=\"text-decoration: underline;\">VISTO:<\/span><\/strong><br \/>\n&nbsp;<br \/>\nEl Expediente N\u00ba 6317\/10, caratulado \u201cN.P: Habitantes de la localidad de Pelicur\u00e1: Solicitan la posibilidad de lotear y escriturar los terrenos de dicha localidad\u201d.<br \/>\n<strong><span style=\"text-decoration: underline;\">CONSIDERANDO:<\/span><\/strong><br \/>\n<strong> <\/strong><br \/>\n<strong> <\/strong><br \/>\n<strong> <\/strong>Que dicho Expediente, por dictamen de la Comisi\u00f3n de Obras P\u00fablicas de fecha 25 de Noviembre de 2010, se envi\u00f3 al Departamento Ejecutivo Municipal para su an\u00e1lisis a trav\u00e9s del \u00e1rea que correspondiere.<br \/>\n&nbsp;<br \/>\nQue a pesar de haberse determinado que se le d\u00e9 una soluci\u00f3n r\u00e1pida a la problem\u00e1tica planteada por los vecinos, habiendo transcurrido tres a\u00f1os y nueve meses, el Ejecutivo Municipal no se ha expedido al respecto.<br \/>\n&nbsp;<br \/>\nQue entendemos que para que se logre un verdadero desarrollo de las localidades peque\u00f1as, como lo es Pelicur\u00e1, es indispensable contar con una determinaci\u00f3n formal de los lotes que componen su \u00e1rea urbanizada y de este modo facilitar que los due\u00f1os puedan obtener su respectiva Escritura.<br \/>\n&nbsp;<br \/>\nQue es indispensable contar con dicho loteo para que por primera vez en sus m\u00e1s de cien a\u00f1os de historia, se construya en la citada localidad, alguna vivienda social, ya sea de un plan Nacional, Provincial o Municipal.<br \/>\n&nbsp;<br \/>\nQue la problem\u00e1tica existente en lo referido a las falta de tierras a la venta o las sobrevaloraci\u00f3n de las mismas, sumado a la notoria tendencia que existe de vivir en \u00e1reas rurales y alejadas de las grandes ciudades aumenta la posibilidad de que existan personas que se radiquen en peque\u00f1as localidades y para que ello ocurra es indispensable la individualizaci\u00f3n catastral de los terrenos.<br \/>\n&nbsp;<br \/>\nQue entendemos, de acuerdo a sus declaraciones, que para el Intendente Municipal \u201cno existen localidades peque\u00f1as\u201d y que es su objetivo el desarrollo de las mismas.<br \/>\n&nbsp;<br \/>\n&nbsp;<br \/>\n&nbsp;<br \/>\n&nbsp;<br \/>\n<strong> <\/strong><br \/>\n<strong>POR ELLO: <\/strong><br \/>\n<strong> <\/strong><br \/>\n&nbsp;<br \/>\n<strong><span style=\"text-decoration: underline;\">Los Bloques Frente Progresista C\u00edvico y Social, <\/span><\/strong><br \/>\n<strong><span style=\"text-decoration: underline;\">Coalici\u00f3n C\u00edvica y Uni\u00f3n C\u00edvica Radical, proponen<\/span><\/strong><br \/>\n&nbsp;<br \/>\n&nbsp;<br \/>\n<strong>1)<\/strong> Solicit\u00e9se al Departamento Ejecutivo Municipal\u00a0 que devuelva con su correspondiente respuesta el citado Expte. 6317\/10 a los fines de analizar la viabilidad de lo solicitado por los habitantes de la localidad de Pelicur\u00e1.<br \/>\n&nbsp;<br \/>\n&nbsp;<br \/>\n<strong>2)<\/strong> D\u00e9se amplia difusi\u00f3n en los medios locales y regionales de la creaci\u00f3n del mencionado registro a los fines de su toma de conocimiento por parte de los interesados.<br \/>\n&nbsp;<br \/>\n&nbsp;<br \/>\n&nbsp;<\/p>\n","protected":false},"excerpt":{"rendered":"<p>Los Bloques Frente Progresista C\u00edvico y Social, Uni\u00f3n C\u00edvica Radical y Coalici\u00f3n C\u00edvica, mediante una Minuta de Comunicaci\u00f3n al Departamento Ejecutivo, solicitaron la posibilidad de lotear y escriturar terrenos situados en la localidad de Pelicur\u00e1; ya que para el desarrollo de localidades peque\u00f1as como lo es \u00e9sta y habiendo transcurrido tres a\u00f1os y nueve meses [&hellip;]<\/p>\n","protected":false},"author":1,"featured_media":0,"comment_status":"closed","ping_status":"open","sticky":false,"template":"","format":"standard","meta":{"footnotes":""},"categories":[52,53],"tags":[],"class_list":["post-23115","post","type-post","status-publish","format-standard","hentry","category-destacadas","category-politica"],"yoast_head":"<!-- This site is optimized with the Yoast SEO plugin v19.7.1 - https:\/\/yoast.com\/wordpress\/plugins\/seo\/ -->\n<title>El FRENTE PROGRESISTA C\u00cdVICO Y SOCIAL SOLICITA EL LOTEO DE TERRENOS EN PELICUR\u00c1: - CELTTV<\/title>\n<meta name=\"description\" content=\"Sitio web de noticias de la localidad de Tornquist, provincia de Buenos Aires, Rep\u00fablica Argentina. Contenido propio originado por periodistas de CELTTV, el canal de TV local de la Cooperativa El\u00e9ctrica de Tornquist. Turismo, Pol\u00edtica, Sociedad, Deporte, Cultura y todo el contenido de inter\u00e9s general que la gente del pueblo y la regi\u00f3n debe conocer.\" \/>\n<meta name=\"robots\" content=\"index, follow, max-snippet:-1, max-image-preview:large, max-video-preview:-1\" \/>\n<link rel=\"canonical\" href=\"https:\/\/www.celttv.com.ar\/index.php\/2014\/09\/04\/el-frente-progresista-civico-y-social-solicita-el-loteo-de-terrenos-en-pelicura\/\" \/>\n<meta property=\"og:locale\" content=\"es_ES\" \/>\n<meta property=\"og:type\" content=\"article\" \/>\n<meta property=\"og:title\" content=\"El FRENTE PROGRESISTA C\u00cdVICO Y SOCIAL SOLICITA EL LOTEO DE TERRENOS EN PELICUR\u00c1: - CELTTV\" \/>\n<meta property=\"og:description\" content=\"Sitio web de noticias de la localidad de Tornquist, provincia de Buenos Aires, Rep\u00fablica Argentina. Contenido propio originado por periodistas de CELTTV, el canal de TV local de la Cooperativa El\u00e9ctrica de Tornquist. Turismo, Pol\u00edtica, Sociedad, Deporte, Cultura y todo el contenido de inter\u00e9s general que la gente del pueblo y la regi\u00f3n debe conocer.\" \/>\n<meta property=\"og:url\" content=\"https:\/\/www.celttv.com.ar\/index.php\/2014\/09\/04\/el-frente-progresista-civico-y-social-solicita-el-loteo-de-terrenos-en-pelicura\/\" \/>\n<meta property=\"og:site_name\" content=\"CELTTV\" \/>\n<meta property=\"article:publisher\" content=\"https:\/\/www.facebook.com\/celtTV\/\" \/>\n<meta property=\"article:published_time\" content=\"2014-09-04T20:53:46+00:00\" \/>\n<meta name=\"author\" content=\"ulises\" \/>\n<meta name=\"twitter:card\" content=\"summary_large_image\" \/>\n<meta name=\"twitter:label1\" content=\"Escrito por\" \/>\n\t<meta name=\"twitter:data1\" content=\"ulises\" \/>\n\t<meta name=\"twitter:label2\" content=\"Tiempo de lectura\" \/>\n\t<meta name=\"twitter:data2\" content=\"2 minutos\" \/>\n<script type=\"application\/ld+json\" class=\"yoast-schema-graph\">{\"@context\":\"https:\/\/schema.org\",\"@graph\":[{\"@type\":\"NewsArticle\",\"@id\":\"https:\/\/www.celttv.com.ar\/index.php\/2014\/09\/04\/el-frente-progresista-civico-y-social-solicita-el-loteo-de-terrenos-en-pelicura\/#article\",\"isPartOf\":{\"@id\":\"https:\/\/www.celttv.com.ar\/index.php\/2014\/09\/04\/el-frente-progresista-civico-y-social-solicita-el-loteo-de-terrenos-en-pelicura\/\"},\"author\":{\"name\":\"ulises\",\"@id\":\"https:\/\/www.celttv.com.ar\/#\/schema\/person\/6d99c072dba59953809c81446e9d0ace\"},\"headline\":\"El FRENTE PROGRESISTA C\u00cdVICO Y SOCIAL SOLICITA EL LOTEO DE TERRENOS EN PELICUR\u00c1:\",\"datePublished\":\"2014-09-04T20:53:46+00:00\",\"dateModified\":\"2014-09-04T20:53:46+00:00\",\"mainEntityOfPage\":{\"@id\":\"https:\/\/www.celttv.com.ar\/index.php\/2014\/09\/04\/el-frente-progresista-civico-y-social-solicita-el-loteo-de-terrenos-en-pelicura\/\"},\"wordCount\":511,\"publisher\":{\"@id\":\"https:\/\/www.celttv.com.ar\/#organization\"},\"articleSection\":[\"Destacadas\",\"Pol\u00edtica\"],\"inLanguage\":\"es\"},{\"@type\":\"WebPage\",\"@id\":\"https:\/\/www.celttv.com.ar\/index.php\/2014\/09\/04\/el-frente-progresista-civico-y-social-solicita-el-loteo-de-terrenos-en-pelicura\/\",\"url\":\"https:\/\/www.celttv.com.ar\/index.php\/2014\/09\/04\/el-frente-progresista-civico-y-social-solicita-el-loteo-de-terrenos-en-pelicura\/\",\"name\":\"El FRENTE PROGRESISTA C\u00cdVICO Y SOCIAL SOLICITA EL LOTEO DE TERRENOS EN PELICUR\u00c1: - CELTTV\",\"isPartOf\":{\"@id\":\"https:\/\/www.celttv.com.ar\/#website\"},\"datePublished\":\"2014-09-04T20:53:46+00:00\",\"dateModified\":\"2014-09-04T20:53:46+00:00\",\"description\":\"Sitio web de noticias de la localidad de Tornquist, provincia de Buenos Aires, Rep\u00fablica Argentina. Contenido propio originado por periodistas de CELTTV, el canal de TV local de la Cooperativa El\u00e9ctrica de Tornquist. Turismo, Pol\u00edtica, Sociedad, Deporte, Cultura y todo el contenido de inter\u00e9s general que la gente del pueblo y la regi\u00f3n debe conocer.\",\"breadcrumb\":{\"@id\":\"https:\/\/www.celttv.com.ar\/index.php\/2014\/09\/04\/el-frente-progresista-civico-y-social-solicita-el-loteo-de-terrenos-en-pelicura\/#breadcrumb\"},\"inLanguage\":\"es\",\"potentialAction\":[{\"@type\":\"ReadAction\",\"target\":[\"https:\/\/www.celttv.com.ar\/index.php\/2014\/09\/04\/el-frente-progresista-civico-y-social-solicita-el-loteo-de-terrenos-en-pelicura\/\"]}]},{\"@type\":\"BreadcrumbList\",\"@id\":\"https:\/\/www.celttv.com.ar\/index.php\/2014\/09\/04\/el-frente-progresista-civico-y-social-solicita-el-loteo-de-terrenos-en-pelicura\/#breadcrumb\",\"itemListElement\":[{\"@type\":\"ListItem\",\"position\":1,\"name\":\"Inicio\",\"item\":\"https:\/\/www.celttv.com.ar\/\"},{\"@type\":\"ListItem\",\"position\":2,\"name\":\"El FRENTE PROGRESISTA C\u00cdVICO Y SOCIAL SOLICITA EL LOTEO DE TERRENOS EN PELICUR\u00c1:\"}]},{\"@type\":\"WebSite\",\"@id\":\"https:\/\/www.celttv.com.ar\/#website\",\"url\":\"https:\/\/www.celttv.com.ar\/\",\"name\":\"CELTTV\",\"description\":\"Cooperativa El\u00e9ctrica de Tornquist\",\"publisher\":{\"@id\":\"https:\/\/www.celttv.com.ar\/#organization\"},\"potentialAction\":[{\"@type\":\"SearchAction\",\"target\":{\"@type\":\"EntryPoint\",\"urlTemplate\":\"https:\/\/www.celttv.com.ar\/?s={search_term_string}\"},\"query-input\":\"required name=search_term_string\"}],\"inLanguage\":\"es\"},{\"@type\":\"Organization\",\"@id\":\"https:\/\/www.celttv.com.ar\/#organization\",\"name\":\"CELTTV\",\"url\":\"https:\/\/www.celttv.com.ar\/\",\"sameAs\":[\"https:\/\/www.youtube.com\/channel\/UCz_oIt8Hig64Ub-EmcNPIhg\",\"https:\/\/www.facebook.com\/celtTV\/\"],\"logo\":{\"@type\":\"ImageObject\",\"inLanguage\":\"es\",\"@id\":\"https:\/\/www.celttv.com.ar\/#\/schema\/logo\/image\/\",\"url\":\"http:\/\/www.celttv.com.ar\/wp-content\/uploads\/2022\/08\/logo-1.png\",\"contentUrl\":\"http:\/\/www.celttv.com.ar\/wp-content\/uploads\/2022\/08\/logo-1.png\",\"width\":461,\"height\":159,\"caption\":\"CELTTV\"},\"image\":{\"@id\":\"https:\/\/www.celttv.com.ar\/#\/schema\/logo\/image\/\"}},{\"@type\":\"Person\",\"@id\":\"https:\/\/www.celttv.com.ar\/#\/schema\/person\/6d99c072dba59953809c81446e9d0ace\",\"name\":\"ulises\",\"image\":{\"@type\":\"ImageObject\",\"inLanguage\":\"es\",\"@id\":\"https:\/\/www.celttv.com.ar\/#\/schema\/person\/image\/\",\"url\":\"https:\/\/secure.gravatar.com\/avatar\/7f2c48bdc33b30088f941fb6082e555f2874c98e20cb159d7b92b50eadfce793?s=96&d=mm&r=g\",\"contentUrl\":\"https:\/\/secure.gravatar.com\/avatar\/7f2c48bdc33b30088f941fb6082e555f2874c98e20cb159d7b92b50eadfce793?s=96&d=mm&r=g\",\"caption\":\"ulises\"},\"sameAs\":[\"http:\/\/www.celttv.com.ar\"]}]}<\/script>\n<!-- \/ Yoast SEO plugin. -->","yoast_head_json":{"title":"El FRENTE PROGRESISTA C\u00cdVICO Y SOCIAL SOLICITA EL LOTEO DE TERRENOS EN PELICUR\u00c1: - CELTTV","description":"Sitio web de noticias de la localidad de Tornquist, provincia de Buenos Aires, Rep\u00fablica Argentina. Contenido propio originado por periodistas de CELTTV, el canal de TV local de la Cooperativa El\u00e9ctrica de Tornquist. Turismo, Pol\u00edtica, Sociedad, Deporte, Cultura y todo el contenido de inter\u00e9s general que la gente del pueblo y la regi\u00f3n debe conocer.","robots":{"index":"index","follow":"follow","max-snippet":"max-snippet:-1","max-image-preview":"max-image-preview:large","max-video-preview":"max-video-preview:-1"},"canonical":"https:\/\/www.celttv.com.ar\/index.php\/2014\/09\/04\/el-frente-progresista-civico-y-social-solicita-el-loteo-de-terrenos-en-pelicura\/","og_locale":"es_ES","og_type":"article","og_title":"El FRENTE PROGRESISTA C\u00cdVICO Y SOCIAL SOLICITA EL LOTEO DE TERRENOS EN PELICUR\u00c1: - CELTTV","og_description":"Sitio web de noticias de la localidad de Tornquist, provincia de Buenos Aires, Rep\u00fablica Argentina. Contenido propio originado por periodistas de CELTTV, el canal de TV local de la Cooperativa El\u00e9ctrica de Tornquist. Turismo, Pol\u00edtica, Sociedad, Deporte, Cultura y todo el contenido de inter\u00e9s general que la gente del pueblo y la regi\u00f3n debe conocer.","og_url":"https:\/\/www.celttv.com.ar\/index.php\/2014\/09\/04\/el-frente-progresista-civico-y-social-solicita-el-loteo-de-terrenos-en-pelicura\/","og_site_name":"CELTTV","article_publisher":"https:\/\/www.facebook.com\/celtTV\/","article_published_time":"2014-09-04T20:53:46+00:00","author":"ulises","twitter_card":"summary_large_image","twitter_misc":{"Escrito por":"ulises","Tiempo de lectura":"2 minutos"},"schema":{"@context":"https:\/\/schema.org","@graph":[{"@type":"NewsArticle","@id":"https:\/\/www.celttv.com.ar\/index.php\/2014\/09\/04\/el-frente-progresista-civico-y-social-solicita-el-loteo-de-terrenos-en-pelicura\/#article","isPartOf":{"@id":"https:\/\/www.celttv.com.ar\/index.php\/2014\/09\/04\/el-frente-progresista-civico-y-social-solicita-el-loteo-de-terrenos-en-pelicura\/"},"author":{"name":"ulises","@id":"https:\/\/www.celttv.com.ar\/#\/schema\/person\/6d99c072dba59953809c81446e9d0ace"},"headline":"El FRENTE PROGRESISTA C\u00cdVICO Y SOCIAL SOLICITA EL LOTEO DE TERRENOS EN PELICUR\u00c1:","datePublished":"2014-09-04T20:53:46+00:00","dateModified":"2014-09-04T20:53:46+00:00","mainEntityOfPage":{"@id":"https:\/\/www.celttv.com.ar\/index.php\/2014\/09\/04\/el-frente-progresista-civico-y-social-solicita-el-loteo-de-terrenos-en-pelicura\/"},"wordCount":511,"publisher":{"@id":"https:\/\/www.celttv.com.ar\/#organization"},"articleSection":["Destacadas","Pol\u00edtica"],"inLanguage":"es"},{"@type":"WebPage","@id":"https:\/\/www.celttv.com.ar\/index.php\/2014\/09\/04\/el-frente-progresista-civico-y-social-solicita-el-loteo-de-terrenos-en-pelicura\/","url":"https:\/\/www.celttv.com.ar\/index.php\/2014\/09\/04\/el-frente-progresista-civico-y-social-solicita-el-loteo-de-terrenos-en-pelicura\/","name":"El FRENTE PROGRESISTA C\u00cdVICO Y SOCIAL SOLICITA EL LOTEO DE TERRENOS EN PELICUR\u00c1: - CELTTV","isPartOf":{"@id":"https:\/\/www.celttv.com.ar\/#website"},"datePublished":"2014-09-04T20:53:46+00:00","dateModified":"2014-09-04T20:53:46+00:00","description":"Sitio web de noticias de la localidad de Tornquist, provincia de Buenos Aires, Rep\u00fablica Argentina. Contenido propio originado por periodistas de CELTTV, el canal de TV local de la Cooperativa El\u00e9ctrica de Tornquist. Turismo, Pol\u00edtica, Sociedad, Deporte, Cultura y todo el contenido de inter\u00e9s general que la gente del pueblo y la regi\u00f3n debe conocer.","breadcrumb":{"@id":"https:\/\/www.celttv.com.ar\/index.php\/2014\/09\/04\/el-frente-progresista-civico-y-social-solicita-el-loteo-de-terrenos-en-pelicura\/#breadcrumb"},"inLanguage":"es","potentialAction":[{"@type":"ReadAction","target":["https:\/\/www.celttv.com.ar\/index.php\/2014\/09\/04\/el-frente-progresista-civico-y-social-solicita-el-loteo-de-terrenos-en-pelicura\/"]}]},{"@type":"BreadcrumbList","@id":"https:\/\/www.celttv.com.ar\/index.php\/2014\/09\/04\/el-frente-progresista-civico-y-social-solicita-el-loteo-de-terrenos-en-pelicura\/#breadcrumb","itemListElement":[{"@type":"ListItem","position":1,"name":"Inicio","item":"https:\/\/www.celttv.com.ar\/"},{"@type":"ListItem","position":2,"name":"El FRENTE PROGRESISTA C\u00cdVICO Y SOCIAL SOLICITA EL LOTEO DE TERRENOS EN PELICUR\u00c1:"}]},{"@type":"WebSite","@id":"https:\/\/www.celttv.com.ar\/#website","url":"https:\/\/www.celttv.com.ar\/","name":"CELTTV","description":"Cooperativa El\u00e9ctrica de Tornquist","publisher":{"@id":"https:\/\/www.celttv.com.ar\/#organization"},"potentialAction":[{"@type":"SearchAction","target":{"@type":"EntryPoint","urlTemplate":"https:\/\/www.celttv.com.ar\/?s={search_term_string}"},"query-input":"required name=search_term_string"}],"inLanguage":"es"},{"@type":"Organization","@id":"https:\/\/www.celttv.com.ar\/#organization","name":"CELTTV","url":"https:\/\/www.celttv.com.ar\/","sameAs":["https:\/\/www.youtube.com\/channel\/UCz_oIt8Hig64Ub-EmcNPIhg","https:\/\/www.facebook.com\/celtTV\/"],"logo":{"@type":"ImageObject","inLanguage":"es","@id":"https:\/\/www.celttv.com.ar\/#\/schema\/logo\/image\/","url":"http:\/\/www.celttv.com.ar\/wp-content\/uploads\/2022\/08\/logo-1.png","contentUrl":"http:\/\/www.celttv.com.ar\/wp-content\/uploads\/2022\/08\/logo-1.png","width":461,"height":159,"caption":"CELTTV"},"image":{"@id":"https:\/\/www.celttv.com.ar\/#\/schema\/logo\/image\/"}},{"@type":"Person","@id":"https:\/\/www.celttv.com.ar\/#\/schema\/person\/6d99c072dba59953809c81446e9d0ace","name":"ulises","image":{"@type":"ImageObject","inLanguage":"es","@id":"https:\/\/www.celttv.com.ar\/#\/schema\/person\/image\/","url":"https:\/\/secure.gravatar.com\/avatar\/7f2c48bdc33b30088f941fb6082e555f2874c98e20cb159d7b92b50eadfce793?s=96&d=mm&r=g","contentUrl":"https:\/\/secure.gravatar.com\/avatar\/7f2c48bdc33b30088f941fb6082e555f2874c98e20cb159d7b92b50eadfce793?s=96&d=mm&r=g","caption":"ulises"},"sameAs":["http:\/\/www.celttv.com.ar"]}]}},"_links":{"self":[{"href":"https:\/\/www.celttv.com.ar\/index.php\/wp-json\/wp\/v2\/posts\/23115","targetHints":{"allow":["GET"]}}],"collection":[{"href":"https:\/\/www.celttv.com.ar\/index.php\/wp-json\/wp\/v2\/posts"}],"about":[{"href":"https:\/\/www.celttv.com.ar\/index.php\/wp-json\/wp\/v2\/types\/post"}],"author":[{"embeddable":true,"href":"https:\/\/www.celttv.com.ar\/index.php\/wp-json\/wp\/v2\/users\/1"}],"replies":[{"embeddable":true,"href":"https:\/\/www.celttv.com.ar\/index.php\/wp-json\/wp\/v2\/comments?post=23115"}],"version-history":[{"count":0,"href":"https:\/\/www.celttv.com.ar\/index.php\/wp-json\/wp\/v2\/posts\/23115\/revisions"}],"wp:attachment":[{"href":"https:\/\/www.celttv.com.ar\/index.php\/wp-json\/wp\/v2\/media?parent=23115"}],"wp:term":[{"taxonomy":"category","embeddable":true,"href":"https:\/\/www.celttv.com.ar\/index.php\/wp-json\/wp\/v2\/categories?post=23115"},{"taxonomy":"post_tag","embeddable":true,"href":"https:\/\/www.celttv.com.ar\/index.php\/wp-json\/wp\/v2\/tags?post=23115"}],"curies":[{"name":"wp","href":"https:\/\/api.w.org\/{rel}","templated":true}]}}